{"id":788,"date":"2020-08-30T11:14:50","date_gmt":"2020-08-30T09:14:50","guid":{"rendered":"http:\/\/cbbenicarlo.com\/?p=788"},"modified":"2022-06-06T19:36:07","modified_gmt":"2022-06-06T17:36:07","slug":"arturo-agullo-coordinador-y-entrenador","status":"publish","type":"post","link":"https:\/\/cbbenicarlo.com\/?p=788","title":{"rendered":"Arturo Agull\u00f3 &#8211; Coordinador y entrenador."},"content":{"rendered":"\n<div class=\"wp-block-image\"><figure class=\"alignleft is-resized\"><img fetchpriority=\"high\" decoding=\"async\" src=\"http:\/\/cbbenicarlo.com\/wp-content\/uploads\/2020\/08\/ARTURO-TRAINER-1024x1024.jpg\" alt=\"\" class=\"wp-image-789\" width=\"256\" height=\"256\" srcset=\"https:\/\/cbbenicarlo.com\/wp-content\/uploads\/2020\/08\/ARTURO-TRAINER-1024x1024.jpg 1024w, https:\/\/cbbenicarlo.com\/wp-content\/uploads\/2020\/08\/ARTURO-TRAINER-150x150.jpg 150w, https:\/\/cbbenicarlo.com\/wp-content\/uploads\/2020\/08\/ARTURO-TRAINER-300x300.jpg 300w, https:\/\/cbbenicarlo.com\/wp-content\/uploads\/2020\/08\/ARTURO-TRAINER-768x768.jpg 768w, https:\/\/cbbenicarlo.com\/wp-content\/uploads\/2020\/08\/ARTURO-TRAINER-128x128.jpg 128w, https:\/\/cbbenicarlo.com\/wp-content\/uploads\/2020\/08\/ARTURO-TRAINER-32x32.jpg 32w, https:\/\/cbbenicarlo.com\/wp-content\/uploads\/2020\/08\/ARTURO-TRAINER.jpg 1080w\" sizes=\"(max-width: 256px) 100vw, 256px\" \/><figcaption>Arturo Agull\u00f3<\/figcaption><\/figure><\/div>\n\n\n\n<p> ARTURO AGULL\u00d3: <\/p>\n\n\n\n<p>DIRECTOR DEPORTIVO DE LA BASE<\/p>\n\n\n\n<p>2\u00b0 ENTRENADOR EN LEB PLATA<\/p>\n\n\n\n<p>SENIOR B<\/p>\n\n\n\n<p>INFANTIL A<\/p>\n\n\n\n<p>Entrenador superior de baloncesto, esta ser\u00e1 su segunda temporada con nosotros.<\/p>\n\n\n\n<p>Arturo Agull\u00f3 es natural de Alicante y procedente del Elche Basket Club. <\/p>\n","protected":false},"excerpt":{"rendered":"<p>ARTURO AGULL\u00d3: DIRECTOR DEPORTIVO DE LA BASE 2\u00b0 ENTRENADOR EN LEB PLATA SENIOR B INFANTIL A Entrenador superior de baloncesto, esta ser\u00e1 su segunda temporada con nosotros. Arturo Agull\u00f3 es natural de Alicante y procedente del Elche Basket Club.<\/p>\n","protected":false},"author":1,"featured_media":0,"comment_status":"closed","ping_status":"open","sticky":false,"template":"","format":"standard","meta":{"_eb_attr":""},"categories":[1],"tags":[25,26,24],"yoast_head":"<!-- This site is optimized with the Yoast SEO plugin v21.1 - https:\/\/yoast.com\/wordpress\/plugins\/seo\/ -->\n<title>Arturo Agull\u00f3 - Coordinador y entrenador. | Club Basquet Benicarl\u00f3<\/title>\n<meta name=\"robots\" content=\"index, follow, max-snippet:-1, max-image-preview:large, max-video-preview:-1\" \/>\n<link rel=\"canonical\" href=\"https:\/\/cbbenicarlo.com\/?p=788\" \/>\n<meta property=\"og:locale\" content=\"es_ES\" \/>\n<meta property=\"og:type\" content=\"article\" \/>\n<meta property=\"og:title\" content=\"Arturo Agull\u00f3 - Coordinador y entrenador. | Club Basquet Benicarl\u00f3\" \/>\n<meta property=\"og:description\" content=\"ARTURO AGULL\u00d3: DIRECTOR DEPORTIVO DE LA BASE 2\u00b0 ENTRENADOR EN LEB PLATA SENIOR B INFANTIL A Entrenador superior de baloncesto, esta ser\u00e1 su segunda temporada con nosotros. Arturo Agull\u00f3 es natural de Alicante y procedente del Elche Basket Club.\" \/>\n<meta property=\"og:url\" content=\"https:\/\/cbbenicarlo.com\/?p=788\" \/>\n<meta property=\"og:site_name\" content=\"Club Basquet Benicarl\u00f3\" \/>\n<meta property=\"article:published_time\" content=\"2020-08-30T09:14:50+00:00\" \/>\n<meta property=\"article:modified_time\" content=\"2022-06-06T17:36:07+00:00\" \/>\n<meta property=\"og:image\" content=\"http:\/\/cbbenicarlo.com\/wp-content\/uploads\/2020\/08\/ARTURO-TRAINER-1024x1024.jpg\" \/>\n<meta name=\"author\" content=\"Club B\u00e0squet Benicarl\u00f3\" \/>\n<meta name=\"twitter:card\" content=\"summary_large_image\" \/>\n<meta name=\"twitter:label1\" content=\"Escrito por\" \/>\n\t<meta name=\"twitter:data1\" content=\"Club B\u00e0squet Benicarl\u00f3\" \/>\n<script type=\"application\/ld+json\" class=\"yoast-schema-graph\">{\"@context\":\"https:\/\/schema.org\",\"@graph\":[{\"@type\":\"Article\",\"@id\":\"https:\/\/cbbenicarlo.com\/?p=788#article\",\"isPartOf\":{\"@id\":\"https:\/\/cbbenicarlo.com\/?p=788\"},\"author\":{\"name\":\"Club B\u00e0squet Benicarl\u00f3\",\"@id\":\"https:\/\/cbbenicarlo.com\/#\/schema\/person\/200a6bea92870b7adeb1a5c755a793f2\"},\"headline\":\"Arturo Agull\u00f3 &#8211; Coordinador y entrenador.\",\"datePublished\":\"2020-08-30T09:14:50+00:00\",\"dateModified\":\"2022-06-06T17:36:07+00:00\",\"mainEntityOfPage\":{\"@id\":\"https:\/\/cbbenicarlo.com\/?p=788\"},\"wordCount\":46,\"publisher\":{\"@id\":\"https:\/\/cbbenicarlo.com\/#organization\"},\"keywords\":[\"Infantil A\",\"LEB PLATA\",\"Senior B\"],\"articleSection\":[\"Primer Equipo\"],\"inLanguage\":\"es\"},{\"@type\":\"WebPage\",\"@id\":\"https:\/\/cbbenicarlo.com\/?p=788\",\"url\":\"https:\/\/cbbenicarlo.com\/?p=788\",\"name\":\"Arturo Agull\u00f3 - Coordinador y entrenador. | Club Basquet Benicarl\u00f3\",\"isPartOf\":{\"@id\":\"https:\/\/cbbenicarlo.com\/#website\"},\"datePublished\":\"2020-08-30T09:14:50+00:00\",\"dateModified\":\"2022-06-06T17:36:07+00:00\",\"breadcrumb\":{\"@id\":\"https:\/\/cbbenicarlo.com\/?p=788#breadcrumb\"},\"inLanguage\":\"es\",\"potentialAction\":[{\"@type\":\"ReadAction\",\"target\":[\"https:\/\/cbbenicarlo.com\/?p=788\"]}]},{\"@type\":\"BreadcrumbList\",\"@id\":\"https:\/\/cbbenicarlo.com\/?p=788#breadcrumb\",\"itemListElement\":[{\"@type\":\"ListItem\",\"position\":1,\"name\":\"Portada\",\"item\":\"https:\/\/cbbenicarlo.com\/\"},{\"@type\":\"ListItem\",\"position\":2,\"name\":\"Arturo Agull\u00f3 &#8211; Coordinador y entrenador.\"}]},{\"@type\":\"WebSite\",\"@id\":\"https:\/\/cbbenicarlo.com\/#website\",\"url\":\"https:\/\/cbbenicarlo.com\/\",\"name\":\"Club Basquet Benicarl\u00f3\",\"description\":\"P\u00e1gina Web Oficial\",\"publisher\":{\"@id\":\"https:\/\/cbbenicarlo.com\/#organization\"},\"potentialAction\":[{\"@type\":\"SearchAction\",\"target\":{\"@type\":\"EntryPoint\",\"urlTemplate\":\"https:\/\/cbbenicarlo.com\/?s={search_term_string}\"},\"query-input\":\"required name=search_term_string\"}],\"inLanguage\":\"es\"},{\"@type\":\"Organization\",\"@id\":\"https:\/\/cbbenicarlo.com\/#organization\",\"name\":\"Club B\u00e0squet Benicarl\u00f3\",\"url\":\"https:\/\/cbbenicarlo.com\/\",\"logo\":{\"@type\":\"ImageObject\",\"inLanguage\":\"es\",\"@id\":\"https:\/\/cbbenicarlo.com\/#\/schema\/logo\/image\/\",\"url\":\"https:\/\/cbbenicarlo.com\/wp-content\/uploads\/2022\/05\/cropped-cropped-cropped-CBBENICARLO2021-22-2.png\",\"contentUrl\":\"https:\/\/cbbenicarlo.com\/wp-content\/uploads\/2022\/05\/cropped-cropped-cropped-CBBENICARLO2021-22-2.png\",\"width\":512,\"height\":512,\"caption\":\"Club B\u00e0squet Benicarl\u00f3\"},\"image\":{\"@id\":\"https:\/\/cbbenicarlo.com\/#\/schema\/logo\/image\/\"}},{\"@type\":\"Person\",\"@id\":\"https:\/\/cbbenicarlo.com\/#\/schema\/person\/200a6bea92870b7adeb1a5c755a793f2\",\"name\":\"Club B\u00e0squet Benicarl\u00f3\",\"image\":{\"@type\":\"ImageObject\",\"inLanguage\":\"es\",\"@id\":\"https:\/\/cbbenicarlo.com\/#\/schema\/person\/image\/\",\"url\":\"https:\/\/secure.gravatar.com\/avatar\/8aed305f961a70f8934d4ba794f3527a?s=96&d=mm&r=g\",\"contentUrl\":\"https:\/\/secure.gravatar.com\/avatar\/8aed305f961a70f8934d4ba794f3527a?s=96&d=mm&r=g\",\"caption\":\"Club B\u00e0squet Benicarl\u00f3\"},\"url\":\"https:\/\/cbbenicarlo.com\/?author=1\"}]}<\/script>\n<!-- \/ Yoast SEO plugin. -->","yoast_head_json":{"title":"Arturo Agull\u00f3 - Coordinador y entrenador. | Club Basquet Benicarl\u00f3","robots":{"index":"index","follow":"follow","max-snippet":"max-snippet:-1","max-image-preview":"max-image-preview:large","max-video-preview":"max-video-preview:-1"},"canonical":"https:\/\/cbbenicarlo.com\/?p=788","og_locale":"es_ES","og_type":"article","og_title":"Arturo Agull\u00f3 - Coordinador y entrenador. | Club Basquet Benicarl\u00f3","og_description":"ARTURO AGULL\u00d3: DIRECTOR DEPORTIVO DE LA BASE 2\u00b0 ENTRENADOR EN LEB PLATA SENIOR B INFANTIL A Entrenador superior de baloncesto, esta ser\u00e1 su segunda temporada con nosotros. Arturo Agull\u00f3 es natural de Alicante y procedente del Elche Basket Club.","og_url":"https:\/\/cbbenicarlo.com\/?p=788","og_site_name":"Club Basquet Benicarl\u00f3","article_published_time":"2020-08-30T09:14:50+00:00","article_modified_time":"2022-06-06T17:36:07+00:00","og_image":[{"url":"http:\/\/cbbenicarlo.com\/wp-content\/uploads\/2020\/08\/ARTURO-TRAINER-1024x1024.jpg"}],"author":"Club B\u00e0squet Benicarl\u00f3","twitter_card":"summary_large_image","twitter_misc":{"Escrito por":"Club B\u00e0squet Benicarl\u00f3"},"schema":{"@context":"https:\/\/schema.org","@graph":[{"@type":"Article","@id":"https:\/\/cbbenicarlo.com\/?p=788#article","isPartOf":{"@id":"https:\/\/cbbenicarlo.com\/?p=788"},"author":{"name":"Club B\u00e0squet Benicarl\u00f3","@id":"https:\/\/cbbenicarlo.com\/#\/schema\/person\/200a6bea92870b7adeb1a5c755a793f2"},"headline":"Arturo Agull\u00f3 &#8211; Coordinador y entrenador.","datePublished":"2020-08-30T09:14:50+00:00","dateModified":"2022-06-06T17:36:07+00:00","mainEntityOfPage":{"@id":"https:\/\/cbbenicarlo.com\/?p=788"},"wordCount":46,"publisher":{"@id":"https:\/\/cbbenicarlo.com\/#organization"},"keywords":["Infantil A","LEB PLATA","Senior B"],"articleSection":["Primer Equipo"],"inLanguage":"es"},{"@type":"WebPage","@id":"https:\/\/cbbenicarlo.com\/?p=788","url":"https:\/\/cbbenicarlo.com\/?p=788","name":"Arturo Agull\u00f3 - Coordinador y entrenador. | Club Basquet Benicarl\u00f3","isPartOf":{"@id":"https:\/\/cbbenicarlo.com\/#website"},"datePublished":"2020-08-30T09:14:50+00:00","dateModified":"2022-06-06T17:36:07+00:00","breadcrumb":{"@id":"https:\/\/cbbenicarlo.com\/?p=788#breadcrumb"},"inLanguage":"es","potentialAction":[{"@type":"ReadAction","target":["https:\/\/cbbenicarlo.com\/?p=788"]}]},{"@type":"BreadcrumbList","@id":"https:\/\/cbbenicarlo.com\/?p=788#breadcrumb","itemListElement":[{"@type":"ListItem","position":1,"name":"Portada","item":"https:\/\/cbbenicarlo.com\/"},{"@type":"ListItem","position":2,"name":"Arturo Agull\u00f3 &#8211; Coordinador y entrenador."}]},{"@type":"WebSite","@id":"https:\/\/cbbenicarlo.com\/#website","url":"https:\/\/cbbenicarlo.com\/","name":"Club Basquet Benicarl\u00f3","description":"P\u00e1gina Web Oficial","publisher":{"@id":"https:\/\/cbbenicarlo.com\/#organization"},"potentialAction":[{"@type":"SearchAction","target":{"@type":"EntryPoint","urlTemplate":"https:\/\/cbbenicarlo.com\/?s={search_term_string}"},"query-input":"required name=search_term_string"}],"inLanguage":"es"},{"@type":"Organization","@id":"https:\/\/cbbenicarlo.com\/#organization","name":"Club B\u00e0squet Benicarl\u00f3","url":"https:\/\/cbbenicarlo.com\/","logo":{"@type":"ImageObject","inLanguage":"es","@id":"https:\/\/cbbenicarlo.com\/#\/schema\/logo\/image\/","url":"https:\/\/cbbenicarlo.com\/wp-content\/uploads\/2022\/05\/cropped-cropped-cropped-CBBENICARLO2021-22-2.png","contentUrl":"https:\/\/cbbenicarlo.com\/wp-content\/uploads\/2022\/05\/cropped-cropped-cropped-CBBENICARLO2021-22-2.png","width":512,"height":512,"caption":"Club B\u00e0squet Benicarl\u00f3"},"image":{"@id":"https:\/\/cbbenicarlo.com\/#\/schema\/logo\/image\/"}},{"@type":"Person","@id":"https:\/\/cbbenicarlo.com\/#\/schema\/person\/200a6bea92870b7adeb1a5c755a793f2","name":"Club B\u00e0squet Benicarl\u00f3","image":{"@type":"ImageObject","inLanguage":"es","@id":"https:\/\/cbbenicarlo.com\/#\/schema\/person\/image\/","url":"https:\/\/secure.gravatar.com\/avatar\/8aed305f961a70f8934d4ba794f3527a?s=96&d=mm&r=g","contentUrl":"https:\/\/secure.gravatar.com\/avatar\/8aed305f961a70f8934d4ba794f3527a?s=96&d=mm&r=g","caption":"Club B\u00e0squet Benicarl\u00f3"},"url":"https:\/\/cbbenicarlo.com\/?author=1"}]}},"_links":{"self":[{"href":"https:\/\/cbbenicarlo.com\/index.php?rest_route=\/wp\/v2\/posts\/788"}],"collection":[{"href":"https:\/\/cbbenicarlo.com\/index.php?rest_route=\/wp\/v2\/posts"}],"about":[{"href":"https:\/\/cbbenicarlo.com\/index.php?rest_route=\/wp\/v2\/types\/post"}],"author":[{"embeddable":true,"href":"https:\/\/cbbenicarlo.com\/index.php?rest_route=\/wp\/v2\/users\/1"}],"replies":[{"embeddable":true,"href":"https:\/\/cbbenicarlo.com\/index.php?rest_route=%2Fwp%2Fv2%2Fcomments&post=788"}],"version-history":[{"count":2,"href":"https:\/\/cbbenicarlo.com\/index.php?rest_route=\/wp\/v2\/posts\/788\/revisions"}],"predecessor-version":[{"id":792,"href":"https:\/\/cbbenicarlo.com\/index.php?rest_route=\/wp\/v2\/posts\/788\/revisions\/792"}],"wp:attachment":[{"href":"https:\/\/cbbenicarlo.com\/index.php?rest_route=%2Fwp%2Fv2%2Fmedia&parent=788"}],"wp:term":[{"taxonomy":"category","embeddable":true,"href":"https:\/\/cbbenicarlo.com\/index.php?rest_route=%2Fwp%2Fv2%2Fcategories&post=788"},{"taxonomy":"post_tag","embeddable":true,"href":"https:\/\/cbbenicarlo.com\/index.php?rest_route=%2Fwp%2Fv2%2Ftags&post=788"}],"curies":[{"name":"wp","href":"https:\/\/api.w.org\/{rel}","templated":true}]}}