{"id":753,"date":"2020-08-25T11:53:30","date_gmt":"2020-08-25T09:53:30","guid":{"rendered":"http:\/\/cbbenicarlo.com\/?p=753"},"modified":"2022-06-06T19:36:07","modified_gmt":"2022-06-06T17:36:07","slug":"delegado-de-lujo","status":"publish","type":"post","link":"https:\/\/cbbenicarlo.com\/?p=753","title":{"rendered":"DELEGADO DE LUJO"},"content":{"rendered":"\n<div class=\"wp-block-image\"><figure class=\"alignleft is-resized\"><img fetchpriority=\"high\" decoding=\"async\" src=\"http:\/\/cbbenicarlo.com\/wp-content\/uploads\/2020\/08\/DAMIAN1-1024x1024.jpg\" alt=\"\" class=\"wp-image-754\" width=\"256\" height=\"256\" srcset=\"https:\/\/cbbenicarlo.com\/wp-content\/uploads\/2020\/08\/DAMIAN1-1024x1024.jpg 1024w, https:\/\/cbbenicarlo.com\/wp-content\/uploads\/2020\/08\/DAMIAN1-150x150.jpg 150w, https:\/\/cbbenicarlo.com\/wp-content\/uploads\/2020\/08\/DAMIAN1-300x300.jpg 300w, https:\/\/cbbenicarlo.com\/wp-content\/uploads\/2020\/08\/DAMIAN1-768x768.jpg 768w, https:\/\/cbbenicarlo.com\/wp-content\/uploads\/2020\/08\/DAMIAN1-128x128.jpg 128w, https:\/\/cbbenicarlo.com\/wp-content\/uploads\/2020\/08\/DAMIAN1-32x32.jpg 32w, https:\/\/cbbenicarlo.com\/wp-content\/uploads\/2020\/08\/DAMIAN1.jpg 1080w\" sizes=\"(max-width: 256px) 100vw, 256px\" \/><figcaption>Dami\u00e1n<\/figcaption><\/figure><\/div>\n\n\n\n<p> Hoy os hablamos de una esperada renovaci\u00f3n, la de nuestro delegado de campo Dami\u00e1n Marz\u00e1 Roca, que con su buen trabajo, tanto en los partidos como en los entrenamientos, se ha ganado el cari\u00f1o de la afici\u00f3n, los jugadores y el equipo t\u00e9cnico. <\/p>\n\n\n\n<div style=\"height:107px\" aria-hidden=\"true\" class=\"wp-block-spacer\"><\/div>\n\n\n\n<ul class=\"is-layout-flex wp-block-gallery-1 wp-block-gallery aligncenter columns-2 is-cropped\"><li class=\"blocks-gallery-item\"><figure><img decoding=\"async\" width=\"960\" height=\"641\" src=\"http:\/\/cbbenicarlo.com\/wp-content\/uploads\/2020\/08\/DAMIAN2.jpg\" alt=\"\" data-id=\"755\" data-link=\"http:\/\/cbbenicarlo.com\/?attachment_id=755\" class=\"wp-image-755\" srcset=\"https:\/\/cbbenicarlo.com\/wp-content\/uploads\/2020\/08\/DAMIAN2.jpg 960w, https:\/\/cbbenicarlo.com\/wp-content\/uploads\/2020\/08\/DAMIAN2-300x200.jpg 300w, https:\/\/cbbenicarlo.com\/wp-content\/uploads\/2020\/08\/DAMIAN2-768x513.jpg 768w, https:\/\/cbbenicarlo.com\/wp-content\/uploads\/2020\/08\/DAMIAN2-128x85.jpg 128w, https:\/\/cbbenicarlo.com\/wp-content\/uploads\/2020\/08\/DAMIAN2-32x21.jpg 32w\" sizes=\"(max-width: 960px) 100vw, 960px\" \/><\/figure><\/li><li class=\"blocks-gallery-item\"><figure><img decoding=\"async\" width=\"958\" height=\"640\" src=\"http:\/\/cbbenicarlo.com\/wp-content\/uploads\/2020\/08\/DAMIAN8.jpg\" alt=\"\" data-id=\"761\" data-link=\"http:\/\/cbbenicarlo.com\/?attachment_id=761\" class=\"wp-image-761\" srcset=\"https:\/\/cbbenicarlo.com\/wp-content\/uploads\/2020\/08\/DAMIAN8.jpg 958w, https:\/\/cbbenicarlo.com\/wp-content\/uploads\/2020\/08\/DAMIAN8-300x200.jpg 300w, https:\/\/cbbenicarlo.com\/wp-content\/uploads\/2020\/08\/DAMIAN8-768x513.jpg 768w, https:\/\/cbbenicarlo.com\/wp-content\/uploads\/2020\/08\/DAMIAN8-128x86.jpg 128w, https:\/\/cbbenicarlo.com\/wp-content\/uploads\/2020\/08\/DAMIAN8-32x21.jpg 32w\" sizes=\"(max-width: 958px) 100vw, 958px\" \/><\/figure><\/li><li class=\"blocks-gallery-item\"><figure><img loading=\"lazy\" decoding=\"async\" width=\"960\" height=\"641\" src=\"http:\/\/cbbenicarlo.com\/wp-content\/uploads\/2020\/08\/DAMIAN7.jpg\" alt=\"\" data-id=\"760\" data-link=\"http:\/\/cbbenicarlo.com\/?attachment_id=760\" class=\"wp-image-760\" srcset=\"https:\/\/cbbenicarlo.com\/wp-content\/uploads\/2020\/08\/DAMIAN7.jpg 960w, https:\/\/cbbenicarlo.com\/wp-content\/uploads\/2020\/08\/DAMIAN7-300x200.jpg 300w, https:\/\/cbbenicarlo.com\/wp-content\/uploads\/2020\/08\/DAMIAN7-768x513.jpg 768w, https:\/\/cbbenicarlo.com\/wp-content\/uploads\/2020\/08\/DAMIAN7-128x85.jpg 128w, https:\/\/cbbenicarlo.com\/wp-content\/uploads\/2020\/08\/DAMIAN7-32x21.jpg 32w\" sizes=\"(max-width: 960px) 100vw, 960px\" \/><\/figure><\/li><li class=\"blocks-gallery-item\"><figure><img loading=\"lazy\" decoding=\"async\" width=\"1000\" height=\"668\" src=\"http:\/\/cbbenicarlo.com\/wp-content\/uploads\/2020\/08\/DAMIAN6.jpg\" alt=\"\" data-id=\"759\" data-link=\"http:\/\/cbbenicarlo.com\/?attachment_id=759\" class=\"wp-image-759\" srcset=\"https:\/\/cbbenicarlo.com\/wp-content\/uploads\/2020\/08\/DAMIAN6.jpg 1000w, https:\/\/cbbenicarlo.com\/wp-content\/uploads\/2020\/08\/DAMIAN6-300x200.jpg 300w, https:\/\/cbbenicarlo.com\/wp-content\/uploads\/2020\/08\/DAMIAN6-768x513.jpg 768w, https:\/\/cbbenicarlo.com\/wp-content\/uploads\/2020\/08\/DAMIAN6-128x86.jpg 128w, https:\/\/cbbenicarlo.com\/wp-content\/uploads\/2020\/08\/DAMIAN6-32x21.jpg 32w\" sizes=\"(max-width: 1000px) 100vw, 1000px\" \/><\/figure><\/li><li class=\"blocks-gallery-item\"><figure><img loading=\"lazy\" decoding=\"async\" width=\"958\" height=\"640\" src=\"http:\/\/cbbenicarlo.com\/wp-content\/uploads\/2020\/08\/DAMIAN5.jpg\" alt=\"\" data-id=\"758\" data-link=\"http:\/\/cbbenicarlo.com\/?attachment_id=758\" class=\"wp-image-758\" srcset=\"https:\/\/cbbenicarlo.com\/wp-content\/uploads\/2020\/08\/DAMIAN5.jpg 958w, https:\/\/cbbenicarlo.com\/wp-content\/uploads\/2020\/08\/DAMIAN5-300x200.jpg 300w, https:\/\/cbbenicarlo.com\/wp-content\/uploads\/2020\/08\/DAMIAN5-768x513.jpg 768w, https:\/\/cbbenicarlo.com\/wp-content\/uploads\/2020\/08\/DAMIAN5-128x86.jpg 128w, https:\/\/cbbenicarlo.com\/wp-content\/uploads\/2020\/08\/DAMIAN5-32x21.jpg 32w\" sizes=\"(max-width: 958px) 100vw, 958px\" \/><\/figure><\/li><li class=\"blocks-gallery-item\"><figure><img loading=\"lazy\" decoding=\"async\" width=\"1000\" height=\"668\" src=\"http:\/\/cbbenicarlo.com\/wp-content\/uploads\/2020\/08\/DAMIAN4.jpg\" alt=\"\" data-id=\"757\" data-link=\"http:\/\/cbbenicarlo.com\/?attachment_id=757\" class=\"wp-image-757\" srcset=\"https:\/\/cbbenicarlo.com\/wp-content\/uploads\/2020\/08\/DAMIAN4.jpg 1000w, https:\/\/cbbenicarlo.com\/wp-content\/uploads\/2020\/08\/DAMIAN4-300x200.jpg 300w, https:\/\/cbbenicarlo.com\/wp-content\/uploads\/2020\/08\/DAMIAN4-768x513.jpg 768w, https:\/\/cbbenicarlo.com\/wp-content\/uploads\/2020\/08\/DAMIAN4-128x86.jpg 128w, https:\/\/cbbenicarlo.com\/wp-content\/uploads\/2020\/08\/DAMIAN4-32x21.jpg 32w\" sizes=\"(max-width: 1000px) 100vw, 1000px\" \/><\/figure><\/li><li class=\"blocks-gallery-item\"><figure><img loading=\"lazy\" decoding=\"async\" width=\"1000\" height=\"667\" src=\"http:\/\/cbbenicarlo.com\/wp-content\/uploads\/2020\/08\/DAMIAN3.jpg\" alt=\"\" data-id=\"756\" data-link=\"http:\/\/cbbenicarlo.com\/?attachment_id=756\" class=\"wp-image-756\" srcset=\"https:\/\/cbbenicarlo.com\/wp-content\/uploads\/2020\/08\/DAMIAN3.jpg 1000w, https:\/\/cbbenicarlo.com\/wp-content\/uploads\/2020\/08\/DAMIAN3-300x200.jpg 300w, https:\/\/cbbenicarlo.com\/wp-content\/uploads\/2020\/08\/DAMIAN3-768x512.jpg 768w, https:\/\/cbbenicarlo.com\/wp-content\/uploads\/2020\/08\/DAMIAN3-128x85.jpg 128w, https:\/\/cbbenicarlo.com\/wp-content\/uploads\/2020\/08\/DAMIAN3-32x21.jpg 32w\" sizes=\"(max-width: 1000px) 100vw, 1000px\" \/><\/figure><\/li><\/ul>\n\n\n\n<p>\n\n   \ud83d\udcf8  <a href=\"http:\/\/www.evamenacho.com\/\">Con otra mirada \u2013 Fotograf\u00edas de Eva Menacho\ufeff<\/a><\/p>\n","protected":false},"excerpt":{"rendered":"<p>Hoy os hablamos de una esperada renovaci\u00f3n, la de nuestro delegado de campo Dami\u00e1n Marz\u00e1 Roca, que con su buen trabajo, tanto en los partidos como en los entrenamientos, se ha ganado el cari\u00f1o de la afici\u00f3n, los jugadores y el equipo t\u00e9cnico. \ud83d\udcf8 Con otra mirada \u2013 Fotograf\u00edas de Eva Menacho\ufeff<\/p>\n","protected":false},"author":1,"featured_media":0,"comment_status":"closed","ping_status":"open","sticky":false,"template":"","format":"standard","meta":{"_eb_attr":""},"categories":[1],"tags":[],"yoast_head":"<!-- This site is optimized with the Yoast SEO plugin v21.1 - https:\/\/yoast.com\/wordpress\/plugins\/seo\/ -->\n<title>DELEGADO DE LUJO | Club Basquet Benicarl\u00f3<\/title>\n<meta name=\"robots\" content=\"index, follow, max-snippet:-1, max-image-preview:large, max-video-preview:-1\" \/>\n<link rel=\"canonical\" href=\"https:\/\/cbbenicarlo.com\/?p=753\" \/>\n<meta property=\"og:locale\" content=\"es_ES\" \/>\n<meta property=\"og:type\" content=\"article\" \/>\n<meta property=\"og:title\" content=\"DELEGADO DE LUJO | Club Basquet Benicarl\u00f3\" \/>\n<meta property=\"og:description\" content=\"Hoy os hablamos de una esperada renovaci\u00f3n, la de nuestro delegado de campo Dami\u00e1n Marz\u00e1 Roca, que con su buen trabajo, tanto en los partidos como en los entrenamientos, se ha ganado el cari\u00f1o de la afici\u00f3n, los jugadores y el equipo t\u00e9cnico. \ud83d\udcf8 Con otra mirada \u2013 Fotograf\u00edas de Eva Menacho\ufeff\" \/>\n<meta property=\"og:url\" content=\"https:\/\/cbbenicarlo.com\/?p=753\" \/>\n<meta property=\"og:site_name\" content=\"Club Basquet Benicarl\u00f3\" \/>\n<meta property=\"article:published_time\" content=\"2020-08-25T09:53:30+00:00\" \/>\n<meta property=\"article:modified_time\" content=\"2022-06-06T17:36:07+00:00\" \/>\n<meta property=\"og:image\" content=\"http:\/\/cbbenicarlo.com\/wp-content\/uploads\/2020\/08\/DAMIAN1-1024x1024.jpg\" \/>\n<meta name=\"author\" content=\"Club B\u00e0squet Benicarl\u00f3\" \/>\n<meta name=\"twitter:card\" content=\"summary_large_image\" \/>\n<meta name=\"twitter:label1\" content=\"Escrito por\" \/>\n\t<meta name=\"twitter:data1\" content=\"Club B\u00e0squet Benicarl\u00f3\" \/>\n<script type=\"application\/ld+json\" class=\"yoast-schema-graph\">{\"@context\":\"https:\/\/schema.org\",\"@graph\":[{\"@type\":\"Article\",\"@id\":\"https:\/\/cbbenicarlo.com\/?p=753#article\",\"isPartOf\":{\"@id\":\"https:\/\/cbbenicarlo.com\/?p=753\"},\"author\":{\"name\":\"Club B\u00e0squet Benicarl\u00f3\",\"@id\":\"https:\/\/cbbenicarlo.com\/#\/schema\/person\/200a6bea92870b7adeb1a5c755a793f2\"},\"headline\":\"DELEGADO DE LUJO\",\"datePublished\":\"2020-08-25T09:53:30+00:00\",\"dateModified\":\"2022-06-06T17:36:07+00:00\",\"mainEntityOfPage\":{\"@id\":\"https:\/\/cbbenicarlo.com\/?p=753\"},\"wordCount\":61,\"publisher\":{\"@id\":\"https:\/\/cbbenicarlo.com\/#organization\"},\"articleSection\":[\"Primer Equipo\"],\"inLanguage\":\"es\"},{\"@type\":\"WebPage\",\"@id\":\"https:\/\/cbbenicarlo.com\/?p=753\",\"url\":\"https:\/\/cbbenicarlo.com\/?p=753\",\"name\":\"DELEGADO DE LUJO | Club Basquet Benicarl\u00f3\",\"isPartOf\":{\"@id\":\"https:\/\/cbbenicarlo.com\/#website\"},\"datePublished\":\"2020-08-25T09:53:30+00:00\",\"dateModified\":\"2022-06-06T17:36:07+00:00\",\"breadcrumb\":{\"@id\":\"https:\/\/cbbenicarlo.com\/?p=753#breadcrumb\"},\"inLanguage\":\"es\",\"potentialAction\":[{\"@type\":\"ReadAction\",\"target\":[\"https:\/\/cbbenicarlo.com\/?p=753\"]}]},{\"@type\":\"BreadcrumbList\",\"@id\":\"https:\/\/cbbenicarlo.com\/?p=753#breadcrumb\",\"itemListElement\":[{\"@type\":\"ListItem\",\"position\":1,\"name\":\"Portada\",\"item\":\"https:\/\/cbbenicarlo.com\/\"},{\"@type\":\"ListItem\",\"position\":2,\"name\":\"DELEGADO DE LUJO\"}]},{\"@type\":\"WebSite\",\"@id\":\"https:\/\/cbbenicarlo.com\/#website\",\"url\":\"https:\/\/cbbenicarlo.com\/\",\"name\":\"Club Basquet Benicarl\u00f3\",\"description\":\"P\u00e1gina Web Oficial\",\"publisher\":{\"@id\":\"https:\/\/cbbenicarlo.com\/#organization\"},\"potentialAction\":[{\"@type\":\"SearchAction\",\"target\":{\"@type\":\"EntryPoint\",\"urlTemplate\":\"https:\/\/cbbenicarlo.com\/?s={search_term_string}\"},\"query-input\":\"required name=search_term_string\"}],\"inLanguage\":\"es\"},{\"@type\":\"Organization\",\"@id\":\"https:\/\/cbbenicarlo.com\/#organization\",\"name\":\"Club B\u00e0squet Benicarl\u00f3\",\"url\":\"https:\/\/cbbenicarlo.com\/\",\"logo\":{\"@type\":\"ImageObject\",\"inLanguage\":\"es\",\"@id\":\"https:\/\/cbbenicarlo.com\/#\/schema\/logo\/image\/\",\"url\":\"https:\/\/cbbenicarlo.com\/wp-content\/uploads\/2022\/05\/cropped-cropped-cropped-CBBENICARLO2021-22-2.png\",\"contentUrl\":\"https:\/\/cbbenicarlo.com\/wp-content\/uploads\/2022\/05\/cropped-cropped-cropped-CBBENICARLO2021-22-2.png\",\"width\":512,\"height\":512,\"caption\":\"Club B\u00e0squet Benicarl\u00f3\"},\"image\":{\"@id\":\"https:\/\/cbbenicarlo.com\/#\/schema\/logo\/image\/\"}},{\"@type\":\"Person\",\"@id\":\"https:\/\/cbbenicarlo.com\/#\/schema\/person\/200a6bea92870b7adeb1a5c755a793f2\",\"name\":\"Club B\u00e0squet Benicarl\u00f3\",\"image\":{\"@type\":\"ImageObject\",\"inLanguage\":\"es\",\"@id\":\"https:\/\/cbbenicarlo.com\/#\/schema\/person\/image\/\",\"url\":\"https:\/\/secure.gravatar.com\/avatar\/8aed305f961a70f8934d4ba794f3527a?s=96&d=mm&r=g\",\"contentUrl\":\"https:\/\/secure.gravatar.com\/avatar\/8aed305f961a70f8934d4ba794f3527a?s=96&d=mm&r=g\",\"caption\":\"Club B\u00e0squet Benicarl\u00f3\"},\"url\":\"https:\/\/cbbenicarlo.com\/?author=1\"}]}<\/script>\n<!-- \/ Yoast SEO plugin. -->","yoast_head_json":{"title":"DELEGADO DE LUJO | Club Basquet Benicarl\u00f3","robots":{"index":"index","follow":"follow","max-snippet":"max-snippet:-1","max-image-preview":"max-image-preview:large","max-video-preview":"max-video-preview:-1"},"canonical":"https:\/\/cbbenicarlo.com\/?p=753","og_locale":"es_ES","og_type":"article","og_title":"DELEGADO DE LUJO | Club Basquet Benicarl\u00f3","og_description":"Hoy os hablamos de una esperada renovaci\u00f3n, la de nuestro delegado de campo Dami\u00e1n Marz\u00e1 Roca, que con su buen trabajo, tanto en los partidos como en los entrenamientos, se ha ganado el cari\u00f1o de la afici\u00f3n, los jugadores y el equipo t\u00e9cnico. \ud83d\udcf8 Con otra mirada \u2013 Fotograf\u00edas de Eva Menacho\ufeff","og_url":"https:\/\/cbbenicarlo.com\/?p=753","og_site_name":"Club Basquet Benicarl\u00f3","article_published_time":"2020-08-25T09:53:30+00:00","article_modified_time":"2022-06-06T17:36:07+00:00","og_image":[{"url":"http:\/\/cbbenicarlo.com\/wp-content\/uploads\/2020\/08\/DAMIAN1-1024x1024.jpg"}],"author":"Club B\u00e0squet Benicarl\u00f3","twitter_card":"summary_large_image","twitter_misc":{"Escrito por":"Club B\u00e0squet Benicarl\u00f3"},"schema":{"@context":"https:\/\/schema.org","@graph":[{"@type":"Article","@id":"https:\/\/cbbenicarlo.com\/?p=753#article","isPartOf":{"@id":"https:\/\/cbbenicarlo.com\/?p=753"},"author":{"name":"Club B\u00e0squet Benicarl\u00f3","@id":"https:\/\/cbbenicarlo.com\/#\/schema\/person\/200a6bea92870b7adeb1a5c755a793f2"},"headline":"DELEGADO DE LUJO","datePublished":"2020-08-25T09:53:30+00:00","dateModified":"2022-06-06T17:36:07+00:00","mainEntityOfPage":{"@id":"https:\/\/cbbenicarlo.com\/?p=753"},"wordCount":61,"publisher":{"@id":"https:\/\/cbbenicarlo.com\/#organization"},"articleSection":["Primer Equipo"],"inLanguage":"es"},{"@type":"WebPage","@id":"https:\/\/cbbenicarlo.com\/?p=753","url":"https:\/\/cbbenicarlo.com\/?p=753","name":"DELEGADO DE LUJO | Club Basquet Benicarl\u00f3","isPartOf":{"@id":"https:\/\/cbbenicarlo.com\/#website"},"datePublished":"2020-08-25T09:53:30+00:00","dateModified":"2022-06-06T17:36:07+00:00","breadcrumb":{"@id":"https:\/\/cbbenicarlo.com\/?p=753#breadcrumb"},"inLanguage":"es","potentialAction":[{"@type":"ReadAction","target":["https:\/\/cbbenicarlo.com\/?p=753"]}]},{"@type":"BreadcrumbList","@id":"https:\/\/cbbenicarlo.com\/?p=753#breadcrumb","itemListElement":[{"@type":"ListItem","position":1,"name":"Portada","item":"https:\/\/cbbenicarlo.com\/"},{"@type":"ListItem","position":2,"name":"DELEGADO DE LUJO"}]},{"@type":"WebSite","@id":"https:\/\/cbbenicarlo.com\/#website","url":"https:\/\/cbbenicarlo.com\/","name":"Club Basquet Benicarl\u00f3","description":"P\u00e1gina Web Oficial","publisher":{"@id":"https:\/\/cbbenicarlo.com\/#organization"},"potentialAction":[{"@type":"SearchAction","target":{"@type":"EntryPoint","urlTemplate":"https:\/\/cbbenicarlo.com\/?s={search_term_string}"},"query-input":"required name=search_term_string"}],"inLanguage":"es"},{"@type":"Organization","@id":"https:\/\/cbbenicarlo.com\/#organization","name":"Club B\u00e0squet Benicarl\u00f3","url":"https:\/\/cbbenicarlo.com\/","logo":{"@type":"ImageObject","inLanguage":"es","@id":"https:\/\/cbbenicarlo.com\/#\/schema\/logo\/image\/","url":"https:\/\/cbbenicarlo.com\/wp-content\/uploads\/2022\/05\/cropped-cropped-cropped-CBBENICARLO2021-22-2.png","contentUrl":"https:\/\/cbbenicarlo.com\/wp-content\/uploads\/2022\/05\/cropped-cropped-cropped-CBBENICARLO2021-22-2.png","width":512,"height":512,"caption":"Club B\u00e0squet Benicarl\u00f3"},"image":{"@id":"https:\/\/cbbenicarlo.com\/#\/schema\/logo\/image\/"}},{"@type":"Person","@id":"https:\/\/cbbenicarlo.com\/#\/schema\/person\/200a6bea92870b7adeb1a5c755a793f2","name":"Club B\u00e0squet Benicarl\u00f3","image":{"@type":"ImageObject","inLanguage":"es","@id":"https:\/\/cbbenicarlo.com\/#\/schema\/person\/image\/","url":"https:\/\/secure.gravatar.com\/avatar\/8aed305f961a70f8934d4ba794f3527a?s=96&d=mm&r=g","contentUrl":"https:\/\/secure.gravatar.com\/avatar\/8aed305f961a70f8934d4ba794f3527a?s=96&d=mm&r=g","caption":"Club B\u00e0squet Benicarl\u00f3"},"url":"https:\/\/cbbenicarlo.com\/?author=1"}]}},"_links":{"self":[{"href":"https:\/\/cbbenicarlo.com\/index.php?rest_route=\/wp\/v2\/posts\/753"}],"collection":[{"href":"https:\/\/cbbenicarlo.com\/index.php?rest_route=\/wp\/v2\/posts"}],"about":[{"href":"https:\/\/cbbenicarlo.com\/index.php?rest_route=\/wp\/v2\/types\/post"}],"author":[{"embeddable":true,"href":"https:\/\/cbbenicarlo.com\/index.php?rest_route=\/wp\/v2\/users\/1"}],"replies":[{"embeddable":true,"href":"https:\/\/cbbenicarlo.com\/index.php?rest_route=%2Fwp%2Fv2%2Fcomments&post=753"}],"version-history":[{"count":4,"href":"https:\/\/cbbenicarlo.com\/index.php?rest_route=\/wp\/v2\/posts\/753\/revisions"}],"predecessor-version":[{"id":765,"href":"https:\/\/cbbenicarlo.com\/index.php?rest_route=\/wp\/v2\/posts\/753\/revisions\/765"}],"wp:attachment":[{"href":"https:\/\/cbbenicarlo.com\/index.php?rest_route=%2Fwp%2Fv2%2Fmedia&parent=753"}],"wp:term":[{"taxonomy":"category","embeddable":true,"href":"https:\/\/cbbenicarlo.com\/index.php?rest_route=%2Fwp%2Fv2%2Fcategories&post=753"},{"taxonomy":"post_tag","embeddable":true,"href":"https:\/\/cbbenicarlo.com\/index.php?rest_route=%2Fwp%2Fv2%2Ftags&post=753"}],"curies":[{"name":"wp","href":"https:\/\/api.w.org\/{rel}","templated":true}]}}