{"id":720,"date":"2020-08-21T14:18:33","date_gmt":"2020-08-21T12:18:33","guid":{"rendered":"http:\/\/cbbenicarlo.com\/?p=720"},"modified":"2022-06-06T19:36:07","modified_gmt":"2022-06-06T17:36:07","slug":"renovacion-de-nemanja-djorjevic","status":"publish","type":"post","link":"https:\/\/cbbenicarlo.com\/?p=720","title":{"rendered":"RENOVACI\u00d3N DE NEMANJA DJORJEVIC"},"content":{"rendered":"\n<div class=\"wp-block-image\"><figure class=\"alignleft is-resized\"><img fetchpriority=\"high\" decoding=\"async\" src=\"http:\/\/cbbenicarlo.com\/wp-content\/uploads\/2020\/08\/nemanja-1-1024x1024.jpg\" alt=\"\" class=\"wp-image-721\" width=\"256\" height=\"256\" srcset=\"https:\/\/cbbenicarlo.com\/wp-content\/uploads\/2020\/08\/nemanja-1-1024x1024.jpg 1024w, https:\/\/cbbenicarlo.com\/wp-content\/uploads\/2020\/08\/nemanja-1-150x150.jpg 150w, https:\/\/cbbenicarlo.com\/wp-content\/uploads\/2020\/08\/nemanja-1-300x300.jpg 300w, https:\/\/cbbenicarlo.com\/wp-content\/uploads\/2020\/08\/nemanja-1-768x768.jpg 768w, https:\/\/cbbenicarlo.com\/wp-content\/uploads\/2020\/08\/nemanja-1-128x128.jpg 128w, https:\/\/cbbenicarlo.com\/wp-content\/uploads\/2020\/08\/nemanja-1-32x32.jpg 32w, https:\/\/cbbenicarlo.com\/wp-content\/uploads\/2020\/08\/nemanja-1.jpg 1080w\" sizes=\"(max-width: 256px) 100vw, 256px\" \/><figcaption>Nemanja Dordevic<\/figcaption><\/figure><\/div>\n\n\n\n<p> Estamos muy contentos de anunciaros la renovaci\u00f3n de un jugador muy querido por la afici\u00f3n benicarlanda, Nemanja Djorjevic. Jugador de origen serbio que cuenta con una amplia trayectoria tanto en la Primera divisi\u00f3n serbia como en Espa\u00f1a, donde este ser\u00e1 su tercer a\u00f1o en la Leb Plata tras pasar por C\u00edrculo Gij\u00f3n y jugar con nosotros la pasada temporada, en la que fue considerado como uno de los mejores interiores de la competici\u00f3n promediando 14,6 puntos 7 rebotes 15 valoraci\u00f3n, es un Ala-p\u00edvot de 203 cm que marcar\u00e1 la diferencia en la Liga. Ha recibido ofertas de diferentes equipos de Leb Plata, pero se decidi\u00f3 por el proyecto del CB Benicarl\u00f3.<\/p>\n\n\n\n<p>\u00a1Bienvenido Nemanja! <\/p>\n\n\n\n<ul class=\"is-layout-flex wp-block-gallery-1 wp-block-gallery columns-2 is-cropped\"><li class=\"blocks-gallery-item\"><figure><img decoding=\"async\" width=\"1000\" height=\"668\" src=\"http:\/\/cbbenicarlo.com\/wp-content\/uploads\/2020\/08\/nemanja-10.jpg\" alt=\"\" data-id=\"730\" data-link=\"http:\/\/cbbenicarlo.com\/?attachment_id=730\" class=\"wp-image-730\" srcset=\"https:\/\/cbbenicarlo.com\/wp-content\/uploads\/2020\/08\/nemanja-10.jpg 1000w, https:\/\/cbbenicarlo.com\/wp-content\/uploads\/2020\/08\/nemanja-10-300x200.jpg 300w, https:\/\/cbbenicarlo.com\/wp-content\/uploads\/2020\/08\/nemanja-10-768x513.jpg 768w, https:\/\/cbbenicarlo.com\/wp-content\/uploads\/2020\/08\/nemanja-10-128x86.jpg 128w, https:\/\/cbbenicarlo.com\/wp-content\/uploads\/2020\/08\/nemanja-10-32x21.jpg 32w\" sizes=\"(max-width: 1000px) 100vw, 1000px\" \/><\/figure><\/li><li class=\"blocks-gallery-item\"><figure><img decoding=\"async\" width=\"960\" height=\"641\" src=\"http:\/\/cbbenicarlo.com\/wp-content\/uploads\/2020\/08\/nemanja-2.jpg\" alt=\"\" data-id=\"722\" data-link=\"http:\/\/cbbenicarlo.com\/?attachment_id=722\" class=\"wp-image-722\" srcset=\"https:\/\/cbbenicarlo.com\/wp-content\/uploads\/2020\/08\/nemanja-2.jpg 960w, https:\/\/cbbenicarlo.com\/wp-content\/uploads\/2020\/08\/nemanja-2-300x200.jpg 300w, https:\/\/cbbenicarlo.com\/wp-content\/uploads\/2020\/08\/nemanja-2-768x513.jpg 768w, https:\/\/cbbenicarlo.com\/wp-content\/uploads\/2020\/08\/nemanja-2-128x85.jpg 128w, https:\/\/cbbenicarlo.com\/wp-content\/uploads\/2020\/08\/nemanja-2-32x21.jpg 32w\" sizes=\"(max-width: 960px) 100vw, 960px\" \/><\/figure><\/li><li class=\"blocks-gallery-item\"><figure><img loading=\"lazy\" decoding=\"async\" width=\"1000\" height=\"668\" src=\"http:\/\/cbbenicarlo.com\/wp-content\/uploads\/2020\/08\/nemanja-3.jpg\" alt=\"\" data-id=\"723\" data-link=\"http:\/\/cbbenicarlo.com\/?attachment_id=723\" class=\"wp-image-723\" srcset=\"https:\/\/cbbenicarlo.com\/wp-content\/uploads\/2020\/08\/nemanja-3.jpg 1000w, https:\/\/cbbenicarlo.com\/wp-content\/uploads\/2020\/08\/nemanja-3-300x200.jpg 300w, https:\/\/cbbenicarlo.com\/wp-content\/uploads\/2020\/08\/nemanja-3-768x513.jpg 768w, https:\/\/cbbenicarlo.com\/wp-content\/uploads\/2020\/08\/nemanja-3-128x86.jpg 128w, https:\/\/cbbenicarlo.com\/wp-content\/uploads\/2020\/08\/nemanja-3-32x21.jpg 32w\" sizes=\"(max-width: 1000px) 100vw, 1000px\" \/><\/figure><\/li><li class=\"blocks-gallery-item\"><figure><img loading=\"lazy\" decoding=\"async\" width=\"1000\" height=\"668\" src=\"http:\/\/cbbenicarlo.com\/wp-content\/uploads\/2020\/08\/nemanja-4.jpg\" alt=\"\" data-id=\"724\" data-link=\"http:\/\/cbbenicarlo.com\/?attachment_id=724\" class=\"wp-image-724\" srcset=\"https:\/\/cbbenicarlo.com\/wp-content\/uploads\/2020\/08\/nemanja-4.jpg 1000w, https:\/\/cbbenicarlo.com\/wp-content\/uploads\/2020\/08\/nemanja-4-300x200.jpg 300w, https:\/\/cbbenicarlo.com\/wp-content\/uploads\/2020\/08\/nemanja-4-768x513.jpg 768w, https:\/\/cbbenicarlo.com\/wp-content\/uploads\/2020\/08\/nemanja-4-128x86.jpg 128w, https:\/\/cbbenicarlo.com\/wp-content\/uploads\/2020\/08\/nemanja-4-32x21.jpg 32w\" sizes=\"(max-width: 1000px) 100vw, 1000px\" \/><\/figure><\/li><li class=\"blocks-gallery-item\"><figure><img loading=\"lazy\" decoding=\"async\" width=\"1000\" height=\"668\" src=\"http:\/\/cbbenicarlo.com\/wp-content\/uploads\/2020\/08\/nemanja-5.jpg\" alt=\"\" data-id=\"725\" data-link=\"http:\/\/cbbenicarlo.com\/?attachment_id=725\" class=\"wp-image-725\" srcset=\"https:\/\/cbbenicarlo.com\/wp-content\/uploads\/2020\/08\/nemanja-5.jpg 1000w, https:\/\/cbbenicarlo.com\/wp-content\/uploads\/2020\/08\/nemanja-5-300x200.jpg 300w, https:\/\/cbbenicarlo.com\/wp-content\/uploads\/2020\/08\/nemanja-5-768x513.jpg 768w, https:\/\/cbbenicarlo.com\/wp-content\/uploads\/2020\/08\/nemanja-5-128x86.jpg 128w, https:\/\/cbbenicarlo.com\/wp-content\/uploads\/2020\/08\/nemanja-5-32x21.jpg 32w\" sizes=\"(max-width: 1000px) 100vw, 1000px\" \/><\/figure><\/li><li class=\"blocks-gallery-item\"><figure><img loading=\"lazy\" decoding=\"async\" width=\"960\" height=\"641\" src=\"http:\/\/cbbenicarlo.com\/wp-content\/uploads\/2020\/08\/nemanja-6.jpg\" alt=\"\" data-id=\"726\" data-link=\"http:\/\/cbbenicarlo.com\/?attachment_id=726\" class=\"wp-image-726\" srcset=\"https:\/\/cbbenicarlo.com\/wp-content\/uploads\/2020\/08\/nemanja-6.jpg 960w, https:\/\/cbbenicarlo.com\/wp-content\/uploads\/2020\/08\/nemanja-6-300x200.jpg 300w, https:\/\/cbbenicarlo.com\/wp-content\/uploads\/2020\/08\/nemanja-6-768x513.jpg 768w, https:\/\/cbbenicarlo.com\/wp-content\/uploads\/2020\/08\/nemanja-6-128x85.jpg 128w, https:\/\/cbbenicarlo.com\/wp-content\/uploads\/2020\/08\/nemanja-6-32x21.jpg 32w\" sizes=\"(max-width: 960px) 100vw, 960px\" \/><\/figure><\/li><li class=\"blocks-gallery-item\"><figure><img loading=\"lazy\" decoding=\"async\" width=\"1000\" height=\"668\" src=\"http:\/\/cbbenicarlo.com\/wp-content\/uploads\/2020\/08\/nemanja-9.jpg\" alt=\"\" data-id=\"729\" data-link=\"http:\/\/cbbenicarlo.com\/?attachment_id=729\" class=\"wp-image-729\" srcset=\"https:\/\/cbbenicarlo.com\/wp-content\/uploads\/2020\/08\/nemanja-9.jpg 1000w, https:\/\/cbbenicarlo.com\/wp-content\/uploads\/2020\/08\/nemanja-9-300x200.jpg 300w, https:\/\/cbbenicarlo.com\/wp-content\/uploads\/2020\/08\/nemanja-9-768x513.jpg 768w, https:\/\/cbbenicarlo.com\/wp-content\/uploads\/2020\/08\/nemanja-9-128x86.jpg 128w, https:\/\/cbbenicarlo.com\/wp-content\/uploads\/2020\/08\/nemanja-9-32x21.jpg 32w\" sizes=\"(max-width: 1000px) 100vw, 1000px\" \/><\/figure><\/li><\/ul>\n\n\n\n<p>\n\n \ud83d\udcf8  <a href=\"http:\/\/www.evamenacho.com\/\">Con otra mirada \u2013 Fotograf\u00edas de Eva Menacho\ufeff<\/a><\/p>\n\n\n\n<p>\n\nAqu\u00ed os dejamos algunas de sus jugadas:\n\n<\/p>\n\n\n\n<figure class=\"wp-block-embed-youtube wp-block-embed is-type-video is-provider-youtube wp-embed-aspect-16-9 wp-has-aspect-ratio\"><div class=\"wp-block-embed__wrapper\">\n<p class=\"responsive-video-wrap clr\"><iframe title=\"Nemanja Djordjevic (PF-C 203cm) - Highlights (2019-20)\" width=\"1200\" height=\"675\" src=\"https:\/\/www.youtube.com\/embed\/tidYqwK6HHw?feature=oembed\" frameborder=\"0\" allow=\"accelerometer; autoplay; clipboard-write; encrypted-media; gyroscope; picture-in-picture\" allowfullscreen><\/iframe><\/p>\n<\/div><\/figure>\n","protected":false},"excerpt":{"rendered":"<p>Estamos muy contentos de anunciaros la renovaci\u00f3n de un jugador muy querido por la afici\u00f3n benicarlanda, Nemanja Djorjevic. Jugador de origen serbio que cuenta con una amplia trayectoria tanto en la Primera divisi\u00f3n serbia como en Espa\u00f1a, donde este ser\u00e1 su tercer a\u00f1o en la Leb Plata tras pasar por C\u00edrculo Gij\u00f3n y jugar con nosotros la pasada temporada, en la que fue considerado como uno de los mejores interiores de la competici\u00f3n promediando 14,6 puntos 7 rebotes 15 valoraci\u00f3n, es un Ala-p\u00edvot de 203 cm que marcar\u00e1 la diferencia en la Liga. Ha recibido ofertas de diferentes equipos de Leb Plata, pero se decidi\u00f3 por el proyecto del CB Benicarl\u00f3. \u00a1Bienvenido Nemanja! \ud83d\udcf8 Con otra mirada \u2013 Fotograf\u00edas de Eva Menacho\ufeff Aqu\u00ed os dejamos algunas de sus jugadas:<\/p>\n","protected":false},"author":1,"featured_media":0,"comment_status":"closed","ping_status":"open","sticky":false,"template":"","format":"standard","meta":{"_eb_attr":""},"categories":[1],"tags":[],"yoast_head":"<!-- This site is optimized with the Yoast SEO plugin v21.1 - https:\/\/yoast.com\/wordpress\/plugins\/seo\/ -->\n<title>RENOVACI\u00d3N DE NEMANJA DJORJEVIC | Club Basquet Benicarl\u00f3<\/title>\n<meta name=\"robots\" content=\"index, follow, max-snippet:-1, max-image-preview:large, max-video-preview:-1\" \/>\n<link rel=\"canonical\" href=\"https:\/\/cbbenicarlo.com\/?p=720\" \/>\n<meta property=\"og:locale\" content=\"es_ES\" \/>\n<meta property=\"og:type\" content=\"article\" \/>\n<meta property=\"og:title\" content=\"RENOVACI\u00d3N DE NEMANJA DJORJEVIC | Club Basquet Benicarl\u00f3\" \/>\n<meta property=\"og:description\" content=\"Estamos muy contentos de anunciaros la renovaci\u00f3n de un jugador muy querido por la afici\u00f3n benicarlanda, Nemanja Djorjevic. Jugador de origen serbio que cuenta con una amplia trayectoria tanto en la Primera divisi\u00f3n serbia como en Espa\u00f1a, donde este ser\u00e1 su tercer a\u00f1o en la Leb Plata tras pasar por C\u00edrculo Gij\u00f3n y jugar con nosotros la pasada temporada, en la que fue considerado como uno de los mejores interiores de la competici\u00f3n promediando 14,6 puntos 7 rebotes 15 valoraci\u00f3n, es un Ala-p\u00edvot de 203 cm que marcar\u00e1 la diferencia en la Liga. Ha recibido ofertas de diferentes equipos de Leb Plata, pero se decidi\u00f3 por el proyecto del CB Benicarl\u00f3. \u00a1Bienvenido Nemanja! \ud83d\udcf8 Con otra mirada \u2013 Fotograf\u00edas de Eva Menacho\ufeff Aqu\u00ed os dejamos algunas de sus jugadas:\" \/>\n<meta property=\"og:url\" content=\"https:\/\/cbbenicarlo.com\/?p=720\" \/>\n<meta property=\"og:site_name\" content=\"Club Basquet Benicarl\u00f3\" \/>\n<meta property=\"article:published_time\" content=\"2020-08-21T12:18:33+00:00\" \/>\n<meta property=\"article:modified_time\" content=\"2022-06-06T17:36:07+00:00\" \/>\n<meta property=\"og:image\" content=\"http:\/\/cbbenicarlo.com\/wp-content\/uploads\/2020\/08\/nemanja-1-1024x1024.jpg\" \/>\n<meta name=\"author\" content=\"Club B\u00e0squet Benicarl\u00f3\" \/>\n<meta name=\"twitter:card\" content=\"summary_large_image\" \/>\n<meta name=\"twitter:label1\" content=\"Escrito por\" \/>\n\t<meta name=\"twitter:data1\" content=\"Club B\u00e0squet Benicarl\u00f3\" \/>\n\t<meta name=\"twitter:label2\" content=\"Tiempo de lectura\" \/>\n\t<meta name=\"twitter:data2\" content=\"1 minuto\" \/>\n<script type=\"application\/ld+json\" class=\"yoast-schema-graph\">{\"@context\":\"https:\/\/schema.org\",\"@graph\":[{\"@type\":\"Article\",\"@id\":\"https:\/\/cbbenicarlo.com\/?p=720#article\",\"isPartOf\":{\"@id\":\"https:\/\/cbbenicarlo.com\/?p=720\"},\"author\":{\"name\":\"Club B\u00e0squet Benicarl\u00f3\",\"@id\":\"https:\/\/cbbenicarlo.com\/#\/schema\/person\/200a6bea92870b7adeb1a5c755a793f2\"},\"headline\":\"RENOVACI\u00d3N DE NEMANJA DJORJEVIC\",\"datePublished\":\"2020-08-21T12:18:33+00:00\",\"dateModified\":\"2022-06-06T17:36:07+00:00\",\"mainEntityOfPage\":{\"@id\":\"https:\/\/cbbenicarlo.com\/?p=720\"},\"wordCount\":146,\"publisher\":{\"@id\":\"https:\/\/cbbenicarlo.com\/#organization\"},\"articleSection\":[\"Primer Equipo\"],\"inLanguage\":\"es\"},{\"@type\":\"WebPage\",\"@id\":\"https:\/\/cbbenicarlo.com\/?p=720\",\"url\":\"https:\/\/cbbenicarlo.com\/?p=720\",\"name\":\"RENOVACI\u00d3N DE NEMANJA DJORJEVIC | Club Basquet Benicarl\u00f3\",\"isPartOf\":{\"@id\":\"https:\/\/cbbenicarlo.com\/#website\"},\"datePublished\":\"2020-08-21T12:18:33+00:00\",\"dateModified\":\"2022-06-06T17:36:07+00:00\",\"breadcrumb\":{\"@id\":\"https:\/\/cbbenicarlo.com\/?p=720#breadcrumb\"},\"inLanguage\":\"es\",\"potentialAction\":[{\"@type\":\"ReadAction\",\"target\":[\"https:\/\/cbbenicarlo.com\/?p=720\"]}]},{\"@type\":\"BreadcrumbList\",\"@id\":\"https:\/\/cbbenicarlo.com\/?p=720#breadcrumb\",\"itemListElement\":[{\"@type\":\"ListItem\",\"position\":1,\"name\":\"Portada\",\"item\":\"https:\/\/cbbenicarlo.com\/\"},{\"@type\":\"ListItem\",\"position\":2,\"name\":\"RENOVACI\u00d3N DE NEMANJA DJORJEVIC\"}]},{\"@type\":\"WebSite\",\"@id\":\"https:\/\/cbbenicarlo.com\/#website\",\"url\":\"https:\/\/cbbenicarlo.com\/\",\"name\":\"Club Basquet Benicarl\u00f3\",\"description\":\"P\u00e1gina Web Oficial\",\"publisher\":{\"@id\":\"https:\/\/cbbenicarlo.com\/#organization\"},\"potentialAction\":[{\"@type\":\"SearchAction\",\"target\":{\"@type\":\"EntryPoint\",\"urlTemplate\":\"https:\/\/cbbenicarlo.com\/?s={search_term_string}\"},\"query-input\":\"required name=search_term_string\"}],\"inLanguage\":\"es\"},{\"@type\":\"Organization\",\"@id\":\"https:\/\/cbbenicarlo.com\/#organization\",\"name\":\"Club B\u00e0squet Benicarl\u00f3\",\"url\":\"https:\/\/cbbenicarlo.com\/\",\"logo\":{\"@type\":\"ImageObject\",\"inLanguage\":\"es\",\"@id\":\"https:\/\/cbbenicarlo.com\/#\/schema\/logo\/image\/\",\"url\":\"https:\/\/cbbenicarlo.com\/wp-content\/uploads\/2022\/05\/cropped-cropped-cropped-CBBENICARLO2021-22-2.png\",\"contentUrl\":\"https:\/\/cbbenicarlo.com\/wp-content\/uploads\/2022\/05\/cropped-cropped-cropped-CBBENICARLO2021-22-2.png\",\"width\":512,\"height\":512,\"caption\":\"Club B\u00e0squet Benicarl\u00f3\"},\"image\":{\"@id\":\"https:\/\/cbbenicarlo.com\/#\/schema\/logo\/image\/\"}},{\"@type\":\"Person\",\"@id\":\"https:\/\/cbbenicarlo.com\/#\/schema\/person\/200a6bea92870b7adeb1a5c755a793f2\",\"name\":\"Club B\u00e0squet Benicarl\u00f3\",\"image\":{\"@type\":\"ImageObject\",\"inLanguage\":\"es\",\"@id\":\"https:\/\/cbbenicarlo.com\/#\/schema\/person\/image\/\",\"url\":\"https:\/\/secure.gravatar.com\/avatar\/8aed305f961a70f8934d4ba794f3527a?s=96&d=mm&r=g\",\"contentUrl\":\"https:\/\/secure.gravatar.com\/avatar\/8aed305f961a70f8934d4ba794f3527a?s=96&d=mm&r=g\",\"caption\":\"Club B\u00e0squet Benicarl\u00f3\"},\"url\":\"https:\/\/cbbenicarlo.com\/?author=1\"}]}<\/script>\n<!-- \/ Yoast SEO plugin. -->","yoast_head_json":{"title":"RENOVACI\u00d3N DE NEMANJA DJORJEVIC | Club Basquet Benicarl\u00f3","robots":{"index":"index","follow":"follow","max-snippet":"max-snippet:-1","max-image-preview":"max-image-preview:large","max-video-preview":"max-video-preview:-1"},"canonical":"https:\/\/cbbenicarlo.com\/?p=720","og_locale":"es_ES","og_type":"article","og_title":"RENOVACI\u00d3N DE NEMANJA DJORJEVIC | Club Basquet Benicarl\u00f3","og_description":"Estamos muy contentos de anunciaros la renovaci\u00f3n de un jugador muy querido por la afici\u00f3n benicarlanda, Nemanja Djorjevic. Jugador de origen serbio que cuenta con una amplia trayectoria tanto en la Primera divisi\u00f3n serbia como en Espa\u00f1a, donde este ser\u00e1 su tercer a\u00f1o en la Leb Plata tras pasar por C\u00edrculo Gij\u00f3n y jugar con nosotros la pasada temporada, en la que fue considerado como uno de los mejores interiores de la competici\u00f3n promediando 14,6 puntos 7 rebotes 15 valoraci\u00f3n, es un Ala-p\u00edvot de 203 cm que marcar\u00e1 la diferencia en la Liga. Ha recibido ofertas de diferentes equipos de Leb Plata, pero se decidi\u00f3 por el proyecto del CB Benicarl\u00f3. \u00a1Bienvenido Nemanja! \ud83d\udcf8 Con otra mirada \u2013 Fotograf\u00edas de Eva Menacho\ufeff Aqu\u00ed os dejamos algunas de sus jugadas:","og_url":"https:\/\/cbbenicarlo.com\/?p=720","og_site_name":"Club Basquet Benicarl\u00f3","article_published_time":"2020-08-21T12:18:33+00:00","article_modified_time":"2022-06-06T17:36:07+00:00","og_image":[{"url":"http:\/\/cbbenicarlo.com\/wp-content\/uploads\/2020\/08\/nemanja-1-1024x1024.jpg"}],"author":"Club B\u00e0squet Benicarl\u00f3","twitter_card":"summary_large_image","twitter_misc":{"Escrito por":"Club B\u00e0squet Benicarl\u00f3","Tiempo de lectura":"1 minuto"},"schema":{"@context":"https:\/\/schema.org","@graph":[{"@type":"Article","@id":"https:\/\/cbbenicarlo.com\/?p=720#article","isPartOf":{"@id":"https:\/\/cbbenicarlo.com\/?p=720"},"author":{"name":"Club B\u00e0squet Benicarl\u00f3","@id":"https:\/\/cbbenicarlo.com\/#\/schema\/person\/200a6bea92870b7adeb1a5c755a793f2"},"headline":"RENOVACI\u00d3N DE NEMANJA DJORJEVIC","datePublished":"2020-08-21T12:18:33+00:00","dateModified":"2022-06-06T17:36:07+00:00","mainEntityOfPage":{"@id":"https:\/\/cbbenicarlo.com\/?p=720"},"wordCount":146,"publisher":{"@id":"https:\/\/cbbenicarlo.com\/#organization"},"articleSection":["Primer Equipo"],"inLanguage":"es"},{"@type":"WebPage","@id":"https:\/\/cbbenicarlo.com\/?p=720","url":"https:\/\/cbbenicarlo.com\/?p=720","name":"RENOVACI\u00d3N DE NEMANJA DJORJEVIC | Club Basquet Benicarl\u00f3","isPartOf":{"@id":"https:\/\/cbbenicarlo.com\/#website"},"datePublished":"2020-08-21T12:18:33+00:00","dateModified":"2022-06-06T17:36:07+00:00","breadcrumb":{"@id":"https:\/\/cbbenicarlo.com\/?p=720#breadcrumb"},"inLanguage":"es","potentialAction":[{"@type":"ReadAction","target":["https:\/\/cbbenicarlo.com\/?p=720"]}]},{"@type":"BreadcrumbList","@id":"https:\/\/cbbenicarlo.com\/?p=720#breadcrumb","itemListElement":[{"@type":"ListItem","position":1,"name":"Portada","item":"https:\/\/cbbenicarlo.com\/"},{"@type":"ListItem","position":2,"name":"RENOVACI\u00d3N DE NEMANJA DJORJEVIC"}]},{"@type":"WebSite","@id":"https:\/\/cbbenicarlo.com\/#website","url":"https:\/\/cbbenicarlo.com\/","name":"Club Basquet Benicarl\u00f3","description":"P\u00e1gina Web Oficial","publisher":{"@id":"https:\/\/cbbenicarlo.com\/#organization"},"potentialAction":[{"@type":"SearchAction","target":{"@type":"EntryPoint","urlTemplate":"https:\/\/cbbenicarlo.com\/?s={search_term_string}"},"query-input":"required name=search_term_string"}],"inLanguage":"es"},{"@type":"Organization","@id":"https:\/\/cbbenicarlo.com\/#organization","name":"Club B\u00e0squet Benicarl\u00f3","url":"https:\/\/cbbenicarlo.com\/","logo":{"@type":"ImageObject","inLanguage":"es","@id":"https:\/\/cbbenicarlo.com\/#\/schema\/logo\/image\/","url":"https:\/\/cbbenicarlo.com\/wp-content\/uploads\/2022\/05\/cropped-cropped-cropped-CBBENICARLO2021-22-2.png","contentUrl":"https:\/\/cbbenicarlo.com\/wp-content\/uploads\/2022\/05\/cropped-cropped-cropped-CBBENICARLO2021-22-2.png","width":512,"height":512,"caption":"Club B\u00e0squet Benicarl\u00f3"},"image":{"@id":"https:\/\/cbbenicarlo.com\/#\/schema\/logo\/image\/"}},{"@type":"Person","@id":"https:\/\/cbbenicarlo.com\/#\/schema\/person\/200a6bea92870b7adeb1a5c755a793f2","name":"Club B\u00e0squet Benicarl\u00f3","image":{"@type":"ImageObject","inLanguage":"es","@id":"https:\/\/cbbenicarlo.com\/#\/schema\/person\/image\/","url":"https:\/\/secure.gravatar.com\/avatar\/8aed305f961a70f8934d4ba794f3527a?s=96&d=mm&r=g","contentUrl":"https:\/\/secure.gravatar.com\/avatar\/8aed305f961a70f8934d4ba794f3527a?s=96&d=mm&r=g","caption":"Club B\u00e0squet Benicarl\u00f3"},"url":"https:\/\/cbbenicarlo.com\/?author=1"}]}},"_links":{"self":[{"href":"https:\/\/cbbenicarlo.com\/index.php?rest_route=\/wp\/v2\/posts\/720"}],"collection":[{"href":"https:\/\/cbbenicarlo.com\/index.php?rest_route=\/wp\/v2\/posts"}],"about":[{"href":"https:\/\/cbbenicarlo.com\/index.php?rest_route=\/wp\/v2\/types\/post"}],"author":[{"embeddable":true,"href":"https:\/\/cbbenicarlo.com\/index.php?rest_route=\/wp\/v2\/users\/1"}],"replies":[{"embeddable":true,"href":"https:\/\/cbbenicarlo.com\/index.php?rest_route=%2Fwp%2Fv2%2Fcomments&post=720"}],"version-history":[{"count":1,"href":"https:\/\/cbbenicarlo.com\/index.php?rest_route=\/wp\/v2\/posts\/720\/revisions"}],"predecessor-version":[{"id":731,"href":"https:\/\/cbbenicarlo.com\/index.php?rest_route=\/wp\/v2\/posts\/720\/revisions\/731"}],"wp:attachment":[{"href":"https:\/\/cbbenicarlo.com\/index.php?rest_route=%2Fwp%2Fv2%2Fmedia&parent=720"}],"wp:term":[{"taxonomy":"category","embeddable":true,"href":"https:\/\/cbbenicarlo.com\/index.php?rest_route=%2Fwp%2Fv2%2Fcategories&post=720"},{"taxonomy":"post_tag","embeddable":true,"href":"https:\/\/cbbenicarlo.com\/index.php?rest_route=%2Fwp%2Fv2%2Ftags&post=720"}],"curies":[{"name":"wp","href":"https:\/\/api.w.org\/{rel}","templated":true}]}}