{"id":646,"date":"2020-07-19T10:22:20","date_gmt":"2020-07-19T08:22:20","guid":{"rendered":"http:\/\/cbbenicarlo.com\/?p=646"},"modified":"2022-06-06T19:36:07","modified_gmt":"2022-06-06T17:36:07","slug":"el-cb-benicarlo-tomando-forma","status":"publish","type":"post","link":"https:\/\/cbbenicarlo.com\/?p=646","title":{"rendered":"EL CB BENICARLO TOMANDO FORMA"},"content":{"rendered":"\n<div class=\"wp-block-image\"><figure class=\"alignleft is-resized\"><img fetchpriority=\"high\" decoding=\"async\" src=\"http:\/\/cbbenicarlo.com\/wp-content\/uploads\/2020\/08\/HUGO-1-1024x1024.jpg\" alt=\"\" class=\"wp-image-647\" width=\"256\" height=\"256\" srcset=\"https:\/\/cbbenicarlo.com\/wp-content\/uploads\/2020\/08\/HUGO-1-1024x1024.jpg 1024w, https:\/\/cbbenicarlo.com\/wp-content\/uploads\/2020\/08\/HUGO-1-150x150.jpg 150w, https:\/\/cbbenicarlo.com\/wp-content\/uploads\/2020\/08\/HUGO-1-300x300.jpg 300w, https:\/\/cbbenicarlo.com\/wp-content\/uploads\/2020\/08\/HUGO-1-768x768.jpg 768w, https:\/\/cbbenicarlo.com\/wp-content\/uploads\/2020\/08\/HUGO-1-128x128.jpg 128w, https:\/\/cbbenicarlo.com\/wp-content\/uploads\/2020\/08\/HUGO-1-32x32.jpg 32w, https:\/\/cbbenicarlo.com\/wp-content\/uploads\/2020\/08\/HUGO-1.jpg 1080w\" sizes=\"(max-width: 256px) 100vw, 256px\" \/><figcaption>Hugo Bartolom\u00e9<\/figcaption><\/figure><\/div>\n\n\n\n<p> Nuestro equipo de LEB PLATA sigue tomando forma y hoy os queremos contar la incorporaci\u00f3n a nuestro equipo de Hugo Bartolome, jugador procedente del <a href=\"https:\/\/www.facebook.com\/iraurgi.saskibaloia\/?__cft__[0]=AZVMsK2LYW2WWquHE8KlxmgY9BKmvEiwslk5DhH-qBu78-td0Xs4XWT0tOT9-JZy4SNxFiam8lRN0As1IR3nbbmbczychLz0k5j7zh3xZvVF-Rsw2yfYKdWseGLnItIp9555pCtiItP8R0zshEBlDSJV_puLDj83kann-lfTOkqbuQ&amp;__tn__=kK-R\">Iraurgi Saski Baloia<\/a> de Leb Plata, donde fue campe\u00f3n de la Copa Leb Plata. Viene cedido por el <a href=\"https:\/\/www.facebook.com\/bcandorra\/?__cft__[0]=AZVMsK2LYW2WWquHE8KlxmgY9BKmvEiwslk5DhH-qBu78-td0Xs4XWT0tOT9-JZy4SNxFiam8lRN0As1IR3nbbmbczychLz0k5j7zh3xZvVF-Rsw2yfYKdWseGLnItIp9555pCtiItP8R0zshEBlDSJV_puLDj83kann-lfTOkqbuQ&amp;__tn__=kK-R\">B\u00e0squet Club Andorra<\/a> donde ha llegado a debutar en <a href=\"https:\/\/www.facebook.com\/ACBCOM\/?__cft__[0]=AZVMsK2LYW2WWquHE8KlxmgY9BKmvEiwslk5DhH-qBu78-td0Xs4XWT0tOT9-JZy4SNxFiam8lRN0As1IR3nbbmbczychLz0k5j7zh3xZvVF-Rsw2yfYKdWseGLnItIp9555pCtiItP8R0zshEBlDSJV_puLDj83kann-lfTOkqbuQ&amp;__tn__=kK-R\">ACB &#8211; Asociaci\u00f3n Clubes Baloncesto<\/a>. Ocupa la posici\u00f3n de alero y mide 2,01cm. <\/p>\n\n\n\n<p>Hugo es habitual de la selecci\u00f3n Espa\u00f1ola en categor\u00edas de formaci\u00f3n e internacional absoluto por Andorra.  \u00a1 BIENVENIDO HUGO ! <\/p>\n\n\n\n<ul class=\"is-layout-flex wp-block-gallery-1 wp-block-gallery columns-2 is-cropped\"><li class=\"blocks-gallery-item\"><figure><img decoding=\"async\" width=\"828\" height=\"588\" src=\"http:\/\/cbbenicarlo.com\/wp-content\/uploads\/2020\/08\/HUGO-2.jpg\" alt=\"\" data-id=\"648\" data-link=\"http:\/\/cbbenicarlo.com\/?attachment_id=648\" class=\"wp-image-648\" srcset=\"https:\/\/cbbenicarlo.com\/wp-content\/uploads\/2020\/08\/HUGO-2.jpg 828w, https:\/\/cbbenicarlo.com\/wp-content\/uploads\/2020\/08\/HUGO-2-300x213.jpg 300w, https:\/\/cbbenicarlo.com\/wp-content\/uploads\/2020\/08\/HUGO-2-768x545.jpg 768w, https:\/\/cbbenicarlo.com\/wp-content\/uploads\/2020\/08\/HUGO-2-128x91.jpg 128w, https:\/\/cbbenicarlo.com\/wp-content\/uploads\/2020\/08\/HUGO-2-32x23.jpg 32w\" sizes=\"(max-width: 828px) 100vw, 828px\" \/><\/figure><\/li><li class=\"blocks-gallery-item\"><figure><img decoding=\"async\" width=\"828\" height=\"552\" src=\"http:\/\/cbbenicarlo.com\/wp-content\/uploads\/2020\/08\/HUGO-3.jpg\" alt=\"\" data-id=\"649\" data-link=\"http:\/\/cbbenicarlo.com\/?attachment_id=649\" class=\"wp-image-649\" srcset=\"https:\/\/cbbenicarlo.com\/wp-content\/uploads\/2020\/08\/HUGO-3.jpg 828w, https:\/\/cbbenicarlo.com\/wp-content\/uploads\/2020\/08\/HUGO-3-300x200.jpg 300w, https:\/\/cbbenicarlo.com\/wp-content\/uploads\/2020\/08\/HUGO-3-768x512.jpg 768w, https:\/\/cbbenicarlo.com\/wp-content\/uploads\/2020\/08\/HUGO-3-128x85.jpg 128w, https:\/\/cbbenicarlo.com\/wp-content\/uploads\/2020\/08\/HUGO-3-32x21.jpg 32w\" sizes=\"(max-width: 828px) 100vw, 828px\" \/><\/figure><\/li><li class=\"blocks-gallery-item\"><figure><img loading=\"lazy\" decoding=\"async\" width=\"828\" height=\"552\" src=\"http:\/\/cbbenicarlo.com\/wp-content\/uploads\/2020\/08\/HUGO-4.jpg\" alt=\"\" data-id=\"650\" data-link=\"http:\/\/cbbenicarlo.com\/?attachment_id=650\" class=\"wp-image-650\" srcset=\"https:\/\/cbbenicarlo.com\/wp-content\/uploads\/2020\/08\/HUGO-4.jpg 828w, https:\/\/cbbenicarlo.com\/wp-content\/uploads\/2020\/08\/HUGO-4-300x200.jpg 300w, https:\/\/cbbenicarlo.com\/wp-content\/uploads\/2020\/08\/HUGO-4-768x512.jpg 768w, https:\/\/cbbenicarlo.com\/wp-content\/uploads\/2020\/08\/HUGO-4-128x85.jpg 128w, https:\/\/cbbenicarlo.com\/wp-content\/uploads\/2020\/08\/HUGO-4-32x21.jpg 32w\" sizes=\"(max-width: 828px) 100vw, 828px\" \/><\/figure><\/li><li class=\"blocks-gallery-item\"><figure><img loading=\"lazy\" decoding=\"async\" width=\"634\" height=\"800\" src=\"http:\/\/cbbenicarlo.com\/wp-content\/uploads\/2020\/08\/HUGO-5.jpg\" alt=\"\" data-id=\"651\" data-link=\"http:\/\/cbbenicarlo.com\/?attachment_id=651\" class=\"wp-image-651\" srcset=\"https:\/\/cbbenicarlo.com\/wp-content\/uploads\/2020\/08\/HUGO-5.jpg 634w, https:\/\/cbbenicarlo.com\/wp-content\/uploads\/2020\/08\/HUGO-5-238x300.jpg 238w, https:\/\/cbbenicarlo.com\/wp-content\/uploads\/2020\/08\/HUGO-5-101x128.jpg 101w, https:\/\/cbbenicarlo.com\/wp-content\/uploads\/2020\/08\/HUGO-5-25x32.jpg 25w\" sizes=\"(max-width: 634px) 100vw, 634px\" \/><\/figure><\/li><\/ul>\n\n\n\n<p>\n\nAqu\u00ed os dejamos algunas de sus jugadas:\n\n<\/p>\n\n\n\n<figure class=\"wp-block-embed-youtube wp-block-embed is-type-video is-provider-youtube wp-embed-aspect-16-9 wp-has-aspect-ratio\"><div class=\"wp-block-embed__wrapper\">\n<p class=\"responsive-video-wrap clr\"><iframe title=\"Hugo Bartolom\u00e9: Andorra National Team Highlights\" width=\"1200\" height=\"675\" src=\"https:\/\/www.youtube.com\/embed\/4d1FDpkntmI?feature=oembed\" frameborder=\"0\" allow=\"accelerometer; autoplay; clipboard-write; encrypted-media; gyroscope; picture-in-picture\" allowfullscreen><\/iframe><\/p>\n<\/div><\/figure>\n","protected":false},"excerpt":{"rendered":"<p>Nuestro equipo de LEB PLATA sigue tomando forma y hoy os queremos contar la incorporaci\u00f3n a nuestro equipo de Hugo Bartolome, jugador procedente del Iraurgi Saski Baloia de Leb Plata, donde fue campe\u00f3n de la Copa Leb Plata. Viene cedido por el B\u00e0squet Club Andorra donde ha llegado a debutar en ACB &#8211; Asociaci\u00f3n Clubes Baloncesto. Ocupa la posici\u00f3n de alero y mide 2,01cm. Hugo es habitual de la selecci\u00f3n Espa\u00f1ola en categor\u00edas de formaci\u00f3n e internacional absoluto por Andorra. \u00a1 BIENVENIDO HUGO ! Aqu\u00ed os dejamos algunas de sus jugadas:<\/p>\n","protected":false},"author":1,"featured_media":0,"comment_status":"closed","ping_status":"open","sticky":false,"template":"","format":"standard","meta":{"_eb_attr":""},"categories":[1],"tags":[],"yoast_head":"<!-- This site is optimized with the Yoast SEO plugin v21.1 - https:\/\/yoast.com\/wordpress\/plugins\/seo\/ -->\n<title>EL CB BENICARLO TOMANDO FORMA | Club Basquet Benicarl\u00f3<\/title>\n<meta name=\"robots\" content=\"index, follow, max-snippet:-1, max-image-preview:large, max-video-preview:-1\" \/>\n<link rel=\"canonical\" href=\"https:\/\/cbbenicarlo.com\/?p=646\" \/>\n<meta property=\"og:locale\" content=\"es_ES\" \/>\n<meta property=\"og:type\" content=\"article\" \/>\n<meta property=\"og:title\" content=\"EL CB BENICARLO TOMANDO FORMA | Club Basquet Benicarl\u00f3\" \/>\n<meta property=\"og:description\" content=\"Nuestro equipo de LEB PLATA sigue tomando forma y hoy os queremos contar la incorporaci\u00f3n a nuestro equipo de Hugo Bartolome, jugador procedente del Iraurgi Saski Baloia de Leb Plata, donde fue campe\u00f3n de la Copa Leb Plata. Viene cedido por el B\u00e0squet Club Andorra donde ha llegado a debutar en ACB &#8211; Asociaci\u00f3n Clubes Baloncesto. Ocupa la posici\u00f3n de alero y mide 2,01cm. Hugo es habitual de la selecci\u00f3n Espa\u00f1ola en categor\u00edas de formaci\u00f3n e internacional absoluto por Andorra. \u00a1 BIENVENIDO HUGO ! Aqu\u00ed os dejamos algunas de sus jugadas:\" \/>\n<meta property=\"og:url\" content=\"https:\/\/cbbenicarlo.com\/?p=646\" \/>\n<meta property=\"og:site_name\" content=\"Club Basquet Benicarl\u00f3\" \/>\n<meta property=\"article:published_time\" content=\"2020-07-19T08:22:20+00:00\" \/>\n<meta property=\"article:modified_time\" content=\"2022-06-06T17:36:07+00:00\" \/>\n<meta property=\"og:image\" content=\"http:\/\/cbbenicarlo.com\/wp-content\/uploads\/2020\/08\/HUGO-1-1024x1024.jpg\" \/>\n<meta name=\"author\" content=\"Club B\u00e0squet Benicarl\u00f3\" \/>\n<meta name=\"twitter:card\" content=\"summary_large_image\" \/>\n<meta name=\"twitter:label1\" content=\"Escrito por\" \/>\n\t<meta name=\"twitter:data1\" content=\"Club B\u00e0squet Benicarl\u00f3\" \/>\n\t<meta name=\"twitter:label2\" content=\"Tiempo de lectura\" \/>\n\t<meta name=\"twitter:data2\" content=\"1 minuto\" \/>\n<script type=\"application\/ld+json\" class=\"yoast-schema-graph\">{\"@context\":\"https:\/\/schema.org\",\"@graph\":[{\"@type\":\"Article\",\"@id\":\"https:\/\/cbbenicarlo.com\/?p=646#article\",\"isPartOf\":{\"@id\":\"https:\/\/cbbenicarlo.com\/?p=646\"},\"author\":{\"name\":\"Club B\u00e0squet Benicarl\u00f3\",\"@id\":\"https:\/\/cbbenicarlo.com\/#\/schema\/person\/200a6bea92870b7adeb1a5c755a793f2\"},\"headline\":\"EL CB BENICARLO TOMANDO FORMA\",\"datePublished\":\"2020-07-19T08:22:20+00:00\",\"dateModified\":\"2022-06-06T17:36:07+00:00\",\"mainEntityOfPage\":{\"@id\":\"https:\/\/cbbenicarlo.com\/?p=646\"},\"wordCount\":110,\"publisher\":{\"@id\":\"https:\/\/cbbenicarlo.com\/#organization\"},\"articleSection\":[\"Primer Equipo\"],\"inLanguage\":\"es\"},{\"@type\":\"WebPage\",\"@id\":\"https:\/\/cbbenicarlo.com\/?p=646\",\"url\":\"https:\/\/cbbenicarlo.com\/?p=646\",\"name\":\"EL CB BENICARLO TOMANDO FORMA | Club Basquet Benicarl\u00f3\",\"isPartOf\":{\"@id\":\"https:\/\/cbbenicarlo.com\/#website\"},\"datePublished\":\"2020-07-19T08:22:20+00:00\",\"dateModified\":\"2022-06-06T17:36:07+00:00\",\"breadcrumb\":{\"@id\":\"https:\/\/cbbenicarlo.com\/?p=646#breadcrumb\"},\"inLanguage\":\"es\",\"potentialAction\":[{\"@type\":\"ReadAction\",\"target\":[\"https:\/\/cbbenicarlo.com\/?p=646\"]}]},{\"@type\":\"BreadcrumbList\",\"@id\":\"https:\/\/cbbenicarlo.com\/?p=646#breadcrumb\",\"itemListElement\":[{\"@type\":\"ListItem\",\"position\":1,\"name\":\"Portada\",\"item\":\"https:\/\/cbbenicarlo.com\/\"},{\"@type\":\"ListItem\",\"position\":2,\"name\":\"EL CB BENICARLO TOMANDO FORMA\"}]},{\"@type\":\"WebSite\",\"@id\":\"https:\/\/cbbenicarlo.com\/#website\",\"url\":\"https:\/\/cbbenicarlo.com\/\",\"name\":\"Club Basquet Benicarl\u00f3\",\"description\":\"P\u00e1gina Web Oficial\",\"publisher\":{\"@id\":\"https:\/\/cbbenicarlo.com\/#organization\"},\"potentialAction\":[{\"@type\":\"SearchAction\",\"target\":{\"@type\":\"EntryPoint\",\"urlTemplate\":\"https:\/\/cbbenicarlo.com\/?s={search_term_string}\"},\"query-input\":\"required name=search_term_string\"}],\"inLanguage\":\"es\"},{\"@type\":\"Organization\",\"@id\":\"https:\/\/cbbenicarlo.com\/#organization\",\"name\":\"Club B\u00e0squet Benicarl\u00f3\",\"url\":\"https:\/\/cbbenicarlo.com\/\",\"logo\":{\"@type\":\"ImageObject\",\"inLanguage\":\"es\",\"@id\":\"https:\/\/cbbenicarlo.com\/#\/schema\/logo\/image\/\",\"url\":\"https:\/\/cbbenicarlo.com\/wp-content\/uploads\/2022\/05\/cropped-cropped-cropped-CBBENICARLO2021-22-2.png\",\"contentUrl\":\"https:\/\/cbbenicarlo.com\/wp-content\/uploads\/2022\/05\/cropped-cropped-cropped-CBBENICARLO2021-22-2.png\",\"width\":512,\"height\":512,\"caption\":\"Club B\u00e0squet Benicarl\u00f3\"},\"image\":{\"@id\":\"https:\/\/cbbenicarlo.com\/#\/schema\/logo\/image\/\"}},{\"@type\":\"Person\",\"@id\":\"https:\/\/cbbenicarlo.com\/#\/schema\/person\/200a6bea92870b7adeb1a5c755a793f2\",\"name\":\"Club B\u00e0squet Benicarl\u00f3\",\"image\":{\"@type\":\"ImageObject\",\"inLanguage\":\"es\",\"@id\":\"https:\/\/cbbenicarlo.com\/#\/schema\/person\/image\/\",\"url\":\"https:\/\/secure.gravatar.com\/avatar\/8aed305f961a70f8934d4ba794f3527a?s=96&d=mm&r=g\",\"contentUrl\":\"https:\/\/secure.gravatar.com\/avatar\/8aed305f961a70f8934d4ba794f3527a?s=96&d=mm&r=g\",\"caption\":\"Club B\u00e0squet Benicarl\u00f3\"},\"url\":\"https:\/\/cbbenicarlo.com\/?author=1\"}]}<\/script>\n<!-- \/ Yoast SEO plugin. -->","yoast_head_json":{"title":"EL CB BENICARLO TOMANDO FORMA | Club Basquet Benicarl\u00f3","robots":{"index":"index","follow":"follow","max-snippet":"max-snippet:-1","max-image-preview":"max-image-preview:large","max-video-preview":"max-video-preview:-1"},"canonical":"https:\/\/cbbenicarlo.com\/?p=646","og_locale":"es_ES","og_type":"article","og_title":"EL CB BENICARLO TOMANDO FORMA | Club Basquet Benicarl\u00f3","og_description":"Nuestro equipo de LEB PLATA sigue tomando forma y hoy os queremos contar la incorporaci\u00f3n a nuestro equipo de Hugo Bartolome, jugador procedente del Iraurgi Saski Baloia de Leb Plata, donde fue campe\u00f3n de la Copa Leb Plata. Viene cedido por el B\u00e0squet Club Andorra donde ha llegado a debutar en ACB &#8211; Asociaci\u00f3n Clubes Baloncesto. Ocupa la posici\u00f3n de alero y mide 2,01cm. Hugo es habitual de la selecci\u00f3n Espa\u00f1ola en categor\u00edas de formaci\u00f3n e internacional absoluto por Andorra. \u00a1 BIENVENIDO HUGO ! Aqu\u00ed os dejamos algunas de sus jugadas:","og_url":"https:\/\/cbbenicarlo.com\/?p=646","og_site_name":"Club Basquet Benicarl\u00f3","article_published_time":"2020-07-19T08:22:20+00:00","article_modified_time":"2022-06-06T17:36:07+00:00","og_image":[{"url":"http:\/\/cbbenicarlo.com\/wp-content\/uploads\/2020\/08\/HUGO-1-1024x1024.jpg"}],"author":"Club B\u00e0squet Benicarl\u00f3","twitter_card":"summary_large_image","twitter_misc":{"Escrito por":"Club B\u00e0squet Benicarl\u00f3","Tiempo de lectura":"1 minuto"},"schema":{"@context":"https:\/\/schema.org","@graph":[{"@type":"Article","@id":"https:\/\/cbbenicarlo.com\/?p=646#article","isPartOf":{"@id":"https:\/\/cbbenicarlo.com\/?p=646"},"author":{"name":"Club B\u00e0squet Benicarl\u00f3","@id":"https:\/\/cbbenicarlo.com\/#\/schema\/person\/200a6bea92870b7adeb1a5c755a793f2"},"headline":"EL CB BENICARLO TOMANDO FORMA","datePublished":"2020-07-19T08:22:20+00:00","dateModified":"2022-06-06T17:36:07+00:00","mainEntityOfPage":{"@id":"https:\/\/cbbenicarlo.com\/?p=646"},"wordCount":110,"publisher":{"@id":"https:\/\/cbbenicarlo.com\/#organization"},"articleSection":["Primer Equipo"],"inLanguage":"es"},{"@type":"WebPage","@id":"https:\/\/cbbenicarlo.com\/?p=646","url":"https:\/\/cbbenicarlo.com\/?p=646","name":"EL CB BENICARLO TOMANDO FORMA | Club Basquet Benicarl\u00f3","isPartOf":{"@id":"https:\/\/cbbenicarlo.com\/#website"},"datePublished":"2020-07-19T08:22:20+00:00","dateModified":"2022-06-06T17:36:07+00:00","breadcrumb":{"@id":"https:\/\/cbbenicarlo.com\/?p=646#breadcrumb"},"inLanguage":"es","potentialAction":[{"@type":"ReadAction","target":["https:\/\/cbbenicarlo.com\/?p=646"]}]},{"@type":"BreadcrumbList","@id":"https:\/\/cbbenicarlo.com\/?p=646#breadcrumb","itemListElement":[{"@type":"ListItem","position":1,"name":"Portada","item":"https:\/\/cbbenicarlo.com\/"},{"@type":"ListItem","position":2,"name":"EL CB BENICARLO TOMANDO FORMA"}]},{"@type":"WebSite","@id":"https:\/\/cbbenicarlo.com\/#website","url":"https:\/\/cbbenicarlo.com\/","name":"Club Basquet Benicarl\u00f3","description":"P\u00e1gina Web Oficial","publisher":{"@id":"https:\/\/cbbenicarlo.com\/#organization"},"potentialAction":[{"@type":"SearchAction","target":{"@type":"EntryPoint","urlTemplate":"https:\/\/cbbenicarlo.com\/?s={search_term_string}"},"query-input":"required name=search_term_string"}],"inLanguage":"es"},{"@type":"Organization","@id":"https:\/\/cbbenicarlo.com\/#organization","name":"Club B\u00e0squet Benicarl\u00f3","url":"https:\/\/cbbenicarlo.com\/","logo":{"@type":"ImageObject","inLanguage":"es","@id":"https:\/\/cbbenicarlo.com\/#\/schema\/logo\/image\/","url":"https:\/\/cbbenicarlo.com\/wp-content\/uploads\/2022\/05\/cropped-cropped-cropped-CBBENICARLO2021-22-2.png","contentUrl":"https:\/\/cbbenicarlo.com\/wp-content\/uploads\/2022\/05\/cropped-cropped-cropped-CBBENICARLO2021-22-2.png","width":512,"height":512,"caption":"Club B\u00e0squet Benicarl\u00f3"},"image":{"@id":"https:\/\/cbbenicarlo.com\/#\/schema\/logo\/image\/"}},{"@type":"Person","@id":"https:\/\/cbbenicarlo.com\/#\/schema\/person\/200a6bea92870b7adeb1a5c755a793f2","name":"Club B\u00e0squet Benicarl\u00f3","image":{"@type":"ImageObject","inLanguage":"es","@id":"https:\/\/cbbenicarlo.com\/#\/schema\/person\/image\/","url":"https:\/\/secure.gravatar.com\/avatar\/8aed305f961a70f8934d4ba794f3527a?s=96&d=mm&r=g","contentUrl":"https:\/\/secure.gravatar.com\/avatar\/8aed305f961a70f8934d4ba794f3527a?s=96&d=mm&r=g","caption":"Club B\u00e0squet Benicarl\u00f3"},"url":"https:\/\/cbbenicarlo.com\/?author=1"}]}},"_links":{"self":[{"href":"https:\/\/cbbenicarlo.com\/index.php?rest_route=\/wp\/v2\/posts\/646"}],"collection":[{"href":"https:\/\/cbbenicarlo.com\/index.php?rest_route=\/wp\/v2\/posts"}],"about":[{"href":"https:\/\/cbbenicarlo.com\/index.php?rest_route=\/wp\/v2\/types\/post"}],"author":[{"embeddable":true,"href":"https:\/\/cbbenicarlo.com\/index.php?rest_route=\/wp\/v2\/users\/1"}],"replies":[{"embeddable":true,"href":"https:\/\/cbbenicarlo.com\/index.php?rest_route=%2Fwp%2Fv2%2Fcomments&post=646"}],"version-history":[{"count":1,"href":"https:\/\/cbbenicarlo.com\/index.php?rest_route=\/wp\/v2\/posts\/646\/revisions"}],"predecessor-version":[{"id":653,"href":"https:\/\/cbbenicarlo.com\/index.php?rest_route=\/wp\/v2\/posts\/646\/revisions\/653"}],"wp:attachment":[{"href":"https:\/\/cbbenicarlo.com\/index.php?rest_route=%2Fwp%2Fv2%2Fmedia&parent=646"}],"wp:term":[{"taxonomy":"category","embeddable":true,"href":"https:\/\/cbbenicarlo.com\/index.php?rest_route=%2Fwp%2Fv2%2Fcategories&post=646"},{"taxonomy":"post_tag","embeddable":true,"href":"https:\/\/cbbenicarlo.com\/index.php?rest_route=%2Fwp%2Fv2%2Ftags&post=646"}],"curies":[{"name":"wp","href":"https:\/\/api.w.org\/{rel}","templated":true}]}}