{"id":639,"date":"2020-07-17T00:35:46","date_gmt":"2020-07-16T22:35:46","guid":{"rendered":"http:\/\/cbbenicarlo.com\/?p=639"},"modified":"2022-06-06T19:36:07","modified_gmt":"2022-06-06T17:36:07","slug":"raimon-carrasco-nueva-incorporacion","status":"publish","type":"post","link":"https:\/\/cbbenicarlo.com\/?p=639","title":{"rendered":"RAIMON CARRASCO, NUEVA INCORPORACI\u00d3N."},"content":{"rendered":"\n<div class=\"wp-block-image\"><figure class=\"alignleft is-resized\"><img fetchpriority=\"high\" decoding=\"async\" src=\"http:\/\/cbbenicarlo.com\/wp-content\/uploads\/2020\/08\/ray-1-1024x1024.jpg\" alt=\"\" class=\"wp-image-642\" width=\"256\" height=\"256\" srcset=\"https:\/\/cbbenicarlo.com\/wp-content\/uploads\/2020\/08\/ray-1-1024x1024.jpg 1024w, https:\/\/cbbenicarlo.com\/wp-content\/uploads\/2020\/08\/ray-1-150x150.jpg 150w, https:\/\/cbbenicarlo.com\/wp-content\/uploads\/2020\/08\/ray-1-300x300.jpg 300w, https:\/\/cbbenicarlo.com\/wp-content\/uploads\/2020\/08\/ray-1-768x768.jpg 768w, https:\/\/cbbenicarlo.com\/wp-content\/uploads\/2020\/08\/ray-1-128x128.jpg 128w, https:\/\/cbbenicarlo.com\/wp-content\/uploads\/2020\/08\/ray-1-32x32.jpg 32w, https:\/\/cbbenicarlo.com\/wp-content\/uploads\/2020\/08\/ray-1.jpg 1080w\" sizes=\"(max-width: 256px) 100vw, 256px\" \/><\/figure><\/div>\n\n\n\n<p>Hoy os presentamos a Raimon Carrasco, base catal\u00e1n de 20 a\u00f1os y 1,89cm. Formado en la cantera del F.C.Barcelona  ha sido internacional con la selecci\u00f3n espa\u00f1ola  disputando el europeo Sub 16, mundial Sub 17 y europeo Sub 18.  La pasada temporada milit\u00f3 en las filas del  filial del  MoraBanc Andorra en EBA promediando  16 puntos 3,7 rebotes y 2 asistencias por partido. Tambi\u00e9n ha debutado en el primer equipo con el que ha jugado varios partidos de Eurocup.<\/p>\n\n\n\n<p>Bienvenido <a href=\"https:\/\/www.facebook.com\/Raimon-Carrasco-805594026210008\/?__cft__[0]=AZXc64deWR8fWbXMoHnM8JF-wcUkkvfqhDDPlSYzIvnwXxwruzIRQpCXlez44TVba1vBzPFXPGTgSG7ywXQt-oOdMR1X8T-L4CWpIchebx4UTZV2kg7EWx-71YY4RLEEMkcmJtbzHCl_7-vCAWF4VMDPoEJ_fBD6I_rujUbsbFc3og&amp;__tn__=kK-R\">Raimon Carrasco<\/a><\/p>\n\n\n\n<ul class=\"is-layout-flex wp-block-gallery-1 wp-block-gallery columns-3 is-cropped\"><li class=\"blocks-gallery-item\"><figure><img decoding=\"async\" width=\"828\" height=\"1024\" src=\"http:\/\/cbbenicarlo.com\/wp-content\/uploads\/2020\/08\/ray-3-828x1024.jpg\" alt=\"\" data-id=\"644\" data-link=\"http:\/\/cbbenicarlo.com\/?attachment_id=644\" class=\"wp-image-644\" srcset=\"https:\/\/cbbenicarlo.com\/wp-content\/uploads\/2020\/08\/ray-3-828x1024.jpg 828w, https:\/\/cbbenicarlo.com\/wp-content\/uploads\/2020\/08\/ray-3-243x300.jpg 243w, https:\/\/cbbenicarlo.com\/wp-content\/uploads\/2020\/08\/ray-3-768x949.jpg 768w, https:\/\/cbbenicarlo.com\/wp-content\/uploads\/2020\/08\/ray-3-104x128.jpg 104w, https:\/\/cbbenicarlo.com\/wp-content\/uploads\/2020\/08\/ray-3-26x32.jpg 26w, https:\/\/cbbenicarlo.com\/wp-content\/uploads\/2020\/08\/ray-3.jpg 1080w\" sizes=\"(max-width: 828px) 100vw, 828px\" \/><\/figure><\/li><li class=\"blocks-gallery-item\"><figure><img decoding=\"async\" width=\"1001\" height=\"693\" src=\"http:\/\/cbbenicarlo.com\/wp-content\/uploads\/2020\/08\/ray-2.jpg\" alt=\"\" data-id=\"643\" data-link=\"http:\/\/cbbenicarlo.com\/?attachment_id=643\" class=\"wp-image-643\" srcset=\"https:\/\/cbbenicarlo.com\/wp-content\/uploads\/2020\/08\/ray-2.jpg 1001w, https:\/\/cbbenicarlo.com\/wp-content\/uploads\/2020\/08\/ray-2-300x208.jpg 300w, https:\/\/cbbenicarlo.com\/wp-content\/uploads\/2020\/08\/ray-2-768x532.jpg 768w, https:\/\/cbbenicarlo.com\/wp-content\/uploads\/2020\/08\/ray-2-128x89.jpg 128w, https:\/\/cbbenicarlo.com\/wp-content\/uploads\/2020\/08\/ray-2-32x22.jpg 32w\" sizes=\"(max-width: 1001px) 100vw, 1001px\" \/><\/figure><\/li><li class=\"blocks-gallery-item\"><figure><img loading=\"lazy\" decoding=\"async\" width=\"1024\" height=\"686\" src=\"http:\/\/cbbenicarlo.com\/wp-content\/uploads\/2020\/08\/ray-6-1024x686.jpg\" alt=\"\" data-id=\"641\" data-link=\"http:\/\/cbbenicarlo.com\/?attachment_id=641\" class=\"wp-image-641\" srcset=\"https:\/\/cbbenicarlo.com\/wp-content\/uploads\/2020\/08\/ray-6-1024x686.jpg 1024w, https:\/\/cbbenicarlo.com\/wp-content\/uploads\/2020\/08\/ray-6-300x201.jpg 300w, https:\/\/cbbenicarlo.com\/wp-content\/uploads\/2020\/08\/ray-6-768x514.jpg 768w, https:\/\/cbbenicarlo.com\/wp-content\/uploads\/2020\/08\/ray-6-128x86.jpg 128w, https:\/\/cbbenicarlo.com\/wp-content\/uploads\/2020\/08\/ray-6-32x21.jpg 32w, https:\/\/cbbenicarlo.com\/wp-content\/uploads\/2020\/08\/ray-6.jpg 1072w\" sizes=\"(max-width: 1024px) 100vw, 1024px\" \/><\/figure><\/li><li class=\"blocks-gallery-item\"><figure><img loading=\"lazy\" decoding=\"async\" width=\"1024\" height=\"576\" src=\"http:\/\/cbbenicarlo.com\/wp-content\/uploads\/2020\/08\/ray-4-1024x576.jpg\" alt=\"\" data-id=\"640\" data-link=\"http:\/\/cbbenicarlo.com\/?attachment_id=640\" class=\"wp-image-640\" srcset=\"https:\/\/cbbenicarlo.com\/wp-content\/uploads\/2020\/08\/ray-4-1024x576.jpg 1024w, https:\/\/cbbenicarlo.com\/wp-content\/uploads\/2020\/08\/ray-4-300x169.jpg 300w, https:\/\/cbbenicarlo.com\/wp-content\/uploads\/2020\/08\/ray-4-768x432.jpg 768w, https:\/\/cbbenicarlo.com\/wp-content\/uploads\/2020\/08\/ray-4-128x72.jpg 128w, https:\/\/cbbenicarlo.com\/wp-content\/uploads\/2020\/08\/ray-4-32x18.jpg 32w, https:\/\/cbbenicarlo.com\/wp-content\/uploads\/2020\/08\/ray-4.jpg 2048w\" sizes=\"(max-width: 1024px) 100vw, 1024px\" \/><\/figure><\/li><\/ul>\n\n\n\n<p>\n\nAqu\u00ed os dejamos algunas de sus jugadas:\n\n<\/p>\n\n\n\n<figure class=\"wp-block-embed-youtube wp-block-embed is-type-video is-provider-youtube wp-embed-aspect-16-9 wp-has-aspect-ratio\"><div class=\"wp-block-embed__wrapper\">\n<p class=\"responsive-video-wrap clr\"><iframe title=\"#LigaEBA: Raimon Carrasco, el base del futuro brilla en los Pirineos\" width=\"1200\" height=\"675\" src=\"https:\/\/www.youtube.com\/embed\/b7s6dPD1hPA?feature=oembed\" frameborder=\"0\" allow=\"accelerometer; autoplay; clipboard-write; encrypted-media; gyroscope; picture-in-picture\" allowfullscreen><\/iframe><\/p>\n<\/div><\/figure>\n","protected":false},"excerpt":{"rendered":"<p>Hoy os presentamos a Raimon Carrasco, base catal\u00e1n de 20 a\u00f1os y 1,89cm. Formado en la cantera del F.C.Barcelona ha sido internacional con la selecci\u00f3n espa\u00f1ola disputando el europeo Sub 16, mundial Sub 17 y europeo Sub 18. La pasada temporada milit\u00f3 en las filas del filial del MoraBanc Andorra en EBA promediando 16 puntos 3,7 rebotes y 2 asistencias por partido. Tambi\u00e9n ha debutado en el primer equipo con el que ha jugado varios partidos de Eurocup. Bienvenido Raimon Carrasco Aqu\u00ed os dejamos algunas de sus jugadas:<\/p>\n","protected":false},"author":1,"featured_media":0,"comment_status":"closed","ping_status":"open","sticky":false,"template":"","format":"standard","meta":{"_eb_attr":""},"categories":[1],"tags":[],"yoast_head":"<!-- This site is optimized with the Yoast SEO plugin v21.1 - https:\/\/yoast.com\/wordpress\/plugins\/seo\/ -->\n<title>RAIMON CARRASCO, NUEVA INCORPORACI\u00d3N. | Club Basquet Benicarl\u00f3<\/title>\n<meta name=\"robots\" content=\"index, follow, max-snippet:-1, max-image-preview:large, max-video-preview:-1\" \/>\n<link rel=\"canonical\" href=\"https:\/\/cbbenicarlo.com\/?p=639\" \/>\n<meta property=\"og:locale\" content=\"es_ES\" \/>\n<meta property=\"og:type\" content=\"article\" \/>\n<meta property=\"og:title\" content=\"RAIMON CARRASCO, NUEVA INCORPORACI\u00d3N. | Club Basquet Benicarl\u00f3\" \/>\n<meta property=\"og:description\" content=\"Hoy os presentamos a Raimon Carrasco, base catal\u00e1n de 20 a\u00f1os y 1,89cm. Formado en la cantera del F.C.Barcelona ha sido internacional con la selecci\u00f3n espa\u00f1ola disputando el europeo Sub 16, mundial Sub 17 y europeo Sub 18. La pasada temporada milit\u00f3 en las filas del filial del MoraBanc Andorra en EBA promediando 16 puntos 3,7 rebotes y 2 asistencias por partido. Tambi\u00e9n ha debutado en el primer equipo con el que ha jugado varios partidos de Eurocup. Bienvenido Raimon Carrasco Aqu\u00ed os dejamos algunas de sus jugadas:\" \/>\n<meta property=\"og:url\" content=\"https:\/\/cbbenicarlo.com\/?p=639\" \/>\n<meta property=\"og:site_name\" content=\"Club Basquet Benicarl\u00f3\" \/>\n<meta property=\"article:published_time\" content=\"2020-07-16T22:35:46+00:00\" \/>\n<meta property=\"article:modified_time\" content=\"2022-06-06T17:36:07+00:00\" \/>\n<meta property=\"og:image\" content=\"http:\/\/cbbenicarlo.com\/wp-content\/uploads\/2020\/08\/ray-1-1024x1024.jpg\" \/>\n<meta name=\"author\" content=\"Club B\u00e0squet Benicarl\u00f3\" \/>\n<meta name=\"twitter:card\" content=\"summary_large_image\" \/>\n<meta name=\"twitter:label1\" content=\"Escrito por\" \/>\n\t<meta name=\"twitter:data1\" content=\"Club B\u00e0squet Benicarl\u00f3\" \/>\n<script type=\"application\/ld+json\" class=\"yoast-schema-graph\">{\"@context\":\"https:\/\/schema.org\",\"@graph\":[{\"@type\":\"Article\",\"@id\":\"https:\/\/cbbenicarlo.com\/?p=639#article\",\"isPartOf\":{\"@id\":\"https:\/\/cbbenicarlo.com\/?p=639\"},\"author\":{\"name\":\"Club B\u00e0squet Benicarl\u00f3\",\"@id\":\"https:\/\/cbbenicarlo.com\/#\/schema\/person\/200a6bea92870b7adeb1a5c755a793f2\"},\"headline\":\"RAIMON CARRASCO, NUEVA INCORPORACI\u00d3N.\",\"datePublished\":\"2020-07-16T22:35:46+00:00\",\"dateModified\":\"2022-06-06T17:36:07+00:00\",\"mainEntityOfPage\":{\"@id\":\"https:\/\/cbbenicarlo.com\/?p=639\"},\"wordCount\":100,\"publisher\":{\"@id\":\"https:\/\/cbbenicarlo.com\/#organization\"},\"articleSection\":[\"Primer Equipo\"],\"inLanguage\":\"es\"},{\"@type\":\"WebPage\",\"@id\":\"https:\/\/cbbenicarlo.com\/?p=639\",\"url\":\"https:\/\/cbbenicarlo.com\/?p=639\",\"name\":\"RAIMON CARRASCO, NUEVA INCORPORACI\u00d3N. | Club Basquet Benicarl\u00f3\",\"isPartOf\":{\"@id\":\"https:\/\/cbbenicarlo.com\/#website\"},\"datePublished\":\"2020-07-16T22:35:46+00:00\",\"dateModified\":\"2022-06-06T17:36:07+00:00\",\"breadcrumb\":{\"@id\":\"https:\/\/cbbenicarlo.com\/?p=639#breadcrumb\"},\"inLanguage\":\"es\",\"potentialAction\":[{\"@type\":\"ReadAction\",\"target\":[\"https:\/\/cbbenicarlo.com\/?p=639\"]}]},{\"@type\":\"BreadcrumbList\",\"@id\":\"https:\/\/cbbenicarlo.com\/?p=639#breadcrumb\",\"itemListElement\":[{\"@type\":\"ListItem\",\"position\":1,\"name\":\"Portada\",\"item\":\"https:\/\/cbbenicarlo.com\/\"},{\"@type\":\"ListItem\",\"position\":2,\"name\":\"RAIMON CARRASCO, NUEVA INCORPORACI\u00d3N.\"}]},{\"@type\":\"WebSite\",\"@id\":\"https:\/\/cbbenicarlo.com\/#website\",\"url\":\"https:\/\/cbbenicarlo.com\/\",\"name\":\"Club Basquet Benicarl\u00f3\",\"description\":\"P\u00e1gina Web Oficial\",\"publisher\":{\"@id\":\"https:\/\/cbbenicarlo.com\/#organization\"},\"potentialAction\":[{\"@type\":\"SearchAction\",\"target\":{\"@type\":\"EntryPoint\",\"urlTemplate\":\"https:\/\/cbbenicarlo.com\/?s={search_term_string}\"},\"query-input\":\"required name=search_term_string\"}],\"inLanguage\":\"es\"},{\"@type\":\"Organization\",\"@id\":\"https:\/\/cbbenicarlo.com\/#organization\",\"name\":\"Club B\u00e0squet Benicarl\u00f3\",\"url\":\"https:\/\/cbbenicarlo.com\/\",\"logo\":{\"@type\":\"ImageObject\",\"inLanguage\":\"es\",\"@id\":\"https:\/\/cbbenicarlo.com\/#\/schema\/logo\/image\/\",\"url\":\"https:\/\/cbbenicarlo.com\/wp-content\/uploads\/2022\/05\/cropped-cropped-cropped-CBBENICARLO2021-22-2.png\",\"contentUrl\":\"https:\/\/cbbenicarlo.com\/wp-content\/uploads\/2022\/05\/cropped-cropped-cropped-CBBENICARLO2021-22-2.png\",\"width\":512,\"height\":512,\"caption\":\"Club B\u00e0squet Benicarl\u00f3\"},\"image\":{\"@id\":\"https:\/\/cbbenicarlo.com\/#\/schema\/logo\/image\/\"}},{\"@type\":\"Person\",\"@id\":\"https:\/\/cbbenicarlo.com\/#\/schema\/person\/200a6bea92870b7adeb1a5c755a793f2\",\"name\":\"Club B\u00e0squet Benicarl\u00f3\",\"image\":{\"@type\":\"ImageObject\",\"inLanguage\":\"es\",\"@id\":\"https:\/\/cbbenicarlo.com\/#\/schema\/person\/image\/\",\"url\":\"https:\/\/secure.gravatar.com\/avatar\/8aed305f961a70f8934d4ba794f3527a?s=96&d=mm&r=g\",\"contentUrl\":\"https:\/\/secure.gravatar.com\/avatar\/8aed305f961a70f8934d4ba794f3527a?s=96&d=mm&r=g\",\"caption\":\"Club B\u00e0squet Benicarl\u00f3\"},\"url\":\"https:\/\/cbbenicarlo.com\/?author=1\"}]}<\/script>\n<!-- \/ Yoast SEO plugin. -->","yoast_head_json":{"title":"RAIMON CARRASCO, NUEVA INCORPORACI\u00d3N. | Club Basquet Benicarl\u00f3","robots":{"index":"index","follow":"follow","max-snippet":"max-snippet:-1","max-image-preview":"max-image-preview:large","max-video-preview":"max-video-preview:-1"},"canonical":"https:\/\/cbbenicarlo.com\/?p=639","og_locale":"es_ES","og_type":"article","og_title":"RAIMON CARRASCO, NUEVA INCORPORACI\u00d3N. | Club Basquet Benicarl\u00f3","og_description":"Hoy os presentamos a Raimon Carrasco, base catal\u00e1n de 20 a\u00f1os y 1,89cm. Formado en la cantera del F.C.Barcelona ha sido internacional con la selecci\u00f3n espa\u00f1ola disputando el europeo Sub 16, mundial Sub 17 y europeo Sub 18. La pasada temporada milit\u00f3 en las filas del filial del MoraBanc Andorra en EBA promediando 16 puntos 3,7 rebotes y 2 asistencias por partido. Tambi\u00e9n ha debutado en el primer equipo con el que ha jugado varios partidos de Eurocup. Bienvenido Raimon Carrasco Aqu\u00ed os dejamos algunas de sus jugadas:","og_url":"https:\/\/cbbenicarlo.com\/?p=639","og_site_name":"Club Basquet Benicarl\u00f3","article_published_time":"2020-07-16T22:35:46+00:00","article_modified_time":"2022-06-06T17:36:07+00:00","og_image":[{"url":"http:\/\/cbbenicarlo.com\/wp-content\/uploads\/2020\/08\/ray-1-1024x1024.jpg"}],"author":"Club B\u00e0squet Benicarl\u00f3","twitter_card":"summary_large_image","twitter_misc":{"Escrito por":"Club B\u00e0squet Benicarl\u00f3"},"schema":{"@context":"https:\/\/schema.org","@graph":[{"@type":"Article","@id":"https:\/\/cbbenicarlo.com\/?p=639#article","isPartOf":{"@id":"https:\/\/cbbenicarlo.com\/?p=639"},"author":{"name":"Club B\u00e0squet Benicarl\u00f3","@id":"https:\/\/cbbenicarlo.com\/#\/schema\/person\/200a6bea92870b7adeb1a5c755a793f2"},"headline":"RAIMON CARRASCO, NUEVA INCORPORACI\u00d3N.","datePublished":"2020-07-16T22:35:46+00:00","dateModified":"2022-06-06T17:36:07+00:00","mainEntityOfPage":{"@id":"https:\/\/cbbenicarlo.com\/?p=639"},"wordCount":100,"publisher":{"@id":"https:\/\/cbbenicarlo.com\/#organization"},"articleSection":["Primer Equipo"],"inLanguage":"es"},{"@type":"WebPage","@id":"https:\/\/cbbenicarlo.com\/?p=639","url":"https:\/\/cbbenicarlo.com\/?p=639","name":"RAIMON CARRASCO, NUEVA INCORPORACI\u00d3N. | Club Basquet Benicarl\u00f3","isPartOf":{"@id":"https:\/\/cbbenicarlo.com\/#website"},"datePublished":"2020-07-16T22:35:46+00:00","dateModified":"2022-06-06T17:36:07+00:00","breadcrumb":{"@id":"https:\/\/cbbenicarlo.com\/?p=639#breadcrumb"},"inLanguage":"es","potentialAction":[{"@type":"ReadAction","target":["https:\/\/cbbenicarlo.com\/?p=639"]}]},{"@type":"BreadcrumbList","@id":"https:\/\/cbbenicarlo.com\/?p=639#breadcrumb","itemListElement":[{"@type":"ListItem","position":1,"name":"Portada","item":"https:\/\/cbbenicarlo.com\/"},{"@type":"ListItem","position":2,"name":"RAIMON CARRASCO, NUEVA INCORPORACI\u00d3N."}]},{"@type":"WebSite","@id":"https:\/\/cbbenicarlo.com\/#website","url":"https:\/\/cbbenicarlo.com\/","name":"Club Basquet Benicarl\u00f3","description":"P\u00e1gina Web Oficial","publisher":{"@id":"https:\/\/cbbenicarlo.com\/#organization"},"potentialAction":[{"@type":"SearchAction","target":{"@type":"EntryPoint","urlTemplate":"https:\/\/cbbenicarlo.com\/?s={search_term_string}"},"query-input":"required name=search_term_string"}],"inLanguage":"es"},{"@type":"Organization","@id":"https:\/\/cbbenicarlo.com\/#organization","name":"Club B\u00e0squet Benicarl\u00f3","url":"https:\/\/cbbenicarlo.com\/","logo":{"@type":"ImageObject","inLanguage":"es","@id":"https:\/\/cbbenicarlo.com\/#\/schema\/logo\/image\/","url":"https:\/\/cbbenicarlo.com\/wp-content\/uploads\/2022\/05\/cropped-cropped-cropped-CBBENICARLO2021-22-2.png","contentUrl":"https:\/\/cbbenicarlo.com\/wp-content\/uploads\/2022\/05\/cropped-cropped-cropped-CBBENICARLO2021-22-2.png","width":512,"height":512,"caption":"Club B\u00e0squet Benicarl\u00f3"},"image":{"@id":"https:\/\/cbbenicarlo.com\/#\/schema\/logo\/image\/"}},{"@type":"Person","@id":"https:\/\/cbbenicarlo.com\/#\/schema\/person\/200a6bea92870b7adeb1a5c755a793f2","name":"Club B\u00e0squet Benicarl\u00f3","image":{"@type":"ImageObject","inLanguage":"es","@id":"https:\/\/cbbenicarlo.com\/#\/schema\/person\/image\/","url":"https:\/\/secure.gravatar.com\/avatar\/8aed305f961a70f8934d4ba794f3527a?s=96&d=mm&r=g","contentUrl":"https:\/\/secure.gravatar.com\/avatar\/8aed305f961a70f8934d4ba794f3527a?s=96&d=mm&r=g","caption":"Club B\u00e0squet Benicarl\u00f3"},"url":"https:\/\/cbbenicarlo.com\/?author=1"}]}},"_links":{"self":[{"href":"https:\/\/cbbenicarlo.com\/index.php?rest_route=\/wp\/v2\/posts\/639"}],"collection":[{"href":"https:\/\/cbbenicarlo.com\/index.php?rest_route=\/wp\/v2\/posts"}],"about":[{"href":"https:\/\/cbbenicarlo.com\/index.php?rest_route=\/wp\/v2\/types\/post"}],"author":[{"embeddable":true,"href":"https:\/\/cbbenicarlo.com\/index.php?rest_route=\/wp\/v2\/users\/1"}],"replies":[{"embeddable":true,"href":"https:\/\/cbbenicarlo.com\/index.php?rest_route=%2Fwp%2Fv2%2Fcomments&post=639"}],"version-history":[{"count":2,"href":"https:\/\/cbbenicarlo.com\/index.php?rest_route=\/wp\/v2\/posts\/639\/revisions"}],"predecessor-version":[{"id":654,"href":"https:\/\/cbbenicarlo.com\/index.php?rest_route=\/wp\/v2\/posts\/639\/revisions\/654"}],"wp:attachment":[{"href":"https:\/\/cbbenicarlo.com\/index.php?rest_route=%2Fwp%2Fv2%2Fmedia&parent=639"}],"wp:term":[{"taxonomy":"category","embeddable":true,"href":"https:\/\/cbbenicarlo.com\/index.php?rest_route=%2Fwp%2Fv2%2Fcategories&post=639"},{"taxonomy":"post_tag","embeddable":true,"href":"https:\/\/cbbenicarlo.com\/index.php?rest_route=%2Fwp%2Fv2%2Ftags&post=639"}],"curies":[{"name":"wp","href":"https:\/\/api.w.org\/{rel}","templated":true}]}}