{"id":588,"date":"2020-07-08T23:55:15","date_gmt":"2020-07-08T21:55:15","guid":{"rendered":"http:\/\/cbbenicarlo.com\/?p=588"},"modified":"2022-06-06T19:36:07","modified_gmt":"2022-06-06T17:36:07","slug":"jaime-campos-renovacion","status":"publish","type":"post","link":"https:\/\/cbbenicarlo.com\/?p=588","title":{"rendered":"JAIME CAMPOS, RENOVACI\u00d3N"},"content":{"rendered":"\n<p> Nuestro equipo de LEB Plata ya va tomando forma. Uno de los jugadores que formar\u00e1n parte de \u00e9l es sobradamente conocido y querido por nuestra afici\u00f3n.  Se trata de Jaime Campos, que jugar\u00e1 su tercer a\u00f1o con nosotros. Esta temporada, adem\u00e1s, ejercer\u00e1 de capit\u00e1n.  Jaime procede de una saga dedicada al baloncesto y siempre que est\u00e1 en la pista da muestra de su talento y, sobretodo, de su lucha y compromiso con el equipo.  Estamos seguros que nos regalar\u00e1 muy buenos momentos, y all\u00ed estaremos para animarlo. <\/p>\n\n\n\n<div class=\"wp-block-image\"><figure class=\"alignleft is-resized\"><img decoding=\"async\" src=\"http:\/\/cbbenicarlo.com\/wp-content\/uploads\/2020\/08\/JAIME-1.jpg\" alt=\"\" class=\"wp-image-589\" width=\"150\" height=\"200\" srcset=\"https:\/\/cbbenicarlo.com\/wp-content\/uploads\/2020\/08\/JAIME-1.jpg 600w, https:\/\/cbbenicarlo.com\/wp-content\/uploads\/2020\/08\/JAIME-1-225x300.jpg 225w, https:\/\/cbbenicarlo.com\/wp-content\/uploads\/2020\/08\/JAIME-1-96x128.jpg 96w, https:\/\/cbbenicarlo.com\/wp-content\/uploads\/2020\/08\/JAIME-1-24x32.jpg 24w\" sizes=\"(max-width: 150px) 100vw, 150px\" \/><figcaption>Jaime Campos<\/figcaption><\/figure><\/div>\n\n\n\n<p> Jaime Campos nos deja estas palabras : Este a\u00f1o quiero afrontar la temporada partiendo de la experiencia adquirida en la anterior.  Sigo con ilusi\u00f3n y muchas ganas de aportar adem\u00e1s de fuerza, defensa y juego en equipo, incrementar mi protagonismo a nivel ofensivo.  A pesar de las circunstancias sanitarias en las que nos encontramos, el club sigue contando con el apoyo de nuestra gran afici\u00f3n y esperamos seguir viendo el pabell\u00f3n igual de lleno que siempre <\/p>\n\n\n\n<div style=\"height:40px\" aria-hidden=\"true\" class=\"wp-block-spacer\"><\/div>\n\n\n\n<ul class=\"is-layout-flex wp-block-gallery-1 wp-block-gallery columns-3 is-cropped\"><li class=\"blocks-gallery-item\"><figure><img fetchpriority=\"high\" decoding=\"async\" width=\"1000\" height=\"668\" src=\"http:\/\/cbbenicarlo.com\/wp-content\/uploads\/2020\/08\/JAIME-2.jpg\" alt=\"\" data-id=\"590\" data-link=\"http:\/\/cbbenicarlo.com\/?attachment_id=590\" class=\"wp-image-590\" srcset=\"https:\/\/cbbenicarlo.com\/wp-content\/uploads\/2020\/08\/JAIME-2.jpg 1000w, https:\/\/cbbenicarlo.com\/wp-content\/uploads\/2020\/08\/JAIME-2-300x200.jpg 300w, https:\/\/cbbenicarlo.com\/wp-content\/uploads\/2020\/08\/JAIME-2-768x513.jpg 768w, https:\/\/cbbenicarlo.com\/wp-content\/uploads\/2020\/08\/JAIME-2-128x86.jpg 128w, https:\/\/cbbenicarlo.com\/wp-content\/uploads\/2020\/08\/JAIME-2-32x21.jpg 32w\" sizes=\"(max-width: 1000px) 100vw, 1000px\" \/><\/figure><\/li><li class=\"blocks-gallery-item\"><figure><img decoding=\"async\" width=\"1000\" height=\"668\" src=\"http:\/\/cbbenicarlo.com\/wp-content\/uploads\/2020\/08\/JAIME-3.jpg\" alt=\"\" data-id=\"591\" data-link=\"http:\/\/cbbenicarlo.com\/?attachment_id=591\" class=\"wp-image-591\" srcset=\"https:\/\/cbbenicarlo.com\/wp-content\/uploads\/2020\/08\/JAIME-3.jpg 1000w, https:\/\/cbbenicarlo.com\/wp-content\/uploads\/2020\/08\/JAIME-3-300x200.jpg 300w, https:\/\/cbbenicarlo.com\/wp-content\/uploads\/2020\/08\/JAIME-3-768x513.jpg 768w, https:\/\/cbbenicarlo.com\/wp-content\/uploads\/2020\/08\/JAIME-3-128x86.jpg 128w, https:\/\/cbbenicarlo.com\/wp-content\/uploads\/2020\/08\/JAIME-3-32x21.jpg 32w\" sizes=\"(max-width: 1000px) 100vw, 1000px\" \/><\/figure><\/li><li class=\"blocks-gallery-item\"><figure><img loading=\"lazy\" decoding=\"async\" width=\"1000\" height=\"668\" src=\"http:\/\/cbbenicarlo.com\/wp-content\/uploads\/2020\/08\/JAIME-4.jpg\" alt=\"\" data-id=\"592\" data-link=\"http:\/\/cbbenicarlo.com\/?attachment_id=592\" class=\"wp-image-592\" srcset=\"https:\/\/cbbenicarlo.com\/wp-content\/uploads\/2020\/08\/JAIME-4.jpg 1000w, https:\/\/cbbenicarlo.com\/wp-content\/uploads\/2020\/08\/JAIME-4-300x200.jpg 300w, https:\/\/cbbenicarlo.com\/wp-content\/uploads\/2020\/08\/JAIME-4-768x513.jpg 768w, https:\/\/cbbenicarlo.com\/wp-content\/uploads\/2020\/08\/JAIME-4-128x86.jpg 128w, https:\/\/cbbenicarlo.com\/wp-content\/uploads\/2020\/08\/JAIME-4-32x21.jpg 32w\" sizes=\"(max-width: 1000px) 100vw, 1000px\" \/><\/figure><\/li><li class=\"blocks-gallery-item\"><figure><img loading=\"lazy\" decoding=\"async\" width=\"1000\" height=\"668\" src=\"http:\/\/cbbenicarlo.com\/wp-content\/uploads\/2020\/08\/JAIME-5.jpg\" alt=\"\" data-id=\"593\" data-link=\"http:\/\/cbbenicarlo.com\/?attachment_id=593\" class=\"wp-image-593\" srcset=\"https:\/\/cbbenicarlo.com\/wp-content\/uploads\/2020\/08\/JAIME-5.jpg 1000w, https:\/\/cbbenicarlo.com\/wp-content\/uploads\/2020\/08\/JAIME-5-300x200.jpg 300w, https:\/\/cbbenicarlo.com\/wp-content\/uploads\/2020\/08\/JAIME-5-768x513.jpg 768w, https:\/\/cbbenicarlo.com\/wp-content\/uploads\/2020\/08\/JAIME-5-128x86.jpg 128w, https:\/\/cbbenicarlo.com\/wp-content\/uploads\/2020\/08\/JAIME-5-32x21.jpg 32w\" sizes=\"(max-width: 1000px) 100vw, 1000px\" \/><\/figure><\/li><li class=\"blocks-gallery-item\"><figure><img loading=\"lazy\" decoding=\"async\" width=\"1000\" height=\"668\" src=\"http:\/\/cbbenicarlo.com\/wp-content\/uploads\/2020\/08\/JAIME-6.jpg\" alt=\"\" data-id=\"594\" data-link=\"http:\/\/cbbenicarlo.com\/?attachment_id=594\" class=\"wp-image-594\" srcset=\"https:\/\/cbbenicarlo.com\/wp-content\/uploads\/2020\/08\/JAIME-6.jpg 1000w, https:\/\/cbbenicarlo.com\/wp-content\/uploads\/2020\/08\/JAIME-6-300x200.jpg 300w, https:\/\/cbbenicarlo.com\/wp-content\/uploads\/2020\/08\/JAIME-6-768x513.jpg 768w, https:\/\/cbbenicarlo.com\/wp-content\/uploads\/2020\/08\/JAIME-6-128x86.jpg 128w, https:\/\/cbbenicarlo.com\/wp-content\/uploads\/2020\/08\/JAIME-6-32x21.jpg 32w\" sizes=\"(max-width: 1000px) 100vw, 1000px\" \/><\/figure><\/li><li class=\"blocks-gallery-item\"><figure><img loading=\"lazy\" decoding=\"async\" width=\"1000\" height=\"668\" src=\"http:\/\/cbbenicarlo.com\/wp-content\/uploads\/2020\/08\/JAIME-7.jpg\" alt=\"\" data-id=\"595\" data-link=\"http:\/\/cbbenicarlo.com\/?attachment_id=595\" class=\"wp-image-595\" srcset=\"https:\/\/cbbenicarlo.com\/wp-content\/uploads\/2020\/08\/JAIME-7.jpg 1000w, https:\/\/cbbenicarlo.com\/wp-content\/uploads\/2020\/08\/JAIME-7-300x200.jpg 300w, https:\/\/cbbenicarlo.com\/wp-content\/uploads\/2020\/08\/JAIME-7-768x513.jpg 768w, https:\/\/cbbenicarlo.com\/wp-content\/uploads\/2020\/08\/JAIME-7-128x86.jpg 128w, https:\/\/cbbenicarlo.com\/wp-content\/uploads\/2020\/08\/JAIME-7-32x21.jpg 32w\" sizes=\"(max-width: 1000px) 100vw, 1000px\" \/><\/figure><\/li><li class=\"blocks-gallery-item\"><figure><img loading=\"lazy\" decoding=\"async\" width=\"1000\" height=\"668\" src=\"http:\/\/cbbenicarlo.com\/wp-content\/uploads\/2020\/08\/JAIME-8.jpg\" alt=\"\" data-id=\"596\" data-link=\"http:\/\/cbbenicarlo.com\/?attachment_id=596\" class=\"wp-image-596\" srcset=\"https:\/\/cbbenicarlo.com\/wp-content\/uploads\/2020\/08\/JAIME-8.jpg 1000w, https:\/\/cbbenicarlo.com\/wp-content\/uploads\/2020\/08\/JAIME-8-300x200.jpg 300w, https:\/\/cbbenicarlo.com\/wp-content\/uploads\/2020\/08\/JAIME-8-768x513.jpg 768w, https:\/\/cbbenicarlo.com\/wp-content\/uploads\/2020\/08\/JAIME-8-128x86.jpg 128w, https:\/\/cbbenicarlo.com\/wp-content\/uploads\/2020\/08\/JAIME-8-32x21.jpg 32w\" sizes=\"(max-width: 1000px) 100vw, 1000px\" \/><\/figure><\/li><li class=\"blocks-gallery-item\"><figure><img loading=\"lazy\" decoding=\"async\" width=\"1000\" height=\"668\" src=\"http:\/\/cbbenicarlo.com\/wp-content\/uploads\/2020\/08\/JAIME-9.jpg\" alt=\"\" data-id=\"597\" data-link=\"http:\/\/cbbenicarlo.com\/?attachment_id=597\" class=\"wp-image-597\" srcset=\"https:\/\/cbbenicarlo.com\/wp-content\/uploads\/2020\/08\/JAIME-9.jpg 1000w, https:\/\/cbbenicarlo.com\/wp-content\/uploads\/2020\/08\/JAIME-9-300x200.jpg 300w, https:\/\/cbbenicarlo.com\/wp-content\/uploads\/2020\/08\/JAIME-9-768x513.jpg 768w, https:\/\/cbbenicarlo.com\/wp-content\/uploads\/2020\/08\/JAIME-9-128x86.jpg 128w, https:\/\/cbbenicarlo.com\/wp-content\/uploads\/2020\/08\/JAIME-9-32x21.jpg 32w\" sizes=\"(max-width: 1000px) 100vw, 1000px\" \/><\/figure><\/li><li class=\"blocks-gallery-item\"><figure><img loading=\"lazy\" decoding=\"async\" width=\"1000\" height=\"668\" src=\"http:\/\/cbbenicarlo.com\/wp-content\/uploads\/2020\/08\/JAIME-10.jpg\" alt=\"\" data-id=\"598\" data-link=\"http:\/\/cbbenicarlo.com\/?attachment_id=598\" class=\"wp-image-598\" srcset=\"https:\/\/cbbenicarlo.com\/wp-content\/uploads\/2020\/08\/JAIME-10.jpg 1000w, https:\/\/cbbenicarlo.com\/wp-content\/uploads\/2020\/08\/JAIME-10-300x200.jpg 300w, https:\/\/cbbenicarlo.com\/wp-content\/uploads\/2020\/08\/JAIME-10-768x513.jpg 768w, https:\/\/cbbenicarlo.com\/wp-content\/uploads\/2020\/08\/JAIME-10-128x86.jpg 128w, https:\/\/cbbenicarlo.com\/wp-content\/uploads\/2020\/08\/JAIME-10-32x21.jpg 32w\" sizes=\"(max-width: 1000px) 100vw, 1000px\" \/><\/figure><\/li><li class=\"blocks-gallery-item\"><figure><img loading=\"lazy\" decoding=\"async\" width=\"1000\" height=\"668\" src=\"http:\/\/cbbenicarlo.com\/wp-content\/uploads\/2020\/08\/JAIME-11.jpg\" alt=\"\" data-id=\"599\" data-link=\"http:\/\/cbbenicarlo.com\/?attachment_id=599\" class=\"wp-image-599\" srcset=\"https:\/\/cbbenicarlo.com\/wp-content\/uploads\/2020\/08\/JAIME-11.jpg 1000w, https:\/\/cbbenicarlo.com\/wp-content\/uploads\/2020\/08\/JAIME-11-300x200.jpg 300w, https:\/\/cbbenicarlo.com\/wp-content\/uploads\/2020\/08\/JAIME-11-768x513.jpg 768w, https:\/\/cbbenicarlo.com\/wp-content\/uploads\/2020\/08\/JAIME-11-128x86.jpg 128w, https:\/\/cbbenicarlo.com\/wp-content\/uploads\/2020\/08\/JAIME-11-32x21.jpg 32w\" sizes=\"(max-width: 1000px) 100vw, 1000px\" \/><\/figure><\/li><li class=\"blocks-gallery-item\"><figure><img loading=\"lazy\" decoding=\"async\" width=\"1000\" height=\"668\" src=\"http:\/\/cbbenicarlo.com\/wp-content\/uploads\/2020\/08\/JAIME-12.jpg\" alt=\"\" data-id=\"600\" data-link=\"http:\/\/cbbenicarlo.com\/?attachment_id=600\" class=\"wp-image-600\" srcset=\"https:\/\/cbbenicarlo.com\/wp-content\/uploads\/2020\/08\/JAIME-12.jpg 1000w, https:\/\/cbbenicarlo.com\/wp-content\/uploads\/2020\/08\/JAIME-12-300x200.jpg 300w, https:\/\/cbbenicarlo.com\/wp-content\/uploads\/2020\/08\/JAIME-12-768x513.jpg 768w, https:\/\/cbbenicarlo.com\/wp-content\/uploads\/2020\/08\/JAIME-12-128x86.jpg 128w, https:\/\/cbbenicarlo.com\/wp-content\/uploads\/2020\/08\/JAIME-12-32x21.jpg 32w\" sizes=\"(max-width: 1000px) 100vw, 1000px\" \/><\/figure><\/li><li class=\"blocks-gallery-item\"><figure><img loading=\"lazy\" decoding=\"async\" width=\"1000\" height=\"668\" src=\"http:\/\/cbbenicarlo.com\/wp-content\/uploads\/2020\/08\/JAIME-13.jpg\" alt=\"\" data-id=\"601\" data-link=\"http:\/\/cbbenicarlo.com\/?attachment_id=601\" class=\"wp-image-601\" srcset=\"https:\/\/cbbenicarlo.com\/wp-content\/uploads\/2020\/08\/JAIME-13.jpg 1000w, https:\/\/cbbenicarlo.com\/wp-content\/uploads\/2020\/08\/JAIME-13-300x200.jpg 300w, https:\/\/cbbenicarlo.com\/wp-content\/uploads\/2020\/08\/JAIME-13-768x513.jpg 768w, https:\/\/cbbenicarlo.com\/wp-content\/uploads\/2020\/08\/JAIME-13-128x86.jpg 128w, https:\/\/cbbenicarlo.com\/wp-content\/uploads\/2020\/08\/JAIME-13-32x21.jpg 32w\" sizes=\"(max-width: 1000px) 100vw, 1000px\" \/><\/figure><\/li><li class=\"blocks-gallery-item\"><figure><img loading=\"lazy\" decoding=\"async\" width=\"1024\" height=\"683\" src=\"http:\/\/cbbenicarlo.com\/wp-content\/uploads\/2020\/08\/JAIME-14-1024x683.jpg\" alt=\"\" data-id=\"602\" data-link=\"http:\/\/cbbenicarlo.com\/?attachment_id=602\" class=\"wp-image-602\" srcset=\"https:\/\/cbbenicarlo.com\/wp-content\/uploads\/2020\/08\/JAIME-14-1024x683.jpg 1024w, https:\/\/cbbenicarlo.com\/wp-content\/uploads\/2020\/08\/JAIME-14-300x200.jpg 300w, https:\/\/cbbenicarlo.com\/wp-content\/uploads\/2020\/08\/JAIME-14-768x512.jpg 768w, https:\/\/cbbenicarlo.com\/wp-content\/uploads\/2020\/08\/JAIME-14-128x85.jpg 128w, https:\/\/cbbenicarlo.com\/wp-content\/uploads\/2020\/08\/JAIME-14-32x21.jpg 32w, https:\/\/cbbenicarlo.com\/wp-content\/uploads\/2020\/08\/JAIME-14.jpg 1080w\" sizes=\"(max-width: 1024px) 100vw, 1024px\" \/><\/figure><\/li><\/ul>\n\n\n\n<p class=\"has-text-color has-pale-cyan-blue-color\">\n\n\ud83d\udcf8  <a href=\"http:\/\/www.evamenacho.com\/\">Con otra mirada \u2013 Fotograf\u00edas de Eva Menacho<\/a><\/p>\n\n\n\n<p>\ud83d\udce3 MEDIOS:<\/p>\n\n\n\n<p><a href=\"http:\/\/www.feb.es\/2020\/7\/9\/baloncesto\/jaime-campos-sera-capitan-del-benicarlo-tercera-campana-club\/83430.aspx\">FEB<\/a> &#8211; <a href=\"https:\/\/castellonplaza.com\/el-cb-benicarlo-renueva-a-jaime-campos-que-ejercera-de-capitan\">Castell\u00f3n Plaza<\/a> &#8211; <a href=\"https:\/\/www.elperiodic.com\/benicarlo\/jaime-campos-renovado-benicarlo_690488\">El Periodic<\/a> &#8211; <a href=\"https:\/\/canal56.com\/2020\/07\/el-jugador-jaime-campos-sera-el-capita-del-club-basquet-benicarlo\/\">Canal 56<\/a> &#8211; <a href=\"https:\/\/7diesactualitat.com\/el-c-b-benicarlo-renueva-a-jaime-campos\/\">7Dies<\/a> &#8211; <a href=\"https:\/\/diaridelmaestrat.com\/jaime-campos-jugara-su-tercer-ano-con-el-club-baloncesto-benicarlo\/\">Diari del Maestrat<\/a> &#8211; <a href=\"https:\/\/www.elperiodicomediterraneo.com\/noticias\/deportes\/campos-nuevo-capitan-cb-benicarlo_1303082.html\">El periodic mediterraneo<\/a> &#8211; <a href=\"http:\/\/www.benicarloaldia.com\/index.php?opcion=39&#038;id_new=36430\">Benicarl\u00f3 al d\u00eda<\/a><\/p>\n","protected":false},"excerpt":{"rendered":"<p>Nuestro equipo de LEB Plata ya va tomando forma. Uno de los jugadores que formar\u00e1n parte de \u00e9l es sobradamente conocido y querido por nuestra afici\u00f3n. Se trata de Jaime Campos, que jugar\u00e1 su tercer a\u00f1o con nosotros. Esta temporada, adem\u00e1s, ejercer\u00e1 de capit\u00e1n. Jaime procede de una saga dedicada al baloncesto y siempre que est\u00e1 en la pista da muestra de su talento y, sobretodo, de su lucha y compromiso con el equipo. Estamos seguros que nos regalar\u00e1 muy buenos momentos, y all\u00ed estaremos para animarlo. Jaime Campos nos deja estas palabras : Este a\u00f1o quiero afrontar la temporada partiendo de la experiencia adquirida en la anterior. Sigo con ilusi\u00f3n y muchas ganas de aportar adem\u00e1s de fuerza, defensa y juego en equipo, incrementar mi protagonismo a nivel ofensivo. A pesar de las circunstancias sanitarias en las que nos encontramos, el club sigue contando con el apoyo de nuestra gran afici\u00f3n y esperamos seguir viendo el pabell\u00f3n igual de lleno que siempre \ud83d\udcf8 Con otra mirada \u2013 Fotograf\u00edas de Eva Menacho \ud83d\udce3 MEDIOS: FEB &#8211; Castell\u00f3n Plaza &#8211; El Periodic &#8211; Canal 56 &#8211; 7Dies &#8211; Diari del Maestrat &#8211; El periodic mediterraneo &#8211; Benicarl\u00f3 al d\u00eda<\/p>\n","protected":false},"author":1,"featured_media":0,"comment_status":"closed","ping_status":"open","sticky":false,"template":"","format":"standard","meta":{"_eb_attr":""},"categories":[1],"tags":[],"yoast_head":"<!-- This site is optimized with the Yoast SEO plugin v21.1 - https:\/\/yoast.com\/wordpress\/plugins\/seo\/ -->\n<title>JAIME CAMPOS, RENOVACI\u00d3N | Club Basquet Benicarl\u00f3<\/title>\n<meta name=\"robots\" content=\"index, follow, max-snippet:-1, max-image-preview:large, max-video-preview:-1\" \/>\n<link rel=\"canonical\" href=\"https:\/\/cbbenicarlo.com\/?p=588\" \/>\n<meta property=\"og:locale\" content=\"es_ES\" \/>\n<meta property=\"og:type\" content=\"article\" \/>\n<meta property=\"og:title\" content=\"JAIME CAMPOS, RENOVACI\u00d3N | Club Basquet Benicarl\u00f3\" \/>\n<meta property=\"og:description\" content=\"Nuestro equipo de LEB Plata ya va tomando forma. Uno de los jugadores que formar\u00e1n parte de \u00e9l es sobradamente conocido y querido por nuestra afici\u00f3n. Se trata de Jaime Campos, que jugar\u00e1 su tercer a\u00f1o con nosotros. Esta temporada, adem\u00e1s, ejercer\u00e1 de capit\u00e1n. Jaime procede de una saga dedicada al baloncesto y siempre que est\u00e1 en la pista da muestra de su talento y, sobretodo, de su lucha y compromiso con el equipo. Estamos seguros que nos regalar\u00e1 muy buenos momentos, y all\u00ed estaremos para animarlo. Jaime Campos nos deja estas palabras : Este a\u00f1o quiero afrontar la temporada partiendo de la experiencia adquirida en la anterior. Sigo con ilusi\u00f3n y muchas ganas de aportar adem\u00e1s de fuerza, defensa y juego en equipo, incrementar mi protagonismo a nivel ofensivo. A pesar de las circunstancias sanitarias en las que nos encontramos, el club sigue contando con el apoyo de nuestra gran afici\u00f3n y esperamos seguir viendo el pabell\u00f3n igual de lleno que siempre \ud83d\udcf8 Con otra mirada \u2013 Fotograf\u00edas de Eva Menacho \ud83d\udce3 MEDIOS: FEB &#8211; Castell\u00f3n Plaza &#8211; El Periodic &#8211; Canal 56 &#8211; 7Dies &#8211; Diari del Maestrat &#8211; El periodic mediterraneo &#8211; Benicarl\u00f3 al d\u00eda\" \/>\n<meta property=\"og:url\" content=\"https:\/\/cbbenicarlo.com\/?p=588\" \/>\n<meta property=\"og:site_name\" content=\"Club Basquet Benicarl\u00f3\" \/>\n<meta property=\"article:published_time\" content=\"2020-07-08T21:55:15+00:00\" \/>\n<meta property=\"article:modified_time\" content=\"2022-06-06T17:36:07+00:00\" \/>\n<meta property=\"og:image\" content=\"http:\/\/cbbenicarlo.com\/wp-content\/uploads\/2020\/08\/JAIME-1.jpg\" \/>\n<meta name=\"author\" content=\"Club B\u00e0squet Benicarl\u00f3\" \/>\n<meta name=\"twitter:card\" content=\"summary_large_image\" \/>\n<meta name=\"twitter:label1\" content=\"Escrito por\" \/>\n\t<meta name=\"twitter:data1\" content=\"Club B\u00e0squet Benicarl\u00f3\" \/>\n\t<meta name=\"twitter:label2\" content=\"Tiempo de lectura\" \/>\n\t<meta name=\"twitter:data2\" content=\"1 minuto\" \/>\n<script type=\"application\/ld+json\" class=\"yoast-schema-graph\">{\"@context\":\"https:\/\/schema.org\",\"@graph\":[{\"@type\":\"Article\",\"@id\":\"https:\/\/cbbenicarlo.com\/?p=588#article\",\"isPartOf\":{\"@id\":\"https:\/\/cbbenicarlo.com\/?p=588\"},\"author\":{\"name\":\"Club B\u00e0squet Benicarl\u00f3\",\"@id\":\"https:\/\/cbbenicarlo.com\/#\/schema\/person\/200a6bea92870b7adeb1a5c755a793f2\"},\"headline\":\"JAIME CAMPOS, RENOVACI\u00d3N\",\"datePublished\":\"2020-07-08T21:55:15+00:00\",\"dateModified\":\"2022-06-06T17:36:07+00:00\",\"mainEntityOfPage\":{\"@id\":\"https:\/\/cbbenicarlo.com\/?p=588\"},\"wordCount\":212,\"publisher\":{\"@id\":\"https:\/\/cbbenicarlo.com\/#organization\"},\"articleSection\":[\"Primer Equipo\"],\"inLanguage\":\"es\"},{\"@type\":\"WebPage\",\"@id\":\"https:\/\/cbbenicarlo.com\/?p=588\",\"url\":\"https:\/\/cbbenicarlo.com\/?p=588\",\"name\":\"JAIME CAMPOS, RENOVACI\u00d3N | Club Basquet Benicarl\u00f3\",\"isPartOf\":{\"@id\":\"https:\/\/cbbenicarlo.com\/#website\"},\"datePublished\":\"2020-07-08T21:55:15+00:00\",\"dateModified\":\"2022-06-06T17:36:07+00:00\",\"breadcrumb\":{\"@id\":\"https:\/\/cbbenicarlo.com\/?p=588#breadcrumb\"},\"inLanguage\":\"es\",\"potentialAction\":[{\"@type\":\"ReadAction\",\"target\":[\"https:\/\/cbbenicarlo.com\/?p=588\"]}]},{\"@type\":\"BreadcrumbList\",\"@id\":\"https:\/\/cbbenicarlo.com\/?p=588#breadcrumb\",\"itemListElement\":[{\"@type\":\"ListItem\",\"position\":1,\"name\":\"Portada\",\"item\":\"https:\/\/cbbenicarlo.com\/\"},{\"@type\":\"ListItem\",\"position\":2,\"name\":\"JAIME CAMPOS, RENOVACI\u00d3N\"}]},{\"@type\":\"WebSite\",\"@id\":\"https:\/\/cbbenicarlo.com\/#website\",\"url\":\"https:\/\/cbbenicarlo.com\/\",\"name\":\"Club Basquet Benicarl\u00f3\",\"description\":\"P\u00e1gina Web Oficial\",\"publisher\":{\"@id\":\"https:\/\/cbbenicarlo.com\/#organization\"},\"potentialAction\":[{\"@type\":\"SearchAction\",\"target\":{\"@type\":\"EntryPoint\",\"urlTemplate\":\"https:\/\/cbbenicarlo.com\/?s={search_term_string}\"},\"query-input\":\"required name=search_term_string\"}],\"inLanguage\":\"es\"},{\"@type\":\"Organization\",\"@id\":\"https:\/\/cbbenicarlo.com\/#organization\",\"name\":\"Club B\u00e0squet Benicarl\u00f3\",\"url\":\"https:\/\/cbbenicarlo.com\/\",\"logo\":{\"@type\":\"ImageObject\",\"inLanguage\":\"es\",\"@id\":\"https:\/\/cbbenicarlo.com\/#\/schema\/logo\/image\/\",\"url\":\"https:\/\/cbbenicarlo.com\/wp-content\/uploads\/2022\/05\/cropped-cropped-cropped-CBBENICARLO2021-22-2.png\",\"contentUrl\":\"https:\/\/cbbenicarlo.com\/wp-content\/uploads\/2022\/05\/cropped-cropped-cropped-CBBENICARLO2021-22-2.png\",\"width\":512,\"height\":512,\"caption\":\"Club B\u00e0squet Benicarl\u00f3\"},\"image\":{\"@id\":\"https:\/\/cbbenicarlo.com\/#\/schema\/logo\/image\/\"}},{\"@type\":\"Person\",\"@id\":\"https:\/\/cbbenicarlo.com\/#\/schema\/person\/200a6bea92870b7adeb1a5c755a793f2\",\"name\":\"Club B\u00e0squet Benicarl\u00f3\",\"image\":{\"@type\":\"ImageObject\",\"inLanguage\":\"es\",\"@id\":\"https:\/\/cbbenicarlo.com\/#\/schema\/person\/image\/\",\"url\":\"https:\/\/secure.gravatar.com\/avatar\/8aed305f961a70f8934d4ba794f3527a?s=96&d=mm&r=g\",\"contentUrl\":\"https:\/\/secure.gravatar.com\/avatar\/8aed305f961a70f8934d4ba794f3527a?s=96&d=mm&r=g\",\"caption\":\"Club B\u00e0squet Benicarl\u00f3\"},\"url\":\"https:\/\/cbbenicarlo.com\/?author=1\"}]}<\/script>\n<!-- \/ Yoast SEO plugin. -->","yoast_head_json":{"title":"JAIME CAMPOS, RENOVACI\u00d3N | Club Basquet Benicarl\u00f3","robots":{"index":"index","follow":"follow","max-snippet":"max-snippet:-1","max-image-preview":"max-image-preview:large","max-video-preview":"max-video-preview:-1"},"canonical":"https:\/\/cbbenicarlo.com\/?p=588","og_locale":"es_ES","og_type":"article","og_title":"JAIME CAMPOS, RENOVACI\u00d3N | Club Basquet Benicarl\u00f3","og_description":"Nuestro equipo de LEB Plata ya va tomando forma. Uno de los jugadores que formar\u00e1n parte de \u00e9l es sobradamente conocido y querido por nuestra afici\u00f3n. Se trata de Jaime Campos, que jugar\u00e1 su tercer a\u00f1o con nosotros. Esta temporada, adem\u00e1s, ejercer\u00e1 de capit\u00e1n. Jaime procede de una saga dedicada al baloncesto y siempre que est\u00e1 en la pista da muestra de su talento y, sobretodo, de su lucha y compromiso con el equipo. Estamos seguros que nos regalar\u00e1 muy buenos momentos, y all\u00ed estaremos para animarlo. Jaime Campos nos deja estas palabras : Este a\u00f1o quiero afrontar la temporada partiendo de la experiencia adquirida en la anterior. Sigo con ilusi\u00f3n y muchas ganas de aportar adem\u00e1s de fuerza, defensa y juego en equipo, incrementar mi protagonismo a nivel ofensivo. A pesar de las circunstancias sanitarias en las que nos encontramos, el club sigue contando con el apoyo de nuestra gran afici\u00f3n y esperamos seguir viendo el pabell\u00f3n igual de lleno que siempre \ud83d\udcf8 Con otra mirada \u2013 Fotograf\u00edas de Eva Menacho \ud83d\udce3 MEDIOS: FEB &#8211; Castell\u00f3n Plaza &#8211; El Periodic &#8211; Canal 56 &#8211; 7Dies &#8211; Diari del Maestrat &#8211; El periodic mediterraneo &#8211; Benicarl\u00f3 al d\u00eda","og_url":"https:\/\/cbbenicarlo.com\/?p=588","og_site_name":"Club Basquet Benicarl\u00f3","article_published_time":"2020-07-08T21:55:15+00:00","article_modified_time":"2022-06-06T17:36:07+00:00","og_image":[{"url":"http:\/\/cbbenicarlo.com\/wp-content\/uploads\/2020\/08\/JAIME-1.jpg"}],"author":"Club B\u00e0squet Benicarl\u00f3","twitter_card":"summary_large_image","twitter_misc":{"Escrito por":"Club B\u00e0squet Benicarl\u00f3","Tiempo de lectura":"1 minuto"},"schema":{"@context":"https:\/\/schema.org","@graph":[{"@type":"Article","@id":"https:\/\/cbbenicarlo.com\/?p=588#article","isPartOf":{"@id":"https:\/\/cbbenicarlo.com\/?p=588"},"author":{"name":"Club B\u00e0squet Benicarl\u00f3","@id":"https:\/\/cbbenicarlo.com\/#\/schema\/person\/200a6bea92870b7adeb1a5c755a793f2"},"headline":"JAIME CAMPOS, RENOVACI\u00d3N","datePublished":"2020-07-08T21:55:15+00:00","dateModified":"2022-06-06T17:36:07+00:00","mainEntityOfPage":{"@id":"https:\/\/cbbenicarlo.com\/?p=588"},"wordCount":212,"publisher":{"@id":"https:\/\/cbbenicarlo.com\/#organization"},"articleSection":["Primer Equipo"],"inLanguage":"es"},{"@type":"WebPage","@id":"https:\/\/cbbenicarlo.com\/?p=588","url":"https:\/\/cbbenicarlo.com\/?p=588","name":"JAIME CAMPOS, RENOVACI\u00d3N | Club Basquet Benicarl\u00f3","isPartOf":{"@id":"https:\/\/cbbenicarlo.com\/#website"},"datePublished":"2020-07-08T21:55:15+00:00","dateModified":"2022-06-06T17:36:07+00:00","breadcrumb":{"@id":"https:\/\/cbbenicarlo.com\/?p=588#breadcrumb"},"inLanguage":"es","potentialAction":[{"@type":"ReadAction","target":["https:\/\/cbbenicarlo.com\/?p=588"]}]},{"@type":"BreadcrumbList","@id":"https:\/\/cbbenicarlo.com\/?p=588#breadcrumb","itemListElement":[{"@type":"ListItem","position":1,"name":"Portada","item":"https:\/\/cbbenicarlo.com\/"},{"@type":"ListItem","position":2,"name":"JAIME CAMPOS, RENOVACI\u00d3N"}]},{"@type":"WebSite","@id":"https:\/\/cbbenicarlo.com\/#website","url":"https:\/\/cbbenicarlo.com\/","name":"Club Basquet Benicarl\u00f3","description":"P\u00e1gina Web Oficial","publisher":{"@id":"https:\/\/cbbenicarlo.com\/#organization"},"potentialAction":[{"@type":"SearchAction","target":{"@type":"EntryPoint","urlTemplate":"https:\/\/cbbenicarlo.com\/?s={search_term_string}"},"query-input":"required name=search_term_string"}],"inLanguage":"es"},{"@type":"Organization","@id":"https:\/\/cbbenicarlo.com\/#organization","name":"Club B\u00e0squet Benicarl\u00f3","url":"https:\/\/cbbenicarlo.com\/","logo":{"@type":"ImageObject","inLanguage":"es","@id":"https:\/\/cbbenicarlo.com\/#\/schema\/logo\/image\/","url":"https:\/\/cbbenicarlo.com\/wp-content\/uploads\/2022\/05\/cropped-cropped-cropped-CBBENICARLO2021-22-2.png","contentUrl":"https:\/\/cbbenicarlo.com\/wp-content\/uploads\/2022\/05\/cropped-cropped-cropped-CBBENICARLO2021-22-2.png","width":512,"height":512,"caption":"Club B\u00e0squet Benicarl\u00f3"},"image":{"@id":"https:\/\/cbbenicarlo.com\/#\/schema\/logo\/image\/"}},{"@type":"Person","@id":"https:\/\/cbbenicarlo.com\/#\/schema\/person\/200a6bea92870b7adeb1a5c755a793f2","name":"Club B\u00e0squet Benicarl\u00f3","image":{"@type":"ImageObject","inLanguage":"es","@id":"https:\/\/cbbenicarlo.com\/#\/schema\/person\/image\/","url":"https:\/\/secure.gravatar.com\/avatar\/8aed305f961a70f8934d4ba794f3527a?s=96&d=mm&r=g","contentUrl":"https:\/\/secure.gravatar.com\/avatar\/8aed305f961a70f8934d4ba794f3527a?s=96&d=mm&r=g","caption":"Club B\u00e0squet Benicarl\u00f3"},"url":"https:\/\/cbbenicarlo.com\/?author=1"}]}},"_links":{"self":[{"href":"https:\/\/cbbenicarlo.com\/index.php?rest_route=\/wp\/v2\/posts\/588"}],"collection":[{"href":"https:\/\/cbbenicarlo.com\/index.php?rest_route=\/wp\/v2\/posts"}],"about":[{"href":"https:\/\/cbbenicarlo.com\/index.php?rest_route=\/wp\/v2\/types\/post"}],"author":[{"embeddable":true,"href":"https:\/\/cbbenicarlo.com\/index.php?rest_route=\/wp\/v2\/users\/1"}],"replies":[{"embeddable":true,"href":"https:\/\/cbbenicarlo.com\/index.php?rest_route=%2Fwp%2Fv2%2Fcomments&post=588"}],"version-history":[{"count":8,"href":"https:\/\/cbbenicarlo.com\/index.php?rest_route=\/wp\/v2\/posts\/588\/revisions"}],"predecessor-version":[{"id":705,"href":"https:\/\/cbbenicarlo.com\/index.php?rest_route=\/wp\/v2\/posts\/588\/revisions\/705"}],"wp:attachment":[{"href":"https:\/\/cbbenicarlo.com\/index.php?rest_route=%2Fwp%2Fv2%2Fmedia&parent=588"}],"wp:term":[{"taxonomy":"category","embeddable":true,"href":"https:\/\/cbbenicarlo.com\/index.php?rest_route=%2Fwp%2Fv2%2Fcategories&post=588"},{"taxonomy":"post_tag","embeddable":true,"href":"https:\/\/cbbenicarlo.com\/index.php?rest_route=%2Fwp%2Fv2%2Ftags&post=588"}],"curies":[{"name":"wp","href":"https:\/\/api.w.org\/{rel}","templated":true}]}}