{"id":542,"date":"2020-07-02T12:34:48","date_gmt":"2020-07-02T10:34:48","guid":{"rendered":"http:\/\/cbbenicarlo.com\/?p=542"},"modified":"2022-06-06T19:36:07","modified_gmt":"2022-06-06T17:36:07","slug":"jordi-adell-entrenador-en-leb-plata","status":"publish","type":"post","link":"https:\/\/cbbenicarlo.com\/?p=542","title":{"rendered":"JORDI ADELL ENTRENADOR EN LEB PLATA"},"content":{"rendered":"\n<p> La pr\u00f3xima temporada volveremos a jugar en LEB Plata y, una vez m\u00e1s, Jordi Adell volver\u00e1 a tomar los mandos del equipo, en la que ser\u00e1  su cuarta temporada en club. Su implicaci\u00f3n total en este proyecto lo convierte en nuestro entrenador ideal. Jordi y el  cuerpo t\u00e9cnico llevan semanas trabajando con la intenci\u00f3n de crear un equipo ilusionante y, tras un a\u00f1o en la categor\u00eda  la intenci\u00f3n es afianzarnos y ser uno de los equipos importantes. <\/p>\n\n\n\n<div class=\"wp-block-image\"><figure class=\"alignleft is-resized\"><img decoding=\"async\" src=\"http:\/\/cbbenicarlo.com\/wp-content\/uploads\/2020\/08\/106418031_2992685910852868_6375848472851295013_n.jpg\" alt=\"\" class=\"wp-image-545\" width=\"150\" height=\"200\"\/><figcaption> <br><\/figcaption><\/figure><\/div>\n\n\n\n<p><a href=\"https:\/\/www.facebook.com\/jordi.adellurraca?__cft__[0]=AZUdf5wofQOtUk86ZsQT17MstrhiX2ALrch8BRyzeaSyH1Ou-WMzg3WSgSCAeKgq_lr5Expu3Ne4qtlxYSImW5LyeNmtPe1jGOauh11EQSoDX-Uyyewt0QsFADgdKez3lXBDEr3E-0zc0c78fOdW6e5y5WvnWGH0R-G8w8UnBsqz4w&amp;__tn__=-]K-R\">Jordi Adell Urraca<\/a> nos deja estas palabras : Agradecer al C.B.Benicarl\u00f3 la oportunidad de seguir otra temporada en LEB PLATA, donde nos planteamos un escenario con un equipo joven hacia un proyecto que nos permita consolidarnos en la categor\u00eda y ofrecer a nuestra afici\u00f3n un paso m\u00e1s y que sigan como siempre a nuestro lado. <\/p>\n\n\n\n<BR><BR><BR>\n\n\n\n<ul class=\"is-layout-flex wp-block-gallery-1 wp-block-gallery aligncenter columns-3 is-cropped\"><li class=\"blocks-gallery-item\"><figure><img fetchpriority=\"high\" decoding=\"async\" width=\"1000\" height=\"668\" src=\"http:\/\/cbbenicarlo.com\/wp-content\/uploads\/2020\/08\/106731596_2992686490852810_5520133782931271381_o.jpg\" alt=\"\" data-id=\"549\" data-link=\"http:\/\/cbbenicarlo.com\/?attachment_id=549\" class=\"wp-image-549\" srcset=\"https:\/\/cbbenicarlo.com\/wp-content\/uploads\/2020\/08\/106731596_2992686490852810_5520133782931271381_o.jpg 1000w, https:\/\/cbbenicarlo.com\/wp-content\/uploads\/2020\/08\/106731596_2992686490852810_5520133782931271381_o-300x200.jpg 300w, https:\/\/cbbenicarlo.com\/wp-content\/uploads\/2020\/08\/106731596_2992686490852810_5520133782931271381_o-768x513.jpg 768w, https:\/\/cbbenicarlo.com\/wp-content\/uploads\/2020\/08\/106731596_2992686490852810_5520133782931271381_o-128x86.jpg 128w, https:\/\/cbbenicarlo.com\/wp-content\/uploads\/2020\/08\/106731596_2992686490852810_5520133782931271381_o-32x21.jpg 32w\" sizes=\"(max-width: 1000px) 100vw, 1000px\" \/><\/figure><\/li><li class=\"blocks-gallery-item\"><figure><img decoding=\"async\" width=\"1000\" height=\"668\" src=\"http:\/\/cbbenicarlo.com\/wp-content\/uploads\/2020\/08\/106510687_2992686324186160_5794374538111025617_o.jpg\" alt=\"\" data-id=\"548\" data-link=\"http:\/\/cbbenicarlo.com\/?attachment_id=548\" class=\"wp-image-548\" srcset=\"https:\/\/cbbenicarlo.com\/wp-content\/uploads\/2020\/08\/106510687_2992686324186160_5794374538111025617_o.jpg 1000w, https:\/\/cbbenicarlo.com\/wp-content\/uploads\/2020\/08\/106510687_2992686324186160_5794374538111025617_o-300x200.jpg 300w, https:\/\/cbbenicarlo.com\/wp-content\/uploads\/2020\/08\/106510687_2992686324186160_5794374538111025617_o-768x513.jpg 768w, https:\/\/cbbenicarlo.com\/wp-content\/uploads\/2020\/08\/106510687_2992686324186160_5794374538111025617_o-128x86.jpg 128w, https:\/\/cbbenicarlo.com\/wp-content\/uploads\/2020\/08\/106510687_2992686324186160_5794374538111025617_o-32x21.jpg 32w\" sizes=\"(max-width: 1000px) 100vw, 1000px\" \/><\/figure><\/li><li class=\"blocks-gallery-item\"><figure><img loading=\"lazy\" decoding=\"async\" width=\"1000\" height=\"667\" src=\"http:\/\/cbbenicarlo.com\/wp-content\/uploads\/2020\/08\/106489137_2992686297519496_8116301069991026243_o.jpg\" alt=\"\" data-id=\"547\" data-link=\"http:\/\/cbbenicarlo.com\/?attachment_id=547\" class=\"wp-image-547\" srcset=\"https:\/\/cbbenicarlo.com\/wp-content\/uploads\/2020\/08\/106489137_2992686297519496_8116301069991026243_o.jpg 1000w, https:\/\/cbbenicarlo.com\/wp-content\/uploads\/2020\/08\/106489137_2992686297519496_8116301069991026243_o-300x200.jpg 300w, https:\/\/cbbenicarlo.com\/wp-content\/uploads\/2020\/08\/106489137_2992686297519496_8116301069991026243_o-768x512.jpg 768w, https:\/\/cbbenicarlo.com\/wp-content\/uploads\/2020\/08\/106489137_2992686297519496_8116301069991026243_o-128x85.jpg 128w, https:\/\/cbbenicarlo.com\/wp-content\/uploads\/2020\/08\/106489137_2992686297519496_8116301069991026243_o-32x21.jpg 32w\" sizes=\"(max-width: 1000px) 100vw, 1000px\" \/><\/figure><\/li><li class=\"blocks-gallery-item\"><figure><img loading=\"lazy\" decoding=\"async\" width=\"1000\" height=\"667\" src=\"http:\/\/cbbenicarlo.com\/wp-content\/uploads\/2020\/08\/106471154_2992686204186172_2603330800243130666_o.jpg\" alt=\"\" data-id=\"546\" data-link=\"http:\/\/cbbenicarlo.com\/?attachment_id=546\" class=\"wp-image-546\" srcset=\"https:\/\/cbbenicarlo.com\/wp-content\/uploads\/2020\/08\/106471154_2992686204186172_2603330800243130666_o.jpg 1000w, https:\/\/cbbenicarlo.com\/wp-content\/uploads\/2020\/08\/106471154_2992686204186172_2603330800243130666_o-300x200.jpg 300w, https:\/\/cbbenicarlo.com\/wp-content\/uploads\/2020\/08\/106471154_2992686204186172_2603330800243130666_o-768x512.jpg 768w, https:\/\/cbbenicarlo.com\/wp-content\/uploads\/2020\/08\/106471154_2992686204186172_2603330800243130666_o-128x85.jpg 128w, https:\/\/cbbenicarlo.com\/wp-content\/uploads\/2020\/08\/106471154_2992686204186172_2603330800243130666_o-32x21.jpg 32w\" sizes=\"(max-width: 1000px) 100vw, 1000px\" \/><\/figure><\/li><li class=\"blocks-gallery-item\"><figure><img loading=\"lazy\" decoding=\"async\" width=\"1000\" height=\"668\" src=\"http:\/\/cbbenicarlo.com\/wp-content\/uploads\/2020\/08\/106897130_2992686197519506_670265235104218782_o.jpg\" alt=\"\" data-id=\"544\" data-link=\"http:\/\/cbbenicarlo.com\/?attachment_id=544\" class=\"wp-image-544\" srcset=\"https:\/\/cbbenicarlo.com\/wp-content\/uploads\/2020\/08\/106897130_2992686197519506_670265235104218782_o.jpg 1000w, https:\/\/cbbenicarlo.com\/wp-content\/uploads\/2020\/08\/106897130_2992686197519506_670265235104218782_o-300x200.jpg 300w, https:\/\/cbbenicarlo.com\/wp-content\/uploads\/2020\/08\/106897130_2992686197519506_670265235104218782_o-768x513.jpg 768w, https:\/\/cbbenicarlo.com\/wp-content\/uploads\/2020\/08\/106897130_2992686197519506_670265235104218782_o-128x86.jpg 128w, https:\/\/cbbenicarlo.com\/wp-content\/uploads\/2020\/08\/106897130_2992686197519506_670265235104218782_o-32x21.jpg 32w\" sizes=\"(max-width: 1000px) 100vw, 1000px\" \/><\/figure><\/li><li class=\"blocks-gallery-item\"><figure><img loading=\"lazy\" decoding=\"async\" width=\"1000\" height=\"668\" src=\"http:\/\/cbbenicarlo.com\/wp-content\/uploads\/2020\/08\/82982517_2992686424186150_4257430414713949183_o.jpg\" alt=\"\" data-id=\"543\" data-link=\"http:\/\/cbbenicarlo.com\/?attachment_id=543\" class=\"wp-image-543\" srcset=\"https:\/\/cbbenicarlo.com\/wp-content\/uploads\/2020\/08\/82982517_2992686424186150_4257430414713949183_o.jpg 1000w, https:\/\/cbbenicarlo.com\/wp-content\/uploads\/2020\/08\/82982517_2992686424186150_4257430414713949183_o-300x200.jpg 300w, https:\/\/cbbenicarlo.com\/wp-content\/uploads\/2020\/08\/82982517_2992686424186150_4257430414713949183_o-768x513.jpg 768w, https:\/\/cbbenicarlo.com\/wp-content\/uploads\/2020\/08\/82982517_2992686424186150_4257430414713949183_o-128x86.jpg 128w, https:\/\/cbbenicarlo.com\/wp-content\/uploads\/2020\/08\/82982517_2992686424186150_4257430414713949183_o-32x21.jpg 32w\" sizes=\"(max-width: 1000px) 100vw, 1000px\" \/><\/figure><\/li><\/ul>\n\n\n\n<p class=\"has-text-color has-vivid-cyan-blue-color\">\ud83d\udcf8 <a href=\"http:\/\/www.evamenacho.com\">Con otra mirada &#8211; Fotograf\u00edas de Eva Menacho<\/a><\/p>\n\n\n\n<p>\ud83d\udce3 MEDIOS: <br>  <a href=\"http:\/\/www.feb.es\/2020\/7\/2\/baloncesto\/jordi-adell-volvera-tomar-los-mandos-del-benicarlo-proxima-temporada\/83346.aspx\">FEB<\/a> &#8211; <a href=\"https:\/\/www.elperiodic.com\/benicarlo\/jordi-adell-seguira-temporada-frente-benicarlo_689516\">El periodic<\/a> &#8211; <a href=\"https:\/\/canal56.com\/2020\/07\/jordi-adell-continuara-com-entrenador-del-club-basquet-benicarlo\/\">Canal56<\/a>&#8211; <a href=\"https:\/\/www.setmanarilebre.cat\/noticia\/119756\/el-tecnic-tortosi-jordi-adell-renova-amb-el-cb-benicarlo\">Setmanari l&#8217;Ebre<\/a> &#8211; <a href=\"https:\/\/diaricomarcal.com\/2020\/07\/02\/comunicado-oficial-del-club-de-baloncesto-de-benicarlo\/\">Diari Comarcal<\/a> &#8211; <a href=\"https:\/\/7diesactualitat.com\/c-b-benicarlo-volvera-a-jugar-en-leb-plata\/\">7Dies<\/a>&#8211; <a href=\"http:\/\/www.benicarloaldia.com\/index.php?opcion=39&amp;id_new=36354\">Benicarlo al D\u00eda<\/a>&#8211; <a href=\"https:\/\/www.elperiodicomediterraneo.com\/noticias\/deportes\/adell-seguira-tecnico-cb-benicarlo_1302242.html\">El periodico Mediterraneo<\/a><\/p>\n","protected":false},"excerpt":{"rendered":"<p>La pr\u00f3xima temporada volveremos a jugar en LEB Plata y, una vez m\u00e1s, Jordi Adell volver\u00e1 a tomar los mandos del equipo, en la que ser\u00e1 su cuarta temporada en club. Su implicaci\u00f3n total en este proyecto lo convierte en nuestro entrenador ideal. Jordi y el cuerpo t\u00e9cnico llevan semanas trabajando con la intenci\u00f3n de crear un equipo ilusionante y, tras un a\u00f1o en la categor\u00eda la intenci\u00f3n es afianzarnos y ser uno de los equipos importantes. Jordi Adell Urraca nos deja estas palabras : Agradecer al C.B.Benicarl\u00f3 la oportunidad de seguir otra temporada en LEB PLATA, donde nos planteamos un escenario con un equipo joven hacia un proyecto que nos permita consolidarnos en la categor\u00eda y ofrecer a nuestra afici\u00f3n un paso m\u00e1s y que sigan como siempre a nuestro lado. \ud83d\udcf8 Con otra mirada &#8211; Fotograf\u00edas de Eva Menacho \ud83d\udce3 MEDIOS: FEB &#8211; El periodic &#8211; Canal56&#8211; Setmanari l&#8217;Ebre &#8211; Diari Comarcal &#8211; 7Dies&#8211; Benicarlo al D\u00eda&#8211; El periodico Mediterraneo<\/p>\n","protected":false},"author":1,"featured_media":0,"comment_status":"closed","ping_status":"open","sticky":false,"template":"","format":"standard","meta":{"_eb_attr":""},"categories":[1],"tags":[],"yoast_head":"<!-- This site is optimized with the Yoast SEO plugin v21.1 - https:\/\/yoast.com\/wordpress\/plugins\/seo\/ -->\n<title>JORDI ADELL ENTRENADOR EN LEB PLATA | Club Basquet Benicarl\u00f3<\/title>\n<meta name=\"robots\" content=\"index, follow, max-snippet:-1, max-image-preview:large, max-video-preview:-1\" \/>\n<link rel=\"canonical\" href=\"https:\/\/cbbenicarlo.com\/?p=542\" \/>\n<meta property=\"og:locale\" content=\"es_ES\" \/>\n<meta property=\"og:type\" content=\"article\" \/>\n<meta property=\"og:title\" content=\"JORDI ADELL ENTRENADOR EN LEB PLATA | Club Basquet Benicarl\u00f3\" \/>\n<meta property=\"og:description\" content=\"La pr\u00f3xima temporada volveremos a jugar en LEB Plata y, una vez m\u00e1s, Jordi Adell volver\u00e1 a tomar los mandos del equipo, en la que ser\u00e1 su cuarta temporada en club. Su implicaci\u00f3n total en este proyecto lo convierte en nuestro entrenador ideal. Jordi y el cuerpo t\u00e9cnico llevan semanas trabajando con la intenci\u00f3n de crear un equipo ilusionante y, tras un a\u00f1o en la categor\u00eda la intenci\u00f3n es afianzarnos y ser uno de los equipos importantes. Jordi Adell Urraca nos deja estas palabras : Agradecer al C.B.Benicarl\u00f3 la oportunidad de seguir otra temporada en LEB PLATA, donde nos planteamos un escenario con un equipo joven hacia un proyecto que nos permita consolidarnos en la categor\u00eda y ofrecer a nuestra afici\u00f3n un paso m\u00e1s y que sigan como siempre a nuestro lado. \ud83d\udcf8 Con otra mirada &#8211; Fotograf\u00edas de Eva Menacho \ud83d\udce3 MEDIOS: FEB &#8211; El periodic &#8211; Canal56&#8211; Setmanari l&#8217;Ebre &#8211; Diari Comarcal &#8211; 7Dies&#8211; Benicarlo al D\u00eda&#8211; El periodico Mediterraneo\" \/>\n<meta property=\"og:url\" content=\"https:\/\/cbbenicarlo.com\/?p=542\" \/>\n<meta property=\"og:site_name\" content=\"Club Basquet Benicarl\u00f3\" \/>\n<meta property=\"article:published_time\" content=\"2020-07-02T10:34:48+00:00\" \/>\n<meta property=\"article:modified_time\" content=\"2022-06-06T17:36:07+00:00\" \/>\n<meta property=\"og:image\" content=\"http:\/\/cbbenicarlo.com\/wp-content\/uploads\/2020\/08\/106418031_2992685910852868_6375848472851295013_n.jpg\" \/>\n<meta name=\"author\" content=\"Club B\u00e0squet Benicarl\u00f3\" \/>\n<meta name=\"twitter:card\" content=\"summary_large_image\" \/>\n<meta name=\"twitter:label1\" content=\"Escrito por\" \/>\n\t<meta name=\"twitter:data1\" content=\"Club B\u00e0squet Benicarl\u00f3\" \/>\n\t<meta name=\"twitter:label2\" content=\"Tiempo de lectura\" \/>\n\t<meta name=\"twitter:data2\" content=\"1 minuto\" \/>\n<script type=\"application\/ld+json\" class=\"yoast-schema-graph\">{\"@context\":\"https:\/\/schema.org\",\"@graph\":[{\"@type\":\"Article\",\"@id\":\"https:\/\/cbbenicarlo.com\/?p=542#article\",\"isPartOf\":{\"@id\":\"https:\/\/cbbenicarlo.com\/?p=542\"},\"author\":{\"name\":\"Club B\u00e0squet Benicarl\u00f3\",\"@id\":\"https:\/\/cbbenicarlo.com\/#\/schema\/person\/200a6bea92870b7adeb1a5c755a793f2\"},\"headline\":\"JORDI ADELL ENTRENADOR EN LEB PLATA\",\"datePublished\":\"2020-07-02T10:34:48+00:00\",\"dateModified\":\"2022-06-06T17:36:07+00:00\",\"mainEntityOfPage\":{\"@id\":\"https:\/\/cbbenicarlo.com\/?p=542\"},\"wordCount\":182,\"publisher\":{\"@id\":\"https:\/\/cbbenicarlo.com\/#organization\"},\"articleSection\":[\"Primer Equipo\"],\"inLanguage\":\"es\"},{\"@type\":\"WebPage\",\"@id\":\"https:\/\/cbbenicarlo.com\/?p=542\",\"url\":\"https:\/\/cbbenicarlo.com\/?p=542\",\"name\":\"JORDI ADELL ENTRENADOR EN LEB PLATA | Club Basquet Benicarl\u00f3\",\"isPartOf\":{\"@id\":\"https:\/\/cbbenicarlo.com\/#website\"},\"datePublished\":\"2020-07-02T10:34:48+00:00\",\"dateModified\":\"2022-06-06T17:36:07+00:00\",\"breadcrumb\":{\"@id\":\"https:\/\/cbbenicarlo.com\/?p=542#breadcrumb\"},\"inLanguage\":\"es\",\"potentialAction\":[{\"@type\":\"ReadAction\",\"target\":[\"https:\/\/cbbenicarlo.com\/?p=542\"]}]},{\"@type\":\"BreadcrumbList\",\"@id\":\"https:\/\/cbbenicarlo.com\/?p=542#breadcrumb\",\"itemListElement\":[{\"@type\":\"ListItem\",\"position\":1,\"name\":\"Portada\",\"item\":\"https:\/\/cbbenicarlo.com\/\"},{\"@type\":\"ListItem\",\"position\":2,\"name\":\"JORDI ADELL ENTRENADOR EN LEB PLATA\"}]},{\"@type\":\"WebSite\",\"@id\":\"https:\/\/cbbenicarlo.com\/#website\",\"url\":\"https:\/\/cbbenicarlo.com\/\",\"name\":\"Club Basquet Benicarl\u00f3\",\"description\":\"P\u00e1gina Web Oficial\",\"publisher\":{\"@id\":\"https:\/\/cbbenicarlo.com\/#organization\"},\"potentialAction\":[{\"@type\":\"SearchAction\",\"target\":{\"@type\":\"EntryPoint\",\"urlTemplate\":\"https:\/\/cbbenicarlo.com\/?s={search_term_string}\"},\"query-input\":\"required name=search_term_string\"}],\"inLanguage\":\"es\"},{\"@type\":\"Organization\",\"@id\":\"https:\/\/cbbenicarlo.com\/#organization\",\"name\":\"Club B\u00e0squet Benicarl\u00f3\",\"url\":\"https:\/\/cbbenicarlo.com\/\",\"logo\":{\"@type\":\"ImageObject\",\"inLanguage\":\"es\",\"@id\":\"https:\/\/cbbenicarlo.com\/#\/schema\/logo\/image\/\",\"url\":\"https:\/\/cbbenicarlo.com\/wp-content\/uploads\/2022\/05\/cropped-cropped-cropped-CBBENICARLO2021-22-2.png\",\"contentUrl\":\"https:\/\/cbbenicarlo.com\/wp-content\/uploads\/2022\/05\/cropped-cropped-cropped-CBBENICARLO2021-22-2.png\",\"width\":512,\"height\":512,\"caption\":\"Club B\u00e0squet Benicarl\u00f3\"},\"image\":{\"@id\":\"https:\/\/cbbenicarlo.com\/#\/schema\/logo\/image\/\"}},{\"@type\":\"Person\",\"@id\":\"https:\/\/cbbenicarlo.com\/#\/schema\/person\/200a6bea92870b7adeb1a5c755a793f2\",\"name\":\"Club B\u00e0squet Benicarl\u00f3\",\"image\":{\"@type\":\"ImageObject\",\"inLanguage\":\"es\",\"@id\":\"https:\/\/cbbenicarlo.com\/#\/schema\/person\/image\/\",\"url\":\"https:\/\/secure.gravatar.com\/avatar\/8aed305f961a70f8934d4ba794f3527a?s=96&d=mm&r=g\",\"contentUrl\":\"https:\/\/secure.gravatar.com\/avatar\/8aed305f961a70f8934d4ba794f3527a?s=96&d=mm&r=g\",\"caption\":\"Club B\u00e0squet Benicarl\u00f3\"},\"url\":\"https:\/\/cbbenicarlo.com\/?author=1\"}]}<\/script>\n<!-- \/ Yoast SEO plugin. -->","yoast_head_json":{"title":"JORDI ADELL ENTRENADOR EN LEB PLATA | Club Basquet Benicarl\u00f3","robots":{"index":"index","follow":"follow","max-snippet":"max-snippet:-1","max-image-preview":"max-image-preview:large","max-video-preview":"max-video-preview:-1"},"canonical":"https:\/\/cbbenicarlo.com\/?p=542","og_locale":"es_ES","og_type":"article","og_title":"JORDI ADELL ENTRENADOR EN LEB PLATA | Club Basquet Benicarl\u00f3","og_description":"La pr\u00f3xima temporada volveremos a jugar en LEB Plata y, una vez m\u00e1s, Jordi Adell volver\u00e1 a tomar los mandos del equipo, en la que ser\u00e1 su cuarta temporada en club. Su implicaci\u00f3n total en este proyecto lo convierte en nuestro entrenador ideal. Jordi y el cuerpo t\u00e9cnico llevan semanas trabajando con la intenci\u00f3n de crear un equipo ilusionante y, tras un a\u00f1o en la categor\u00eda la intenci\u00f3n es afianzarnos y ser uno de los equipos importantes. Jordi Adell Urraca nos deja estas palabras : Agradecer al C.B.Benicarl\u00f3 la oportunidad de seguir otra temporada en LEB PLATA, donde nos planteamos un escenario con un equipo joven hacia un proyecto que nos permita consolidarnos en la categor\u00eda y ofrecer a nuestra afici\u00f3n un paso m\u00e1s y que sigan como siempre a nuestro lado. \ud83d\udcf8 Con otra mirada &#8211; Fotograf\u00edas de Eva Menacho \ud83d\udce3 MEDIOS: FEB &#8211; El periodic &#8211; Canal56&#8211; Setmanari l&#8217;Ebre &#8211; Diari Comarcal &#8211; 7Dies&#8211; Benicarlo al D\u00eda&#8211; El periodico Mediterraneo","og_url":"https:\/\/cbbenicarlo.com\/?p=542","og_site_name":"Club Basquet Benicarl\u00f3","article_published_time":"2020-07-02T10:34:48+00:00","article_modified_time":"2022-06-06T17:36:07+00:00","og_image":[{"url":"http:\/\/cbbenicarlo.com\/wp-content\/uploads\/2020\/08\/106418031_2992685910852868_6375848472851295013_n.jpg"}],"author":"Club B\u00e0squet Benicarl\u00f3","twitter_card":"summary_large_image","twitter_misc":{"Escrito por":"Club B\u00e0squet Benicarl\u00f3","Tiempo de lectura":"1 minuto"},"schema":{"@context":"https:\/\/schema.org","@graph":[{"@type":"Article","@id":"https:\/\/cbbenicarlo.com\/?p=542#article","isPartOf":{"@id":"https:\/\/cbbenicarlo.com\/?p=542"},"author":{"name":"Club B\u00e0squet Benicarl\u00f3","@id":"https:\/\/cbbenicarlo.com\/#\/schema\/person\/200a6bea92870b7adeb1a5c755a793f2"},"headline":"JORDI ADELL ENTRENADOR EN LEB PLATA","datePublished":"2020-07-02T10:34:48+00:00","dateModified":"2022-06-06T17:36:07+00:00","mainEntityOfPage":{"@id":"https:\/\/cbbenicarlo.com\/?p=542"},"wordCount":182,"publisher":{"@id":"https:\/\/cbbenicarlo.com\/#organization"},"articleSection":["Primer Equipo"],"inLanguage":"es"},{"@type":"WebPage","@id":"https:\/\/cbbenicarlo.com\/?p=542","url":"https:\/\/cbbenicarlo.com\/?p=542","name":"JORDI ADELL ENTRENADOR EN LEB PLATA | Club Basquet Benicarl\u00f3","isPartOf":{"@id":"https:\/\/cbbenicarlo.com\/#website"},"datePublished":"2020-07-02T10:34:48+00:00","dateModified":"2022-06-06T17:36:07+00:00","breadcrumb":{"@id":"https:\/\/cbbenicarlo.com\/?p=542#breadcrumb"},"inLanguage":"es","potentialAction":[{"@type":"ReadAction","target":["https:\/\/cbbenicarlo.com\/?p=542"]}]},{"@type":"BreadcrumbList","@id":"https:\/\/cbbenicarlo.com\/?p=542#breadcrumb","itemListElement":[{"@type":"ListItem","position":1,"name":"Portada","item":"https:\/\/cbbenicarlo.com\/"},{"@type":"ListItem","position":2,"name":"JORDI ADELL ENTRENADOR EN LEB PLATA"}]},{"@type":"WebSite","@id":"https:\/\/cbbenicarlo.com\/#website","url":"https:\/\/cbbenicarlo.com\/","name":"Club Basquet Benicarl\u00f3","description":"P\u00e1gina Web Oficial","publisher":{"@id":"https:\/\/cbbenicarlo.com\/#organization"},"potentialAction":[{"@type":"SearchAction","target":{"@type":"EntryPoint","urlTemplate":"https:\/\/cbbenicarlo.com\/?s={search_term_string}"},"query-input":"required name=search_term_string"}],"inLanguage":"es"},{"@type":"Organization","@id":"https:\/\/cbbenicarlo.com\/#organization","name":"Club B\u00e0squet Benicarl\u00f3","url":"https:\/\/cbbenicarlo.com\/","logo":{"@type":"ImageObject","inLanguage":"es","@id":"https:\/\/cbbenicarlo.com\/#\/schema\/logo\/image\/","url":"https:\/\/cbbenicarlo.com\/wp-content\/uploads\/2022\/05\/cropped-cropped-cropped-CBBENICARLO2021-22-2.png","contentUrl":"https:\/\/cbbenicarlo.com\/wp-content\/uploads\/2022\/05\/cropped-cropped-cropped-CBBENICARLO2021-22-2.png","width":512,"height":512,"caption":"Club B\u00e0squet Benicarl\u00f3"},"image":{"@id":"https:\/\/cbbenicarlo.com\/#\/schema\/logo\/image\/"}},{"@type":"Person","@id":"https:\/\/cbbenicarlo.com\/#\/schema\/person\/200a6bea92870b7adeb1a5c755a793f2","name":"Club B\u00e0squet Benicarl\u00f3","image":{"@type":"ImageObject","inLanguage":"es","@id":"https:\/\/cbbenicarlo.com\/#\/schema\/person\/image\/","url":"https:\/\/secure.gravatar.com\/avatar\/8aed305f961a70f8934d4ba794f3527a?s=96&d=mm&r=g","contentUrl":"https:\/\/secure.gravatar.com\/avatar\/8aed305f961a70f8934d4ba794f3527a?s=96&d=mm&r=g","caption":"Club B\u00e0squet Benicarl\u00f3"},"url":"https:\/\/cbbenicarlo.com\/?author=1"}]}},"_links":{"self":[{"href":"https:\/\/cbbenicarlo.com\/index.php?rest_route=\/wp\/v2\/posts\/542"}],"collection":[{"href":"https:\/\/cbbenicarlo.com\/index.php?rest_route=\/wp\/v2\/posts"}],"about":[{"href":"https:\/\/cbbenicarlo.com\/index.php?rest_route=\/wp\/v2\/types\/post"}],"author":[{"embeddable":true,"href":"https:\/\/cbbenicarlo.com\/index.php?rest_route=\/wp\/v2\/users\/1"}],"replies":[{"embeddable":true,"href":"https:\/\/cbbenicarlo.com\/index.php?rest_route=%2Fwp%2Fv2%2Fcomments&post=542"}],"version-history":[{"count":21,"href":"https:\/\/cbbenicarlo.com\/index.php?rest_route=\/wp\/v2\/posts\/542\/revisions"}],"predecessor-version":[{"id":586,"href":"https:\/\/cbbenicarlo.com\/index.php?rest_route=\/wp\/v2\/posts\/542\/revisions\/586"}],"wp:attachment":[{"href":"https:\/\/cbbenicarlo.com\/index.php?rest_route=%2Fwp%2Fv2%2Fmedia&parent=542"}],"wp:term":[{"taxonomy":"category","embeddable":true,"href":"https:\/\/cbbenicarlo.com\/index.php?rest_route=%2Fwp%2Fv2%2Fcategories&post=542"},{"taxonomy":"post_tag","embeddable":true,"href":"https:\/\/cbbenicarlo.com\/index.php?rest_route=%2Fwp%2Fv2%2Ftags&post=542"}],"curies":[{"name":"wp","href":"https:\/\/api.w.org\/{rel}","templated":true}]}}