{"id":462,"date":"2019-09-23T17:43:31","date_gmt":"2019-09-23T15:43:31","guid":{"rendered":"http:\/\/cbbenicarlo.com\/?p=462"},"modified":"2022-06-06T19:36:25","modified_gmt":"2022-06-06T17:36:25","slug":"infantil-a-pretemporada","status":"publish","type":"post","link":"https:\/\/cbbenicarlo.com\/?p=462","title":{"rendered":"Infantil A pretemporada"},"content":{"rendered":"\n<p> <br><strong>Valencia Basket B 99 VS 54 C.B.Benicarl\u00f3 A<\/strong><\/p>\n\n\n\n<p>Partido contra un aut\u00e9ntico equipazo que va intentar luchar por entrar a Final four de la comunidad valenciana. En la primera parte estuvimos muy bien, intensos y acertados en en el tiro, llegando a ir 18 abajo al final del 2 cuarto. En la segunda parte la diferencia f\u00edsica y de ritmo se nota y se van en el marcador.<br>A\u00fan as\u00ed hay que estar contentos de jugar contra gente de este nivel.<br><a href=\"https:\/\/www.facebook.com\/hashtag\/cbbenicarlo2019_20?source=feed_text&amp;epa=HASHTAG&amp;__xts__%5B0%5D=68.ARAAT2KQZaik5fkgFbk6Lh2A1D2ZanooXj2HgDH09YdVermqhPVWsNyoRB0TTTndzGYdURQM_uqXNyNnIT0tnaRvmFRMJdPss7bNjJf4oaHUhvv-U5NbhLod9AhB4cSTIQFaFYxS1wc9NJLgPHOsHIy3j378MElFB2L7j7f2r5FadwT815_y-yUCsRdmhPi5Qwgw_0BRSoZj4MJluU-6kEzQb0edOvxoRwrPdIVcbqtaYBAvHwcAxsmVwb1siY36e9fjTbNSBLYv748C4gIGZv2-1Y0yRRhvNu6GdBV5G7sdv9r-EXLDP0qx9wnrT-Oap3eJMK8_aqVWN018QDm6JXOok1Hz&amp;__tn__=%2ANK-R\">#cbbenicarlo2019_20<\/a><br><a href=\"https:\/\/www.facebook.com\/hashtag\/cbbenicarlo2019_20infantila?source=feed_text&amp;epa=HASHTAG&amp;__xts__%5B0%5D=68.ARAAT2KQZaik5fkgFbk6Lh2A1D2ZanooXj2HgDH09YdVermqhPVWsNyoRB0TTTndzGYdURQM_uqXNyNnIT0tnaRvmFRMJdPss7bNjJf4oaHUhvv-U5NbhLod9AhB4cSTIQFaFYxS1wc9NJLgPHOsHIy3j378MElFB2L7j7f2r5FadwT815_y-yUCsRdmhPi5Qwgw_0BRSoZj4MJluU-6kEzQb0edOvxoRwrPdIVcbqtaYBAvHwcAxsmVwb1siY36e9fjTbNSBLYv748C4gIGZv2-1Y0yRRhvNu6GdBV5G7sdv9r-EXLDP0qx9wnrT-Oap3eJMK8_aqVWN018QDm6JXOok1Hz&amp;__tn__=%2ANK-R\">#cbbenicarlo2019_20infantilA<\/a><br><a href=\"https:\/\/www.facebook.com\/hashtag\/endavantesport?source=feed_text&amp;epa=HASHTAG&amp;__xts__%5B0%5D=68.ARAAT2KQZaik5fkgFbk6Lh2A1D2ZanooXj2HgDH09YdVermqhPVWsNyoRB0TTTndzGYdURQM_uqXNyNnIT0tnaRvmFRMJdPss7bNjJf4oaHUhvv-U5NbhLod9AhB4cSTIQFaFYxS1wc9NJLgPHOsHIy3j378MElFB2L7j7f2r5FadwT815_y-yUCsRdmhPi5Qwgw_0BRSoZj4MJluU-6kEzQb0edOvxoRwrPdIVcbqtaYBAvHwcAxsmVwb1siY36e9fjTbNSBLYv748C4gIGZv2-1Y0yRRhvNu6GdBV5G7sdv9r-EXLDP0qx9wnrT-Oap3eJMK8_aqVWN018QDm6JXOok1Hz&amp;__tn__=%2ANK-R\">#EndavantEsport<\/a><br><a href=\"https:\/\/www.facebook.com\/hashtag\/juntssomm%C3%A9sforts?source=feed_text&amp;epa=HASHTAG&amp;__xts__%5B0%5D=68.ARAAT2KQZaik5fkgFbk6Lh2A1D2ZanooXj2HgDH09YdVermqhPVWsNyoRB0TTTndzGYdURQM_uqXNyNnIT0tnaRvmFRMJdPss7bNjJf4oaHUhvv-U5NbhLod9AhB4cSTIQFaFYxS1wc9NJLgPHOsHIy3j378MElFB2L7j7f2r5FadwT815_y-yUCsRdmhPi5Qwgw_0BRSoZj4MJluU-6kEzQb0edOvxoRwrPdIVcbqtaYBAvHwcAxsmVwb1siY36e9fjTbNSBLYv748C4gIGZv2-1Y0yRRhvNu6GdBV5G7sdv9r-EXLDP0qx9wnrT-Oap3eJMK8_aqVWN018QDm6JXOok1Hz&amp;__tn__=%2ANK-R\">#JuntsSomM\u00e9sForts<\/a><br><a href=\"https:\/\/www.facebook.com\/hashtag\/csescenariodeportivo?source=feed_text&amp;epa=HASHTAG&amp;__xts__%5B0%5D=68.ARAAT2KQZaik5fkgFbk6Lh2A1D2ZanooXj2HgDH09YdVermqhPVWsNyoRB0TTTndzGYdURQM_uqXNyNnIT0tnaRvmFRMJdPss7bNjJf4oaHUhvv-U5NbhLod9AhB4cSTIQFaFYxS1wc9NJLgPHOsHIy3j378MElFB2L7j7f2r5FadwT815_y-yUCsRdmhPi5Qwgw_0BRSoZj4MJluU-6kEzQb0edOvxoRwrPdIVcbqtaYBAvHwcAxsmVwb1siY36e9fjTbNSBLYv748C4gIGZv2-1Y0yRRhvNu6GdBV5G7sdv9r-EXLDP0qx9wnrT-Oap3eJMK8_aqVWN018QDm6JXOok1Hz&amp;__tn__=%2ANK-R\">#CSEscenarioDeportivo<\/a><br><a href=\"https:\/\/www.facebook.com\/ajuntamentdebenicarlo\/?__tn__=K-R&amp;eid=ARBFnbQrWQRC4Id1375-HfkHDRjQLeavrPWJJqY2wxDizYzMa6ln77fFJJGNU3tcb8zGeeku2WXU4Qmw&amp;fref=mentions&amp;__xts__%5B0%5D=68.ARAAT2KQZaik5fkgFbk6Lh2A1D2ZanooXj2HgDH09YdVermqhPVWsNyoRB0TTTndzGYdURQM_uqXNyNnIT0tnaRvmFRMJdPss7bNjJf4oaHUhvv-U5NbhLod9AhB4cSTIQFaFYxS1wc9NJLgPHOsHIy3j378MElFB2L7j7f2r5FadwT815_y-yUCsRdmhPi5Qwgw_0BRSoZj4MJluU-6kEzQb0edOvxoRwrPdIVcbqtaYBAvHwcAxsmVwb1siY36e9fjTbNSBLYv748C4gIGZv2-1Y0yRRhvNu6GdBV5G7sdv9r-EXLDP0qx9wnrT-Oap3eJMK8_aqVWN018QDm6JXOok1Hz\">Ajuntament de Benicarl\u00f3<\/a>&nbsp;<a href=\"https:\/\/www.facebook.com\/dipuesport\/?__tn__=K-R&amp;eid=ARCjHlWEKHwN0vy6xVI8DjTkL7nUAcPYFoUpZKFvTaVPSsl5XZFSqxoMLP-CIZV_qtZEz_1HH8cx2Txf&amp;fref=mentions&amp;__xts__%5B0%5D=68.ARAAT2KQZaik5fkgFbk6Lh2A1D2ZanooXj2HgDH09YdVermqhPVWsNyoRB0TTTndzGYdURQM_uqXNyNnIT0tnaRvmFRMJdPss7bNjJf4oaHUhvv-U5NbhLod9AhB4cSTIQFaFYxS1wc9NJLgPHOsHIy3j378MElFB2L7j7f2r5FadwT815_y-yUCsRdmhPi5Qwgw_0BRSoZj4MJluU-6kEzQb0edOvxoRwrPdIVcbqtaYBAvHwcAxsmVwb1siY36e9fjTbNSBLYv748C4gIGZv2-1Y0yRRhvNu6GdBV5G7sdv9r-EXLDP0qx9wnrT-Oap3eJMK8_aqVWN018QDm6JXOok1Hz\">DipuEsport Castell\u00f3<\/a>&nbsp;<a href=\"https:\/\/www.facebook.com\/dipcas\/?__tn__=K-R&amp;eid=ARCHIJZLcEWv1m6Fbc2mQ-GjuUCDWOWNRNMELtZNLB0nWNS7T_pgMqOnUYhUFcgdzQHx9wpEBdqeB0YU&amp;fref=mentions&amp;__xts__%5B0%5D=68.ARAAT2KQZaik5fkgFbk6Lh2A1D2ZanooXj2HgDH09YdVermqhPVWsNyoRB0TTTndzGYdURQM_uqXNyNnIT0tnaRvmFRMJdPss7bNjJf4oaHUhvv-U5NbhLod9AhB4cSTIQFaFYxS1wc9NJLgPHOsHIy3j378MElFB2L7j7f2r5FadwT815_y-yUCsRdmhPi5Qwgw_0BRSoZj4MJluU-6kEzQb0edOvxoRwrPdIVcbqtaYBAvHwcAxsmVwb1siY36e9fjTbNSBLYv748C4gIGZv2-1Y0yRRhvNu6GdBV5G7sdv9r-EXLDP0qx9wnrT-Oap3eJMK8_aqVWN018QDm6JXOok1Hz\">Diputaci\u00f3 de Castell\u00f3<\/a>&nbsp;<a href=\"https:\/\/www.facebook.com\/cbbenicarlo\/?__tn__=K-R&amp;eid=ARBWtodRV60X7Xp6Ik5J84oWdaGi7jrnWVvy2hnX1kG3reg1mYpk-1Xi_sbV_14VY4zWaml911akrV7I&amp;fref=mentions&amp;__xts__%5B0%5D=68.ARAAT2KQZaik5fkgFbk6Lh2A1D2ZanooXj2HgDH09YdVermqhPVWsNyoRB0TTTndzGYdURQM_uqXNyNnIT0tnaRvmFRMJdPss7bNjJf4oaHUhvv-U5NbhLod9AhB4cSTIQFaFYxS1wc9NJLgPHOsHIy3j378MElFB2L7j7f2r5FadwT815_y-yUCsRdmhPi5Qwgw_0BRSoZj4MJluU-6kEzQb0edOvxoRwrPdIVcbqtaYBAvHwcAxsmVwb1siY36e9fjTbNSBLYv748C4gIGZv2-1Y0yRRhvNu6GdBV5G7sdv9r-EXLDP0qx9wnrT-Oap3eJMK8_aqVWN018QDm6JXOok1Hz\">Club B\u00e0squet Benicarl\u00f3<\/a>&nbsp;<a href=\"https:\/\/www.facebook.com\/villarrealcf\/?__tn__=K-R&amp;eid=ARAYXHKDIwsyKrNqkKnphYqbkp4oR5i7vwlwXmS7UEfWqc2zIAH028-yJmUlkHDCvoqUQVQaoKxEjeoz&amp;fref=mentions&amp;__xts__%5B0%5D=68.ARAAT2KQZaik5fkgFbk6Lh2A1D2ZanooXj2HgDH09YdVermqhPVWsNyoRB0TTTndzGYdURQM_uqXNyNnIT0tnaRvmFRMJdPss7bNjJf4oaHUhvv-U5NbhLod9AhB4cSTIQFaFYxS1wc9NJLgPHOsHIy3j378MElFB2L7j7f2r5FadwT815_y-yUCsRdmhPi5Qwgw_0BRSoZj4MJluU-6kEzQb0edOvxoRwrPdIVcbqtaYBAvHwcAxsmVwb1siY36e9fjTbNSBLYv748C4gIGZv2-1Y0yRRhvNu6GdBV5G7sdv9r-EXLDP0qx9wnrT-Oap3eJMK8_aqVWN018QDm6JXOok1Hz\">Villarreal CF<\/a>&nbsp;<a href=\"https:\/\/www.facebook.com\/esports.benicarlo\/?__tn__=K-R&amp;eid=ARCHok38zLPLvUGCXX3RPkMkmeMXwtrN6w2tSa1J6VJGrSZGe582Fp2ze67Sxu9s_7FJf4SCfjukiBTV&amp;fref=mentions&amp;__xts__%5B0%5D=68.ARAAT2KQZaik5fkgFbk6Lh2A1D2ZanooXj2HgDH09YdVermqhPVWsNyoRB0TTTndzGYdURQM_uqXNyNnIT0tnaRvmFRMJdPss7bNjJf4oaHUhvv-U5NbhLod9AhB4cSTIQFaFYxS1wc9NJLgPHOsHIy3j378MElFB2L7j7f2r5FadwT815_y-yUCsRdmhPi5Qwgw_0BRSoZj4MJluU-6kEzQb0edOvxoRwrPdIVcbqtaYBAvHwcAxsmVwb1siY36e9fjTbNSBLYv748C4gIGZv2-1Y0yRRhvNu6GdBV5G7sdv9r-EXLDP0qx9wnrT-Oap3eJMK8_aqVWN018QDm6JXOok1Hz\">Ajuntament de Benicarl\u00f3 Regidoria DEsports<\/a>&nbsp;<a href=\"https:\/\/www.facebook.com\/fedbaloncestocv\/?__tn__=K-R&amp;eid=ARDyhpKfahsxqiIS54__ZbdonOX4zyLoezPDbznBsY3sAO0L1PKiAsmPpGIIWdZvYm_sTWTM7rHY7jwu&amp;fref=mentions&amp;__xts__%5B0%5D=68.ARAAT2KQZaik5fkgFbk6Lh2A1D2ZanooXj2HgDH09YdVermqhPVWsNyoRB0TTTndzGYdURQM_uqXNyNnIT0tnaRvmFRMJdPss7bNjJf4oaHUhvv-U5NbhLod9AhB4cSTIQFaFYxS1wc9NJLgPHOsHIy3j378MElFB2L7j7f2r5FadwT815_y-yUCsRdmhPi5Qwgw_0BRSoZj4MJluU-6kEzQb0edOvxoRwrPdIVcbqtaYBAvHwcAxsmVwb1siY36e9fjTbNSBLYv748C4gIGZv2-1Y0yRRhvNu6GdBV5G7sdv9r-EXLDP0qx9wnrT-Oap3eJMK8_aqVWN018QDm6JXOok1Hz\">Federaci\u00f3n Baloncesto Comunidad Valenciana<\/a>&nbsp;<a href=\"https:\/\/www.facebook.com\/groups\/1094290130667284\/?fref=mentions&amp;__xts__%5B0%5D=68.ARAAT2KQZaik5fkgFbk6Lh2A1D2ZanooXj2HgDH09YdVermqhPVWsNyoRB0TTTndzGYdURQM_uqXNyNnIT0tnaRvmFRMJdPss7bNjJf4oaHUhvv-U5NbhLod9AhB4cSTIQFaFYxS1wc9NJLgPHOsHIy3j378MElFB2L7j7f2r5FadwT815_y-yUCsRdmhPi5Qwgw_0BRSoZj4MJluU-6kEzQb0edOvxoRwrPdIVcbqtaYBAvHwcAxsmVwb1siY36e9fjTbNSBLYv748C4gIGZv2-1Y0yRRhvNu6GdBV5G7sdv9r-EXLDP0qx9wnrT-Oap3eJMK8_aqVWN018QDm6JXOok1Hz&amp;__tn__=K-R\">BENICARL\u00d3<\/a>&nbsp;<a href=\"https:\/\/www.facebook.com\/valenciabasket\/?__tn__=K-R&amp;eid=ARDageYAGNjG2MczfGAEuI6BWMJXuezX2XfqACK8IjueTbSWsV1E3KGEvZ635JdD0Nni9K-69wjsKISl&amp;fref=mentions&amp;__xts__%5B0%5D=68.ARAAT2KQZaik5fkgFbk6Lh2A1D2ZanooXj2HgDH09YdVermqhPVWsNyoRB0TTTndzGYdURQM_uqXNyNnIT0tnaRvmFRMJdPss7bNjJf4oaHUhvv-U5NbhLod9AhB4cSTIQFaFYxS1wc9NJLgPHOsHIy3j378MElFB2L7j7f2r5FadwT815_y-yUCsRdmhPi5Qwgw_0BRSoZj4MJluU-6kEzQb0edOvxoRwrPdIVcbqtaYBAvHwcAxsmVwb1siY36e9fjTbNSBLYv748C4gIGZv2-1Y0yRRhvNu6GdBV5G7sdv9r-EXLDP0qx9wnrT-Oap3eJMK8_aqVWN018QDm6JXOok1Hz\">Valencia Basket Club<\/a><\/p>\n\n\n\n<figure class=\"wp-block-image\"><img fetchpriority=\"high\" decoding=\"async\" width=\"960\" height=\"744\" src=\"http:\/\/cbbenicarlo.com\/wp-content\/uploads\/2019\/09\/71515159_2350648155056650_9035599803295203328_n.jpg\" alt=\"\" class=\"wp-image-463\" srcset=\"https:\/\/cbbenicarlo.com\/wp-content\/uploads\/2019\/09\/71515159_2350648155056650_9035599803295203328_n.jpg 960w, https:\/\/cbbenicarlo.com\/wp-content\/uploads\/2019\/09\/71515159_2350648155056650_9035599803295203328_n-300x233.jpg 300w, https:\/\/cbbenicarlo.com\/wp-content\/uploads\/2019\/09\/71515159_2350648155056650_9035599803295203328_n-768x595.jpg 768w, https:\/\/cbbenicarlo.com\/wp-content\/uploads\/2019\/09\/71515159_2350648155056650_9035599803295203328_n-128x99.jpg 128w, https:\/\/cbbenicarlo.com\/wp-content\/uploads\/2019\/09\/71515159_2350648155056650_9035599803295203328_n-32x25.jpg 32w\" sizes=\"(max-width: 960px) 100vw, 960px\" \/><\/figure>\n","protected":false},"excerpt":{"rendered":"<p>Valencia Basket B 99 VS 54 C.B.Benicarl\u00f3 A Partido contra un aut\u00e9ntico equipazo que va intentar luchar por entrar a Final four de la comunidad valenciana. En la primera parte estuvimos muy bien, intensos y acertados en en el tiro, llegando a ir 18 abajo al final del 2 cuarto. En la segunda parte la diferencia f\u00edsica y de ritmo se nota y se van en el marcador.A\u00fan as\u00ed hay que estar contentos de jugar contra gente de este nivel.#cbbenicarlo2019_20#cbbenicarlo2019_20infantilA#EndavantEsport#JuntsSomM\u00e9sForts#CSEscenarioDeportivoAjuntament de Benicarl\u00f3&nbsp;DipuEsport Castell\u00f3&nbsp;Diputaci\u00f3 de Castell\u00f3&nbsp;Club B\u00e0squet Benicarl\u00f3&nbsp;Villarreal CF&nbsp;Ajuntament de Benicarl\u00f3 Regidoria DEsports&nbsp;Federaci\u00f3n Baloncesto Comunidad Valenciana&nbsp;BENICARL\u00d3&nbsp;Valencia Basket Club<\/p>\n","protected":false},"author":1,"featured_media":0,"comment_status":"closed","ping_status":"open","sticky":false,"template":"","format":"standard","meta":{"_eb_attr":""},"categories":[4],"tags":[],"yoast_head":"<!-- This site is optimized with the Yoast SEO plugin v21.1 - https:\/\/yoast.com\/wordpress\/plugins\/seo\/ -->\n<title>Infantil A pretemporada | Club Basquet Benicarl\u00f3<\/title>\n<meta name=\"robots\" content=\"index, follow, max-snippet:-1, max-image-preview:large, max-video-preview:-1\" \/>\n<link rel=\"canonical\" href=\"https:\/\/cbbenicarlo.com\/?p=462\" \/>\n<meta property=\"og:locale\" content=\"es_ES\" \/>\n<meta property=\"og:type\" content=\"article\" \/>\n<meta property=\"og:title\" content=\"Infantil A pretemporada | Club Basquet Benicarl\u00f3\" \/>\n<meta property=\"og:description\" content=\"Valencia Basket B 99 VS 54 C.B.Benicarl\u00f3 A Partido contra un aut\u00e9ntico equipazo que va intentar luchar por entrar a Final four de la comunidad valenciana. En la primera parte estuvimos muy bien, intensos y acertados en en el tiro, llegando a ir 18 abajo al final del 2 cuarto. En la segunda parte la diferencia f\u00edsica y de ritmo se nota y se van en el marcador.A\u00fan as\u00ed hay que estar contentos de jugar contra gente de este nivel.#cbbenicarlo2019_20#cbbenicarlo2019_20infantilA#EndavantEsport#JuntsSomM\u00e9sForts#CSEscenarioDeportivoAjuntament de Benicarl\u00f3&nbsp;DipuEsport Castell\u00f3&nbsp;Diputaci\u00f3 de Castell\u00f3&nbsp;Club B\u00e0squet Benicarl\u00f3&nbsp;Villarreal CF&nbsp;Ajuntament de Benicarl\u00f3 Regidoria DEsports&nbsp;Federaci\u00f3n Baloncesto Comunidad Valenciana&nbsp;BENICARL\u00d3&nbsp;Valencia Basket Club\" \/>\n<meta property=\"og:url\" content=\"https:\/\/cbbenicarlo.com\/?p=462\" \/>\n<meta property=\"og:site_name\" content=\"Club Basquet Benicarl\u00f3\" \/>\n<meta property=\"article:published_time\" content=\"2019-09-23T15:43:31+00:00\" \/>\n<meta property=\"article:modified_time\" content=\"2022-06-06T17:36:25+00:00\" \/>\n<meta property=\"og:image\" content=\"http:\/\/cbbenicarlo.com\/wp-content\/uploads\/2019\/09\/71515159_2350648155056650_9035599803295203328_n.jpg\" \/>\n<meta name=\"author\" content=\"Club B\u00e0squet Benicarl\u00f3\" \/>\n<meta name=\"twitter:card\" content=\"summary_large_image\" \/>\n<meta name=\"twitter:label1\" content=\"Escrito por\" \/>\n\t<meta name=\"twitter:data1\" content=\"Club B\u00e0squet Benicarl\u00f3\" \/>\n\t<meta name=\"twitter:label2\" content=\"Tiempo de lectura\" \/>\n\t<meta name=\"twitter:data2\" content=\"1 minuto\" \/>\n<script type=\"application\/ld+json\" class=\"yoast-schema-graph\">{\"@context\":\"https:\/\/schema.org\",\"@graph\":[{\"@type\":\"Article\",\"@id\":\"https:\/\/cbbenicarlo.com\/?p=462#article\",\"isPartOf\":{\"@id\":\"https:\/\/cbbenicarlo.com\/?p=462\"},\"author\":{\"name\":\"Club B\u00e0squet Benicarl\u00f3\",\"@id\":\"https:\/\/cbbenicarlo.com\/#\/schema\/person\/200a6bea92870b7adeb1a5c755a793f2\"},\"headline\":\"Infantil A pretemporada\",\"datePublished\":\"2019-09-23T15:43:31+00:00\",\"dateModified\":\"2022-06-06T17:36:25+00:00\",\"mainEntityOfPage\":{\"@id\":\"https:\/\/cbbenicarlo.com\/?p=462\"},\"wordCount\":128,\"publisher\":{\"@id\":\"https:\/\/cbbenicarlo.com\/#organization\"},\"articleSection\":[\"Equipos Base\"],\"inLanguage\":\"es\"},{\"@type\":\"WebPage\",\"@id\":\"https:\/\/cbbenicarlo.com\/?p=462\",\"url\":\"https:\/\/cbbenicarlo.com\/?p=462\",\"name\":\"Infantil A pretemporada | Club Basquet Benicarl\u00f3\",\"isPartOf\":{\"@id\":\"https:\/\/cbbenicarlo.com\/#website\"},\"datePublished\":\"2019-09-23T15:43:31+00:00\",\"dateModified\":\"2022-06-06T17:36:25+00:00\",\"breadcrumb\":{\"@id\":\"https:\/\/cbbenicarlo.com\/?p=462#breadcrumb\"},\"inLanguage\":\"es\",\"potentialAction\":[{\"@type\":\"ReadAction\",\"target\":[\"https:\/\/cbbenicarlo.com\/?p=462\"]}]},{\"@type\":\"BreadcrumbList\",\"@id\":\"https:\/\/cbbenicarlo.com\/?p=462#breadcrumb\",\"itemListElement\":[{\"@type\":\"ListItem\",\"position\":1,\"name\":\"Portada\",\"item\":\"https:\/\/cbbenicarlo.com\/\"},{\"@type\":\"ListItem\",\"position\":2,\"name\":\"Infantil A pretemporada\"}]},{\"@type\":\"WebSite\",\"@id\":\"https:\/\/cbbenicarlo.com\/#website\",\"url\":\"https:\/\/cbbenicarlo.com\/\",\"name\":\"Club Basquet Benicarl\u00f3\",\"description\":\"P\u00e1gina Web Oficial\",\"publisher\":{\"@id\":\"https:\/\/cbbenicarlo.com\/#organization\"},\"potentialAction\":[{\"@type\":\"SearchAction\",\"target\":{\"@type\":\"EntryPoint\",\"urlTemplate\":\"https:\/\/cbbenicarlo.com\/?s={search_term_string}\"},\"query-input\":\"required name=search_term_string\"}],\"inLanguage\":\"es\"},{\"@type\":\"Organization\",\"@id\":\"https:\/\/cbbenicarlo.com\/#organization\",\"name\":\"Club B\u00e0squet Benicarl\u00f3\",\"url\":\"https:\/\/cbbenicarlo.com\/\",\"logo\":{\"@type\":\"ImageObject\",\"inLanguage\":\"es\",\"@id\":\"https:\/\/cbbenicarlo.com\/#\/schema\/logo\/image\/\",\"url\":\"https:\/\/cbbenicarlo.com\/wp-content\/uploads\/2022\/05\/cropped-cropped-cropped-CBBENICARLO2021-22-2.png\",\"contentUrl\":\"https:\/\/cbbenicarlo.com\/wp-content\/uploads\/2022\/05\/cropped-cropped-cropped-CBBENICARLO2021-22-2.png\",\"width\":512,\"height\":512,\"caption\":\"Club B\u00e0squet Benicarl\u00f3\"},\"image\":{\"@id\":\"https:\/\/cbbenicarlo.com\/#\/schema\/logo\/image\/\"}},{\"@type\":\"Person\",\"@id\":\"https:\/\/cbbenicarlo.com\/#\/schema\/person\/200a6bea92870b7adeb1a5c755a793f2\",\"name\":\"Club B\u00e0squet Benicarl\u00f3\",\"image\":{\"@type\":\"ImageObject\",\"inLanguage\":\"es\",\"@id\":\"https:\/\/cbbenicarlo.com\/#\/schema\/person\/image\/\",\"url\":\"https:\/\/secure.gravatar.com\/avatar\/8aed305f961a70f8934d4ba794f3527a?s=96&d=mm&r=g\",\"contentUrl\":\"https:\/\/secure.gravatar.com\/avatar\/8aed305f961a70f8934d4ba794f3527a?s=96&d=mm&r=g\",\"caption\":\"Club B\u00e0squet Benicarl\u00f3\"},\"url\":\"https:\/\/cbbenicarlo.com\/?author=1\"}]}<\/script>\n<!-- \/ Yoast SEO plugin. -->","yoast_head_json":{"title":"Infantil A pretemporada | Club Basquet Benicarl\u00f3","robots":{"index":"index","follow":"follow","max-snippet":"max-snippet:-1","max-image-preview":"max-image-preview:large","max-video-preview":"max-video-preview:-1"},"canonical":"https:\/\/cbbenicarlo.com\/?p=462","og_locale":"es_ES","og_type":"article","og_title":"Infantil A pretemporada | Club Basquet Benicarl\u00f3","og_description":"Valencia Basket B 99 VS 54 C.B.Benicarl\u00f3 A Partido contra un aut\u00e9ntico equipazo que va intentar luchar por entrar a Final four de la comunidad valenciana. En la primera parte estuvimos muy bien, intensos y acertados en en el tiro, llegando a ir 18 abajo al final del 2 cuarto. En la segunda parte la diferencia f\u00edsica y de ritmo se nota y se van en el marcador.A\u00fan as\u00ed hay que estar contentos de jugar contra gente de este nivel.#cbbenicarlo2019_20#cbbenicarlo2019_20infantilA#EndavantEsport#JuntsSomM\u00e9sForts#CSEscenarioDeportivoAjuntament de Benicarl\u00f3&nbsp;DipuEsport Castell\u00f3&nbsp;Diputaci\u00f3 de Castell\u00f3&nbsp;Club B\u00e0squet Benicarl\u00f3&nbsp;Villarreal CF&nbsp;Ajuntament de Benicarl\u00f3 Regidoria DEsports&nbsp;Federaci\u00f3n Baloncesto Comunidad Valenciana&nbsp;BENICARL\u00d3&nbsp;Valencia Basket Club","og_url":"https:\/\/cbbenicarlo.com\/?p=462","og_site_name":"Club Basquet Benicarl\u00f3","article_published_time":"2019-09-23T15:43:31+00:00","article_modified_time":"2022-06-06T17:36:25+00:00","og_image":[{"url":"http:\/\/cbbenicarlo.com\/wp-content\/uploads\/2019\/09\/71515159_2350648155056650_9035599803295203328_n.jpg"}],"author":"Club B\u00e0squet Benicarl\u00f3","twitter_card":"summary_large_image","twitter_misc":{"Escrito por":"Club B\u00e0squet Benicarl\u00f3","Tiempo de lectura":"1 minuto"},"schema":{"@context":"https:\/\/schema.org","@graph":[{"@type":"Article","@id":"https:\/\/cbbenicarlo.com\/?p=462#article","isPartOf":{"@id":"https:\/\/cbbenicarlo.com\/?p=462"},"author":{"name":"Club B\u00e0squet Benicarl\u00f3","@id":"https:\/\/cbbenicarlo.com\/#\/schema\/person\/200a6bea92870b7adeb1a5c755a793f2"},"headline":"Infantil A pretemporada","datePublished":"2019-09-23T15:43:31+00:00","dateModified":"2022-06-06T17:36:25+00:00","mainEntityOfPage":{"@id":"https:\/\/cbbenicarlo.com\/?p=462"},"wordCount":128,"publisher":{"@id":"https:\/\/cbbenicarlo.com\/#organization"},"articleSection":["Equipos Base"],"inLanguage":"es"},{"@type":"WebPage","@id":"https:\/\/cbbenicarlo.com\/?p=462","url":"https:\/\/cbbenicarlo.com\/?p=462","name":"Infantil A pretemporada | Club Basquet Benicarl\u00f3","isPartOf":{"@id":"https:\/\/cbbenicarlo.com\/#website"},"datePublished":"2019-09-23T15:43:31+00:00","dateModified":"2022-06-06T17:36:25+00:00","breadcrumb":{"@id":"https:\/\/cbbenicarlo.com\/?p=462#breadcrumb"},"inLanguage":"es","potentialAction":[{"@type":"ReadAction","target":["https:\/\/cbbenicarlo.com\/?p=462"]}]},{"@type":"BreadcrumbList","@id":"https:\/\/cbbenicarlo.com\/?p=462#breadcrumb","itemListElement":[{"@type":"ListItem","position":1,"name":"Portada","item":"https:\/\/cbbenicarlo.com\/"},{"@type":"ListItem","position":2,"name":"Infantil A pretemporada"}]},{"@type":"WebSite","@id":"https:\/\/cbbenicarlo.com\/#website","url":"https:\/\/cbbenicarlo.com\/","name":"Club Basquet Benicarl\u00f3","description":"P\u00e1gina Web Oficial","publisher":{"@id":"https:\/\/cbbenicarlo.com\/#organization"},"potentialAction":[{"@type":"SearchAction","target":{"@type":"EntryPoint","urlTemplate":"https:\/\/cbbenicarlo.com\/?s={search_term_string}"},"query-input":"required name=search_term_string"}],"inLanguage":"es"},{"@type":"Organization","@id":"https:\/\/cbbenicarlo.com\/#organization","name":"Club B\u00e0squet Benicarl\u00f3","url":"https:\/\/cbbenicarlo.com\/","logo":{"@type":"ImageObject","inLanguage":"es","@id":"https:\/\/cbbenicarlo.com\/#\/schema\/logo\/image\/","url":"https:\/\/cbbenicarlo.com\/wp-content\/uploads\/2022\/05\/cropped-cropped-cropped-CBBENICARLO2021-22-2.png","contentUrl":"https:\/\/cbbenicarlo.com\/wp-content\/uploads\/2022\/05\/cropped-cropped-cropped-CBBENICARLO2021-22-2.png","width":512,"height":512,"caption":"Club B\u00e0squet Benicarl\u00f3"},"image":{"@id":"https:\/\/cbbenicarlo.com\/#\/schema\/logo\/image\/"}},{"@type":"Person","@id":"https:\/\/cbbenicarlo.com\/#\/schema\/person\/200a6bea92870b7adeb1a5c755a793f2","name":"Club B\u00e0squet Benicarl\u00f3","image":{"@type":"ImageObject","inLanguage":"es","@id":"https:\/\/cbbenicarlo.com\/#\/schema\/person\/image\/","url":"https:\/\/secure.gravatar.com\/avatar\/8aed305f961a70f8934d4ba794f3527a?s=96&d=mm&r=g","contentUrl":"https:\/\/secure.gravatar.com\/avatar\/8aed305f961a70f8934d4ba794f3527a?s=96&d=mm&r=g","caption":"Club B\u00e0squet Benicarl\u00f3"},"url":"https:\/\/cbbenicarlo.com\/?author=1"}]}},"_links":{"self":[{"href":"https:\/\/cbbenicarlo.com\/index.php?rest_route=\/wp\/v2\/posts\/462"}],"collection":[{"href":"https:\/\/cbbenicarlo.com\/index.php?rest_route=\/wp\/v2\/posts"}],"about":[{"href":"https:\/\/cbbenicarlo.com\/index.php?rest_route=\/wp\/v2\/types\/post"}],"author":[{"embeddable":true,"href":"https:\/\/cbbenicarlo.com\/index.php?rest_route=\/wp\/v2\/users\/1"}],"replies":[{"embeddable":true,"href":"https:\/\/cbbenicarlo.com\/index.php?rest_route=%2Fwp%2Fv2%2Fcomments&post=462"}],"version-history":[{"count":1,"href":"https:\/\/cbbenicarlo.com\/index.php?rest_route=\/wp\/v2\/posts\/462\/revisions"}],"predecessor-version":[{"id":464,"href":"https:\/\/cbbenicarlo.com\/index.php?rest_route=\/wp\/v2\/posts\/462\/revisions\/464"}],"wp:attachment":[{"href":"https:\/\/cbbenicarlo.com\/index.php?rest_route=%2Fwp%2Fv2%2Fmedia&parent=462"}],"wp:term":[{"taxonomy":"category","embeddable":true,"href":"https:\/\/cbbenicarlo.com\/index.php?rest_route=%2Fwp%2Fv2%2Fcategories&post=462"},{"taxonomy":"post_tag","embeddable":true,"href":"https:\/\/cbbenicarlo.com\/index.php?rest_route=%2Fwp%2Fv2%2Ftags&post=462"}],"curies":[{"name":"wp","href":"https:\/\/api.w.org\/{rel}","templated":true}]}}