{"id":414,"date":"2019-09-21T20:37:46","date_gmt":"2019-09-21T18:37:46","guid":{"rendered":"http:\/\/cbbenicarlo.com\/?p=414"},"modified":"2022-06-06T19:36:25","modified_gmt":"2022-06-06T17:36:25","slug":"infantil-c-pretemporada","status":"publish","type":"post","link":"https:\/\/cbbenicarlo.com\/?p=414","title":{"rendered":"Infantil C pretemporada"},"content":{"rendered":"\n<p>Segundo partido de pretemporada contra el CB Rapitenc donde el equipo local impuso su experiencia y su calidad desde el principio hasta el final. Destacar el trabajo de nuestros jugadores, sus ganas de aprender, mejorar y crecer trabajando. Pese al marcador en contra, nuestros jugadores no bajaron los brazos y continuaron mejorando y aplicando lo que se est\u00e1 trabajando entreno tras entreno. Mas minutos para conocernos, coordinarnos y llegar a ser un&nbsp;grupo muy fuerte y dif\u00edcil de ganar. Visca el Infantil Masculino basquet Rojo&nbsp;\ud83d\udd34\u26aa.<\/p>\n\n\n\n<p><a href=\"https:\/\/www.facebook.com\/hashtag\/cbbenicarlo2019_20?source=feed_text&amp;epa=HASHTAG&amp;__xts__%5B0%5D=68.ARCxURDSpDyKlkxYirMOT3uPHFrMVNb1CFedJLrDrL_rDe_Wp2VK6rb_Ge1iU80bJKjuL21UsSGTs45Ll1Gd-42XIPQIzesGtQVDZFuzbUZ9_nyoLK-GtQiwlvUfwhp82yiCohnvAwUMqtZPsdmYjOO4c3FBicbKvZ3h6yCFqOsJedzP5IrX8EJ5-zaQvq-fZqHBfU0pUrk286s3Q2b5YBhHVvhmJXjOj94HUpi0S4_x7qrVmDvkCxvv3JpP_Xt2BaAssMywQYdPCacHDBOZKQw36HuVMjnXSrsrnpSTBsRxnYbVntAAnOmDguf9a_IlPwOFG9WWz4_pJoCsfp7ImFz51NAI&amp;__tn__=%2ANK-R\">#cbbenicarlo2019_20<\/a><br><a href=\"https:\/\/www.facebook.com\/hashtag\/cbbenicarlo2019_20infantilc?source=feed_text&amp;epa=HASHTAG&amp;__xts__%5B0%5D=68.ARCxURDSpDyKlkxYirMOT3uPHFrMVNb1CFedJLrDrL_rDe_Wp2VK6rb_Ge1iU80bJKjuL21UsSGTs45Ll1Gd-42XIPQIzesGtQVDZFuzbUZ9_nyoLK-GtQiwlvUfwhp82yiCohnvAwUMqtZPsdmYjOO4c3FBicbKvZ3h6yCFqOsJedzP5IrX8EJ5-zaQvq-fZqHBfU0pUrk286s3Q2b5YBhHVvhmJXjOj94HUpi0S4_x7qrVmDvkCxvv3JpP_Xt2BaAssMywQYdPCacHDBOZKQw36HuVMjnXSrsrnpSTBsRxnYbVntAAnOmDguf9a_IlPwOFG9WWz4_pJoCsfp7ImFz51NAI&amp;__tn__=%2ANK-R\">#cbbenicarlo2019_20infantilC<\/a><br><a href=\"https:\/\/www.facebook.com\/hashtag\/endavantesport?source=feed_text&amp;epa=HASHTAG&amp;__xts__%5B0%5D=68.ARCxURDSpDyKlkxYirMOT3uPHFrMVNb1CFedJLrDrL_rDe_Wp2VK6rb_Ge1iU80bJKjuL21UsSGTs45Ll1Gd-42XIPQIzesGtQVDZFuzbUZ9_nyoLK-GtQiwlvUfwhp82yiCohnvAwUMqtZPsdmYjOO4c3FBicbKvZ3h6yCFqOsJedzP5IrX8EJ5-zaQvq-fZqHBfU0pUrk286s3Q2b5YBhHVvhmJXjOj94HUpi0S4_x7qrVmDvkCxvv3JpP_Xt2BaAssMywQYdPCacHDBOZKQw36HuVMjnXSrsrnpSTBsRxnYbVntAAnOmDguf9a_IlPwOFG9WWz4_pJoCsfp7ImFz51NAI&amp;__tn__=%2ANK-R\">#EndavantEsport<\/a><br><a href=\"https:\/\/www.facebook.com\/hashtag\/juntssomm%C3%A9sforts?source=feed_text&amp;epa=HASHTAG&amp;__xts__%5B0%5D=68.ARCxURDSpDyKlkxYirMOT3uPHFrMVNb1CFedJLrDrL_rDe_Wp2VK6rb_Ge1iU80bJKjuL21UsSGTs45Ll1Gd-42XIPQIzesGtQVDZFuzbUZ9_nyoLK-GtQiwlvUfwhp82yiCohnvAwUMqtZPsdmYjOO4c3FBicbKvZ3h6yCFqOsJedzP5IrX8EJ5-zaQvq-fZqHBfU0pUrk286s3Q2b5YBhHVvhmJXjOj94HUpi0S4_x7qrVmDvkCxvv3JpP_Xt2BaAssMywQYdPCacHDBOZKQw36HuVMjnXSrsrnpSTBsRxnYbVntAAnOmDguf9a_IlPwOFG9WWz4_pJoCsfp7ImFz51NAI&amp;__tn__=%2ANK-R\">#JuntsSomM\u00e9sForts<\/a><br><a href=\"https:\/\/www.facebook.com\/hashtag\/csescenariodeportivo?source=feed_text&amp;epa=HASHTAG&amp;__xts__%5B0%5D=68.ARCxURDSpDyKlkxYirMOT3uPHFrMVNb1CFedJLrDrL_rDe_Wp2VK6rb_Ge1iU80bJKjuL21UsSGTs45Ll1Gd-42XIPQIzesGtQVDZFuzbUZ9_nyoLK-GtQiwlvUfwhp82yiCohnvAwUMqtZPsdmYjOO4c3FBicbKvZ3h6yCFqOsJedzP5IrX8EJ5-zaQvq-fZqHBfU0pUrk286s3Q2b5YBhHVvhmJXjOj94HUpi0S4_x7qrVmDvkCxvv3JpP_Xt2BaAssMywQYdPCacHDBOZKQw36HuVMjnXSrsrnpSTBsRxnYbVntAAnOmDguf9a_IlPwOFG9WWz4_pJoCsfp7ImFz51NAI&amp;__tn__=%2ANK-R\">#CSEscenarioDeportivo<\/a><\/p>\n\n\n\n<p><a href=\"https:\/\/www.facebook.com\/ajuntamentdebenicarlo\/?__xts__%5B0%5D=68.ARBu2Yi4BKLftraSaXWUtZEg_ueeWhdG6dfXQJkBs7C8vcBhoSQY_R8jWgxyJ6a6v4Fa3rlgY5vDoHYuMfxKpzBsp2X4TBYqORirHRqUsDJMJcQ0Hxpcq8QKe-80CK3TmLmbxEh15xSka_MHfWln4DRpYCGHrrbvaDHj1PVWHhi-DKCPPQMVjIViYGMWQI29E7HQLAHZoZlDPKp0XoQMvQ9aGfZftpyQArFAhalcPlH7-UiJZiaejBOMuFNC4wE7l0xz5tLsnn9VCRhiw1qZAmr3Till_X2Ebx7fm3p8fpTuV7rXkRrvlNOMdDv0mGPpxBpYmsUHSuTHz4qBWSlKfeOAkI1ay4NmYCYaJ7_eqSNhv9S_Q6USsASILg&amp;__xts__%5B1%5D=68.ARCxURDSpDyKlkxYirMOT3uPHFrMVNb1CFedJLrDrL_rDe_Wp2VK6rb_Ge1iU80bJKjuL21UsSGTs45Ll1Gd-42XIPQIzesGtQVDZFuzbUZ9_nyoLK-GtQiwlvUfwhp82yiCohnvAwUMqtZPsdmYjOO4c3FBicbKvZ3h6yCFqOsJedzP5IrX8EJ5-zaQvq-fZqHBfU0pUrk286s3Q2b5YBhHVvhmJXjOj94HUpi0S4_x7qrVmDvkCxvv3JpP_Xt2BaAssMywQYdPCacHDBOZKQw36HuVMjnXSrsrnpSTBsRxnYbVntAAnOmDguf9a_IlPwOFG9WWz4_pJoCsfp7ImFz51NAI&amp;__tn__=K-R&amp;eid=ARBJSAoha4Q-1lr8COZSKxyQPsoL37CAvbj2sifROnIiHZU_OImbq0gV-V8QO1w0Ih5KXICXjCcWUBA3&amp;fref=mentions\">Ajuntament de Benicarl\u00f3<\/a>&nbsp;<a href=\"https:\/\/www.facebook.com\/esports.benicarlo\/?__xts__%5B0%5D=68.ARBu2Yi4BKLftraSaXWUtZEg_ueeWhdG6dfXQJkBs7C8vcBhoSQY_R8jWgxyJ6a6v4Fa3rlgY5vDoHYuMfxKpzBsp2X4TBYqORirHRqUsDJMJcQ0Hxpcq8QKe-80CK3TmLmbxEh15xSka_MHfWln4DRpYCGHrrbvaDHj1PVWHhi-DKCPPQMVjIViYGMWQI29E7HQLAHZoZlDPKp0XoQMvQ9aGfZftpyQArFAhalcPlH7-UiJZiaejBOMuFNC4wE7l0xz5tLsnn9VCRhiw1qZAmr3Till_X2Ebx7fm3p8fpTuV7rXkRrvlNOMdDv0mGPpxBpYmsUHSuTHz4qBWSlKfeOAkI1ay4NmYCYaJ7_eqSNhv9S_Q6USsASILg&amp;__xts__%5B1%5D=68.ARCxURDSpDyKlkxYirMOT3uPHFrMVNb1CFedJLrDrL_rDe_Wp2VK6rb_Ge1iU80bJKjuL21UsSGTs45Ll1Gd-42XIPQIzesGtQVDZFuzbUZ9_nyoLK-GtQiwlvUfwhp82yiCohnvAwUMqtZPsdmYjOO4c3FBicbKvZ3h6yCFqOsJedzP5IrX8EJ5-zaQvq-fZqHBfU0pUrk286s3Q2b5YBhHVvhmJXjOj94HUpi0S4_x7qrVmDvkCxvv3JpP_Xt2BaAssMywQYdPCacHDBOZKQw36HuVMjnXSrsrnpSTBsRxnYbVntAAnOmDguf9a_IlPwOFG9WWz4_pJoCsfp7ImFz51NAI&amp;__tn__=K-R&amp;eid=ARB7ifzH9jooyc--TLBTJ1zsShDdCE8-eHGTHcxzmwmSOHgZdCdG2bSLwZwqv3hDYG-aA9KdSJJ9Xp-w&amp;fref=mentions\">Ajuntament de Benicarl\u00f3 Regidoria DEsports<\/a>&nbsp;<a href=\"https:\/\/www.facebook.com\/dipuesport\/?__xts__%5B0%5D=68.ARBu2Yi4BKLftraSaXWUtZEg_ueeWhdG6dfXQJkBs7C8vcBhoSQY_R8jWgxyJ6a6v4Fa3rlgY5vDoHYuMfxKpzBsp2X4TBYqORirHRqUsDJMJcQ0Hxpcq8QKe-80CK3TmLmbxEh15xSka_MHfWln4DRpYCGHrrbvaDHj1PVWHhi-DKCPPQMVjIViYGMWQI29E7HQLAHZoZlDPKp0XoQMvQ9aGfZftpyQArFAhalcPlH7-UiJZiaejBOMuFNC4wE7l0xz5tLsnn9VCRhiw1qZAmr3Till_X2Ebx7fm3p8fpTuV7rXkRrvlNOMdDv0mGPpxBpYmsUHSuTHz4qBWSlKfeOAkI1ay4NmYCYaJ7_eqSNhv9S_Q6USsASILg&amp;__xts__%5B1%5D=68.ARCxURDSpDyKlkxYirMOT3uPHFrMVNb1CFedJLrDrL_rDe_Wp2VK6rb_Ge1iU80bJKjuL21UsSGTs45Ll1Gd-42XIPQIzesGtQVDZFuzbUZ9_nyoLK-GtQiwlvUfwhp82yiCohnvAwUMqtZPsdmYjOO4c3FBicbKvZ3h6yCFqOsJedzP5IrX8EJ5-zaQvq-fZqHBfU0pUrk286s3Q2b5YBhHVvhmJXjOj94HUpi0S4_x7qrVmDvkCxvv3JpP_Xt2BaAssMywQYdPCacHDBOZKQw36HuVMjnXSrsrnpSTBsRxnYbVntAAnOmDguf9a_IlPwOFG9WWz4_pJoCsfp7ImFz51NAI&amp;__tn__=K-R&amp;eid=ARBTKFx3HMfYs1CmvCSbSVs2PGyWVelbxv5otNqcIgVdAi63MLdhNnesaZNQlwWoGAPdlVISUWiybE9w&amp;fref=mentions\">DipuEsport Castell\u00f3<\/a>&nbsp;<a href=\"https:\/\/www.facebook.com\/dipcas\/?__xts__%5B0%5D=68.ARBu2Yi4BKLftraSaXWUtZEg_ueeWhdG6dfXQJkBs7C8vcBhoSQY_R8jWgxyJ6a6v4Fa3rlgY5vDoHYuMfxKpzBsp2X4TBYqORirHRqUsDJMJcQ0Hxpcq8QKe-80CK3TmLmbxEh15xSka_MHfWln4DRpYCGHrrbvaDHj1PVWHhi-DKCPPQMVjIViYGMWQI29E7HQLAHZoZlDPKp0XoQMvQ9aGfZftpyQArFAhalcPlH7-UiJZiaejBOMuFNC4wE7l0xz5tLsnn9VCRhiw1qZAmr3Till_X2Ebx7fm3p8fpTuV7rXkRrvlNOMdDv0mGPpxBpYmsUHSuTHz4qBWSlKfeOAkI1ay4NmYCYaJ7_eqSNhv9S_Q6USsASILg&amp;__xts__%5B1%5D=68.ARCxURDSpDyKlkxYirMOT3uPHFrMVNb1CFedJLrDrL_rDe_Wp2VK6rb_Ge1iU80bJKjuL21UsSGTs45Ll1Gd-42XIPQIzesGtQVDZFuzbUZ9_nyoLK-GtQiwlvUfwhp82yiCohnvAwUMqtZPsdmYjOO4c3FBicbKvZ3h6yCFqOsJedzP5IrX8EJ5-zaQvq-fZqHBfU0pUrk286s3Q2b5YBhHVvhmJXjOj94HUpi0S4_x7qrVmDvkCxvv3JpP_Xt2BaAssMywQYdPCacHDBOZKQw36HuVMjnXSrsrnpSTBsRxnYbVntAAnOmDguf9a_IlPwOFG9WWz4_pJoCsfp7ImFz51NAI&amp;__tn__=K-R&amp;eid=ARCyLQd5RqoCeeBLQ5QjSs-dECKq33X1mlHQ85nGzFsBJfoyJZzUpkg8DwzDUdbgcIZgb09sk50Rs1aR&amp;fref=mentions\">Diputaci\u00f3 de Castell\u00f3<\/a>&nbsp;<a href=\"https:\/\/www.facebook.com\/villarrealcf\/?__xts__%5B0%5D=68.ARBu2Yi4BKLftraSaXWUtZEg_ueeWhdG6dfXQJkBs7C8vcBhoSQY_R8jWgxyJ6a6v4Fa3rlgY5vDoHYuMfxKpzBsp2X4TBYqORirHRqUsDJMJcQ0Hxpcq8QKe-80CK3TmLmbxEh15xSka_MHfWln4DRpYCGHrrbvaDHj1PVWHhi-DKCPPQMVjIViYGMWQI29E7HQLAHZoZlDPKp0XoQMvQ9aGfZftpyQArFAhalcPlH7-UiJZiaejBOMuFNC4wE7l0xz5tLsnn9VCRhiw1qZAmr3Till_X2Ebx7fm3p8fpTuV7rXkRrvlNOMdDv0mGPpxBpYmsUHSuTHz4qBWSlKfeOAkI1ay4NmYCYaJ7_eqSNhv9S_Q6USsASILg&amp;__xts__%5B1%5D=68.ARCxURDSpDyKlkxYirMOT3uPHFrMVNb1CFedJLrDrL_rDe_Wp2VK6rb_Ge1iU80bJKjuL21UsSGTs45Ll1Gd-42XIPQIzesGtQVDZFuzbUZ9_nyoLK-GtQiwlvUfwhp82yiCohnvAwUMqtZPsdmYjOO4c3FBicbKvZ3h6yCFqOsJedzP5IrX8EJ5-zaQvq-fZqHBfU0pUrk286s3Q2b5YBhHVvhmJXjOj94HUpi0S4_x7qrVmDvkCxvv3JpP_Xt2BaAssMywQYdPCacHDBOZKQw36HuVMjnXSrsrnpSTBsRxnYbVntAAnOmDguf9a_IlPwOFG9WWz4_pJoCsfp7ImFz51NAI&amp;__tn__=K-R&amp;eid=ARAHuT_12C1PaZb40goDAB39n-Qa1ItcBg7b4khtwHQMksm0iU9I14QpTWUdlRJgSNwPDMj_xxCxI34W&amp;fref=mentions\">Villarreal CF<\/a>&nbsp;<a href=\"https:\/\/www.facebook.com\/cbbenicarlo\/?__xts__%5B0%5D=68.ARBu2Yi4BKLftraSaXWUtZEg_ueeWhdG6dfXQJkBs7C8vcBhoSQY_R8jWgxyJ6a6v4Fa3rlgY5vDoHYuMfxKpzBsp2X4TBYqORirHRqUsDJMJcQ0Hxpcq8QKe-80CK3TmLmbxEh15xSka_MHfWln4DRpYCGHrrbvaDHj1PVWHhi-DKCPPQMVjIViYGMWQI29E7HQLAHZoZlDPKp0XoQMvQ9aGfZftpyQArFAhalcPlH7-UiJZiaejBOMuFNC4wE7l0xz5tLsnn9VCRhiw1qZAmr3Till_X2Ebx7fm3p8fpTuV7rXkRrvlNOMdDv0mGPpxBpYmsUHSuTHz4qBWSlKfeOAkI1ay4NmYCYaJ7_eqSNhv9S_Q6USsASILg&amp;__xts__%5B1%5D=68.ARCxURDSpDyKlkxYirMOT3uPHFrMVNb1CFedJLrDrL_rDe_Wp2VK6rb_Ge1iU80bJKjuL21UsSGTs45Ll1Gd-42XIPQIzesGtQVDZFuzbUZ9_nyoLK-GtQiwlvUfwhp82yiCohnvAwUMqtZPsdmYjOO4c3FBicbKvZ3h6yCFqOsJedzP5IrX8EJ5-zaQvq-fZqHBfU0pUrk286s3Q2b5YBhHVvhmJXjOj94HUpi0S4_x7qrVmDvkCxvv3JpP_Xt2BaAssMywQYdPCacHDBOZKQw36HuVMjnXSrsrnpSTBsRxnYbVntAAnOmDguf9a_IlPwOFG9WWz4_pJoCsfp7ImFz51NAI&amp;__tn__=K-R&amp;eid=ARB0nGcT6WrO89osl7Un5e92dBGtXYg4Y_ZqzzcfdkzXnG_zkhyhtpWS-JmQviiUBn34OIsS2OZUadNp&amp;fref=mentions\">Club B\u00e0squet Benicarl\u00f3<\/a>&nbsp;<a href=\"https:\/\/www.facebook.com\/fedbaloncestocv\/?__xts__%5B0%5D=68.ARBu2Yi4BKLftraSaXWUtZEg_ueeWhdG6dfXQJkBs7C8vcBhoSQY_R8jWgxyJ6a6v4Fa3rlgY5vDoHYuMfxKpzBsp2X4TBYqORirHRqUsDJMJcQ0Hxpcq8QKe-80CK3TmLmbxEh15xSka_MHfWln4DRpYCGHrrbvaDHj1PVWHhi-DKCPPQMVjIViYGMWQI29E7HQLAHZoZlDPKp0XoQMvQ9aGfZftpyQArFAhalcPlH7-UiJZiaejBOMuFNC4wE7l0xz5tLsnn9VCRhiw1qZAmr3Till_X2Ebx7fm3p8fpTuV7rXkRrvlNOMdDv0mGPpxBpYmsUHSuTHz4qBWSlKfeOAkI1ay4NmYCYaJ7_eqSNhv9S_Q6USsASILg&amp;__xts__%5B1%5D=68.ARCxURDSpDyKlkxYirMOT3uPHFrMVNb1CFedJLrDrL_rDe_Wp2VK6rb_Ge1iU80bJKjuL21UsSGTs45Ll1Gd-42XIPQIzesGtQVDZFuzbUZ9_nyoLK-GtQiwlvUfwhp82yiCohnvAwUMqtZPsdmYjOO4c3FBicbKvZ3h6yCFqOsJedzP5IrX8EJ5-zaQvq-fZqHBfU0pUrk286s3Q2b5YBhHVvhmJXjOj94HUpi0S4_x7qrVmDvkCxvv3JpP_Xt2BaAssMywQYdPCacHDBOZKQw36HuVMjnXSrsrnpSTBsRxnYbVntAAnOmDguf9a_IlPwOFG9WWz4_pJoCsfp7ImFz51NAI&amp;__tn__=K-R&amp;eid=ARCVoGRzxG0BDVZlgFqOnykUjpW8xMGYMqtR1AKqHj6ClpDZFLuXJuOyfUjKnxaDTC0zRKakRGFvpe6H&amp;fref=mentions\">Federaci\u00f3n Baloncesto Comunidad Valenciana<\/a>&nbsp;<a href=\"https:\/\/www.facebook.com\/groups\/1094290130667284\/?fref=mentions&amp;__xts__%5B0%5D=68.ARCxURDSpDyKlkxYirMOT3uPHFrMVNb1CFedJLrDrL_rDe_Wp2VK6rb_Ge1iU80bJKjuL21UsSGTs45Ll1Gd-42XIPQIzesGtQVDZFuzbUZ9_nyoLK-GtQiwlvUfwhp82yiCohnvAwUMqtZPsdmYjOO4c3FBicbKvZ3h6yCFqOsJedzP5IrX8EJ5-zaQvq-fZqHBfU0pUrk286s3Q2b5YBhHVvhmJXjOj94HUpi0S4_x7qrVmDvkCxvv3JpP_Xt2BaAssMywQYdPCacHDBOZKQw36HuVMjnXSrsrnpSTBsRxnYbVntAAnOmDguf9a_IlPwOFG9WWz4_pJoCsfp7ImFz51NAI&amp;__tn__=K-R\">BENICARL\u00d3<\/a><\/p>\n\n\n\n<ul class=\"is-layout-flex wp-block-gallery-1 wp-block-gallery columns-2 is-cropped\"><li class=\"blocks-gallery-item\"><figure><img fetchpriority=\"high\" decoding=\"async\" width=\"960\" height=\"819\" src=\"http:\/\/cbbenicarlo.com\/wp-content\/uploads\/2019\/09\/70160064_2350198271768305_1176701974020620288_n.jpg\" alt=\"\" data-id=\"415\" data-link=\"http:\/\/cbbenicarlo.com\/?attachment_id=415\" class=\"wp-image-415\" srcset=\"https:\/\/cbbenicarlo.com\/wp-content\/uploads\/2019\/09\/70160064_2350198271768305_1176701974020620288_n.jpg 960w, https:\/\/cbbenicarlo.com\/wp-content\/uploads\/2019\/09\/70160064_2350198271768305_1176701974020620288_n-300x256.jpg 300w, https:\/\/cbbenicarlo.com\/wp-content\/uploads\/2019\/09\/70160064_2350198271768305_1176701974020620288_n-768x655.jpg 768w, https:\/\/cbbenicarlo.com\/wp-content\/uploads\/2019\/09\/70160064_2350198271768305_1176701974020620288_n-128x109.jpg 128w, https:\/\/cbbenicarlo.com\/wp-content\/uploads\/2019\/09\/70160064_2350198271768305_1176701974020620288_n-32x27.jpg 32w\" sizes=\"(max-width: 960px) 100vw, 960px\" \/><\/figure><\/li><li class=\"blocks-gallery-item\"><figure><img decoding=\"async\" width=\"911\" height=\"778\" src=\"http:\/\/cbbenicarlo.com\/wp-content\/uploads\/2019\/09\/71667612_2350198355101630_4573898342106398720_n.jpg\" alt=\"\" data-id=\"416\" data-link=\"http:\/\/cbbenicarlo.com\/?attachment_id=416\" class=\"wp-image-416\" srcset=\"https:\/\/cbbenicarlo.com\/wp-content\/uploads\/2019\/09\/71667612_2350198355101630_4573898342106398720_n.jpg 911w, https:\/\/cbbenicarlo.com\/wp-content\/uploads\/2019\/09\/71667612_2350198355101630_4573898342106398720_n-300x256.jpg 300w, https:\/\/cbbenicarlo.com\/wp-content\/uploads\/2019\/09\/71667612_2350198355101630_4573898342106398720_n-768x656.jpg 768w, https:\/\/cbbenicarlo.com\/wp-content\/uploads\/2019\/09\/71667612_2350198355101630_4573898342106398720_n-128x109.jpg 128w, https:\/\/cbbenicarlo.com\/wp-content\/uploads\/2019\/09\/71667612_2350198355101630_4573898342106398720_n-32x27.jpg 32w\" sizes=\"(max-width: 911px) 100vw, 911px\" \/><\/figure><\/li><\/ul>\n","protected":false},"excerpt":{"rendered":"<p>Segundo partido de pretemporada contra el CB Rapitenc donde el equipo local impuso su experiencia y su calidad desde el principio hasta el final. Destacar el trabajo de nuestros jugadores, sus ganas de aprender, mejorar y crecer trabajando. Pese al marcador en contra, nuestros jugadores no bajaron los brazos y continuaron mejorando y aplicando lo que se est\u00e1 trabajando entreno tras entreno. Mas minutos para conocernos, coordinarnos y llegar a ser un&nbsp;grupo muy fuerte y dif\u00edcil de ganar. Visca el Infantil Masculino basquet Rojo&nbsp;\ud83d\udd34\u26aa. #cbbenicarlo2019_20#cbbenicarlo2019_20infantilC#EndavantEsport#JuntsSomM\u00e9sForts#CSEscenarioDeportivo Ajuntament de Benicarl\u00f3&nbsp;Ajuntament de Benicarl\u00f3 Regidoria DEsports&nbsp;DipuEsport Castell\u00f3&nbsp;Diputaci\u00f3 de Castell\u00f3&nbsp;Villarreal CF&nbsp;Club B\u00e0squet Benicarl\u00f3&nbsp;Federaci\u00f3n Baloncesto Comunidad Valenciana&nbsp;BENICARL\u00d3<\/p>\n","protected":false},"author":1,"featured_media":0,"comment_status":"closed","ping_status":"open","sticky":false,"template":"","format":"standard","meta":{"_eb_attr":""},"categories":[4],"tags":[],"yoast_head":"<!-- This site is optimized with the Yoast SEO plugin v21.1 - https:\/\/yoast.com\/wordpress\/plugins\/seo\/ -->\n<title>Infantil C pretemporada | Club Basquet Benicarl\u00f3<\/title>\n<meta name=\"robots\" content=\"index, follow, max-snippet:-1, max-image-preview:large, max-video-preview:-1\" \/>\n<link rel=\"canonical\" href=\"https:\/\/cbbenicarlo.com\/?p=414\" \/>\n<meta property=\"og:locale\" content=\"es_ES\" \/>\n<meta property=\"og:type\" content=\"article\" \/>\n<meta property=\"og:title\" content=\"Infantil C pretemporada | Club Basquet Benicarl\u00f3\" \/>\n<meta property=\"og:description\" content=\"Segundo partido de pretemporada contra el CB Rapitenc donde el equipo local impuso su experiencia y su calidad desde el principio hasta el final. Destacar el trabajo de nuestros jugadores, sus ganas de aprender, mejorar y crecer trabajando. Pese al marcador en contra, nuestros jugadores no bajaron los brazos y continuaron mejorando y aplicando lo que se est\u00e1 trabajando entreno tras entreno. Mas minutos para conocernos, coordinarnos y llegar a ser un&nbsp;grupo muy fuerte y dif\u00edcil de ganar. Visca el Infantil Masculino basquet Rojo&nbsp;\ud83d\udd34\u26aa. #cbbenicarlo2019_20#cbbenicarlo2019_20infantilC#EndavantEsport#JuntsSomM\u00e9sForts#CSEscenarioDeportivo Ajuntament de Benicarl\u00f3&nbsp;Ajuntament de Benicarl\u00f3 Regidoria DEsports&nbsp;DipuEsport Castell\u00f3&nbsp;Diputaci\u00f3 de Castell\u00f3&nbsp;Villarreal CF&nbsp;Club B\u00e0squet Benicarl\u00f3&nbsp;Federaci\u00f3n Baloncesto Comunidad Valenciana&nbsp;BENICARL\u00d3\" \/>\n<meta property=\"og:url\" content=\"https:\/\/cbbenicarlo.com\/?p=414\" \/>\n<meta property=\"og:site_name\" content=\"Club Basquet Benicarl\u00f3\" \/>\n<meta property=\"article:published_time\" content=\"2019-09-21T18:37:46+00:00\" \/>\n<meta property=\"article:modified_time\" content=\"2022-06-06T17:36:25+00:00\" \/>\n<meta property=\"og:image\" content=\"http:\/\/cbbenicarlo.com\/wp-content\/uploads\/2019\/09\/70160064_2350198271768305_1176701974020620288_n.jpg\" \/>\n<meta name=\"author\" content=\"Club B\u00e0squet Benicarl\u00f3\" \/>\n<meta name=\"twitter:card\" content=\"summary_large_image\" \/>\n<meta name=\"twitter:label1\" content=\"Escrito por\" \/>\n\t<meta name=\"twitter:data1\" content=\"Club B\u00e0squet Benicarl\u00f3\" \/>\n\t<meta name=\"twitter:label2\" content=\"Tiempo de lectura\" \/>\n\t<meta name=\"twitter:data2\" content=\"1 minuto\" \/>\n<script type=\"application\/ld+json\" class=\"yoast-schema-graph\">{\"@context\":\"https:\/\/schema.org\",\"@graph\":[{\"@type\":\"Article\",\"@id\":\"https:\/\/cbbenicarlo.com\/?p=414#article\",\"isPartOf\":{\"@id\":\"https:\/\/cbbenicarlo.com\/?p=414\"},\"author\":{\"name\":\"Club B\u00e0squet Benicarl\u00f3\",\"@id\":\"https:\/\/cbbenicarlo.com\/#\/schema\/person\/200a6bea92870b7adeb1a5c755a793f2\"},\"headline\":\"Infantil C pretemporada\",\"datePublished\":\"2019-09-21T18:37:46+00:00\",\"dateModified\":\"2022-06-06T17:36:25+00:00\",\"mainEntityOfPage\":{\"@id\":\"https:\/\/cbbenicarlo.com\/?p=414\"},\"wordCount\":130,\"publisher\":{\"@id\":\"https:\/\/cbbenicarlo.com\/#organization\"},\"articleSection\":[\"Equipos Base\"],\"inLanguage\":\"es\"},{\"@type\":\"WebPage\",\"@id\":\"https:\/\/cbbenicarlo.com\/?p=414\",\"url\":\"https:\/\/cbbenicarlo.com\/?p=414\",\"name\":\"Infantil C pretemporada | Club Basquet Benicarl\u00f3\",\"isPartOf\":{\"@id\":\"https:\/\/cbbenicarlo.com\/#website\"},\"datePublished\":\"2019-09-21T18:37:46+00:00\",\"dateModified\":\"2022-06-06T17:36:25+00:00\",\"breadcrumb\":{\"@id\":\"https:\/\/cbbenicarlo.com\/?p=414#breadcrumb\"},\"inLanguage\":\"es\",\"potentialAction\":[{\"@type\":\"ReadAction\",\"target\":[\"https:\/\/cbbenicarlo.com\/?p=414\"]}]},{\"@type\":\"BreadcrumbList\",\"@id\":\"https:\/\/cbbenicarlo.com\/?p=414#breadcrumb\",\"itemListElement\":[{\"@type\":\"ListItem\",\"position\":1,\"name\":\"Portada\",\"item\":\"https:\/\/cbbenicarlo.com\/\"},{\"@type\":\"ListItem\",\"position\":2,\"name\":\"Infantil C pretemporada\"}]},{\"@type\":\"WebSite\",\"@id\":\"https:\/\/cbbenicarlo.com\/#website\",\"url\":\"https:\/\/cbbenicarlo.com\/\",\"name\":\"Club Basquet Benicarl\u00f3\",\"description\":\"P\u00e1gina Web Oficial\",\"publisher\":{\"@id\":\"https:\/\/cbbenicarlo.com\/#organization\"},\"potentialAction\":[{\"@type\":\"SearchAction\",\"target\":{\"@type\":\"EntryPoint\",\"urlTemplate\":\"https:\/\/cbbenicarlo.com\/?s={search_term_string}\"},\"query-input\":\"required name=search_term_string\"}],\"inLanguage\":\"es\"},{\"@type\":\"Organization\",\"@id\":\"https:\/\/cbbenicarlo.com\/#organization\",\"name\":\"Club B\u00e0squet Benicarl\u00f3\",\"url\":\"https:\/\/cbbenicarlo.com\/\",\"logo\":{\"@type\":\"ImageObject\",\"inLanguage\":\"es\",\"@id\":\"https:\/\/cbbenicarlo.com\/#\/schema\/logo\/image\/\",\"url\":\"https:\/\/cbbenicarlo.com\/wp-content\/uploads\/2022\/05\/cropped-cropped-cropped-CBBENICARLO2021-22-2.png\",\"contentUrl\":\"https:\/\/cbbenicarlo.com\/wp-content\/uploads\/2022\/05\/cropped-cropped-cropped-CBBENICARLO2021-22-2.png\",\"width\":512,\"height\":512,\"caption\":\"Club B\u00e0squet Benicarl\u00f3\"},\"image\":{\"@id\":\"https:\/\/cbbenicarlo.com\/#\/schema\/logo\/image\/\"}},{\"@type\":\"Person\",\"@id\":\"https:\/\/cbbenicarlo.com\/#\/schema\/person\/200a6bea92870b7adeb1a5c755a793f2\",\"name\":\"Club B\u00e0squet Benicarl\u00f3\",\"image\":{\"@type\":\"ImageObject\",\"inLanguage\":\"es\",\"@id\":\"https:\/\/cbbenicarlo.com\/#\/schema\/person\/image\/\",\"url\":\"https:\/\/secure.gravatar.com\/avatar\/8aed305f961a70f8934d4ba794f3527a?s=96&d=mm&r=g\",\"contentUrl\":\"https:\/\/secure.gravatar.com\/avatar\/8aed305f961a70f8934d4ba794f3527a?s=96&d=mm&r=g\",\"caption\":\"Club B\u00e0squet Benicarl\u00f3\"},\"url\":\"https:\/\/cbbenicarlo.com\/?author=1\"}]}<\/script>\n<!-- \/ Yoast SEO plugin. -->","yoast_head_json":{"title":"Infantil C pretemporada | Club Basquet Benicarl\u00f3","robots":{"index":"index","follow":"follow","max-snippet":"max-snippet:-1","max-image-preview":"max-image-preview:large","max-video-preview":"max-video-preview:-1"},"canonical":"https:\/\/cbbenicarlo.com\/?p=414","og_locale":"es_ES","og_type":"article","og_title":"Infantil C pretemporada | Club Basquet Benicarl\u00f3","og_description":"Segundo partido de pretemporada contra el CB Rapitenc donde el equipo local impuso su experiencia y su calidad desde el principio hasta el final. Destacar el trabajo de nuestros jugadores, sus ganas de aprender, mejorar y crecer trabajando. Pese al marcador en contra, nuestros jugadores no bajaron los brazos y continuaron mejorando y aplicando lo que se est\u00e1 trabajando entreno tras entreno. Mas minutos para conocernos, coordinarnos y llegar a ser un&nbsp;grupo muy fuerte y dif\u00edcil de ganar. Visca el Infantil Masculino basquet Rojo&nbsp;\ud83d\udd34\u26aa. #cbbenicarlo2019_20#cbbenicarlo2019_20infantilC#EndavantEsport#JuntsSomM\u00e9sForts#CSEscenarioDeportivo Ajuntament de Benicarl\u00f3&nbsp;Ajuntament de Benicarl\u00f3 Regidoria DEsports&nbsp;DipuEsport Castell\u00f3&nbsp;Diputaci\u00f3 de Castell\u00f3&nbsp;Villarreal CF&nbsp;Club B\u00e0squet Benicarl\u00f3&nbsp;Federaci\u00f3n Baloncesto Comunidad Valenciana&nbsp;BENICARL\u00d3","og_url":"https:\/\/cbbenicarlo.com\/?p=414","og_site_name":"Club Basquet Benicarl\u00f3","article_published_time":"2019-09-21T18:37:46+00:00","article_modified_time":"2022-06-06T17:36:25+00:00","og_image":[{"url":"http:\/\/cbbenicarlo.com\/wp-content\/uploads\/2019\/09\/70160064_2350198271768305_1176701974020620288_n.jpg"}],"author":"Club B\u00e0squet Benicarl\u00f3","twitter_card":"summary_large_image","twitter_misc":{"Escrito por":"Club B\u00e0squet Benicarl\u00f3","Tiempo de lectura":"1 minuto"},"schema":{"@context":"https:\/\/schema.org","@graph":[{"@type":"Article","@id":"https:\/\/cbbenicarlo.com\/?p=414#article","isPartOf":{"@id":"https:\/\/cbbenicarlo.com\/?p=414"},"author":{"name":"Club B\u00e0squet Benicarl\u00f3","@id":"https:\/\/cbbenicarlo.com\/#\/schema\/person\/200a6bea92870b7adeb1a5c755a793f2"},"headline":"Infantil C pretemporada","datePublished":"2019-09-21T18:37:46+00:00","dateModified":"2022-06-06T17:36:25+00:00","mainEntityOfPage":{"@id":"https:\/\/cbbenicarlo.com\/?p=414"},"wordCount":130,"publisher":{"@id":"https:\/\/cbbenicarlo.com\/#organization"},"articleSection":["Equipos Base"],"inLanguage":"es"},{"@type":"WebPage","@id":"https:\/\/cbbenicarlo.com\/?p=414","url":"https:\/\/cbbenicarlo.com\/?p=414","name":"Infantil C pretemporada | Club Basquet Benicarl\u00f3","isPartOf":{"@id":"https:\/\/cbbenicarlo.com\/#website"},"datePublished":"2019-09-21T18:37:46+00:00","dateModified":"2022-06-06T17:36:25+00:00","breadcrumb":{"@id":"https:\/\/cbbenicarlo.com\/?p=414#breadcrumb"},"inLanguage":"es","potentialAction":[{"@type":"ReadAction","target":["https:\/\/cbbenicarlo.com\/?p=414"]}]},{"@type":"BreadcrumbList","@id":"https:\/\/cbbenicarlo.com\/?p=414#breadcrumb","itemListElement":[{"@type":"ListItem","position":1,"name":"Portada","item":"https:\/\/cbbenicarlo.com\/"},{"@type":"ListItem","position":2,"name":"Infantil C pretemporada"}]},{"@type":"WebSite","@id":"https:\/\/cbbenicarlo.com\/#website","url":"https:\/\/cbbenicarlo.com\/","name":"Club Basquet Benicarl\u00f3","description":"P\u00e1gina Web Oficial","publisher":{"@id":"https:\/\/cbbenicarlo.com\/#organization"},"potentialAction":[{"@type":"SearchAction","target":{"@type":"EntryPoint","urlTemplate":"https:\/\/cbbenicarlo.com\/?s={search_term_string}"},"query-input":"required name=search_term_string"}],"inLanguage":"es"},{"@type":"Organization","@id":"https:\/\/cbbenicarlo.com\/#organization","name":"Club B\u00e0squet Benicarl\u00f3","url":"https:\/\/cbbenicarlo.com\/","logo":{"@type":"ImageObject","inLanguage":"es","@id":"https:\/\/cbbenicarlo.com\/#\/schema\/logo\/image\/","url":"https:\/\/cbbenicarlo.com\/wp-content\/uploads\/2022\/05\/cropped-cropped-cropped-CBBENICARLO2021-22-2.png","contentUrl":"https:\/\/cbbenicarlo.com\/wp-content\/uploads\/2022\/05\/cropped-cropped-cropped-CBBENICARLO2021-22-2.png","width":512,"height":512,"caption":"Club B\u00e0squet Benicarl\u00f3"},"image":{"@id":"https:\/\/cbbenicarlo.com\/#\/schema\/logo\/image\/"}},{"@type":"Person","@id":"https:\/\/cbbenicarlo.com\/#\/schema\/person\/200a6bea92870b7adeb1a5c755a793f2","name":"Club B\u00e0squet Benicarl\u00f3","image":{"@type":"ImageObject","inLanguage":"es","@id":"https:\/\/cbbenicarlo.com\/#\/schema\/person\/image\/","url":"https:\/\/secure.gravatar.com\/avatar\/8aed305f961a70f8934d4ba794f3527a?s=96&d=mm&r=g","contentUrl":"https:\/\/secure.gravatar.com\/avatar\/8aed305f961a70f8934d4ba794f3527a?s=96&d=mm&r=g","caption":"Club B\u00e0squet Benicarl\u00f3"},"url":"https:\/\/cbbenicarlo.com\/?author=1"}]}},"_links":{"self":[{"href":"https:\/\/cbbenicarlo.com\/index.php?rest_route=\/wp\/v2\/posts\/414"}],"collection":[{"href":"https:\/\/cbbenicarlo.com\/index.php?rest_route=\/wp\/v2\/posts"}],"about":[{"href":"https:\/\/cbbenicarlo.com\/index.php?rest_route=\/wp\/v2\/types\/post"}],"author":[{"embeddable":true,"href":"https:\/\/cbbenicarlo.com\/index.php?rest_route=\/wp\/v2\/users\/1"}],"replies":[{"embeddable":true,"href":"https:\/\/cbbenicarlo.com\/index.php?rest_route=%2Fwp%2Fv2%2Fcomments&post=414"}],"version-history":[{"count":1,"href":"https:\/\/cbbenicarlo.com\/index.php?rest_route=\/wp\/v2\/posts\/414\/revisions"}],"predecessor-version":[{"id":417,"href":"https:\/\/cbbenicarlo.com\/index.php?rest_route=\/wp\/v2\/posts\/414\/revisions\/417"}],"wp:attachment":[{"href":"https:\/\/cbbenicarlo.com\/index.php?rest_route=%2Fwp%2Fv2%2Fmedia&parent=414"}],"wp:term":[{"taxonomy":"category","embeddable":true,"href":"https:\/\/cbbenicarlo.com\/index.php?rest_route=%2Fwp%2Fv2%2Fcategories&post=414"},{"taxonomy":"post_tag","embeddable":true,"href":"https:\/\/cbbenicarlo.com\/index.php?rest_route=%2Fwp%2Fv2%2Ftags&post=414"}],"curies":[{"name":"wp","href":"https:\/\/api.w.org\/{rel}","templated":true}]}}