{"id":411,"date":"2019-09-21T20:36:31","date_gmt":"2019-09-21T18:36:31","guid":{"rendered":"http:\/\/cbbenicarlo.com\/?p=411"},"modified":"2022-06-06T19:36:25","modified_gmt":"2022-06-06T17:36:25","slug":"infantil-femenino-pretemporada","status":"publish","type":"post","link":"https:\/\/cbbenicarlo.com\/?p=411","title":{"rendered":"Infantil femenino pretemporada"},"content":{"rendered":"\n<p>C.B.<strong>Castell\u00f3 25 VS 46 C.B.Benicarl\u00f3<\/strong><br>Partido en el que nos faltaban jugadoras pero en el que se luch\u00f3 mucho y se puso en pr\u00e1ctica lo trabajado en los entrenamientos durante la semana, utilizando m\u00e1s espacios y m\u00e1s pases, generando m\u00e1s oportunidades de tiro.<br>Estamos muy orgullosos de lo que han mejorado las chicas durante esta semana.<br>Gran victoria, con ganas de que llegue el martes para seguir entrenando.<\/p>\n\n\n\n<p><a href=\"https:\/\/www.facebook.com\/hashtag\/cbbenicarlo2019_20?source=feed_text&amp;epa=HASHTAG&amp;__xts__%5B0%5D=68.ARAVvx41QU8zA0sRxYdEapVfq-4nHWpWEbPwC__NekgOIQeYA6T-M7ujPYKWNYa7cwrAwE2VxXzfhnCvBRp2fw0g7jxRrq402wcC2SjIFzMKzFzBp4mZjviBjwV8JgM9OszuwFR_Pno9jj_-HjV5EMA5cndFHhOjElKoHjXPmY1xeK95md8JJc_IeCwY4bowTXvXG06xz_lY7Fe_5Ydb8c4lWXSqVyff8MCMaBl4Rnx0fieUTlY5qoc4UBmpYaTTvMghVAG4L-dytW3IXFZXUWJKdo2kHqEv02Kx3alVKHDhvfBjb4t1omefpKPMFXZ2utLyWUlZziP6uTj9mF92NXA_G4c9&amp;__tn__=%2ANK-R\">#cbbenicarlo2019_20<\/a><br><a href=\"https:\/\/www.facebook.com\/hashtag\/cbbenicarlo2019_20infantilfemenino?source=feed_text&amp;epa=HASHTAG&amp;__xts__%5B0%5D=68.ARAVvx41QU8zA0sRxYdEapVfq-4nHWpWEbPwC__NekgOIQeYA6T-M7ujPYKWNYa7cwrAwE2VxXzfhnCvBRp2fw0g7jxRrq402wcC2SjIFzMKzFzBp4mZjviBjwV8JgM9OszuwFR_Pno9jj_-HjV5EMA5cndFHhOjElKoHjXPmY1xeK95md8JJc_IeCwY4bowTXvXG06xz_lY7Fe_5Ydb8c4lWXSqVyff8MCMaBl4Rnx0fieUTlY5qoc4UBmpYaTTvMghVAG4L-dytW3IXFZXUWJKdo2kHqEv02Kx3alVKHDhvfBjb4t1omefpKPMFXZ2utLyWUlZziP6uTj9mF92NXA_G4c9&amp;__tn__=%2ANK-R\">#cbbenicarlo2019_20infantilfemenino<\/a><br><a href=\"https:\/\/www.facebook.com\/hashtag\/endavantesport?source=feed_text&amp;epa=HASHTAG&amp;__xts__%5B0%5D=68.ARAVvx41QU8zA0sRxYdEapVfq-4nHWpWEbPwC__NekgOIQeYA6T-M7ujPYKWNYa7cwrAwE2VxXzfhnCvBRp2fw0g7jxRrq402wcC2SjIFzMKzFzBp4mZjviBjwV8JgM9OszuwFR_Pno9jj_-HjV5EMA5cndFHhOjElKoHjXPmY1xeK95md8JJc_IeCwY4bowTXvXG06xz_lY7Fe_5Ydb8c4lWXSqVyff8MCMaBl4Rnx0fieUTlY5qoc4UBmpYaTTvMghVAG4L-dytW3IXFZXUWJKdo2kHqEv02Kx3alVKHDhvfBjb4t1omefpKPMFXZ2utLyWUlZziP6uTj9mF92NXA_G4c9&amp;__tn__=%2ANK-R\">#EndavantEsport<\/a><br><a href=\"https:\/\/www.facebook.com\/hashtag\/juntssomm%C3%A9sforts?source=feed_text&amp;epa=HASHTAG&amp;__xts__%5B0%5D=68.ARAVvx41QU8zA0sRxYdEapVfq-4nHWpWEbPwC__NekgOIQeYA6T-M7ujPYKWNYa7cwrAwE2VxXzfhnCvBRp2fw0g7jxRrq402wcC2SjIFzMKzFzBp4mZjviBjwV8JgM9OszuwFR_Pno9jj_-HjV5EMA5cndFHhOjElKoHjXPmY1xeK95md8JJc_IeCwY4bowTXvXG06xz_lY7Fe_5Ydb8c4lWXSqVyff8MCMaBl4Rnx0fieUTlY5qoc4UBmpYaTTvMghVAG4L-dytW3IXFZXUWJKdo2kHqEv02Kx3alVKHDhvfBjb4t1omefpKPMFXZ2utLyWUlZziP6uTj9mF92NXA_G4c9&amp;__tn__=%2ANK-R\">#JuntsSomM\u00e9sForts<\/a><br><a href=\"https:\/\/www.facebook.com\/hashtag\/csescenariodeportivo?source=feed_text&amp;epa=HASHTAG&amp;__xts__%5B0%5D=68.ARAVvx41QU8zA0sRxYdEapVfq-4nHWpWEbPwC__NekgOIQeYA6T-M7ujPYKWNYa7cwrAwE2VxXzfhnCvBRp2fw0g7jxRrq402wcC2SjIFzMKzFzBp4mZjviBjwV8JgM9OszuwFR_Pno9jj_-HjV5EMA5cndFHhOjElKoHjXPmY1xeK95md8JJc_IeCwY4bowTXvXG06xz_lY7Fe_5Ydb8c4lWXSqVyff8MCMaBl4Rnx0fieUTlY5qoc4UBmpYaTTvMghVAG4L-dytW3IXFZXUWJKdo2kHqEv02Kx3alVKHDhvfBjb4t1omefpKPMFXZ2utLyWUlZziP6uTj9mF92NXA_G4c9&amp;__tn__=%2ANK-R\">#CSEscenarioDeportivo<\/a><\/p>\n\n\n\n<p><a href=\"https:\/\/www.facebook.com\/ajuntamentdebenicarlo\/?__xts__%5B0%5D=68.ARBu2Yi4BKLftraSaXWUtZEg_ueeWhdG6dfXQJkBs7C8vcBhoSQY_R8jWgxyJ6a6v4Fa3rlgY5vDoHYuMfxKpzBsp2X4TBYqORirHRqUsDJMJcQ0Hxpcq8QKe-80CK3TmLmbxEh15xSka_MHfWln4DRpYCGHrrbvaDHj1PVWHhi-DKCPPQMVjIViYGMWQI29E7HQLAHZoZlDPKp0XoQMvQ9aGfZftpyQArFAhalcPlH7-UiJZiaejBOMuFNC4wE7l0xz5tLsnn9VCRhiw1qZAmr3Till_X2Ebx7fm3p8fpTuV7rXkRrvlNOMdDv0mGPpxBpYmsUHSuTHz4qBWSlKfeOAkI1ay4NmYCYaJ7_eqSNhv9S_Q6USsASILg&amp;__xts__%5B1%5D=68.ARAVvx41QU8zA0sRxYdEapVfq-4nHWpWEbPwC__NekgOIQeYA6T-M7ujPYKWNYa7cwrAwE2VxXzfhnCvBRp2fw0g7jxRrq402wcC2SjIFzMKzFzBp4mZjviBjwV8JgM9OszuwFR_Pno9jj_-HjV5EMA5cndFHhOjElKoHjXPmY1xeK95md8JJc_IeCwY4bowTXvXG06xz_lY7Fe_5Ydb8c4lWXSqVyff8MCMaBl4Rnx0fieUTlY5qoc4UBmpYaTTvMghVAG4L-dytW3IXFZXUWJKdo2kHqEv02Kx3alVKHDhvfBjb4t1omefpKPMFXZ2utLyWUlZziP6uTj9mF92NXA_G4c9&amp;__tn__=K-R&amp;eid=ARD9NHahbF57uBPmkNWD-IxP3X9bzSmxJ6t_JbERToDF__o8u2stABtb9anhTMRuvLVCTB6F4Nj58ThL&amp;fref=mentions\">Ajuntament de Benicarl\u00f3<\/a>&nbsp;<a href=\"https:\/\/www.facebook.com\/esports.benicarlo\/?__xts__%5B0%5D=68.ARBu2Yi4BKLftraSaXWUtZEg_ueeWhdG6dfXQJkBs7C8vcBhoSQY_R8jWgxyJ6a6v4Fa3rlgY5vDoHYuMfxKpzBsp2X4TBYqORirHRqUsDJMJcQ0Hxpcq8QKe-80CK3TmLmbxEh15xSka_MHfWln4DRpYCGHrrbvaDHj1PVWHhi-DKCPPQMVjIViYGMWQI29E7HQLAHZoZlDPKp0XoQMvQ9aGfZftpyQArFAhalcPlH7-UiJZiaejBOMuFNC4wE7l0xz5tLsnn9VCRhiw1qZAmr3Till_X2Ebx7fm3p8fpTuV7rXkRrvlNOMdDv0mGPpxBpYmsUHSuTHz4qBWSlKfeOAkI1ay4NmYCYaJ7_eqSNhv9S_Q6USsASILg&amp;__xts__%5B1%5D=68.ARAVvx41QU8zA0sRxYdEapVfq-4nHWpWEbPwC__NekgOIQeYA6T-M7ujPYKWNYa7cwrAwE2VxXzfhnCvBRp2fw0g7jxRrq402wcC2SjIFzMKzFzBp4mZjviBjwV8JgM9OszuwFR_Pno9jj_-HjV5EMA5cndFHhOjElKoHjXPmY1xeK95md8JJc_IeCwY4bowTXvXG06xz_lY7Fe_5Ydb8c4lWXSqVyff8MCMaBl4Rnx0fieUTlY5qoc4UBmpYaTTvMghVAG4L-dytW3IXFZXUWJKdo2kHqEv02Kx3alVKHDhvfBjb4t1omefpKPMFXZ2utLyWUlZziP6uTj9mF92NXA_G4c9&amp;__tn__=K-R&amp;eid=ARBP0x8PgMqj5OwKryLhsiuvSWHY-T3TTFZupFuU-P2Zz6tilKEI5pIND-IhJNtp0cwdrNawsam46JHk&amp;fref=mentions\">Ajuntament de Benicarl\u00f3 Regidoria DEsports<\/a>&nbsp;<a href=\"https:\/\/www.facebook.com\/dipuesport\/?__xts__%5B0%5D=68.ARBu2Yi4BKLftraSaXWUtZEg_ueeWhdG6dfXQJkBs7C8vcBhoSQY_R8jWgxyJ6a6v4Fa3rlgY5vDoHYuMfxKpzBsp2X4TBYqORirHRqUsDJMJcQ0Hxpcq8QKe-80CK3TmLmbxEh15xSka_MHfWln4DRpYCGHrrbvaDHj1PVWHhi-DKCPPQMVjIViYGMWQI29E7HQLAHZoZlDPKp0XoQMvQ9aGfZftpyQArFAhalcPlH7-UiJZiaejBOMuFNC4wE7l0xz5tLsnn9VCRhiw1qZAmr3Till_X2Ebx7fm3p8fpTuV7rXkRrvlNOMdDv0mGPpxBpYmsUHSuTHz4qBWSlKfeOAkI1ay4NmYCYaJ7_eqSNhv9S_Q6USsASILg&amp;__xts__%5B1%5D=68.ARAVvx41QU8zA0sRxYdEapVfq-4nHWpWEbPwC__NekgOIQeYA6T-M7ujPYKWNYa7cwrAwE2VxXzfhnCvBRp2fw0g7jxRrq402wcC2SjIFzMKzFzBp4mZjviBjwV8JgM9OszuwFR_Pno9jj_-HjV5EMA5cndFHhOjElKoHjXPmY1xeK95md8JJc_IeCwY4bowTXvXG06xz_lY7Fe_5Ydb8c4lWXSqVyff8MCMaBl4Rnx0fieUTlY5qoc4UBmpYaTTvMghVAG4L-dytW3IXFZXUWJKdo2kHqEv02Kx3alVKHDhvfBjb4t1omefpKPMFXZ2utLyWUlZziP6uTj9mF92NXA_G4c9&amp;__tn__=K-R&amp;eid=ARDot0gWaQyz_uUoyXhtTJy7tEJvWPNG7gM3Zo9IxUloEp1b4LvI3sC9mppWhJcSAo6pwn0GQ_fyF0Y0&amp;fref=mentions\">DipuEsport Castell\u00f3<\/a>&nbsp;<a href=\"https:\/\/www.facebook.com\/dipcas\/?__xts__%5B0%5D=68.ARBu2Yi4BKLftraSaXWUtZEg_ueeWhdG6dfXQJkBs7C8vcBhoSQY_R8jWgxyJ6a6v4Fa3rlgY5vDoHYuMfxKpzBsp2X4TBYqORirHRqUsDJMJcQ0Hxpcq8QKe-80CK3TmLmbxEh15xSka_MHfWln4DRpYCGHrrbvaDHj1PVWHhi-DKCPPQMVjIViYGMWQI29E7HQLAHZoZlDPKp0XoQMvQ9aGfZftpyQArFAhalcPlH7-UiJZiaejBOMuFNC4wE7l0xz5tLsnn9VCRhiw1qZAmr3Till_X2Ebx7fm3p8fpTuV7rXkRrvlNOMdDv0mGPpxBpYmsUHSuTHz4qBWSlKfeOAkI1ay4NmYCYaJ7_eqSNhv9S_Q6USsASILg&amp;__xts__%5B1%5D=68.ARAVvx41QU8zA0sRxYdEapVfq-4nHWpWEbPwC__NekgOIQeYA6T-M7ujPYKWNYa7cwrAwE2VxXzfhnCvBRp2fw0g7jxRrq402wcC2SjIFzMKzFzBp4mZjviBjwV8JgM9OszuwFR_Pno9jj_-HjV5EMA5cndFHhOjElKoHjXPmY1xeK95md8JJc_IeCwY4bowTXvXG06xz_lY7Fe_5Ydb8c4lWXSqVyff8MCMaBl4Rnx0fieUTlY5qoc4UBmpYaTTvMghVAG4L-dytW3IXFZXUWJKdo2kHqEv02Kx3alVKHDhvfBjb4t1omefpKPMFXZ2utLyWUlZziP6uTj9mF92NXA_G4c9&amp;__tn__=K-R&amp;eid=ARAXlUmwqQi8qBjnEDloWtoTKbzxJ56pOJQsj1aoLKvbbwXsOsKt6cF9uv6os2qDOiOFYHyp0YlrSvGz&amp;fref=mentions\">Diputaci\u00f3 de Castell\u00f3<\/a>&nbsp;<a href=\"https:\/\/www.facebook.com\/fedbaloncestocv\/?__xts__%5B0%5D=68.ARBu2Yi4BKLftraSaXWUtZEg_ueeWhdG6dfXQJkBs7C8vcBhoSQY_R8jWgxyJ6a6v4Fa3rlgY5vDoHYuMfxKpzBsp2X4TBYqORirHRqUsDJMJcQ0Hxpcq8QKe-80CK3TmLmbxEh15xSka_MHfWln4DRpYCGHrrbvaDHj1PVWHhi-DKCPPQMVjIViYGMWQI29E7HQLAHZoZlDPKp0XoQMvQ9aGfZftpyQArFAhalcPlH7-UiJZiaejBOMuFNC4wE7l0xz5tLsnn9VCRhiw1qZAmr3Till_X2Ebx7fm3p8fpTuV7rXkRrvlNOMdDv0mGPpxBpYmsUHSuTHz4qBWSlKfeOAkI1ay4NmYCYaJ7_eqSNhv9S_Q6USsASILg&amp;__xts__%5B1%5D=68.ARAVvx41QU8zA0sRxYdEapVfq-4nHWpWEbPwC__NekgOIQeYA6T-M7ujPYKWNYa7cwrAwE2VxXzfhnCvBRp2fw0g7jxRrq402wcC2SjIFzMKzFzBp4mZjviBjwV8JgM9OszuwFR_Pno9jj_-HjV5EMA5cndFHhOjElKoHjXPmY1xeK95md8JJc_IeCwY4bowTXvXG06xz_lY7Fe_5Ydb8c4lWXSqVyff8MCMaBl4Rnx0fieUTlY5qoc4UBmpYaTTvMghVAG4L-dytW3IXFZXUWJKdo2kHqEv02Kx3alVKHDhvfBjb4t1omefpKPMFXZ2utLyWUlZziP6uTj9mF92NXA_G4c9&amp;__tn__=K-R&amp;eid=ARCZcXaA9Q894rCLHYSXnmCx9p1nvjRGnlKuHq2zW75CSiyT5Jm8dtPyAkqQOnA3A61AzvZO-2uggMko&amp;fref=mentions\">Federaci\u00f3n Baloncesto Comunidad Valenciana<\/a>&nbsp;<a href=\"https:\/\/www.facebook.com\/cbbenicarlo\/?__xts__%5B0%5D=68.ARBu2Yi4BKLftraSaXWUtZEg_ueeWhdG6dfXQJkBs7C8vcBhoSQY_R8jWgxyJ6a6v4Fa3rlgY5vDoHYuMfxKpzBsp2X4TBYqORirHRqUsDJMJcQ0Hxpcq8QKe-80CK3TmLmbxEh15xSka_MHfWln4DRpYCGHrrbvaDHj1PVWHhi-DKCPPQMVjIViYGMWQI29E7HQLAHZoZlDPKp0XoQMvQ9aGfZftpyQArFAhalcPlH7-UiJZiaejBOMuFNC4wE7l0xz5tLsnn9VCRhiw1qZAmr3Till_X2Ebx7fm3p8fpTuV7rXkRrvlNOMdDv0mGPpxBpYmsUHSuTHz4qBWSlKfeOAkI1ay4NmYCYaJ7_eqSNhv9S_Q6USsASILg&amp;__xts__%5B1%5D=68.ARAVvx41QU8zA0sRxYdEapVfq-4nHWpWEbPwC__NekgOIQeYA6T-M7ujPYKWNYa7cwrAwE2VxXzfhnCvBRp2fw0g7jxRrq402wcC2SjIFzMKzFzBp4mZjviBjwV8JgM9OszuwFR_Pno9jj_-HjV5EMA5cndFHhOjElKoHjXPmY1xeK95md8JJc_IeCwY4bowTXvXG06xz_lY7Fe_5Ydb8c4lWXSqVyff8MCMaBl4Rnx0fieUTlY5qoc4UBmpYaTTvMghVAG4L-dytW3IXFZXUWJKdo2kHqEv02Kx3alVKHDhvfBjb4t1omefpKPMFXZ2utLyWUlZziP6uTj9mF92NXA_G4c9&amp;__tn__=K-R&amp;eid=ARCtJUbBB6t8G3JMtJT0-VWsMC8EE7O4XBhHKR9zMffl3qzoNwzd62tKytUrNguLZ-YPD04VCS-58Wc4&amp;fref=mentions\">Club B\u00e0squet Benicarl\u00f3<\/a>&nbsp;<a href=\"https:\/\/www.facebook.com\/ClubBaloncestoCastellon\/?__xts__%5B0%5D=68.ARBu2Yi4BKLftraSaXWUtZEg_ueeWhdG6dfXQJkBs7C8vcBhoSQY_R8jWgxyJ6a6v4Fa3rlgY5vDoHYuMfxKpzBsp2X4TBYqORirHRqUsDJMJcQ0Hxpcq8QKe-80CK3TmLmbxEh15xSka_MHfWln4DRpYCGHrrbvaDHj1PVWHhi-DKCPPQMVjIViYGMWQI29E7HQLAHZoZlDPKp0XoQMvQ9aGfZftpyQArFAhalcPlH7-UiJZiaejBOMuFNC4wE7l0xz5tLsnn9VCRhiw1qZAmr3Till_X2Ebx7fm3p8fpTuV7rXkRrvlNOMdDv0mGPpxBpYmsUHSuTHz4qBWSlKfeOAkI1ay4NmYCYaJ7_eqSNhv9S_Q6USsASILg&amp;__xts__%5B1%5D=68.ARAVvx41QU8zA0sRxYdEapVfq-4nHWpWEbPwC__NekgOIQeYA6T-M7ujPYKWNYa7cwrAwE2VxXzfhnCvBRp2fw0g7jxRrq402wcC2SjIFzMKzFzBp4mZjviBjwV8JgM9OszuwFR_Pno9jj_-HjV5EMA5cndFHhOjElKoHjXPmY1xeK95md8JJc_IeCwY4bowTXvXG06xz_lY7Fe_5Ydb8c4lWXSqVyff8MCMaBl4Rnx0fieUTlY5qoc4UBmpYaTTvMghVAG4L-dytW3IXFZXUWJKdo2kHqEv02Kx3alVKHDhvfBjb4t1omefpKPMFXZ2utLyWUlZziP6uTj9mF92NXA_G4c9&amp;__tn__=K-R&amp;eid=ARBwI9sr_LyKxzOtuNM8tetuSgJzEDGmCB1VNHWA3nEr14Q46TO4zAHM3ZSkTYsC4YKwT-L5z5pXQo2-&amp;fref=mentions\">Club Baloncesto Castell\u00f3n<\/a><\/p>\n\n\n\n<figure class=\"wp-block-image\"><img fetchpriority=\"high\" decoding=\"async\" width=\"960\" height=\"960\" src=\"http:\/\/cbbenicarlo.com\/wp-content\/uploads\/2019\/09\/70490395_2350178545103611_6252242441781379072_n.jpg\" alt=\"\" class=\"wp-image-412\" srcset=\"https:\/\/cbbenicarlo.com\/wp-content\/uploads\/2019\/09\/70490395_2350178545103611_6252242441781379072_n.jpg 960w, https:\/\/cbbenicarlo.com\/wp-content\/uploads\/2019\/09\/70490395_2350178545103611_6252242441781379072_n-150x150.jpg 150w, https:\/\/cbbenicarlo.com\/wp-content\/uploads\/2019\/09\/70490395_2350178545103611_6252242441781379072_n-300x300.jpg 300w, https:\/\/cbbenicarlo.com\/wp-content\/uploads\/2019\/09\/70490395_2350178545103611_6252242441781379072_n-768x768.jpg 768w, https:\/\/cbbenicarlo.com\/wp-content\/uploads\/2019\/09\/70490395_2350178545103611_6252242441781379072_n-128x128.jpg 128w, https:\/\/cbbenicarlo.com\/wp-content\/uploads\/2019\/09\/70490395_2350178545103611_6252242441781379072_n-32x32.jpg 32w\" sizes=\"(max-width: 960px) 100vw, 960px\" \/><\/figure>\n","protected":false},"excerpt":{"rendered":"<p>C.B.Castell\u00f3 25 VS 46 C.B.Benicarl\u00f3Partido en el que nos faltaban jugadoras pero en el que se luch\u00f3 mucho y se puso en pr\u00e1ctica lo trabajado en los entrenamientos durante la semana, utilizando m\u00e1s espacios y m\u00e1s pases, generando m\u00e1s oportunidades de tiro.Estamos muy orgullosos de lo que han mejorado las chicas durante esta semana.Gran victoria, con ganas de que llegue el martes para seguir entrenando. #cbbenicarlo2019_20#cbbenicarlo2019_20infantilfemenino#EndavantEsport#JuntsSomM\u00e9sForts#CSEscenarioDeportivo Ajuntament de Benicarl\u00f3&nbsp;Ajuntament de Benicarl\u00f3 Regidoria DEsports&nbsp;DipuEsport Castell\u00f3&nbsp;Diputaci\u00f3 de Castell\u00f3&nbsp;Federaci\u00f3n Baloncesto Comunidad Valenciana&nbsp;Club B\u00e0squet Benicarl\u00f3&nbsp;Club Baloncesto Castell\u00f3n<\/p>\n","protected":false},"author":1,"featured_media":0,"comment_status":"closed","ping_status":"open","sticky":false,"template":"","format":"standard","meta":{"_eb_attr":""},"categories":[4],"tags":[],"yoast_head":"<!-- This site is optimized with the Yoast SEO plugin v21.1 - https:\/\/yoast.com\/wordpress\/plugins\/seo\/ -->\n<title>Infantil femenino pretemporada | Club Basquet Benicarl\u00f3<\/title>\n<meta name=\"robots\" content=\"index, follow, max-snippet:-1, max-image-preview:large, max-video-preview:-1\" \/>\n<link rel=\"canonical\" href=\"https:\/\/cbbenicarlo.com\/?p=411\" \/>\n<meta property=\"og:locale\" content=\"es_ES\" \/>\n<meta property=\"og:type\" content=\"article\" \/>\n<meta property=\"og:title\" content=\"Infantil femenino pretemporada | Club Basquet Benicarl\u00f3\" \/>\n<meta property=\"og:description\" content=\"C.B.Castell\u00f3 25 VS 46 C.B.Benicarl\u00f3Partido en el que nos faltaban jugadoras pero en el que se luch\u00f3 mucho y se puso en pr\u00e1ctica lo trabajado en los entrenamientos durante la semana, utilizando m\u00e1s espacios y m\u00e1s pases, generando m\u00e1s oportunidades de tiro.Estamos muy orgullosos de lo que han mejorado las chicas durante esta semana.Gran victoria, con ganas de que llegue el martes para seguir entrenando. #cbbenicarlo2019_20#cbbenicarlo2019_20infantilfemenino#EndavantEsport#JuntsSomM\u00e9sForts#CSEscenarioDeportivo Ajuntament de Benicarl\u00f3&nbsp;Ajuntament de Benicarl\u00f3 Regidoria DEsports&nbsp;DipuEsport Castell\u00f3&nbsp;Diputaci\u00f3 de Castell\u00f3&nbsp;Federaci\u00f3n Baloncesto Comunidad Valenciana&nbsp;Club B\u00e0squet Benicarl\u00f3&nbsp;Club Baloncesto Castell\u00f3n\" \/>\n<meta property=\"og:url\" content=\"https:\/\/cbbenicarlo.com\/?p=411\" \/>\n<meta property=\"og:site_name\" content=\"Club Basquet Benicarl\u00f3\" \/>\n<meta property=\"article:published_time\" content=\"2019-09-21T18:36:31+00:00\" \/>\n<meta property=\"article:modified_time\" content=\"2022-06-06T17:36:25+00:00\" \/>\n<meta property=\"og:image\" content=\"http:\/\/cbbenicarlo.com\/wp-content\/uploads\/2019\/09\/70490395_2350178545103611_6252242441781379072_n.jpg\" \/>\n<meta name=\"author\" content=\"Club B\u00e0squet Benicarl\u00f3\" \/>\n<meta name=\"twitter:card\" content=\"summary_large_image\" \/>\n<meta name=\"twitter:label1\" content=\"Escrito por\" \/>\n\t<meta name=\"twitter:data1\" content=\"Club B\u00e0squet Benicarl\u00f3\" \/>\n\t<meta name=\"twitter:label2\" content=\"Tiempo de lectura\" \/>\n\t<meta name=\"twitter:data2\" content=\"1 minuto\" \/>\n<script type=\"application\/ld+json\" class=\"yoast-schema-graph\">{\"@context\":\"https:\/\/schema.org\",\"@graph\":[{\"@type\":\"Article\",\"@id\":\"https:\/\/cbbenicarlo.com\/?p=411#article\",\"isPartOf\":{\"@id\":\"https:\/\/cbbenicarlo.com\/?p=411\"},\"author\":{\"name\":\"Club B\u00e0squet Benicarl\u00f3\",\"@id\":\"https:\/\/cbbenicarlo.com\/#\/schema\/person\/200a6bea92870b7adeb1a5c755a793f2\"},\"headline\":\"Infantil femenino pretemporada\",\"datePublished\":\"2019-09-21T18:36:31+00:00\",\"dateModified\":\"2022-06-06T17:36:25+00:00\",\"mainEntityOfPage\":{\"@id\":\"https:\/\/cbbenicarlo.com\/?p=411\"},\"wordCount\":116,\"publisher\":{\"@id\":\"https:\/\/cbbenicarlo.com\/#organization\"},\"articleSection\":[\"Equipos Base\"],\"inLanguage\":\"es\"},{\"@type\":\"WebPage\",\"@id\":\"https:\/\/cbbenicarlo.com\/?p=411\",\"url\":\"https:\/\/cbbenicarlo.com\/?p=411\",\"name\":\"Infantil femenino pretemporada | Club Basquet Benicarl\u00f3\",\"isPartOf\":{\"@id\":\"https:\/\/cbbenicarlo.com\/#website\"},\"datePublished\":\"2019-09-21T18:36:31+00:00\",\"dateModified\":\"2022-06-06T17:36:25+00:00\",\"breadcrumb\":{\"@id\":\"https:\/\/cbbenicarlo.com\/?p=411#breadcrumb\"},\"inLanguage\":\"es\",\"potentialAction\":[{\"@type\":\"ReadAction\",\"target\":[\"https:\/\/cbbenicarlo.com\/?p=411\"]}]},{\"@type\":\"BreadcrumbList\",\"@id\":\"https:\/\/cbbenicarlo.com\/?p=411#breadcrumb\",\"itemListElement\":[{\"@type\":\"ListItem\",\"position\":1,\"name\":\"Portada\",\"item\":\"https:\/\/cbbenicarlo.com\/\"},{\"@type\":\"ListItem\",\"position\":2,\"name\":\"Infantil femenino pretemporada\"}]},{\"@type\":\"WebSite\",\"@id\":\"https:\/\/cbbenicarlo.com\/#website\",\"url\":\"https:\/\/cbbenicarlo.com\/\",\"name\":\"Club Basquet Benicarl\u00f3\",\"description\":\"P\u00e1gina Web Oficial\",\"publisher\":{\"@id\":\"https:\/\/cbbenicarlo.com\/#organization\"},\"potentialAction\":[{\"@type\":\"SearchAction\",\"target\":{\"@type\":\"EntryPoint\",\"urlTemplate\":\"https:\/\/cbbenicarlo.com\/?s={search_term_string}\"},\"query-input\":\"required name=search_term_string\"}],\"inLanguage\":\"es\"},{\"@type\":\"Organization\",\"@id\":\"https:\/\/cbbenicarlo.com\/#organization\",\"name\":\"Club B\u00e0squet Benicarl\u00f3\",\"url\":\"https:\/\/cbbenicarlo.com\/\",\"logo\":{\"@type\":\"ImageObject\",\"inLanguage\":\"es\",\"@id\":\"https:\/\/cbbenicarlo.com\/#\/schema\/logo\/image\/\",\"url\":\"https:\/\/cbbenicarlo.com\/wp-content\/uploads\/2022\/05\/cropped-cropped-cropped-CBBENICARLO2021-22-2.png\",\"contentUrl\":\"https:\/\/cbbenicarlo.com\/wp-content\/uploads\/2022\/05\/cropped-cropped-cropped-CBBENICARLO2021-22-2.png\",\"width\":512,\"height\":512,\"caption\":\"Club B\u00e0squet Benicarl\u00f3\"},\"image\":{\"@id\":\"https:\/\/cbbenicarlo.com\/#\/schema\/logo\/image\/\"}},{\"@type\":\"Person\",\"@id\":\"https:\/\/cbbenicarlo.com\/#\/schema\/person\/200a6bea92870b7adeb1a5c755a793f2\",\"name\":\"Club B\u00e0squet Benicarl\u00f3\",\"image\":{\"@type\":\"ImageObject\",\"inLanguage\":\"es\",\"@id\":\"https:\/\/cbbenicarlo.com\/#\/schema\/person\/image\/\",\"url\":\"https:\/\/secure.gravatar.com\/avatar\/8aed305f961a70f8934d4ba794f3527a?s=96&d=mm&r=g\",\"contentUrl\":\"https:\/\/secure.gravatar.com\/avatar\/8aed305f961a70f8934d4ba794f3527a?s=96&d=mm&r=g\",\"caption\":\"Club B\u00e0squet Benicarl\u00f3\"},\"url\":\"https:\/\/cbbenicarlo.com\/?author=1\"}]}<\/script>\n<!-- \/ Yoast SEO plugin. -->","yoast_head_json":{"title":"Infantil femenino pretemporada | Club Basquet Benicarl\u00f3","robots":{"index":"index","follow":"follow","max-snippet":"max-snippet:-1","max-image-preview":"max-image-preview:large","max-video-preview":"max-video-preview:-1"},"canonical":"https:\/\/cbbenicarlo.com\/?p=411","og_locale":"es_ES","og_type":"article","og_title":"Infantil femenino pretemporada | Club Basquet Benicarl\u00f3","og_description":"C.B.Castell\u00f3 25 VS 46 C.B.Benicarl\u00f3Partido en el que nos faltaban jugadoras pero en el que se luch\u00f3 mucho y se puso en pr\u00e1ctica lo trabajado en los entrenamientos durante la semana, utilizando m\u00e1s espacios y m\u00e1s pases, generando m\u00e1s oportunidades de tiro.Estamos muy orgullosos de lo que han mejorado las chicas durante esta semana.Gran victoria, con ganas de que llegue el martes para seguir entrenando. #cbbenicarlo2019_20#cbbenicarlo2019_20infantilfemenino#EndavantEsport#JuntsSomM\u00e9sForts#CSEscenarioDeportivo Ajuntament de Benicarl\u00f3&nbsp;Ajuntament de Benicarl\u00f3 Regidoria DEsports&nbsp;DipuEsport Castell\u00f3&nbsp;Diputaci\u00f3 de Castell\u00f3&nbsp;Federaci\u00f3n Baloncesto Comunidad Valenciana&nbsp;Club B\u00e0squet Benicarl\u00f3&nbsp;Club Baloncesto Castell\u00f3n","og_url":"https:\/\/cbbenicarlo.com\/?p=411","og_site_name":"Club Basquet Benicarl\u00f3","article_published_time":"2019-09-21T18:36:31+00:00","article_modified_time":"2022-06-06T17:36:25+00:00","og_image":[{"url":"http:\/\/cbbenicarlo.com\/wp-content\/uploads\/2019\/09\/70490395_2350178545103611_6252242441781379072_n.jpg"}],"author":"Club B\u00e0squet Benicarl\u00f3","twitter_card":"summary_large_image","twitter_misc":{"Escrito por":"Club B\u00e0squet Benicarl\u00f3","Tiempo de lectura":"1 minuto"},"schema":{"@context":"https:\/\/schema.org","@graph":[{"@type":"Article","@id":"https:\/\/cbbenicarlo.com\/?p=411#article","isPartOf":{"@id":"https:\/\/cbbenicarlo.com\/?p=411"},"author":{"name":"Club B\u00e0squet Benicarl\u00f3","@id":"https:\/\/cbbenicarlo.com\/#\/schema\/person\/200a6bea92870b7adeb1a5c755a793f2"},"headline":"Infantil femenino pretemporada","datePublished":"2019-09-21T18:36:31+00:00","dateModified":"2022-06-06T17:36:25+00:00","mainEntityOfPage":{"@id":"https:\/\/cbbenicarlo.com\/?p=411"},"wordCount":116,"publisher":{"@id":"https:\/\/cbbenicarlo.com\/#organization"},"articleSection":["Equipos Base"],"inLanguage":"es"},{"@type":"WebPage","@id":"https:\/\/cbbenicarlo.com\/?p=411","url":"https:\/\/cbbenicarlo.com\/?p=411","name":"Infantil femenino pretemporada | Club Basquet Benicarl\u00f3","isPartOf":{"@id":"https:\/\/cbbenicarlo.com\/#website"},"datePublished":"2019-09-21T18:36:31+00:00","dateModified":"2022-06-06T17:36:25+00:00","breadcrumb":{"@id":"https:\/\/cbbenicarlo.com\/?p=411#breadcrumb"},"inLanguage":"es","potentialAction":[{"@type":"ReadAction","target":["https:\/\/cbbenicarlo.com\/?p=411"]}]},{"@type":"BreadcrumbList","@id":"https:\/\/cbbenicarlo.com\/?p=411#breadcrumb","itemListElement":[{"@type":"ListItem","position":1,"name":"Portada","item":"https:\/\/cbbenicarlo.com\/"},{"@type":"ListItem","position":2,"name":"Infantil femenino pretemporada"}]},{"@type":"WebSite","@id":"https:\/\/cbbenicarlo.com\/#website","url":"https:\/\/cbbenicarlo.com\/","name":"Club Basquet Benicarl\u00f3","description":"P\u00e1gina Web Oficial","publisher":{"@id":"https:\/\/cbbenicarlo.com\/#organization"},"potentialAction":[{"@type":"SearchAction","target":{"@type":"EntryPoint","urlTemplate":"https:\/\/cbbenicarlo.com\/?s={search_term_string}"},"query-input":"required name=search_term_string"}],"inLanguage":"es"},{"@type":"Organization","@id":"https:\/\/cbbenicarlo.com\/#organization","name":"Club B\u00e0squet Benicarl\u00f3","url":"https:\/\/cbbenicarlo.com\/","logo":{"@type":"ImageObject","inLanguage":"es","@id":"https:\/\/cbbenicarlo.com\/#\/schema\/logo\/image\/","url":"https:\/\/cbbenicarlo.com\/wp-content\/uploads\/2022\/05\/cropped-cropped-cropped-CBBENICARLO2021-22-2.png","contentUrl":"https:\/\/cbbenicarlo.com\/wp-content\/uploads\/2022\/05\/cropped-cropped-cropped-CBBENICARLO2021-22-2.png","width":512,"height":512,"caption":"Club B\u00e0squet Benicarl\u00f3"},"image":{"@id":"https:\/\/cbbenicarlo.com\/#\/schema\/logo\/image\/"}},{"@type":"Person","@id":"https:\/\/cbbenicarlo.com\/#\/schema\/person\/200a6bea92870b7adeb1a5c755a793f2","name":"Club B\u00e0squet Benicarl\u00f3","image":{"@type":"ImageObject","inLanguage":"es","@id":"https:\/\/cbbenicarlo.com\/#\/schema\/person\/image\/","url":"https:\/\/secure.gravatar.com\/avatar\/8aed305f961a70f8934d4ba794f3527a?s=96&d=mm&r=g","contentUrl":"https:\/\/secure.gravatar.com\/avatar\/8aed305f961a70f8934d4ba794f3527a?s=96&d=mm&r=g","caption":"Club B\u00e0squet Benicarl\u00f3"},"url":"https:\/\/cbbenicarlo.com\/?author=1"}]}},"_links":{"self":[{"href":"https:\/\/cbbenicarlo.com\/index.php?rest_route=\/wp\/v2\/posts\/411"}],"collection":[{"href":"https:\/\/cbbenicarlo.com\/index.php?rest_route=\/wp\/v2\/posts"}],"about":[{"href":"https:\/\/cbbenicarlo.com\/index.php?rest_route=\/wp\/v2\/types\/post"}],"author":[{"embeddable":true,"href":"https:\/\/cbbenicarlo.com\/index.php?rest_route=\/wp\/v2\/users\/1"}],"replies":[{"embeddable":true,"href":"https:\/\/cbbenicarlo.com\/index.php?rest_route=%2Fwp%2Fv2%2Fcomments&post=411"}],"version-history":[{"count":1,"href":"https:\/\/cbbenicarlo.com\/index.php?rest_route=\/wp\/v2\/posts\/411\/revisions"}],"predecessor-version":[{"id":413,"href":"https:\/\/cbbenicarlo.com\/index.php?rest_route=\/wp\/v2\/posts\/411\/revisions\/413"}],"wp:attachment":[{"href":"https:\/\/cbbenicarlo.com\/index.php?rest_route=%2Fwp%2Fv2%2Fmedia&parent=411"}],"wp:term":[{"taxonomy":"category","embeddable":true,"href":"https:\/\/cbbenicarlo.com\/index.php?rest_route=%2Fwp%2Fv2%2Fcategories&post=411"},{"taxonomy":"post_tag","embeddable":true,"href":"https:\/\/cbbenicarlo.com\/index.php?rest_route=%2Fwp%2Fv2%2Ftags&post=411"}],"curies":[{"name":"wp","href":"https:\/\/api.w.org\/{rel}","templated":true}]}}