{"id":406,"date":"2019-09-21T20:32:52","date_gmt":"2019-09-21T18:32:52","guid":{"rendered":"http:\/\/cbbenicarlo.com\/?p=406"},"modified":"2022-06-06T19:36:25","modified_gmt":"2022-06-06T17:36:25","slug":"infantil-b-pretemporada","status":"publish","type":"post","link":"https:\/\/cbbenicarlo.com\/?p=406","title":{"rendered":"Infantil B pretemporada"},"content":{"rendered":"\n<p><strong>C.B.Castell\u00f3 A 71 VS 31C.B.Benicarl\u00f3 B<\/strong><br>Tercer partido de pretemporada para nuestro infantil B despu\u00e9s del torneo ganado la semana pasada en Tortosa.<br>Aguantamos el primer periodo al que se lleg\u00f3 con el marcador igualado. A partir de entonces, el CBC impuso su experiencia y superioridad f\u00edsica. Partido contra un rival de nivel superior que nos sirve para ir acopl\u00e1ndonos a la nueva categor\u00eda, al nuevo bal\u00f3n y a las nuevas canastas. Muchas ganas y mucho trabajo por delante.<br><a href=\"https:\/\/www.facebook.com\/hashtag\/cbbenicarlo2019_20?source=feed_text&amp;epa=HASHTAG&amp;__xts__%5B0%5D=68.ARDid-cTNsILHOaI_zxqBWUf7vVn2QY-Gv5uM3Y2lcxTl7XEOdCYqlJn7t0JEc5csgJ-4MhTZ6E-MF9nj8nspvg_EvBJp0agThKKbFJYxS8qWr5fbZRR5mZB66YN0OFh0QDZnWj6-AWdz2vqQrJZP7jGRFGLWniOQ_15MztD76vc-fV7weXyL9GqK4g8hQIKo5-bzkkvJL_IR40TQSdCuFVKmc1RfRFLweT9kzgVyuG1o6c3-G69L_1v7il5f6G2UP9e8YynQEMGp_ewDI-NFyA9tHdFtB_vmiNFd7fsmI6Cw0_dFQtMEQjAwDqSAoFHD4d3lUATgcpLg68SSN6CvRoRtInb&amp;__tn__=%2ANK-R\">#cbbenicarlo2019_20<\/a><br><a href=\"https:\/\/www.facebook.com\/hashtag\/cbbenicarlo2019_20infantilb?source=feed_text&amp;epa=HASHTAG&amp;__xts__%5B0%5D=68.ARDid-cTNsILHOaI_zxqBWUf7vVn2QY-Gv5uM3Y2lcxTl7XEOdCYqlJn7t0JEc5csgJ-4MhTZ6E-MF9nj8nspvg_EvBJp0agThKKbFJYxS8qWr5fbZRR5mZB66YN0OFh0QDZnWj6-AWdz2vqQrJZP7jGRFGLWniOQ_15MztD76vc-fV7weXyL9GqK4g8hQIKo5-bzkkvJL_IR40TQSdCuFVKmc1RfRFLweT9kzgVyuG1o6c3-G69L_1v7il5f6G2UP9e8YynQEMGp_ewDI-NFyA9tHdFtB_vmiNFd7fsmI6Cw0_dFQtMEQjAwDqSAoFHD4d3lUATgcpLg68SSN6CvRoRtInb&amp;__tn__=%2ANK-R\">#cbbenicarlo2019_20infantilB<\/a><br><a href=\"https:\/\/www.facebook.com\/hashtag\/endavantesport?source=feed_text&amp;epa=HASHTAG&amp;__xts__%5B0%5D=68.ARDid-cTNsILHOaI_zxqBWUf7vVn2QY-Gv5uM3Y2lcxTl7XEOdCYqlJn7t0JEc5csgJ-4MhTZ6E-MF9nj8nspvg_EvBJp0agThKKbFJYxS8qWr5fbZRR5mZB66YN0OFh0QDZnWj6-AWdz2vqQrJZP7jGRFGLWniOQ_15MztD76vc-fV7weXyL9GqK4g8hQIKo5-bzkkvJL_IR40TQSdCuFVKmc1RfRFLweT9kzgVyuG1o6c3-G69L_1v7il5f6G2UP9e8YynQEMGp_ewDI-NFyA9tHdFtB_vmiNFd7fsmI6Cw0_dFQtMEQjAwDqSAoFHD4d3lUATgcpLg68SSN6CvRoRtInb&amp;__tn__=%2ANK-R\">#EndavantEsport<\/a><br><a href=\"https:\/\/www.facebook.com\/hashtag\/juntssomm%C3%A9sforts?source=feed_text&amp;epa=HASHTAG&amp;__xts__%5B0%5D=68.ARDid-cTNsILHOaI_zxqBWUf7vVn2QY-Gv5uM3Y2lcxTl7XEOdCYqlJn7t0JEc5csgJ-4MhTZ6E-MF9nj8nspvg_EvBJp0agThKKbFJYxS8qWr5fbZRR5mZB66YN0OFh0QDZnWj6-AWdz2vqQrJZP7jGRFGLWniOQ_15MztD76vc-fV7weXyL9GqK4g8hQIKo5-bzkkvJL_IR40TQSdCuFVKmc1RfRFLweT9kzgVyuG1o6c3-G69L_1v7il5f6G2UP9e8YynQEMGp_ewDI-NFyA9tHdFtB_vmiNFd7fsmI6Cw0_dFQtMEQjAwDqSAoFHD4d3lUATgcpLg68SSN6CvRoRtInb&amp;__tn__=%2ANK-R\">#JuntsSomM\u00e9sForts<\/a><br><a href=\"https:\/\/www.facebook.com\/hashtag\/csescenariodeportivo?source=feed_text&amp;epa=HASHTAG&amp;__xts__%5B0%5D=68.ARDid-cTNsILHOaI_zxqBWUf7vVn2QY-Gv5uM3Y2lcxTl7XEOdCYqlJn7t0JEc5csgJ-4MhTZ6E-MF9nj8nspvg_EvBJp0agThKKbFJYxS8qWr5fbZRR5mZB66YN0OFh0QDZnWj6-AWdz2vqQrJZP7jGRFGLWniOQ_15MztD76vc-fV7weXyL9GqK4g8hQIKo5-bzkkvJL_IR40TQSdCuFVKmc1RfRFLweT9kzgVyuG1o6c3-G69L_1v7il5f6G2UP9e8YynQEMGp_ewDI-NFyA9tHdFtB_vmiNFd7fsmI6Cw0_dFQtMEQjAwDqSAoFHD4d3lUATgcpLg68SSN6CvRoRtInb&amp;__tn__=%2ANK-R\">#CSEscenarioDeportivo<\/a><br><a href=\"https:\/\/www.facebook.com\/ajuntamentdebenicarlo\/?__xts__%5B0%5D=68.ARBu2Yi4BKLftraSaXWUtZEg_ueeWhdG6dfXQJkBs7C8vcBhoSQY_R8jWgxyJ6a6v4Fa3rlgY5vDoHYuMfxKpzBsp2X4TBYqORirHRqUsDJMJcQ0Hxpcq8QKe-80CK3TmLmbxEh15xSka_MHfWln4DRpYCGHrrbvaDHj1PVWHhi-DKCPPQMVjIViYGMWQI29E7HQLAHZoZlDPKp0XoQMvQ9aGfZftpyQArFAhalcPlH7-UiJZiaejBOMuFNC4wE7l0xz5tLsnn9VCRhiw1qZAmr3Till_X2Ebx7fm3p8fpTuV7rXkRrvlNOMdDv0mGPpxBpYmsUHSuTHz4qBWSlKfeOAkI1ay4NmYCYaJ7_eqSNhv9S_Q6USsASILg&amp;__xts__%5B1%5D=68.ARDid-cTNsILHOaI_zxqBWUf7vVn2QY-Gv5uM3Y2lcxTl7XEOdCYqlJn7t0JEc5csgJ-4MhTZ6E-MF9nj8nspvg_EvBJp0agThKKbFJYxS8qWr5fbZRR5mZB66YN0OFh0QDZnWj6-AWdz2vqQrJZP7jGRFGLWniOQ_15MztD76vc-fV7weXyL9GqK4g8hQIKo5-bzkkvJL_IR40TQSdCuFVKmc1RfRFLweT9kzgVyuG1o6c3-G69L_1v7il5f6G2UP9e8YynQEMGp_ewDI-NFyA9tHdFtB_vmiNFd7fsmI6Cw0_dFQtMEQjAwDqSAoFHD4d3lUATgcpLg68SSN6CvRoRtInb&amp;__tn__=K-R&amp;eid=ARAf34rSbFjjRtFLLqn4ovmIrm0zQvYMRP3CS1nDLXT0z4bj96Dqx5z02MIyxFYF-chfPl9OS-TzaIvZ&amp;fref=mentions\">Ajuntament de Benicarl\u00f3<\/a>&nbsp;<a href=\"https:\/\/www.facebook.com\/dipcas\/?__xts__%5B0%5D=68.ARBu2Yi4BKLftraSaXWUtZEg_ueeWhdG6dfXQJkBs7C8vcBhoSQY_R8jWgxyJ6a6v4Fa3rlgY5vDoHYuMfxKpzBsp2X4TBYqORirHRqUsDJMJcQ0Hxpcq8QKe-80CK3TmLmbxEh15xSka_MHfWln4DRpYCGHrrbvaDHj1PVWHhi-DKCPPQMVjIViYGMWQI29E7HQLAHZoZlDPKp0XoQMvQ9aGfZftpyQArFAhalcPlH7-UiJZiaejBOMuFNC4wE7l0xz5tLsnn9VCRhiw1qZAmr3Till_X2Ebx7fm3p8fpTuV7rXkRrvlNOMdDv0mGPpxBpYmsUHSuTHz4qBWSlKfeOAkI1ay4NmYCYaJ7_eqSNhv9S_Q6USsASILg&amp;__xts__%5B1%5D=68.ARDid-cTNsILHOaI_zxqBWUf7vVn2QY-Gv5uM3Y2lcxTl7XEOdCYqlJn7t0JEc5csgJ-4MhTZ6E-MF9nj8nspvg_EvBJp0agThKKbFJYxS8qWr5fbZRR5mZB66YN0OFh0QDZnWj6-AWdz2vqQrJZP7jGRFGLWniOQ_15MztD76vc-fV7weXyL9GqK4g8hQIKo5-bzkkvJL_IR40TQSdCuFVKmc1RfRFLweT9kzgVyuG1o6c3-G69L_1v7il5f6G2UP9e8YynQEMGp_ewDI-NFyA9tHdFtB_vmiNFd7fsmI6Cw0_dFQtMEQjAwDqSAoFHD4d3lUATgcpLg68SSN6CvRoRtInb&amp;__tn__=K-R&amp;eid=ARB3iIdhLyTnRwV2rpTZJL22JmxdVoLYADfdWEc7GCiyLnNS_3u2niKIwve2Qq8LS28jocZjoK8XCD5E&amp;fref=mentions\">Diputaci\u00f3 de Castell\u00f3<\/a>&nbsp;<a href=\"https:\/\/www.facebook.com\/dipuesport\/?__xts__%5B0%5D=68.ARBu2Yi4BKLftraSaXWUtZEg_ueeWhdG6dfXQJkBs7C8vcBhoSQY_R8jWgxyJ6a6v4Fa3rlgY5vDoHYuMfxKpzBsp2X4TBYqORirHRqUsDJMJcQ0Hxpcq8QKe-80CK3TmLmbxEh15xSka_MHfWln4DRpYCGHrrbvaDHj1PVWHhi-DKCPPQMVjIViYGMWQI29E7HQLAHZoZlDPKp0XoQMvQ9aGfZftpyQArFAhalcPlH7-UiJZiaejBOMuFNC4wE7l0xz5tLsnn9VCRhiw1qZAmr3Till_X2Ebx7fm3p8fpTuV7rXkRrvlNOMdDv0mGPpxBpYmsUHSuTHz4qBWSlKfeOAkI1ay4NmYCYaJ7_eqSNhv9S_Q6USsASILg&amp;__xts__%5B1%5D=68.ARDid-cTNsILHOaI_zxqBWUf7vVn2QY-Gv5uM3Y2lcxTl7XEOdCYqlJn7t0JEc5csgJ-4MhTZ6E-MF9nj8nspvg_EvBJp0agThKKbFJYxS8qWr5fbZRR5mZB66YN0OFh0QDZnWj6-AWdz2vqQrJZP7jGRFGLWniOQ_15MztD76vc-fV7weXyL9GqK4g8hQIKo5-bzkkvJL_IR40TQSdCuFVKmc1RfRFLweT9kzgVyuG1o6c3-G69L_1v7il5f6G2UP9e8YynQEMGp_ewDI-NFyA9tHdFtB_vmiNFd7fsmI6Cw0_dFQtMEQjAwDqSAoFHD4d3lUATgcpLg68SSN6CvRoRtInb&amp;__tn__=K-R&amp;eid=ARCuSm0M6ZbI-fM0IIAu2Rs6SyLyspCGMKk5hUB-iFC9Yt9ymf0UwHPH-hvqmDdJ4GPKeuUmKHAGdAbz&amp;fref=mentions\">DipuEsport Castell\u00f3<\/a>&nbsp;<a href=\"https:\/\/www.facebook.com\/esports.benicarlo\/?__xts__%5B0%5D=68.ARBu2Yi4BKLftraSaXWUtZEg_ueeWhdG6dfXQJkBs7C8vcBhoSQY_R8jWgxyJ6a6v4Fa3rlgY5vDoHYuMfxKpzBsp2X4TBYqORirHRqUsDJMJcQ0Hxpcq8QKe-80CK3TmLmbxEh15xSka_MHfWln4DRpYCGHrrbvaDHj1PVWHhi-DKCPPQMVjIViYGMWQI29E7HQLAHZoZlDPKp0XoQMvQ9aGfZftpyQArFAhalcPlH7-UiJZiaejBOMuFNC4wE7l0xz5tLsnn9VCRhiw1qZAmr3Till_X2Ebx7fm3p8fpTuV7rXkRrvlNOMdDv0mGPpxBpYmsUHSuTHz4qBWSlKfeOAkI1ay4NmYCYaJ7_eqSNhv9S_Q6USsASILg&amp;__xts__%5B1%5D=68.ARDid-cTNsILHOaI_zxqBWUf7vVn2QY-Gv5uM3Y2lcxTl7XEOdCYqlJn7t0JEc5csgJ-4MhTZ6E-MF9nj8nspvg_EvBJp0agThKKbFJYxS8qWr5fbZRR5mZB66YN0OFh0QDZnWj6-AWdz2vqQrJZP7jGRFGLWniOQ_15MztD76vc-fV7weXyL9GqK4g8hQIKo5-bzkkvJL_IR40TQSdCuFVKmc1RfRFLweT9kzgVyuG1o6c3-G69L_1v7il5f6G2UP9e8YynQEMGp_ewDI-NFyA9tHdFtB_vmiNFd7fsmI6Cw0_dFQtMEQjAwDqSAoFHD4d3lUATgcpLg68SSN6CvRoRtInb&amp;__tn__=K-R&amp;eid=ARCFeF091TBLWVpWz2Agctbsf--Q3b11oSEsQr1v8CKZM_y-5S3SVB4zQgIzpx9QSTWMawk0W88wKno5&amp;fref=mentions\">Ajuntament de Benicarl\u00f3 Regidoria DEsports<\/a>&nbsp;<a href=\"https:\/\/www.facebook.com\/fedbaloncestocv\/?__xts__%5B0%5D=68.ARBu2Yi4BKLftraSaXWUtZEg_ueeWhdG6dfXQJkBs7C8vcBhoSQY_R8jWgxyJ6a6v4Fa3rlgY5vDoHYuMfxKpzBsp2X4TBYqORirHRqUsDJMJcQ0Hxpcq8QKe-80CK3TmLmbxEh15xSka_MHfWln4DRpYCGHrrbvaDHj1PVWHhi-DKCPPQMVjIViYGMWQI29E7HQLAHZoZlDPKp0XoQMvQ9aGfZftpyQArFAhalcPlH7-UiJZiaejBOMuFNC4wE7l0xz5tLsnn9VCRhiw1qZAmr3Till_X2Ebx7fm3p8fpTuV7rXkRrvlNOMdDv0mGPpxBpYmsUHSuTHz4qBWSlKfeOAkI1ay4NmYCYaJ7_eqSNhv9S_Q6USsASILg&amp;__xts__%5B1%5D=68.ARDid-cTNsILHOaI_zxqBWUf7vVn2QY-Gv5uM3Y2lcxTl7XEOdCYqlJn7t0JEc5csgJ-4MhTZ6E-MF9nj8nspvg_EvBJp0agThKKbFJYxS8qWr5fbZRR5mZB66YN0OFh0QDZnWj6-AWdz2vqQrJZP7jGRFGLWniOQ_15MztD76vc-fV7weXyL9GqK4g8hQIKo5-bzkkvJL_IR40TQSdCuFVKmc1RfRFLweT9kzgVyuG1o6c3-G69L_1v7il5f6G2UP9e8YynQEMGp_ewDI-NFyA9tHdFtB_vmiNFd7fsmI6Cw0_dFQtMEQjAwDqSAoFHD4d3lUATgcpLg68SSN6CvRoRtInb&amp;__tn__=K-R&amp;eid=ARChhle5eQygP1rwbpr62KCG6yxD84csSy36Wxs6VkJAmecDnMpo0b8fDIZWcoGO3j15D7jpNNuQN6Gq&amp;fref=mentions\">Federaci\u00f3n Baloncesto Comunidad Valenciana<\/a>&nbsp;<a href=\"https:\/\/www.facebook.com\/ClubBaloncestoCastellon\/?__xts__%5B0%5D=68.ARBu2Yi4BKLftraSaXWUtZEg_ueeWhdG6dfXQJkBs7C8vcBhoSQY_R8jWgxyJ6a6v4Fa3rlgY5vDoHYuMfxKpzBsp2X4TBYqORirHRqUsDJMJcQ0Hxpcq8QKe-80CK3TmLmbxEh15xSka_MHfWln4DRpYCGHrrbvaDHj1PVWHhi-DKCPPQMVjIViYGMWQI29E7HQLAHZoZlDPKp0XoQMvQ9aGfZftpyQArFAhalcPlH7-UiJZiaejBOMuFNC4wE7l0xz5tLsnn9VCRhiw1qZAmr3Till_X2Ebx7fm3p8fpTuV7rXkRrvlNOMdDv0mGPpxBpYmsUHSuTHz4qBWSlKfeOAkI1ay4NmYCYaJ7_eqSNhv9S_Q6USsASILg&amp;__xts__%5B1%5D=68.ARDid-cTNsILHOaI_zxqBWUf7vVn2QY-Gv5uM3Y2lcxTl7XEOdCYqlJn7t0JEc5csgJ-4MhTZ6E-MF9nj8nspvg_EvBJp0agThKKbFJYxS8qWr5fbZRR5mZB66YN0OFh0QDZnWj6-AWdz2vqQrJZP7jGRFGLWniOQ_15MztD76vc-fV7weXyL9GqK4g8hQIKo5-bzkkvJL_IR40TQSdCuFVKmc1RfRFLweT9kzgVyuG1o6c3-G69L_1v7il5f6G2UP9e8YynQEMGp_ewDI-NFyA9tHdFtB_vmiNFd7fsmI6Cw0_dFQtMEQjAwDqSAoFHD4d3lUATgcpLg68SSN6CvRoRtInb&amp;__tn__=K-R&amp;eid=ARAPXKI0JVNsnUnty-xExl5ZFmlwbFFZwIbIRawiCUxz_-7ufBzoFjRYYTsuEtjNJFQBLdaCsurqqNDm&amp;fref=mentions\">Club Baloncesto Castell\u00f3n<\/a>&nbsp;<a href=\"https:\/\/www.facebook.com\/groups\/1094290130667284\/?fref=mentions&amp;__xts__%5B0%5D=68.ARDid-cTNsILHOaI_zxqBWUf7vVn2QY-Gv5uM3Y2lcxTl7XEOdCYqlJn7t0JEc5csgJ-4MhTZ6E-MF9nj8nspvg_EvBJp0agThKKbFJYxS8qWr5fbZRR5mZB66YN0OFh0QDZnWj6-AWdz2vqQrJZP7jGRFGLWniOQ_15MztD76vc-fV7weXyL9GqK4g8hQIKo5-bzkkvJL_IR40TQSdCuFVKmc1RfRFLweT9kzgVyuG1o6c3-G69L_1v7il5f6G2UP9e8YynQEMGp_ewDI-NFyA9tHdFtB_vmiNFd7fsmI6Cw0_dFQtMEQjAwDqSAoFHD4d3lUATgcpLg68SSN6CvRoRtInb&amp;__tn__=K-R\">BENICARL\u00d3<\/a><\/p>\n\n\n\n<figure class=\"wp-block-image\"><img fetchpriority=\"high\" decoding=\"async\" width=\"960\" height=\"960\" src=\"http:\/\/cbbenicarlo.com\/wp-content\/uploads\/2019\/09\/70643290_2350158885105577_3492228274765955072_n.jpg\" alt=\"\" class=\"wp-image-407\" srcset=\"https:\/\/cbbenicarlo.com\/wp-content\/uploads\/2019\/09\/70643290_2350158885105577_3492228274765955072_n.jpg 960w, https:\/\/cbbenicarlo.com\/wp-content\/uploads\/2019\/09\/70643290_2350158885105577_3492228274765955072_n-150x150.jpg 150w, https:\/\/cbbenicarlo.com\/wp-content\/uploads\/2019\/09\/70643290_2350158885105577_3492228274765955072_n-300x300.jpg 300w, https:\/\/cbbenicarlo.com\/wp-content\/uploads\/2019\/09\/70643290_2350158885105577_3492228274765955072_n-768x768.jpg 768w, https:\/\/cbbenicarlo.com\/wp-content\/uploads\/2019\/09\/70643290_2350158885105577_3492228274765955072_n-128x128.jpg 128w, https:\/\/cbbenicarlo.com\/wp-content\/uploads\/2019\/09\/70643290_2350158885105577_3492228274765955072_n-32x32.jpg 32w\" sizes=\"(max-width: 960px) 100vw, 960px\" \/><\/figure>\n\n\n\n<p> <\/p>\n","protected":false},"excerpt":{"rendered":"<p>C.B.Castell\u00f3 A 71 VS 31C.B.Benicarl\u00f3 BTercer partido de pretemporada para nuestro infantil B despu\u00e9s del torneo ganado la semana pasada en Tortosa.Aguantamos el primer periodo al que se lleg\u00f3 con el marcador igualado. A partir de entonces, el CBC impuso su experiencia y superioridad f\u00edsica. Partido contra un rival de nivel superior que nos sirve para ir acopl\u00e1ndonos a la nueva categor\u00eda, al nuevo bal\u00f3n y a las nuevas canastas. Muchas ganas y mucho trabajo por delante.#cbbenicarlo2019_20#cbbenicarlo2019_20infantilB#EndavantEsport#JuntsSomM\u00e9sForts#CSEscenarioDeportivoAjuntament de Benicarl\u00f3&nbsp;Diputaci\u00f3 de Castell\u00f3&nbsp;DipuEsport Castell\u00f3&nbsp;Ajuntament de Benicarl\u00f3 Regidoria DEsports&nbsp;Federaci\u00f3n Baloncesto Comunidad Valenciana&nbsp;Club Baloncesto Castell\u00f3n&nbsp;BENICARL\u00d3<\/p>\n","protected":false},"author":1,"featured_media":0,"comment_status":"closed","ping_status":"open","sticky":false,"template":"","format":"standard","meta":{"_eb_attr":""},"categories":[4],"tags":[],"yoast_head":"<!-- This site is optimized with the Yoast SEO plugin v21.1 - https:\/\/yoast.com\/wordpress\/plugins\/seo\/ -->\n<title>Infantil B pretemporada | Club Basquet Benicarl\u00f3<\/title>\n<meta name=\"robots\" content=\"index, follow, max-snippet:-1, max-image-preview:large, max-video-preview:-1\" \/>\n<link rel=\"canonical\" href=\"https:\/\/cbbenicarlo.com\/?p=406\" \/>\n<meta property=\"og:locale\" content=\"es_ES\" \/>\n<meta property=\"og:type\" content=\"article\" \/>\n<meta property=\"og:title\" content=\"Infantil B pretemporada | Club Basquet Benicarl\u00f3\" \/>\n<meta property=\"og:description\" content=\"C.B.Castell\u00f3 A 71 VS 31C.B.Benicarl\u00f3 BTercer partido de pretemporada para nuestro infantil B despu\u00e9s del torneo ganado la semana pasada en Tortosa.Aguantamos el primer periodo al que se lleg\u00f3 con el marcador igualado. A partir de entonces, el CBC impuso su experiencia y superioridad f\u00edsica. Partido contra un rival de nivel superior que nos sirve para ir acopl\u00e1ndonos a la nueva categor\u00eda, al nuevo bal\u00f3n y a las nuevas canastas. Muchas ganas y mucho trabajo por delante.#cbbenicarlo2019_20#cbbenicarlo2019_20infantilB#EndavantEsport#JuntsSomM\u00e9sForts#CSEscenarioDeportivoAjuntament de Benicarl\u00f3&nbsp;Diputaci\u00f3 de Castell\u00f3&nbsp;DipuEsport Castell\u00f3&nbsp;Ajuntament de Benicarl\u00f3 Regidoria DEsports&nbsp;Federaci\u00f3n Baloncesto Comunidad Valenciana&nbsp;Club Baloncesto Castell\u00f3n&nbsp;BENICARL\u00d3\" \/>\n<meta property=\"og:url\" content=\"https:\/\/cbbenicarlo.com\/?p=406\" \/>\n<meta property=\"og:site_name\" content=\"Club Basquet Benicarl\u00f3\" \/>\n<meta property=\"article:published_time\" content=\"2019-09-21T18:32:52+00:00\" \/>\n<meta property=\"article:modified_time\" content=\"2022-06-06T17:36:25+00:00\" \/>\n<meta property=\"og:image\" content=\"http:\/\/cbbenicarlo.com\/wp-content\/uploads\/2019\/09\/70643290_2350158885105577_3492228274765955072_n.jpg\" \/>\n<meta name=\"author\" content=\"Club B\u00e0squet Benicarl\u00f3\" \/>\n<meta name=\"twitter:card\" content=\"summary_large_image\" \/>\n<meta name=\"twitter:label1\" content=\"Escrito por\" \/>\n\t<meta name=\"twitter:data1\" content=\"Club B\u00e0squet Benicarl\u00f3\" \/>\n\t<meta name=\"twitter:label2\" content=\"Tiempo de lectura\" \/>\n\t<meta name=\"twitter:data2\" content=\"1 minuto\" \/>\n<script type=\"application\/ld+json\" class=\"yoast-schema-graph\">{\"@context\":\"https:\/\/schema.org\",\"@graph\":[{\"@type\":\"Article\",\"@id\":\"https:\/\/cbbenicarlo.com\/?p=406#article\",\"isPartOf\":{\"@id\":\"https:\/\/cbbenicarlo.com\/?p=406\"},\"author\":{\"name\":\"Club B\u00e0squet Benicarl\u00f3\",\"@id\":\"https:\/\/cbbenicarlo.com\/#\/schema\/person\/200a6bea92870b7adeb1a5c755a793f2\"},\"headline\":\"Infantil B pretemporada\",\"datePublished\":\"2019-09-21T18:32:52+00:00\",\"dateModified\":\"2022-06-06T17:36:25+00:00\",\"mainEntityOfPage\":{\"@id\":\"https:\/\/cbbenicarlo.com\/?p=406\"},\"wordCount\":126,\"publisher\":{\"@id\":\"https:\/\/cbbenicarlo.com\/#organization\"},\"articleSection\":[\"Equipos Base\"],\"inLanguage\":\"es\"},{\"@type\":\"WebPage\",\"@id\":\"https:\/\/cbbenicarlo.com\/?p=406\",\"url\":\"https:\/\/cbbenicarlo.com\/?p=406\",\"name\":\"Infantil B pretemporada | Club Basquet Benicarl\u00f3\",\"isPartOf\":{\"@id\":\"https:\/\/cbbenicarlo.com\/#website\"},\"datePublished\":\"2019-09-21T18:32:52+00:00\",\"dateModified\":\"2022-06-06T17:36:25+00:00\",\"breadcrumb\":{\"@id\":\"https:\/\/cbbenicarlo.com\/?p=406#breadcrumb\"},\"inLanguage\":\"es\",\"potentialAction\":[{\"@type\":\"ReadAction\",\"target\":[\"https:\/\/cbbenicarlo.com\/?p=406\"]}]},{\"@type\":\"BreadcrumbList\",\"@id\":\"https:\/\/cbbenicarlo.com\/?p=406#breadcrumb\",\"itemListElement\":[{\"@type\":\"ListItem\",\"position\":1,\"name\":\"Portada\",\"item\":\"https:\/\/cbbenicarlo.com\/\"},{\"@type\":\"ListItem\",\"position\":2,\"name\":\"Infantil B pretemporada\"}]},{\"@type\":\"WebSite\",\"@id\":\"https:\/\/cbbenicarlo.com\/#website\",\"url\":\"https:\/\/cbbenicarlo.com\/\",\"name\":\"Club Basquet Benicarl\u00f3\",\"description\":\"P\u00e1gina Web Oficial\",\"publisher\":{\"@id\":\"https:\/\/cbbenicarlo.com\/#organization\"},\"potentialAction\":[{\"@type\":\"SearchAction\",\"target\":{\"@type\":\"EntryPoint\",\"urlTemplate\":\"https:\/\/cbbenicarlo.com\/?s={search_term_string}\"},\"query-input\":\"required name=search_term_string\"}],\"inLanguage\":\"es\"},{\"@type\":\"Organization\",\"@id\":\"https:\/\/cbbenicarlo.com\/#organization\",\"name\":\"Club B\u00e0squet Benicarl\u00f3\",\"url\":\"https:\/\/cbbenicarlo.com\/\",\"logo\":{\"@type\":\"ImageObject\",\"inLanguage\":\"es\",\"@id\":\"https:\/\/cbbenicarlo.com\/#\/schema\/logo\/image\/\",\"url\":\"https:\/\/cbbenicarlo.com\/wp-content\/uploads\/2022\/05\/cropped-cropped-cropped-CBBENICARLO2021-22-2.png\",\"contentUrl\":\"https:\/\/cbbenicarlo.com\/wp-content\/uploads\/2022\/05\/cropped-cropped-cropped-CBBENICARLO2021-22-2.png\",\"width\":512,\"height\":512,\"caption\":\"Club B\u00e0squet Benicarl\u00f3\"},\"image\":{\"@id\":\"https:\/\/cbbenicarlo.com\/#\/schema\/logo\/image\/\"}},{\"@type\":\"Person\",\"@id\":\"https:\/\/cbbenicarlo.com\/#\/schema\/person\/200a6bea92870b7adeb1a5c755a793f2\",\"name\":\"Club B\u00e0squet Benicarl\u00f3\",\"image\":{\"@type\":\"ImageObject\",\"inLanguage\":\"es\",\"@id\":\"https:\/\/cbbenicarlo.com\/#\/schema\/person\/image\/\",\"url\":\"https:\/\/secure.gravatar.com\/avatar\/8aed305f961a70f8934d4ba794f3527a?s=96&d=mm&r=g\",\"contentUrl\":\"https:\/\/secure.gravatar.com\/avatar\/8aed305f961a70f8934d4ba794f3527a?s=96&d=mm&r=g\",\"caption\":\"Club B\u00e0squet Benicarl\u00f3\"},\"url\":\"https:\/\/cbbenicarlo.com\/?author=1\"}]}<\/script>\n<!-- \/ Yoast SEO plugin. -->","yoast_head_json":{"title":"Infantil B pretemporada | Club Basquet Benicarl\u00f3","robots":{"index":"index","follow":"follow","max-snippet":"max-snippet:-1","max-image-preview":"max-image-preview:large","max-video-preview":"max-video-preview:-1"},"canonical":"https:\/\/cbbenicarlo.com\/?p=406","og_locale":"es_ES","og_type":"article","og_title":"Infantil B pretemporada | Club Basquet Benicarl\u00f3","og_description":"C.B.Castell\u00f3 A 71 VS 31C.B.Benicarl\u00f3 BTercer partido de pretemporada para nuestro infantil B despu\u00e9s del torneo ganado la semana pasada en Tortosa.Aguantamos el primer periodo al que se lleg\u00f3 con el marcador igualado. A partir de entonces, el CBC impuso su experiencia y superioridad f\u00edsica. Partido contra un rival de nivel superior que nos sirve para ir acopl\u00e1ndonos a la nueva categor\u00eda, al nuevo bal\u00f3n y a las nuevas canastas. Muchas ganas y mucho trabajo por delante.#cbbenicarlo2019_20#cbbenicarlo2019_20infantilB#EndavantEsport#JuntsSomM\u00e9sForts#CSEscenarioDeportivoAjuntament de Benicarl\u00f3&nbsp;Diputaci\u00f3 de Castell\u00f3&nbsp;DipuEsport Castell\u00f3&nbsp;Ajuntament de Benicarl\u00f3 Regidoria DEsports&nbsp;Federaci\u00f3n Baloncesto Comunidad Valenciana&nbsp;Club Baloncesto Castell\u00f3n&nbsp;BENICARL\u00d3","og_url":"https:\/\/cbbenicarlo.com\/?p=406","og_site_name":"Club Basquet Benicarl\u00f3","article_published_time":"2019-09-21T18:32:52+00:00","article_modified_time":"2022-06-06T17:36:25+00:00","og_image":[{"url":"http:\/\/cbbenicarlo.com\/wp-content\/uploads\/2019\/09\/70643290_2350158885105577_3492228274765955072_n.jpg"}],"author":"Club B\u00e0squet Benicarl\u00f3","twitter_card":"summary_large_image","twitter_misc":{"Escrito por":"Club B\u00e0squet Benicarl\u00f3","Tiempo de lectura":"1 minuto"},"schema":{"@context":"https:\/\/schema.org","@graph":[{"@type":"Article","@id":"https:\/\/cbbenicarlo.com\/?p=406#article","isPartOf":{"@id":"https:\/\/cbbenicarlo.com\/?p=406"},"author":{"name":"Club B\u00e0squet Benicarl\u00f3","@id":"https:\/\/cbbenicarlo.com\/#\/schema\/person\/200a6bea92870b7adeb1a5c755a793f2"},"headline":"Infantil B pretemporada","datePublished":"2019-09-21T18:32:52+00:00","dateModified":"2022-06-06T17:36:25+00:00","mainEntityOfPage":{"@id":"https:\/\/cbbenicarlo.com\/?p=406"},"wordCount":126,"publisher":{"@id":"https:\/\/cbbenicarlo.com\/#organization"},"articleSection":["Equipos Base"],"inLanguage":"es"},{"@type":"WebPage","@id":"https:\/\/cbbenicarlo.com\/?p=406","url":"https:\/\/cbbenicarlo.com\/?p=406","name":"Infantil B pretemporada | Club Basquet Benicarl\u00f3","isPartOf":{"@id":"https:\/\/cbbenicarlo.com\/#website"},"datePublished":"2019-09-21T18:32:52+00:00","dateModified":"2022-06-06T17:36:25+00:00","breadcrumb":{"@id":"https:\/\/cbbenicarlo.com\/?p=406#breadcrumb"},"inLanguage":"es","potentialAction":[{"@type":"ReadAction","target":["https:\/\/cbbenicarlo.com\/?p=406"]}]},{"@type":"BreadcrumbList","@id":"https:\/\/cbbenicarlo.com\/?p=406#breadcrumb","itemListElement":[{"@type":"ListItem","position":1,"name":"Portada","item":"https:\/\/cbbenicarlo.com\/"},{"@type":"ListItem","position":2,"name":"Infantil B pretemporada"}]},{"@type":"WebSite","@id":"https:\/\/cbbenicarlo.com\/#website","url":"https:\/\/cbbenicarlo.com\/","name":"Club Basquet Benicarl\u00f3","description":"P\u00e1gina Web Oficial","publisher":{"@id":"https:\/\/cbbenicarlo.com\/#organization"},"potentialAction":[{"@type":"SearchAction","target":{"@type":"EntryPoint","urlTemplate":"https:\/\/cbbenicarlo.com\/?s={search_term_string}"},"query-input":"required name=search_term_string"}],"inLanguage":"es"},{"@type":"Organization","@id":"https:\/\/cbbenicarlo.com\/#organization","name":"Club B\u00e0squet Benicarl\u00f3","url":"https:\/\/cbbenicarlo.com\/","logo":{"@type":"ImageObject","inLanguage":"es","@id":"https:\/\/cbbenicarlo.com\/#\/schema\/logo\/image\/","url":"https:\/\/cbbenicarlo.com\/wp-content\/uploads\/2022\/05\/cropped-cropped-cropped-CBBENICARLO2021-22-2.png","contentUrl":"https:\/\/cbbenicarlo.com\/wp-content\/uploads\/2022\/05\/cropped-cropped-cropped-CBBENICARLO2021-22-2.png","width":512,"height":512,"caption":"Club B\u00e0squet Benicarl\u00f3"},"image":{"@id":"https:\/\/cbbenicarlo.com\/#\/schema\/logo\/image\/"}},{"@type":"Person","@id":"https:\/\/cbbenicarlo.com\/#\/schema\/person\/200a6bea92870b7adeb1a5c755a793f2","name":"Club B\u00e0squet Benicarl\u00f3","image":{"@type":"ImageObject","inLanguage":"es","@id":"https:\/\/cbbenicarlo.com\/#\/schema\/person\/image\/","url":"https:\/\/secure.gravatar.com\/avatar\/8aed305f961a70f8934d4ba794f3527a?s=96&d=mm&r=g","contentUrl":"https:\/\/secure.gravatar.com\/avatar\/8aed305f961a70f8934d4ba794f3527a?s=96&d=mm&r=g","caption":"Club B\u00e0squet Benicarl\u00f3"},"url":"https:\/\/cbbenicarlo.com\/?author=1"}]}},"_links":{"self":[{"href":"https:\/\/cbbenicarlo.com\/index.php?rest_route=\/wp\/v2\/posts\/406"}],"collection":[{"href":"https:\/\/cbbenicarlo.com\/index.php?rest_route=\/wp\/v2\/posts"}],"about":[{"href":"https:\/\/cbbenicarlo.com\/index.php?rest_route=\/wp\/v2\/types\/post"}],"author":[{"embeddable":true,"href":"https:\/\/cbbenicarlo.com\/index.php?rest_route=\/wp\/v2\/users\/1"}],"replies":[{"embeddable":true,"href":"https:\/\/cbbenicarlo.com\/index.php?rest_route=%2Fwp%2Fv2%2Fcomments&post=406"}],"version-history":[{"count":2,"href":"https:\/\/cbbenicarlo.com\/index.php?rest_route=\/wp\/v2\/posts\/406\/revisions"}],"predecessor-version":[{"id":410,"href":"https:\/\/cbbenicarlo.com\/index.php?rest_route=\/wp\/v2\/posts\/406\/revisions\/410"}],"wp:attachment":[{"href":"https:\/\/cbbenicarlo.com\/index.php?rest_route=%2Fwp%2Fv2%2Fmedia&parent=406"}],"wp:term":[{"taxonomy":"category","embeddable":true,"href":"https:\/\/cbbenicarlo.com\/index.php?rest_route=%2Fwp%2Fv2%2Fcategories&post=406"},{"taxonomy":"post_tag","embeddable":true,"href":"https:\/\/cbbenicarlo.com\/index.php?rest_route=%2Fwp%2Fv2%2Ftags&post=406"}],"curies":[{"name":"wp","href":"https:\/\/api.w.org\/{rel}","templated":true}]}}