{"id":387,"date":"2019-09-20T18:30:07","date_gmt":"2019-09-20T16:30:07","guid":{"rendered":"http:\/\/cbbenicarlo.com\/?p=387"},"modified":"2022-06-06T19:36:25","modified_gmt":"2022-06-06T17:36:25","slug":"empieza-la-liga","status":"publish","type":"post","link":"https:\/\/cbbenicarlo.com\/?p=387","title":{"rendered":"Empieza la liga"},"content":{"rendered":"\n<h3>Domingo 22 a las 18:00<\/h3>\n\n\n\n<p>El pr\u00f3ximo domingo ser\u00e1 un d\u00eda especial para el C.B Benicarl\u00f3, el d\u00eda de nuestro debut en LEB Plata.<br>Ven al pabell\u00f3n y forma parte de este d\u00eda hist\u00f3rico para el deporte de Benicarl\u00f3.<\/p>\n\n\n\n<p>Empieza la Liga, empieza la LEB PLATA<\/p>\n\n\n\n<ul><li>Hora: 18:00h<\/li><\/ul>\n\n\n\n<ul><li>Lugar: Pabell\u00f3n municipal de Benicarl\u00f3 <\/li><\/ul>\n\n\n\n<ul><li>Rival: C.B.Prat <\/li><\/ul>\n\n\n\n<ul><li>&nbsp;Rifa una comida para dos personas en el Restaurante Frexes y dos cajas de verduras Benihort<\/li><\/ul>\n\n\n\n<p>C\u00f3mo hacerse socio:<br>F\u00edsicamente en :<br>&#8211;&nbsp;Antenas Besalduch AV\/ M\u00e9ndez N\u00fa\u00f1ez N\u00ba 42 Benicarl\u00f3<\/p>\n\n\n\n<p>Tambi\u00e9n pod\u00e9is hacerlo online:<br><a rel=\"noreferrer noopener\" href=\"https:\/\/l.facebook.com\/l.php?u=Http%3A%2F%2Fxurl.es%2Fab19%3Ffbclid%3DIwAR2KFmLt3WFv6biGrL8ecL9VauivVdj15ySVVNm7NwzPubhX1bGzza5YS6U&amp;h=AT15CxMgD6wEIgm7o2U5okLibKYtVcJjazXORSZ5X0UsdvgcbYnqWjd84MRG0HU1c1bF4SLGlTy9M0T0auXuCmJPG__Nl_e3GTn6I1S6_6u_oH2Y2a_mrVJo5CpoMtvJUWZeHn-nnoA58Y7KKwxEQNxq9asBRssA06cIszrPgymEhTQ88yK0iTngNOPLraliTQCDcXfAqCTqi8-dPiYgMVm6sVKmRpDZhoQdwKIMcpKIZ2e4bC6BR5GqaPZJtBddZb4O-ghIXMMUXyQAx42qy6pECqQE8VMV6RM1R3cgQdPUE-ujR9kXZiBza59EIpeRPKU4nLghX1I_F4dnKyv5iqAs-owNKyatYbL_50FEXaNoTno3S8TLSR7laMd7qjgIgQJBujseO1melO9cB-y3HRFM1E5Zd71G4bQihQdGag2ocZ7HwhC3ijBwh42o0iW_8SLA2FyBGRHkzyH0cdqPw6628LTWAefKJF4WAsyjFLNFc0ctbdR06IbvyMA3zUziQx08Z-QX0S2XtKNPVJsLtUO4y1Z4JnFzBT_5mfGUIXKEJROUyblVoswytwvpPe-3xZds9xDHo92fyybtLfmI5yxvsi5EzFoTeB9saePmRDV4dQx9FENvuu4vsfNe9ipUU8cBYXk\" target=\"_blank\">Http:\/\/xurl.es\/ab19<\/a><\/p>\n\n\n\n<p>Para cualquier informaci\u00f3n, puedes llamar al siguiente n\u00famero de tel\u00e9fono:<\/p>\n\n\n\n<p>\u260e&nbsp;620434005<\/p>\n\n\n\n<p><a href=\"https:\/\/www.facebook.com\/hashtag\/cbbenicarlo2019_20?source=feed_text&amp;epa=HASHTAG&amp;__xts__%5B0%5D=68.ARC_rPmgOAGecGP6nXXHMTvpwAhOGX3kQ8HL96Pap0vD5ZzrYEscD2hVgMVM8a1Qmz2z2kf6btjFObz68-l-273kwzAJAeeWYPk0lNXly7I7Aaw7Rrk--nSgasJyKp-rugwTgyS6nr84rhIAtye-Yz0M75h_sdycebVCeFfVRPhlyKZBUnLluGVGpI0NXPd9J4hs6sttON6Ni3kR4mYPvfo2x7dsQuCD2Op6PuUxqu_7Wn8VhlF1aBdnt0BIj9CtVVGsa6JrqV40fKa_HoyocUt_BbjRO4mTK2Ghwa9osY7lFjqEXnSXL4x79qwLBODshHxtjKIwemA5z8xBNYCPJ7stJBe6&amp;__tn__=%2ANK-R\">#cbbenicarlo2019_20<\/a><br><a href=\"https:\/\/www.facebook.com\/hashtag\/cbbenicarlo2019_20lebplata?source=feed_text&amp;epa=HASHTAG&amp;__xts__%5B0%5D=68.ARC_rPmgOAGecGP6nXXHMTvpwAhOGX3kQ8HL96Pap0vD5ZzrYEscD2hVgMVM8a1Qmz2z2kf6btjFObz68-l-273kwzAJAeeWYPk0lNXly7I7Aaw7Rrk--nSgasJyKp-rugwTgyS6nr84rhIAtye-Yz0M75h_sdycebVCeFfVRPhlyKZBUnLluGVGpI0NXPd9J4hs6sttON6Ni3kR4mYPvfo2x7dsQuCD2Op6PuUxqu_7Wn8VhlF1aBdnt0BIj9CtVVGsa6JrqV40fKa_HoyocUt_BbjRO4mTK2Ghwa9osY7lFjqEXnSXL4x79qwLBODshHxtjKIwemA5z8xBNYCPJ7stJBe6&amp;__tn__=%2ANK-R\">#cbbenicarlo2019_20LebPlata<\/a><br><a href=\"https:\/\/www.facebook.com\/hashtag\/endavantesport?source=feed_text&amp;epa=HASHTAG&amp;__xts__%5B0%5D=68.ARC_rPmgOAGecGP6nXXHMTvpwAhOGX3kQ8HL96Pap0vD5ZzrYEscD2hVgMVM8a1Qmz2z2kf6btjFObz68-l-273kwzAJAeeWYPk0lNXly7I7Aaw7Rrk--nSgasJyKp-rugwTgyS6nr84rhIAtye-Yz0M75h_sdycebVCeFfVRPhlyKZBUnLluGVGpI0NXPd9J4hs6sttON6Ni3kR4mYPvfo2x7dsQuCD2Op6PuUxqu_7Wn8VhlF1aBdnt0BIj9CtVVGsa6JrqV40fKa_HoyocUt_BbjRO4mTK2Ghwa9osY7lFjqEXnSXL4x79qwLBODshHxtjKIwemA5z8xBNYCPJ7stJBe6&amp;__tn__=%2ANK-R\">#EndavantEsport<\/a><br><a href=\"https:\/\/www.facebook.com\/hashtag\/juntssomm%C3%A9sforts?source=feed_text&amp;epa=HASHTAG&amp;__xts__%5B0%5D=68.ARC_rPmgOAGecGP6nXXHMTvpwAhOGX3kQ8HL96Pap0vD5ZzrYEscD2hVgMVM8a1Qmz2z2kf6btjFObz68-l-273kwzAJAeeWYPk0lNXly7I7Aaw7Rrk--nSgasJyKp-rugwTgyS6nr84rhIAtye-Yz0M75h_sdycebVCeFfVRPhlyKZBUnLluGVGpI0NXPd9J4hs6sttON6Ni3kR4mYPvfo2x7dsQuCD2Op6PuUxqu_7Wn8VhlF1aBdnt0BIj9CtVVGsa6JrqV40fKa_HoyocUt_BbjRO4mTK2Ghwa9osY7lFjqEXnSXL4x79qwLBODshHxtjKIwemA5z8xBNYCPJ7stJBe6&amp;__tn__=%2ANK-R\">#JuntsSomM\u00e9sForts<\/a><br><a href=\"https:\/\/www.facebook.com\/hashtag\/csescenariodeportivo?source=feed_text&amp;epa=HASHTAG&amp;__xts__%5B0%5D=68.ARC_rPmgOAGecGP6nXXHMTvpwAhOGX3kQ8HL96Pap0vD5ZzrYEscD2hVgMVM8a1Qmz2z2kf6btjFObz68-l-273kwzAJAeeWYPk0lNXly7I7Aaw7Rrk--nSgasJyKp-rugwTgyS6nr84rhIAtye-Yz0M75h_sdycebVCeFfVRPhlyKZBUnLluGVGpI0NXPd9J4hs6sttON6Ni3kR4mYPvfo2x7dsQuCD2Op6PuUxqu_7Wn8VhlF1aBdnt0BIj9CtVVGsa6JrqV40fKa_HoyocUt_BbjRO4mTK2Ghwa9osY7lFjqEXnSXL4x79qwLBODshHxtjKIwemA5z8xBNYCPJ7stJBe6&amp;__tn__=%2ANK-R\">#CSEscenarioDeportivo<\/a><\/p>\n\n\n\n<p><a href=\"https:\/\/www.facebook.com\/ajuntamentdebenicarlo\/?__tn__=K-R&amp;eid=ARCGrBBMiuymMyv7znQ_ASaEck8YiZABUEPsQxg65olwPDCo7RouDdBOXjMeSP_BjGQ9kuHKTqzhxwg9&amp;fref=mentions&amp;__xts__%5B0%5D=68.ARC_rPmgOAGecGP6nXXHMTvpwAhOGX3kQ8HL96Pap0vD5ZzrYEscD2hVgMVM8a1Qmz2z2kf6btjFObz68-l-273kwzAJAeeWYPk0lNXly7I7Aaw7Rrk--nSgasJyKp-rugwTgyS6nr84rhIAtye-Yz0M75h_sdycebVCeFfVRPhlyKZBUnLluGVGpI0NXPd9J4hs6sttON6Ni3kR4mYPvfo2x7dsQuCD2Op6PuUxqu_7Wn8VhlF1aBdnt0BIj9CtVVGsa6JrqV40fKa_HoyocUt_BbjRO4mTK2Ghwa9osY7lFjqEXnSXL4x79qwLBODshHxtjKIwemA5z8xBNYCPJ7stJBe6\">Ajuntament de Benicarl\u00f3<\/a>&nbsp;<a href=\"https:\/\/www.facebook.com\/dipcas\/?__tn__=K-R&amp;eid=ARDi-2EquEAyy0hcmG4MCcBQuL7Ocyuztx3Gw0CZ3Ts3SizQ4EufJtgpb2I9n7c8fyXlhSqhVlGSJWcP&amp;fref=mentions&amp;__xts__%5B0%5D=68.ARC_rPmgOAGecGP6nXXHMTvpwAhOGX3kQ8HL96Pap0vD5ZzrYEscD2hVgMVM8a1Qmz2z2kf6btjFObz68-l-273kwzAJAeeWYPk0lNXly7I7Aaw7Rrk--nSgasJyKp-rugwTgyS6nr84rhIAtye-Yz0M75h_sdycebVCeFfVRPhlyKZBUnLluGVGpI0NXPd9J4hs6sttON6Ni3kR4mYPvfo2x7dsQuCD2Op6PuUxqu_7Wn8VhlF1aBdnt0BIj9CtVVGsa6JrqV40fKa_HoyocUt_BbjRO4mTK2Ghwa9osY7lFjqEXnSXL4x79qwLBODshHxtjKIwemA5z8xBNYCPJ7stJBe6\">Diputaci\u00f3 de Castell\u00f3<\/a>&nbsp;<a href=\"https:\/\/www.facebook.com\/villarrealcf\/?__tn__=K-R&amp;eid=ARBanJrZXIzwSrBZY8OPVc6YYI4cIxWfQLGWYUb3sDWYWx1MFeMaRBM4oWjkSbH5Oi7EI33zcNLFW6AP&amp;fref=mentions&amp;__xts__%5B0%5D=68.ARC_rPmgOAGecGP6nXXHMTvpwAhOGX3kQ8HL96Pap0vD5ZzrYEscD2hVgMVM8a1Qmz2z2kf6btjFObz68-l-273kwzAJAeeWYPk0lNXly7I7Aaw7Rrk--nSgasJyKp-rugwTgyS6nr84rhIAtye-Yz0M75h_sdycebVCeFfVRPhlyKZBUnLluGVGpI0NXPd9J4hs6sttON6Ni3kR4mYPvfo2x7dsQuCD2Op6PuUxqu_7Wn8VhlF1aBdnt0BIj9CtVVGsa6JrqV40fKa_HoyocUt_BbjRO4mTK2Ghwa9osY7lFjqEXnSXL4x79qwLBODshHxtjKIwemA5z8xBNYCPJ7stJBe6\">Villarreal CF<\/a>&nbsp;<a href=\"https:\/\/www.facebook.com\/dipuesport\/?__tn__=K-R&amp;eid=ARDH1m3fsURiYcAok9QrPfrds7TzR0KZ6PI5qWsKnBRJ5_yE44N-VjMvZ7IpRupmsVMCmrbltZ9ZttfR&amp;fref=mentions&amp;__xts__%5B0%5D=68.ARC_rPmgOAGecGP6nXXHMTvpwAhOGX3kQ8HL96Pap0vD5ZzrYEscD2hVgMVM8a1Qmz2z2kf6btjFObz68-l-273kwzAJAeeWYPk0lNXly7I7Aaw7Rrk--nSgasJyKp-rugwTgyS6nr84rhIAtye-Yz0M75h_sdycebVCeFfVRPhlyKZBUnLluGVGpI0NXPd9J4hs6sttON6Ni3kR4mYPvfo2x7dsQuCD2Op6PuUxqu_7Wn8VhlF1aBdnt0BIj9CtVVGsa6JrqV40fKa_HoyocUt_BbjRO4mTK2Ghwa9osY7lFjqEXnSXL4x79qwLBODshHxtjKIwemA5z8xBNYCPJ7stJBe6\">DipuEsport Castell\u00f3<\/a>&nbsp;<a href=\"https:\/\/www.facebook.com\/cbbenicarlo\/?__tn__=K-R&amp;eid=ARAsLf1TfdUIwNXN_-s3tHa3rrrGz2plezfMzXqOvvCfdwmNfwziDERvhzWCJ1DlhgwuxC1KT_Gvc4_U&amp;fref=mentions&amp;__xts__%5B0%5D=68.ARC_rPmgOAGecGP6nXXHMTvpwAhOGX3kQ8HL96Pap0vD5ZzrYEscD2hVgMVM8a1Qmz2z2kf6btjFObz68-l-273kwzAJAeeWYPk0lNXly7I7Aaw7Rrk--nSgasJyKp-rugwTgyS6nr84rhIAtye-Yz0M75h_sdycebVCeFfVRPhlyKZBUnLluGVGpI0NXPd9J4hs6sttON6Ni3kR4mYPvfo2x7dsQuCD2Op6PuUxqu_7Wn8VhlF1aBdnt0BIj9CtVVGsa6JrqV40fKa_HoyocUt_BbjRO4mTK2Ghwa9osY7lFjqEXnSXL4x79qwLBODshHxtjKIwemA5z8xBNYCPJ7stJBe6\">Club B\u00e0squet Benicarl\u00f3<\/a>&nbsp;<a href=\"https:\/\/www.facebook.com\/fedbaloncestocv\/?__tn__=K-R&amp;eid=ARDNIAiTLr5itVlAyLfEPMiTbl8DfjOaGjkqF9RTt9AczX4LM6W1Wxc8sXwVXeQIkDhY9W4pSRcZia3f&amp;fref=mentions&amp;__xts__%5B0%5D=68.ARC_rPmgOAGecGP6nXXHMTvpwAhOGX3kQ8HL96Pap0vD5ZzrYEscD2hVgMVM8a1Qmz2z2kf6btjFObz68-l-273kwzAJAeeWYPk0lNXly7I7Aaw7Rrk--nSgasJyKp-rugwTgyS6nr84rhIAtye-Yz0M75h_sdycebVCeFfVRPhlyKZBUnLluGVGpI0NXPd9J4hs6sttON6Ni3kR4mYPvfo2x7dsQuCD2Op6PuUxqu_7Wn8VhlF1aBdnt0BIj9CtVVGsa6JrqV40fKa_HoyocUt_BbjRO4mTK2Ghwa9osY7lFjqEXnSXL4x79qwLBODshHxtjKIwemA5z8xBNYCPJ7stJBe6\">Federaci\u00f3n Baloncesto Comunidad Valenciana<\/a>&nbsp;<a href=\"https:\/\/www.facebook.com\/groups\/1094290130667284\/?fref=mentions&amp;__xts__%5B0%5D=68.ARC_rPmgOAGecGP6nXXHMTvpwAhOGX3kQ8HL96Pap0vD5ZzrYEscD2hVgMVM8a1Qmz2z2kf6btjFObz68-l-273kwzAJAeeWYPk0lNXly7I7Aaw7Rrk--nSgasJyKp-rugwTgyS6nr84rhIAtye-Yz0M75h_sdycebVCeFfVRPhlyKZBUnLluGVGpI0NXPd9J4hs6sttON6Ni3kR4mYPvfo2x7dsQuCD2Op6PuUxqu_7Wn8VhlF1aBdnt0BIj9CtVVGsa6JrqV40fKa_HoyocUt_BbjRO4mTK2Ghwa9osY7lFjqEXnSXL4x79qwLBODshHxtjKIwemA5z8xBNYCPJ7stJBe6&amp;__tn__=K-R\">BENICARL\u00d3<\/a>&nbsp;<a href=\"https:\/\/www.facebook.com\/ZonadeBasquet\/?__tn__=K-R&amp;eid=ARCtOHVUmXwSLaMRLWe43jZkW-bGhi_frxSgldQi6AlcrnyMQkiMifkyPREweBHkhEpXRgKIjY9_M0pH&amp;fref=mentions&amp;__xts__%5B0%5D=68.ARC_rPmgOAGecGP6nXXHMTvpwAhOGX3kQ8HL96Pap0vD5ZzrYEscD2hVgMVM8a1Qmz2z2kf6btjFObz68-l-273kwzAJAeeWYPk0lNXly7I7Aaw7Rrk--nSgasJyKp-rugwTgyS6nr84rhIAtye-Yz0M75h_sdycebVCeFfVRPhlyKZBUnLluGVGpI0NXPd9J4hs6sttON6Ni3kR4mYPvfo2x7dsQuCD2Op6PuUxqu_7Wn8VhlF1aBdnt0BIj9CtVVGsa6JrqV40fKa_HoyocUt_BbjRO4mTK2Ghwa9osY7lFjqEXnSXL4x79qwLBODshHxtjKIwemA5z8xBNYCPJ7stJBe6\">Zona de B\u00e1squet<\/a>&nbsp;<a href=\"https:\/\/www.facebook.com\/notodoes.acb\/?__tn__=K-R&amp;eid=ARCDXVdQOhjqcslOz0QKk6Mh_EuNqpHRYWI3K6ZXpG5IJf6CIeXmE8m-C8wAv3hF4EMcnLp8lsxGyexq&amp;fref=mentions&amp;__xts__%5B0%5D=68.ARC_rPmgOAGecGP6nXXHMTvpwAhOGX3kQ8HL96Pap0vD5ZzrYEscD2hVgMVM8a1Qmz2z2kf6btjFObz68-l-273kwzAJAeeWYPk0lNXly7I7Aaw7Rrk--nSgasJyKp-rugwTgyS6nr84rhIAtye-Yz0M75h_sdycebVCeFfVRPhlyKZBUnLluGVGpI0NXPd9J4hs6sttON6Ni3kR4mYPvfo2x7dsQuCD2Op6PuUxqu_7Wn8VhlF1aBdnt0BIj9CtVVGsa6JrqV40fKa_HoyocUt_BbjRO4mTK2Ghwa9osY7lFjqEXnSXL4x79qwLBODshHxtjKIwemA5z8xBNYCPJ7stJBe6\">Notodoes ACB<\/a>&nbsp;<a href=\"https:\/\/www.facebook.com\/Frexes-939111849540219\/?__tn__=K-R&amp;eid=ARBXNF4Peh5uW78hkecSbROHuZ4grRqdvgGSwlCNi0xKiNQT0l-JbqWsxWxcrO9PSbA5VPrYnnAYjsgG&amp;fref=mentions&amp;__xts__%5B0%5D=68.ARC_rPmgOAGecGP6nXXHMTvpwAhOGX3kQ8HL96Pap0vD5ZzrYEscD2hVgMVM8a1Qmz2z2kf6btjFObz68-l-273kwzAJAeeWYPk0lNXly7I7Aaw7Rrk--nSgasJyKp-rugwTgyS6nr84rhIAtye-Yz0M75h_sdycebVCeFfVRPhlyKZBUnLluGVGpI0NXPd9J4hs6sttON6Ni3kR4mYPvfo2x7dsQuCD2Op6PuUxqu_7Wn8VhlF1aBdnt0BIj9CtVVGsa6JrqV40fKa_HoyocUt_BbjRO4mTK2Ghwa9osY7lFjqEXnSXL4x79qwLBODshHxtjKIwemA5z8xBNYCPJ7stJBe6\">Frexes<\/a>&nbsp;<a href=\"https:\/\/www.facebook.com\/benihort\/?__tn__=K-R&amp;eid=ARAWhQVK21F9_c3BgRDEymGf2zPEU48u9HSaANrgnmTmQx2kjtlGdp8sQ331Z3xJUGJ6hsmvWop0lkDz&amp;fref=mentions&amp;__xts__%5B0%5D=68.ARC_rPmgOAGecGP6nXXHMTvpwAhOGX3kQ8HL96Pap0vD5ZzrYEscD2hVgMVM8a1Qmz2z2kf6btjFObz68-l-273kwzAJAeeWYPk0lNXly7I7Aaw7Rrk--nSgasJyKp-rugwTgyS6nr84rhIAtye-Yz0M75h_sdycebVCeFfVRPhlyKZBUnLluGVGpI0NXPd9J4hs6sttON6Ni3kR4mYPvfo2x7dsQuCD2Op6PuUxqu_7Wn8VhlF1aBdnt0BIj9CtVVGsa6JrqV40fKa_HoyocUt_BbjRO4mTK2Ghwa9osY7lFjqEXnSXL4x79qwLBODshHxtjKIwemA5z8xBNYCPJ7stJBe6\">Benihort<\/a><\/p>\n\n\n\n<ul class=\"is-layout-flex wp-block-gallery-1 wp-block-gallery columns-3 is-cropped\"><li class=\"blocks-gallery-item\"><figure><img fetchpriority=\"high\" decoding=\"async\" width=\"960\" height=\"960\" src=\"http:\/\/cbbenicarlo.com\/wp-content\/uploads\/2019\/09\/70331592_2347092052078927_5120886324450033664_n.jpg\" alt=\"\" data-id=\"388\" data-link=\"http:\/\/cbbenicarlo.com\/?attachment_id=388\" class=\"wp-image-388\" srcset=\"https:\/\/cbbenicarlo.com\/wp-content\/uploads\/2019\/09\/70331592_2347092052078927_5120886324450033664_n.jpg 960w, https:\/\/cbbenicarlo.com\/wp-content\/uploads\/2019\/09\/70331592_2347092052078927_5120886324450033664_n-150x150.jpg 150w, https:\/\/cbbenicarlo.com\/wp-content\/uploads\/2019\/09\/70331592_2347092052078927_5120886324450033664_n-300x300.jpg 300w, https:\/\/cbbenicarlo.com\/wp-content\/uploads\/2019\/09\/70331592_2347092052078927_5120886324450033664_n-768x768.jpg 768w, https:\/\/cbbenicarlo.com\/wp-content\/uploads\/2019\/09\/70331592_2347092052078927_5120886324450033664_n-128x128.jpg 128w, https:\/\/cbbenicarlo.com\/wp-content\/uploads\/2019\/09\/70331592_2347092052078927_5120886324450033664_n-32x32.jpg 32w\" sizes=\"(max-width: 960px) 100vw, 960px\" \/><\/figure><\/li><li class=\"blocks-gallery-item\"><figure><img decoding=\"async\" width=\"960\" height=\"960\" src=\"http:\/\/cbbenicarlo.com\/wp-content\/uploads\/2019\/09\/70378820_2347091992078933_7817216150919446528_n.jpg\" alt=\"\" data-id=\"389\" data-link=\"http:\/\/cbbenicarlo.com\/?attachment_id=389\" class=\"wp-image-389\" srcset=\"https:\/\/cbbenicarlo.com\/wp-content\/uploads\/2019\/09\/70378820_2347091992078933_7817216150919446528_n.jpg 960w, https:\/\/cbbenicarlo.com\/wp-content\/uploads\/2019\/09\/70378820_2347091992078933_7817216150919446528_n-150x150.jpg 150w, https:\/\/cbbenicarlo.com\/wp-content\/uploads\/2019\/09\/70378820_2347091992078933_7817216150919446528_n-300x300.jpg 300w, https:\/\/cbbenicarlo.com\/wp-content\/uploads\/2019\/09\/70378820_2347091992078933_7817216150919446528_n-768x768.jpg 768w, https:\/\/cbbenicarlo.com\/wp-content\/uploads\/2019\/09\/70378820_2347091992078933_7817216150919446528_n-128x128.jpg 128w, https:\/\/cbbenicarlo.com\/wp-content\/uploads\/2019\/09\/70378820_2347091992078933_7817216150919446528_n-32x32.jpg 32w\" sizes=\"(max-width: 960px) 100vw, 960px\" \/><\/figure><\/li><li class=\"blocks-gallery-item\"><figure><img decoding=\"async\" width=\"960\" height=\"960\" src=\"http:\/\/cbbenicarlo.com\/wp-content\/uploads\/2019\/09\/70763272_2347092112078921_5345024011745099776_n-1.jpg\" alt=\"\" data-id=\"393\" data-link=\"http:\/\/cbbenicarlo.com\/?attachment_id=393\" class=\"wp-image-393\" srcset=\"https:\/\/cbbenicarlo.com\/wp-content\/uploads\/2019\/09\/70763272_2347092112078921_5345024011745099776_n-1.jpg 960w, https:\/\/cbbenicarlo.com\/wp-content\/uploads\/2019\/09\/70763272_2347092112078921_5345024011745099776_n-1-150x150.jpg 150w, https:\/\/cbbenicarlo.com\/wp-content\/uploads\/2019\/09\/70763272_2347092112078921_5345024011745099776_n-1-300x300.jpg 300w, https:\/\/cbbenicarlo.com\/wp-content\/uploads\/2019\/09\/70763272_2347092112078921_5345024011745099776_n-1-768x768.jpg 768w, https:\/\/cbbenicarlo.com\/wp-content\/uploads\/2019\/09\/70763272_2347092112078921_5345024011745099776_n-1-128x128.jpg 128w, https:\/\/cbbenicarlo.com\/wp-content\/uploads\/2019\/09\/70763272_2347092112078921_5345024011745099776_n-1-32x32.jpg 32w\" sizes=\"(max-width: 960px) 100vw, 960px\" \/><\/figure><\/li><li class=\"blocks-gallery-item\"><figure><img loading=\"lazy\" decoding=\"async\" width=\"960\" height=\"960\" src=\"http:\/\/cbbenicarlo.com\/wp-content\/uploads\/2019\/09\/70663476_2347091922078940_6994704307140427776_n-2.jpg\" alt=\"\" data-id=\"394\" data-link=\"http:\/\/cbbenicarlo.com\/?attachment_id=394\" class=\"wp-image-394\" srcset=\"https:\/\/cbbenicarlo.com\/wp-content\/uploads\/2019\/09\/70663476_2347091922078940_6994704307140427776_n-2.jpg 960w, https:\/\/cbbenicarlo.com\/wp-content\/uploads\/2019\/09\/70663476_2347091922078940_6994704307140427776_n-2-150x150.jpg 150w, https:\/\/cbbenicarlo.com\/wp-content\/uploads\/2019\/09\/70663476_2347091922078940_6994704307140427776_n-2-300x300.jpg 300w, https:\/\/cbbenicarlo.com\/wp-content\/uploads\/2019\/09\/70663476_2347091922078940_6994704307140427776_n-2-768x768.jpg 768w, https:\/\/cbbenicarlo.com\/wp-content\/uploads\/2019\/09\/70663476_2347091922078940_6994704307140427776_n-2-128x128.jpg 128w, https:\/\/cbbenicarlo.com\/wp-content\/uploads\/2019\/09\/70663476_2347091922078940_6994704307140427776_n-2-32x32.jpg 32w\" sizes=\"(max-width: 960px) 100vw, 960px\" \/><\/figure><\/li><\/ul>\n","protected":false},"excerpt":{"rendered":"<p>Domingo 22 a las 18:00 El pr\u00f3ximo domingo ser\u00e1 un d\u00eda especial para el C.B Benicarl\u00f3, el d\u00eda de nuestro debut en LEB Plata.Ven al pabell\u00f3n y forma parte de este d\u00eda hist\u00f3rico para el deporte de Benicarl\u00f3. Empieza la Liga, empieza la LEB PLATA Hora: 18:00h Lugar: Pabell\u00f3n municipal de Benicarl\u00f3 Rival: C.B.Prat &nbsp;Rifa una comida para dos personas en el Restaurante Frexes y dos cajas de verduras Benihort C\u00f3mo hacerse socio:F\u00edsicamente en :&#8211;&nbsp;Antenas Besalduch AV\/ M\u00e9ndez N\u00fa\u00f1ez N\u00ba 42 Benicarl\u00f3 Tambi\u00e9n pod\u00e9is hacerlo online:Http:\/\/xurl.es\/ab19 Para cualquier informaci\u00f3n, puedes llamar al siguiente n\u00famero de tel\u00e9fono: \u260e&nbsp;620434005 #cbbenicarlo2019_20#cbbenicarlo2019_20LebPlata#EndavantEsport#JuntsSomM\u00e9sForts#CSEscenarioDeportivo Ajuntament de Benicarl\u00f3&nbsp;Diputaci\u00f3 de Castell\u00f3&nbsp;Villarreal CF&nbsp;DipuEsport Castell\u00f3&nbsp;Club B\u00e0squet Benicarl\u00f3&nbsp;Federaci\u00f3n Baloncesto Comunidad Valenciana&nbsp;BENICARL\u00d3&nbsp;Zona de B\u00e1squet&nbsp;Notodoes ACB&nbsp;Frexes&nbsp;Benihort<\/p>\n","protected":false},"author":1,"featured_media":0,"comment_status":"closed","ping_status":"open","sticky":false,"template":"","format":"standard","meta":{"_eb_attr":""},"categories":[1],"tags":[],"yoast_head":"<!-- This site is optimized with the Yoast SEO plugin v21.1 - https:\/\/yoast.com\/wordpress\/plugins\/seo\/ -->\n<title>Empieza la liga | Club Basquet Benicarl\u00f3<\/title>\n<meta name=\"robots\" content=\"index, follow, max-snippet:-1, max-image-preview:large, max-video-preview:-1\" \/>\n<link rel=\"canonical\" href=\"https:\/\/cbbenicarlo.com\/?p=387\" \/>\n<meta property=\"og:locale\" content=\"es_ES\" \/>\n<meta property=\"og:type\" content=\"article\" \/>\n<meta property=\"og:title\" content=\"Empieza la liga | Club Basquet Benicarl\u00f3\" \/>\n<meta property=\"og:description\" content=\"Domingo 22 a las 18:00 El pr\u00f3ximo domingo ser\u00e1 un d\u00eda especial para el C.B Benicarl\u00f3, el d\u00eda de nuestro debut en LEB Plata.Ven al pabell\u00f3n y forma parte de este d\u00eda hist\u00f3rico para el deporte de Benicarl\u00f3. Empieza la Liga, empieza la LEB PLATA Hora: 18:00h Lugar: Pabell\u00f3n municipal de Benicarl\u00f3 Rival: C.B.Prat &nbsp;Rifa una comida para dos personas en el Restaurante Frexes y dos cajas de verduras Benihort C\u00f3mo hacerse socio:F\u00edsicamente en :&#8211;&nbsp;Antenas Besalduch AV\/ M\u00e9ndez N\u00fa\u00f1ez N\u00ba 42 Benicarl\u00f3 Tambi\u00e9n pod\u00e9is hacerlo online:Http:\/\/xurl.es\/ab19 Para cualquier informaci\u00f3n, puedes llamar al siguiente n\u00famero de tel\u00e9fono: \u260e&nbsp;620434005 #cbbenicarlo2019_20#cbbenicarlo2019_20LebPlata#EndavantEsport#JuntsSomM\u00e9sForts#CSEscenarioDeportivo Ajuntament de Benicarl\u00f3&nbsp;Diputaci\u00f3 de Castell\u00f3&nbsp;Villarreal CF&nbsp;DipuEsport Castell\u00f3&nbsp;Club B\u00e0squet Benicarl\u00f3&nbsp;Federaci\u00f3n Baloncesto Comunidad Valenciana&nbsp;BENICARL\u00d3&nbsp;Zona de B\u00e1squet&nbsp;Notodoes ACB&nbsp;Frexes&nbsp;Benihort\" \/>\n<meta property=\"og:url\" content=\"https:\/\/cbbenicarlo.com\/?p=387\" \/>\n<meta property=\"og:site_name\" content=\"Club Basquet Benicarl\u00f3\" \/>\n<meta property=\"article:published_time\" content=\"2019-09-20T16:30:07+00:00\" \/>\n<meta property=\"article:modified_time\" content=\"2022-06-06T17:36:25+00:00\" \/>\n<meta property=\"og:image\" content=\"http:\/\/cbbenicarlo.com\/wp-content\/uploads\/2019\/09\/70331592_2347092052078927_5120886324450033664_n.jpg\" \/>\n<meta name=\"author\" content=\"Club B\u00e0squet Benicarl\u00f3\" \/>\n<meta name=\"twitter:card\" content=\"summary_large_image\" \/>\n<meta name=\"twitter:label1\" content=\"Escrito por\" \/>\n\t<meta name=\"twitter:data1\" content=\"Club B\u00e0squet Benicarl\u00f3\" \/>\n\t<meta name=\"twitter:label2\" content=\"Tiempo de lectura\" \/>\n\t<meta name=\"twitter:data2\" content=\"1 minuto\" \/>\n<script type=\"application\/ld+json\" class=\"yoast-schema-graph\">{\"@context\":\"https:\/\/schema.org\",\"@graph\":[{\"@type\":\"Article\",\"@id\":\"https:\/\/cbbenicarlo.com\/?p=387#article\",\"isPartOf\":{\"@id\":\"https:\/\/cbbenicarlo.com\/?p=387\"},\"author\":{\"name\":\"Club B\u00e0squet Benicarl\u00f3\",\"@id\":\"https:\/\/cbbenicarlo.com\/#\/schema\/person\/200a6bea92870b7adeb1a5c755a793f2\"},\"headline\":\"Empieza la liga\",\"datePublished\":\"2019-09-20T16:30:07+00:00\",\"dateModified\":\"2022-06-06T17:36:25+00:00\",\"mainEntityOfPage\":{\"@id\":\"https:\/\/cbbenicarlo.com\/?p=387\"},\"wordCount\":170,\"publisher\":{\"@id\":\"https:\/\/cbbenicarlo.com\/#organization\"},\"articleSection\":[\"Primer Equipo\"],\"inLanguage\":\"es\"},{\"@type\":\"WebPage\",\"@id\":\"https:\/\/cbbenicarlo.com\/?p=387\",\"url\":\"https:\/\/cbbenicarlo.com\/?p=387\",\"name\":\"Empieza la liga | Club Basquet Benicarl\u00f3\",\"isPartOf\":{\"@id\":\"https:\/\/cbbenicarlo.com\/#website\"},\"datePublished\":\"2019-09-20T16:30:07+00:00\",\"dateModified\":\"2022-06-06T17:36:25+00:00\",\"breadcrumb\":{\"@id\":\"https:\/\/cbbenicarlo.com\/?p=387#breadcrumb\"},\"inLanguage\":\"es\",\"potentialAction\":[{\"@type\":\"ReadAction\",\"target\":[\"https:\/\/cbbenicarlo.com\/?p=387\"]}]},{\"@type\":\"BreadcrumbList\",\"@id\":\"https:\/\/cbbenicarlo.com\/?p=387#breadcrumb\",\"itemListElement\":[{\"@type\":\"ListItem\",\"position\":1,\"name\":\"Portada\",\"item\":\"https:\/\/cbbenicarlo.com\/\"},{\"@type\":\"ListItem\",\"position\":2,\"name\":\"Empieza la liga\"}]},{\"@type\":\"WebSite\",\"@id\":\"https:\/\/cbbenicarlo.com\/#website\",\"url\":\"https:\/\/cbbenicarlo.com\/\",\"name\":\"Club Basquet Benicarl\u00f3\",\"description\":\"P\u00e1gina Web Oficial\",\"publisher\":{\"@id\":\"https:\/\/cbbenicarlo.com\/#organization\"},\"potentialAction\":[{\"@type\":\"SearchAction\",\"target\":{\"@type\":\"EntryPoint\",\"urlTemplate\":\"https:\/\/cbbenicarlo.com\/?s={search_term_string}\"},\"query-input\":\"required name=search_term_string\"}],\"inLanguage\":\"es\"},{\"@type\":\"Organization\",\"@id\":\"https:\/\/cbbenicarlo.com\/#organization\",\"name\":\"Club B\u00e0squet Benicarl\u00f3\",\"url\":\"https:\/\/cbbenicarlo.com\/\",\"logo\":{\"@type\":\"ImageObject\",\"inLanguage\":\"es\",\"@id\":\"https:\/\/cbbenicarlo.com\/#\/schema\/logo\/image\/\",\"url\":\"https:\/\/cbbenicarlo.com\/wp-content\/uploads\/2022\/05\/cropped-cropped-cropped-CBBENICARLO2021-22-2.png\",\"contentUrl\":\"https:\/\/cbbenicarlo.com\/wp-content\/uploads\/2022\/05\/cropped-cropped-cropped-CBBENICARLO2021-22-2.png\",\"width\":512,\"height\":512,\"caption\":\"Club B\u00e0squet Benicarl\u00f3\"},\"image\":{\"@id\":\"https:\/\/cbbenicarlo.com\/#\/schema\/logo\/image\/\"}},{\"@type\":\"Person\",\"@id\":\"https:\/\/cbbenicarlo.com\/#\/schema\/person\/200a6bea92870b7adeb1a5c755a793f2\",\"name\":\"Club B\u00e0squet Benicarl\u00f3\",\"image\":{\"@type\":\"ImageObject\",\"inLanguage\":\"es\",\"@id\":\"https:\/\/cbbenicarlo.com\/#\/schema\/person\/image\/\",\"url\":\"https:\/\/secure.gravatar.com\/avatar\/8aed305f961a70f8934d4ba794f3527a?s=96&d=mm&r=g\",\"contentUrl\":\"https:\/\/secure.gravatar.com\/avatar\/8aed305f961a70f8934d4ba794f3527a?s=96&d=mm&r=g\",\"caption\":\"Club B\u00e0squet Benicarl\u00f3\"},\"url\":\"https:\/\/cbbenicarlo.com\/?author=1\"}]}<\/script>\n<!-- \/ Yoast SEO plugin. -->","yoast_head_json":{"title":"Empieza la liga | Club Basquet Benicarl\u00f3","robots":{"index":"index","follow":"follow","max-snippet":"max-snippet:-1","max-image-preview":"max-image-preview:large","max-video-preview":"max-video-preview:-1"},"canonical":"https:\/\/cbbenicarlo.com\/?p=387","og_locale":"es_ES","og_type":"article","og_title":"Empieza la liga | Club Basquet Benicarl\u00f3","og_description":"Domingo 22 a las 18:00 El pr\u00f3ximo domingo ser\u00e1 un d\u00eda especial para el C.B Benicarl\u00f3, el d\u00eda de nuestro debut en LEB Plata.Ven al pabell\u00f3n y forma parte de este d\u00eda hist\u00f3rico para el deporte de Benicarl\u00f3. Empieza la Liga, empieza la LEB PLATA Hora: 18:00h Lugar: Pabell\u00f3n municipal de Benicarl\u00f3 Rival: C.B.Prat &nbsp;Rifa una comida para dos personas en el Restaurante Frexes y dos cajas de verduras Benihort C\u00f3mo hacerse socio:F\u00edsicamente en :&#8211;&nbsp;Antenas Besalduch AV\/ M\u00e9ndez N\u00fa\u00f1ez N\u00ba 42 Benicarl\u00f3 Tambi\u00e9n pod\u00e9is hacerlo online:Http:\/\/xurl.es\/ab19 Para cualquier informaci\u00f3n, puedes llamar al siguiente n\u00famero de tel\u00e9fono: \u260e&nbsp;620434005 #cbbenicarlo2019_20#cbbenicarlo2019_20LebPlata#EndavantEsport#JuntsSomM\u00e9sForts#CSEscenarioDeportivo Ajuntament de Benicarl\u00f3&nbsp;Diputaci\u00f3 de Castell\u00f3&nbsp;Villarreal CF&nbsp;DipuEsport Castell\u00f3&nbsp;Club B\u00e0squet Benicarl\u00f3&nbsp;Federaci\u00f3n Baloncesto Comunidad Valenciana&nbsp;BENICARL\u00d3&nbsp;Zona de B\u00e1squet&nbsp;Notodoes ACB&nbsp;Frexes&nbsp;Benihort","og_url":"https:\/\/cbbenicarlo.com\/?p=387","og_site_name":"Club Basquet Benicarl\u00f3","article_published_time":"2019-09-20T16:30:07+00:00","article_modified_time":"2022-06-06T17:36:25+00:00","og_image":[{"url":"http:\/\/cbbenicarlo.com\/wp-content\/uploads\/2019\/09\/70331592_2347092052078927_5120886324450033664_n.jpg"}],"author":"Club B\u00e0squet Benicarl\u00f3","twitter_card":"summary_large_image","twitter_misc":{"Escrito por":"Club B\u00e0squet Benicarl\u00f3","Tiempo de lectura":"1 minuto"},"schema":{"@context":"https:\/\/schema.org","@graph":[{"@type":"Article","@id":"https:\/\/cbbenicarlo.com\/?p=387#article","isPartOf":{"@id":"https:\/\/cbbenicarlo.com\/?p=387"},"author":{"name":"Club B\u00e0squet Benicarl\u00f3","@id":"https:\/\/cbbenicarlo.com\/#\/schema\/person\/200a6bea92870b7adeb1a5c755a793f2"},"headline":"Empieza la liga","datePublished":"2019-09-20T16:30:07+00:00","dateModified":"2022-06-06T17:36:25+00:00","mainEntityOfPage":{"@id":"https:\/\/cbbenicarlo.com\/?p=387"},"wordCount":170,"publisher":{"@id":"https:\/\/cbbenicarlo.com\/#organization"},"articleSection":["Primer Equipo"],"inLanguage":"es"},{"@type":"WebPage","@id":"https:\/\/cbbenicarlo.com\/?p=387","url":"https:\/\/cbbenicarlo.com\/?p=387","name":"Empieza la liga | Club Basquet Benicarl\u00f3","isPartOf":{"@id":"https:\/\/cbbenicarlo.com\/#website"},"datePublished":"2019-09-20T16:30:07+00:00","dateModified":"2022-06-06T17:36:25+00:00","breadcrumb":{"@id":"https:\/\/cbbenicarlo.com\/?p=387#breadcrumb"},"inLanguage":"es","potentialAction":[{"@type":"ReadAction","target":["https:\/\/cbbenicarlo.com\/?p=387"]}]},{"@type":"BreadcrumbList","@id":"https:\/\/cbbenicarlo.com\/?p=387#breadcrumb","itemListElement":[{"@type":"ListItem","position":1,"name":"Portada","item":"https:\/\/cbbenicarlo.com\/"},{"@type":"ListItem","position":2,"name":"Empieza la liga"}]},{"@type":"WebSite","@id":"https:\/\/cbbenicarlo.com\/#website","url":"https:\/\/cbbenicarlo.com\/","name":"Club Basquet Benicarl\u00f3","description":"P\u00e1gina Web Oficial","publisher":{"@id":"https:\/\/cbbenicarlo.com\/#organization"},"potentialAction":[{"@type":"SearchAction","target":{"@type":"EntryPoint","urlTemplate":"https:\/\/cbbenicarlo.com\/?s={search_term_string}"},"query-input":"required name=search_term_string"}],"inLanguage":"es"},{"@type":"Organization","@id":"https:\/\/cbbenicarlo.com\/#organization","name":"Club B\u00e0squet Benicarl\u00f3","url":"https:\/\/cbbenicarlo.com\/","logo":{"@type":"ImageObject","inLanguage":"es","@id":"https:\/\/cbbenicarlo.com\/#\/schema\/logo\/image\/","url":"https:\/\/cbbenicarlo.com\/wp-content\/uploads\/2022\/05\/cropped-cropped-cropped-CBBENICARLO2021-22-2.png","contentUrl":"https:\/\/cbbenicarlo.com\/wp-content\/uploads\/2022\/05\/cropped-cropped-cropped-CBBENICARLO2021-22-2.png","width":512,"height":512,"caption":"Club B\u00e0squet Benicarl\u00f3"},"image":{"@id":"https:\/\/cbbenicarlo.com\/#\/schema\/logo\/image\/"}},{"@type":"Person","@id":"https:\/\/cbbenicarlo.com\/#\/schema\/person\/200a6bea92870b7adeb1a5c755a793f2","name":"Club B\u00e0squet Benicarl\u00f3","image":{"@type":"ImageObject","inLanguage":"es","@id":"https:\/\/cbbenicarlo.com\/#\/schema\/person\/image\/","url":"https:\/\/secure.gravatar.com\/avatar\/8aed305f961a70f8934d4ba794f3527a?s=96&d=mm&r=g","contentUrl":"https:\/\/secure.gravatar.com\/avatar\/8aed305f961a70f8934d4ba794f3527a?s=96&d=mm&r=g","caption":"Club B\u00e0squet Benicarl\u00f3"},"url":"https:\/\/cbbenicarlo.com\/?author=1"}]}},"_links":{"self":[{"href":"https:\/\/cbbenicarlo.com\/index.php?rest_route=\/wp\/v2\/posts\/387"}],"collection":[{"href":"https:\/\/cbbenicarlo.com\/index.php?rest_route=\/wp\/v2\/posts"}],"about":[{"href":"https:\/\/cbbenicarlo.com\/index.php?rest_route=\/wp\/v2\/types\/post"}],"author":[{"embeddable":true,"href":"https:\/\/cbbenicarlo.com\/index.php?rest_route=\/wp\/v2\/users\/1"}],"replies":[{"embeddable":true,"href":"https:\/\/cbbenicarlo.com\/index.php?rest_route=%2Fwp%2Fv2%2Fcomments&post=387"}],"version-history":[{"count":2,"href":"https:\/\/cbbenicarlo.com\/index.php?rest_route=\/wp\/v2\/posts\/387\/revisions"}],"predecessor-version":[{"id":409,"href":"https:\/\/cbbenicarlo.com\/index.php?rest_route=\/wp\/v2\/posts\/387\/revisions\/409"}],"wp:attachment":[{"href":"https:\/\/cbbenicarlo.com\/index.php?rest_route=%2Fwp%2Fv2%2Fmedia&parent=387"}],"wp:term":[{"taxonomy":"category","embeddable":true,"href":"https:\/\/cbbenicarlo.com\/index.php?rest_route=%2Fwp%2Fv2%2Fcategories&post=387"},{"taxonomy":"post_tag","embeddable":true,"href":"https:\/\/cbbenicarlo.com\/index.php?rest_route=%2Fwp%2Fv2%2Ftags&post=387"}],"curies":[{"name":"wp","href":"https:\/\/api.w.org\/{rel}","templated":true}]}}