{"id":3207,"date":"2026-09-03T10:30:13","date_gmt":"2026-09-03T08:30:13","guid":{"rendered":"https:\/\/cbbenicarlo.com\/?p=3207"},"modified":"2026-09-03T10:31:28","modified_gmt":"2026-09-03T08:31:28","slug":"olo-quedan-4-dias-valencia-basket-vs-casademont-zaragoza-en-el-pabellon-de-benicarlo","status":"publish","type":"post","link":"https:\/\/cbbenicarlo.com\/?p=3207","title":{"rendered":"SOLO QUEDAN 4 D\u00cdAS: VALENCIA BASKET VS CASADEMONT ZARAGOZA EN EL PABELL\u00d3N DE BENICARL\u00d3"},"content":{"rendered":"\n<p>El partido, que est\u00e1 organizado por el Club Baloncesto Benicarl\u00f3 junto con el Ayuntamiento de Benicarl\u00f3, tendr\u00e1 lugar el 7 de Septiembre a las 20:00h<\/p>\n\n\n\n<p>Baloncesto de primer nivel en Benicarl\u00f3. El Valencia Basket, actual campe\u00f3n de la liga ACB y semifinalista de la Euroliga esta pasada temporada, jugar\u00e1 un partido amistoso el lunes 7 de septiembre a las 20:00h contra el Casademont Zaragoza, equipo hist\u00f3rico con muchas temporadas consecutivas en la Liga ACB.<\/p>\n\n\n\n<p>El partido, que organiza el Club Baloncesto Benicarl\u00f3 junto con el Ayuntamiento de Benicarl\u00f3, es uno de los eventos deportivos m\u00e1s importantes de los \u00faltimos a\u00f1os organizados en nuestra zona, pudiendo disfrutar de baloncesto de primer\u00edsimo nivel con dos equipos de la primera divisi\u00f3n a nivel nacional.<\/p>\n\n\n\n<p>Para conseguir las entradas, puede hacerse online o presencial:<\/p>\n\n\n\n<p>Online: a trav\u00e9s de un link de la aplicaci\u00f3n Cluber, que puede encontrarse en Facebook o biograf\u00eda de Instagram del Club Baloncesto Benicarl\u00f3. Tambi\u00e9n se puede pedir el link por Whatsapp al tel\u00e9fono: 653 28 44 98. Aqu\u00ed os dejamos el link de la compra de entradas: https:\/\/app.cluber.es\/clubes\/642d3c2cbd12d381903752\/pagos\/6a72d913d8409903468722<\/p>\n\n\n\n<p>Presencial: \u00d3ptica Santos Benicarl\u00f3 (C\/ Pius XII, n\u00ba23). En horario de lunes a viernes de 9:30h a 13:30h y de 17:15h a 20:30h y los s\u00e1bados de 10:00h a 13:45h. \u00daltimo d\u00eda para comprar las entradas presenciales el mismo lunes 7 de septiembre a las 13:00h.<\/p>\n\n\n\n<p>Los socios del club, para poder obtener el precio de la entrada reducida, \u00fanicamente podr\u00e1n adquirir las entradas de forma presencial.<\/p>\n\n\n\n<p>Tambi\u00e9n se vender\u00e1n entradas en taquilla el mismo d\u00eda del partido a partir de las 19:00h en el mismo pabell\u00f3n de Benicarl\u00f3.<\/p>\n\n\n\n<figure class=\"is-layout-flex wp-block-gallery-1 wp-block-gallery has-nested-images columns-default is-cropped\">\n<figure class=\"wp-block-image size-large\"><img fetchpriority=\"high\" decoding=\"async\" width=\"819\" height=\"1024\" data-id=\"3208\"  src=\"https:\/\/cbbenicarlo.com\/wp-content\/uploads\/2026\/09\/partido-ACB-3-819x1024.jpg\" alt=\"\" class=\"wp-image-3208\" srcset=\"https:\/\/cbbenicarlo.com\/wp-content\/uploads\/2026\/09\/partido-ACB-3-819x1024.jpg 819w, https:\/\/cbbenicarlo.com\/wp-content\/uploads\/2026\/09\/partido-ACB-3-240x300.jpg 240w, https:\/\/cbbenicarlo.com\/wp-content\/uploads\/2026\/09\/partido-ACB-3-768x960.jpg 768w, https:\/\/cbbenicarlo.com\/wp-content\/uploads\/2026\/09\/partido-ACB-3-1228x1536.jpg 1228w, https:\/\/cbbenicarlo.com\/wp-content\/uploads\/2026\/09\/partido-ACB-3-1638x2048.jpg 1638w, https:\/\/cbbenicarlo.com\/wp-content\/uploads\/2026\/09\/partido-ACB-3-102x128.jpg 102w, https:\/\/cbbenicarlo.com\/wp-content\/uploads\/2026\/09\/partido-ACB-3-26x32.jpg 26w, https:\/\/cbbenicarlo.com\/wp-content\/uploads\/2026\/09\/partido-ACB-3.jpg 1920w\" sizes=\"(max-width: 819px) 100vw, 819px\" \/><\/figure>\n<\/figure>\n","protected":false},"excerpt":{"rendered":"<p>El partido, que est\u00e1 organizado por el Club Baloncesto Benicarl\u00f3 junto con el Ayuntamiento de Benicarl\u00f3, tendr\u00e1 lugar el 7 de Septiembre a las 20:00h Baloncesto de primer nivel en Benicarl\u00f3. El Valencia Basket, actual campe\u00f3n de la liga ACB y semifinalista de la Euroliga esta pasada temporada, jugar\u00e1 un partido amistoso el lunes 7 de septiembre a las 20:00h contra el Casademont Zaragoza, equipo hist\u00f3rico con muchas temporadas consecutivas en la Liga ACB. El partido, que organiza el Club Baloncesto Benicarl\u00f3 junto con el Ayuntamiento de Benicarl\u00f3, es uno de los eventos deportivos m\u00e1s importantes de los \u00faltimos a\u00f1os organizados en nuestra zona, pudiendo disfrutar de baloncesto de primer\u00edsimo nivel con dos equipos de la primera divisi\u00f3n a nivel nacional. Para conseguir las entradas, puede hacerse online o presencial: Online: a trav\u00e9s de un link de la aplicaci\u00f3n Cluber, que puede encontrarse en Facebook o biograf\u00eda de Instagram del Club Baloncesto Benicarl\u00f3. Tambi\u00e9n se puede pedir el link por Whatsapp al tel\u00e9fono: 653 28 44 98. Aqu\u00ed os dejamos el link de la compra de entradas: https:\/\/app.cluber.es\/clubes\/642d3c2cbd12d381903752\/pagos\/6a72d913d8409903468722 Presencial: \u00d3ptica Santos Benicarl\u00f3 (C\/ Pius XII, n\u00ba23). En horario de lunes a viernes de 9:30h a 13:30h y de 17:15h a 20:30h y los s\u00e1bados de 10:00h a 13:45h. \u00daltimo d\u00eda para comprar las entradas presenciales el mismo lunes 7 de septiembre a las 13:00h. Los socios del club, para poder obtener el precio de la entrada reducida, \u00fanicamente podr\u00e1n adquirir las entradas de forma presencial. Tambi\u00e9n se vender\u00e1n entradas en taquilla el mismo d\u00eda del partido a partir de las 19:00h en el mismo pabell\u00f3n de Benicarl\u00f3.<\/p>\n","protected":false},"author":1,"featured_media":3208,"comment_status":"closed","ping_status":"closed","sticky":true,"template":"","format":"standard","meta":{"_eb_attr":""},"categories":[1],"tags":[],"yoast_head":"<!-- This site is optimized with the Yoast SEO plugin v21.1 - https:\/\/yoast.com\/wordpress\/plugins\/seo\/ -->\n<title>SOLO QUEDAN 4 D\u00cdAS: VALENCIA BASKET VS CASADEMONT ZARAGOZA EN EL PABELL\u00d3N DE BENICARL\u00d3 | Club Basquet Benicarl\u00f3<\/title>\n<meta name=\"robots\" content=\"index, follow, max-snippet:-1, max-image-preview:large, max-video-preview:-1\" \/>\n<link rel=\"canonical\" href=\"https:\/\/cbbenicarlo.com\/?p=3207\" \/>\n<meta property=\"og:locale\" content=\"es_ES\" \/>\n<meta property=\"og:type\" content=\"article\" \/>\n<meta property=\"og:title\" content=\"SOLO QUEDAN 4 D\u00cdAS: VALENCIA BASKET VS CASADEMONT ZARAGOZA EN EL PABELL\u00d3N DE BENICARL\u00d3 | Club Basquet Benicarl\u00f3\" \/>\n<meta property=\"og:description\" content=\"El partido, que est\u00e1 organizado por el Club Baloncesto Benicarl\u00f3 junto con el Ayuntamiento de Benicarl\u00f3, tendr\u00e1 lugar el 7 de Septiembre a las 20:00h Baloncesto de primer nivel en Benicarl\u00f3. El Valencia Basket, actual campe\u00f3n de la liga ACB y semifinalista de la Euroliga esta pasada temporada, jugar\u00e1 un partido amistoso el lunes 7 de septiembre a las 20:00h contra el Casademont Zaragoza, equipo hist\u00f3rico con muchas temporadas consecutivas en la Liga ACB. El partido, que organiza el Club Baloncesto Benicarl\u00f3 junto con el Ayuntamiento de Benicarl\u00f3, es uno de los eventos deportivos m\u00e1s importantes de los \u00faltimos a\u00f1os organizados en nuestra zona, pudiendo disfrutar de baloncesto de primer\u00edsimo nivel con dos equipos de la primera divisi\u00f3n a nivel nacional. Para conseguir las entradas, puede hacerse online o presencial: Online: a trav\u00e9s de un link de la aplicaci\u00f3n Cluber, que puede encontrarse en Facebook o biograf\u00eda de Instagram del Club Baloncesto Benicarl\u00f3. Tambi\u00e9n se puede pedir el link por Whatsapp al tel\u00e9fono: 653 28 44 98. Aqu\u00ed os dejamos el link de la compra de entradas: https:\/\/app.cluber.es\/clubes\/642d3c2cbd12d381903752\/pagos\/6a72d913d8409903468722 Presencial: \u00d3ptica Santos Benicarl\u00f3 (C\/ Pius XII, n\u00ba23). En horario de lunes a viernes de 9:30h a 13:30h y de 17:15h a 20:30h y los s\u00e1bados de 10:00h a 13:45h. \u00daltimo d\u00eda para comprar las entradas presenciales el mismo lunes 7 de septiembre a las 13:00h. Los socios del club, para poder obtener el precio de la entrada reducida, \u00fanicamente podr\u00e1n adquirir las entradas de forma presencial. Tambi\u00e9n se vender\u00e1n entradas en taquilla el mismo d\u00eda del partido a partir de las 19:00h en el mismo pabell\u00f3n de Benicarl\u00f3.\" \/>\n<meta property=\"og:url\" content=\"https:\/\/cbbenicarlo.com\/?p=3207\" \/>\n<meta property=\"og:site_name\" content=\"Club Basquet Benicarl\u00f3\" \/>\n<meta property=\"article:published_time\" content=\"2026-09-03T08:30:13+00:00\" \/>\n<meta property=\"article:modified_time\" content=\"2026-09-03T08:31:28+00:00\" \/>\n<meta property=\"og:image\" content=\"https:\/\/cbbenicarlo.com\/wp-content\/uploads\/2026\/09\/partido-ACB-3.jpg\" \/>\n\t<meta property=\"og:image:width\" content=\"1920\" \/>\n\t<meta property=\"og:image:height\" content=\"2401\" \/>\n\t<meta property=\"og:image:type\" content=\"image\/jpeg\" \/>\n<meta name=\"author\" content=\"Club B\u00e0squet Benicarl\u00f3\" \/>\n<meta name=\"twitter:card\" content=\"summary_large_image\" \/>\n<meta name=\"twitter:label1\" content=\"Escrito por\" \/>\n\t<meta name=\"twitter:data1\" content=\"Club B\u00e0squet Benicarl\u00f3\" \/>\n\t<meta name=\"twitter:label2\" content=\"Tiempo de lectura\" \/>\n\t<meta name=\"twitter:data2\" content=\"2 minutos\" \/>\n<script type=\"application\/ld+json\" class=\"yoast-schema-graph\">{\"@context\":\"https:\/\/schema.org\",\"@graph\":[{\"@type\":\"Article\",\"@id\":\"https:\/\/cbbenicarlo.com\/?p=3207#article\",\"isPartOf\":{\"@id\":\"https:\/\/cbbenicarlo.com\/?p=3207\"},\"author\":{\"name\":\"Club B\u00e0squet Benicarl\u00f3\",\"@id\":\"https:\/\/cbbenicarlo.com\/#\/schema\/person\/200a6bea92870b7adeb1a5c755a793f2\"},\"headline\":\"SOLO QUEDAN 4 D\u00cdAS: VALENCIA BASKET VS CASADEMONT ZARAGOZA EN EL PABELL\u00d3N DE BENICARL\u00d3\",\"datePublished\":\"2026-09-03T08:30:13+00:00\",\"dateModified\":\"2026-09-03T08:31:28+00:00\",\"mainEntityOfPage\":{\"@id\":\"https:\/\/cbbenicarlo.com\/?p=3207\"},\"wordCount\":305,\"publisher\":{\"@id\":\"https:\/\/cbbenicarlo.com\/#organization\"},\"articleSection\":[\"Primer Equipo\"],\"inLanguage\":\"es\"},{\"@type\":\"WebPage\",\"@id\":\"https:\/\/cbbenicarlo.com\/?p=3207\",\"url\":\"https:\/\/cbbenicarlo.com\/?p=3207\",\"name\":\"SOLO QUEDAN 4 D\u00cdAS: VALENCIA BASKET VS CASADEMONT ZARAGOZA EN EL PABELL\u00d3N DE BENICARL\u00d3 | Club Basquet Benicarl\u00f3\",\"isPartOf\":{\"@id\":\"https:\/\/cbbenicarlo.com\/#website\"},\"datePublished\":\"2026-09-03T08:30:13+00:00\",\"dateModified\":\"2026-09-03T08:31:28+00:00\",\"breadcrumb\":{\"@id\":\"https:\/\/cbbenicarlo.com\/?p=3207#breadcrumb\"},\"inLanguage\":\"es\",\"potentialAction\":[{\"@type\":\"ReadAction\",\"target\":[\"https:\/\/cbbenicarlo.com\/?p=3207\"]}]},{\"@type\":\"BreadcrumbList\",\"@id\":\"https:\/\/cbbenicarlo.com\/?p=3207#breadcrumb\",\"itemListElement\":[{\"@type\":\"ListItem\",\"position\":1,\"name\":\"Portada\",\"item\":\"https:\/\/cbbenicarlo.com\/\"},{\"@type\":\"ListItem\",\"position\":2,\"name\":\"SOLO QUEDAN 4 D\u00cdAS: VALENCIA BASKET VS CASADEMONT ZARAGOZA EN EL PABELL\u00d3N DE BENICARL\u00d3\"}]},{\"@type\":\"WebSite\",\"@id\":\"https:\/\/cbbenicarlo.com\/#website\",\"url\":\"https:\/\/cbbenicarlo.com\/\",\"name\":\"Club Basquet Benicarl\u00f3\",\"description\":\"P\u00e1gina Web Oficial\",\"publisher\":{\"@id\":\"https:\/\/cbbenicarlo.com\/#organization\"},\"potentialAction\":[{\"@type\":\"SearchAction\",\"target\":{\"@type\":\"EntryPoint\",\"urlTemplate\":\"https:\/\/cbbenicarlo.com\/?s={search_term_string}\"},\"query-input\":\"required name=search_term_string\"}],\"inLanguage\":\"es\"},{\"@type\":\"Organization\",\"@id\":\"https:\/\/cbbenicarlo.com\/#organization\",\"name\":\"Club B\u00e0squet Benicarl\u00f3\",\"url\":\"https:\/\/cbbenicarlo.com\/\",\"logo\":{\"@type\":\"ImageObject\",\"inLanguage\":\"es\",\"@id\":\"https:\/\/cbbenicarlo.com\/#\/schema\/logo\/image\/\",\"url\":\"https:\/\/cbbenicarlo.com\/wp-content\/uploads\/2022\/05\/cropped-cropped-cropped-CBBENICARLO2021-22-2.png\",\"contentUrl\":\"https:\/\/cbbenicarlo.com\/wp-content\/uploads\/2022\/05\/cropped-cropped-cropped-CBBENICARLO2021-22-2.png\",\"width\":512,\"height\":512,\"caption\":\"Club B\u00e0squet Benicarl\u00f3\"},\"image\":{\"@id\":\"https:\/\/cbbenicarlo.com\/#\/schema\/logo\/image\/\"}},{\"@type\":\"Person\",\"@id\":\"https:\/\/cbbenicarlo.com\/#\/schema\/person\/200a6bea92870b7adeb1a5c755a793f2\",\"name\":\"Club B\u00e0squet Benicarl\u00f3\",\"image\":{\"@type\":\"ImageObject\",\"inLanguage\":\"es\",\"@id\":\"https:\/\/cbbenicarlo.com\/#\/schema\/person\/image\/\",\"url\":\"https:\/\/secure.gravatar.com\/avatar\/8aed305f961a70f8934d4ba794f3527a?s=96&d=mm&r=g\",\"contentUrl\":\"https:\/\/secure.gravatar.com\/avatar\/8aed305f961a70f8934d4ba794f3527a?s=96&d=mm&r=g\",\"caption\":\"Club B\u00e0squet Benicarl\u00f3\"},\"url\":\"https:\/\/cbbenicarlo.com\/?author=1\"}]}<\/script>\n<!-- \/ Yoast SEO plugin. -->","yoast_head_json":{"title":"SOLO QUEDAN 4 D\u00cdAS: VALENCIA BASKET VS CASADEMONT ZARAGOZA EN EL PABELL\u00d3N DE BENICARL\u00d3 | Club Basquet Benicarl\u00f3","robots":{"index":"index","follow":"follow","max-snippet":"max-snippet:-1","max-image-preview":"max-image-preview:large","max-video-preview":"max-video-preview:-1"},"canonical":"https:\/\/cbbenicarlo.com\/?p=3207","og_locale":"es_ES","og_type":"article","og_title":"SOLO QUEDAN 4 D\u00cdAS: VALENCIA BASKET VS CASADEMONT ZARAGOZA EN EL PABELL\u00d3N DE BENICARL\u00d3 | Club Basquet Benicarl\u00f3","og_description":"El partido, que est\u00e1 organizado por el Club Baloncesto Benicarl\u00f3 junto con el Ayuntamiento de Benicarl\u00f3, tendr\u00e1 lugar el 7 de Septiembre a las 20:00h Baloncesto de primer nivel en Benicarl\u00f3. El Valencia Basket, actual campe\u00f3n de la liga ACB y semifinalista de la Euroliga esta pasada temporada, jugar\u00e1 un partido amistoso el lunes 7 de septiembre a las 20:00h contra el Casademont Zaragoza, equipo hist\u00f3rico con muchas temporadas consecutivas en la Liga ACB. El partido, que organiza el Club Baloncesto Benicarl\u00f3 junto con el Ayuntamiento de Benicarl\u00f3, es uno de los eventos deportivos m\u00e1s importantes de los \u00faltimos a\u00f1os organizados en nuestra zona, pudiendo disfrutar de baloncesto de primer\u00edsimo nivel con dos equipos de la primera divisi\u00f3n a nivel nacional. Para conseguir las entradas, puede hacerse online o presencial: Online: a trav\u00e9s de un link de la aplicaci\u00f3n Cluber, que puede encontrarse en Facebook o biograf\u00eda de Instagram del Club Baloncesto Benicarl\u00f3. Tambi\u00e9n se puede pedir el link por Whatsapp al tel\u00e9fono: 653 28 44 98. Aqu\u00ed os dejamos el link de la compra de entradas: https:\/\/app.cluber.es\/clubes\/642d3c2cbd12d381903752\/pagos\/6a72d913d8409903468722 Presencial: \u00d3ptica Santos Benicarl\u00f3 (C\/ Pius XII, n\u00ba23). En horario de lunes a viernes de 9:30h a 13:30h y de 17:15h a 20:30h y los s\u00e1bados de 10:00h a 13:45h. \u00daltimo d\u00eda para comprar las entradas presenciales el mismo lunes 7 de septiembre a las 13:00h. Los socios del club, para poder obtener el precio de la entrada reducida, \u00fanicamente podr\u00e1n adquirir las entradas de forma presencial. Tambi\u00e9n se vender\u00e1n entradas en taquilla el mismo d\u00eda del partido a partir de las 19:00h en el mismo pabell\u00f3n de Benicarl\u00f3.","og_url":"https:\/\/cbbenicarlo.com\/?p=3207","og_site_name":"Club Basquet Benicarl\u00f3","article_published_time":"2026-09-03T08:30:13+00:00","article_modified_time":"2026-09-03T08:31:28+00:00","og_image":[{"width":1920,"height":2401,"url":"https:\/\/cbbenicarlo.com\/wp-content\/uploads\/2026\/09\/partido-ACB-3.jpg","type":"image\/jpeg"}],"author":"Club B\u00e0squet Benicarl\u00f3","twitter_card":"summary_large_image","twitter_misc":{"Escrito por":"Club B\u00e0squet Benicarl\u00f3","Tiempo de lectura":"2 minutos"},"schema":{"@context":"https:\/\/schema.org","@graph":[{"@type":"Article","@id":"https:\/\/cbbenicarlo.com\/?p=3207#article","isPartOf":{"@id":"https:\/\/cbbenicarlo.com\/?p=3207"},"author":{"name":"Club B\u00e0squet Benicarl\u00f3","@id":"https:\/\/cbbenicarlo.com\/#\/schema\/person\/200a6bea92870b7adeb1a5c755a793f2"},"headline":"SOLO QUEDAN 4 D\u00cdAS: VALENCIA BASKET VS CASADEMONT ZARAGOZA EN EL PABELL\u00d3N DE BENICARL\u00d3","datePublished":"2026-09-03T08:30:13+00:00","dateModified":"2026-09-03T08:31:28+00:00","mainEntityOfPage":{"@id":"https:\/\/cbbenicarlo.com\/?p=3207"},"wordCount":305,"publisher":{"@id":"https:\/\/cbbenicarlo.com\/#organization"},"articleSection":["Primer Equipo"],"inLanguage":"es"},{"@type":"WebPage","@id":"https:\/\/cbbenicarlo.com\/?p=3207","url":"https:\/\/cbbenicarlo.com\/?p=3207","name":"SOLO QUEDAN 4 D\u00cdAS: VALENCIA BASKET VS CASADEMONT ZARAGOZA EN EL PABELL\u00d3N DE BENICARL\u00d3 | Club Basquet Benicarl\u00f3","isPartOf":{"@id":"https:\/\/cbbenicarlo.com\/#website"},"datePublished":"2026-09-03T08:30:13+00:00","dateModified":"2026-09-03T08:31:28+00:00","breadcrumb":{"@id":"https:\/\/cbbenicarlo.com\/?p=3207#breadcrumb"},"inLanguage":"es","potentialAction":[{"@type":"ReadAction","target":["https:\/\/cbbenicarlo.com\/?p=3207"]}]},{"@type":"BreadcrumbList","@id":"https:\/\/cbbenicarlo.com\/?p=3207#breadcrumb","itemListElement":[{"@type":"ListItem","position":1,"name":"Portada","item":"https:\/\/cbbenicarlo.com\/"},{"@type":"ListItem","position":2,"name":"SOLO QUEDAN 4 D\u00cdAS: VALENCIA BASKET VS CASADEMONT ZARAGOZA EN EL PABELL\u00d3N DE BENICARL\u00d3"}]},{"@type":"WebSite","@id":"https:\/\/cbbenicarlo.com\/#website","url":"https:\/\/cbbenicarlo.com\/","name":"Club Basquet Benicarl\u00f3","description":"P\u00e1gina Web Oficial","publisher":{"@id":"https:\/\/cbbenicarlo.com\/#organization"},"potentialAction":[{"@type":"SearchAction","target":{"@type":"EntryPoint","urlTemplate":"https:\/\/cbbenicarlo.com\/?s={search_term_string}"},"query-input":"required name=search_term_string"}],"inLanguage":"es"},{"@type":"Organization","@id":"https:\/\/cbbenicarlo.com\/#organization","name":"Club B\u00e0squet Benicarl\u00f3","url":"https:\/\/cbbenicarlo.com\/","logo":{"@type":"ImageObject","inLanguage":"es","@id":"https:\/\/cbbenicarlo.com\/#\/schema\/logo\/image\/","url":"https:\/\/cbbenicarlo.com\/wp-content\/uploads\/2022\/05\/cropped-cropped-cropped-CBBENICARLO2021-22-2.png","contentUrl":"https:\/\/cbbenicarlo.com\/wp-content\/uploads\/2022\/05\/cropped-cropped-cropped-CBBENICARLO2021-22-2.png","width":512,"height":512,"caption":"Club B\u00e0squet Benicarl\u00f3"},"image":{"@id":"https:\/\/cbbenicarlo.com\/#\/schema\/logo\/image\/"}},{"@type":"Person","@id":"https:\/\/cbbenicarlo.com\/#\/schema\/person\/200a6bea92870b7adeb1a5c755a793f2","name":"Club B\u00e0squet Benicarl\u00f3","image":{"@type":"ImageObject","inLanguage":"es","@id":"https:\/\/cbbenicarlo.com\/#\/schema\/person\/image\/","url":"https:\/\/secure.gravatar.com\/avatar\/8aed305f961a70f8934d4ba794f3527a?s=96&d=mm&r=g","contentUrl":"https:\/\/secure.gravatar.com\/avatar\/8aed305f961a70f8934d4ba794f3527a?s=96&d=mm&r=g","caption":"Club B\u00e0squet Benicarl\u00f3"},"url":"https:\/\/cbbenicarlo.com\/?author=1"}]}},"_links":{"self":[{"href":"https:\/\/cbbenicarlo.com\/index.php?rest_route=\/wp\/v2\/posts\/3207"}],"collection":[{"href":"https:\/\/cbbenicarlo.com\/index.php?rest_route=\/wp\/v2\/posts"}],"about":[{"href":"https:\/\/cbbenicarlo.com\/index.php?rest_route=\/wp\/v2\/types\/post"}],"author":[{"embeddable":true,"href":"https:\/\/cbbenicarlo.com\/index.php?rest_route=\/wp\/v2\/users\/1"}],"replies":[{"embeddable":true,"href":"https:\/\/cbbenicarlo.com\/index.php?rest_route=%2Fwp%2Fv2%2Fcomments&post=3207"}],"version-history":[{"count":2,"href":"https:\/\/cbbenicarlo.com\/index.php?rest_route=\/wp\/v2\/posts\/3207\/revisions"}],"predecessor-version":[{"id":3210,"href":"https:\/\/cbbenicarlo.com\/index.php?rest_route=\/wp\/v2\/posts\/3207\/revisions\/3210"}],"wp:featuredmedia":[{"embeddable":true,"href":"https:\/\/cbbenicarlo.com\/index.php?rest_route=\/wp\/v2\/media\/3208"}],"wp:attachment":[{"href":"https:\/\/cbbenicarlo.com\/index.php?rest_route=%2Fwp%2Fv2%2Fmedia&parent=3207"}],"wp:term":[{"taxonomy":"category","embeddable":true,"href":"https:\/\/cbbenicarlo.com\/index.php?rest_route=%2Fwp%2Fv2%2Fcategories&post=3207"},{"taxonomy":"post_tag","embeddable":true,"href":"https:\/\/cbbenicarlo.com\/index.php?rest_route=%2Fwp%2Fv2%2Ftags&post=3207"}],"curies":[{"name":"wp","href":"https:\/\/api.w.org\/{rel}","templated":true}]}}