{"id":2758,"date":"2025-09-04T12:49:14","date_gmt":"2025-09-04T10:49:14","guid":{"rendered":"https:\/\/cbbenicarlo.com\/?p=2758"},"modified":"2025-09-04T12:49:15","modified_gmt":"2025-09-04T10:49:15","slug":"el-maderas-sorli-benicarlo-presenta-el-proyecto-para-la-proxima-temporada","status":"publish","type":"post","link":"https:\/\/cbbenicarlo.com\/?p=2758","title":{"rendered":"<strong>EL MADERAS SORL\u00cd BENICARL\u00d3 PRESENTA EL PROYECTO PARA LA PR\u00d3XIMA TEMPORADA<\/strong>"},"content":{"rendered":"\n<p><strong>La campa\u00f1a 2025-2026 ser\u00e1 la s\u00e9ptima consecutiva que el equipo del Baix Maestrat disputar\u00e1 en Segunda FEB.<\/strong><\/p>\n\n\n\n<p>El Sal\u00f3n Social de Caixa Benicarl\u00f3 acogi\u00f3 en el d\u00eda de ayer la presentaci\u00f3n oficial del proyecto 2025-2026 del Maderas Sorl\u00ed Benicarl\u00f3, en la que ser\u00e1 su s\u00e9ptima temporada en Segunda FEB. Los jugadores de la plantilla, as\u00ed como el staff del Club; patrocinadores, sponsors, socios y simpatizantes, estuvieron presentes para conocer las principales novedades de la pr\u00f3xima temporada, poniendo especial foco en las modificaciones tanto de la categor\u00eda como de la Copa Espa\u00f1a.<\/p>\n\n\n\n<p>Quique Besalduch, director general del Club, comenz\u00f3 su comparecencia haciendo un breve balance de c\u00f3mo se ha ido confeccionando el equipo y algunos de los logros destacados de la pasada campa\u00f1a; como disputar un nuevo playoff de ascenso, la permanencia y el ascenso del Senior B a categor\u00eda auton\u00f3mica, entre otros. As\u00ed, desarroll\u00f3 algunos de los cambios para esta temporada.<\/p>\n\n\n\n<p>Primeramente, destac\u00f3 que este a\u00f1o solamente habr\u00e1 un descenso en Segunda FEB, aunque recalc\u00f3 que el objetivo tanto de staff como directiva es \u201csumar una nueva clasificaci\u00f3n para el playoff de ascenso\u201d. As\u00ed, coment\u00f3 que este a\u00f1o, los equipos de la categor\u00eda est\u00e1n \u201csatisfechos\u201d con la remodelaci\u00f3n de la Copa Espa\u00f1a, que incluye una fase previa donde se enfrentar\u00e1n los equipos de Segunda FEB, hasta llegar a las eliminatorias, donde se incorporar\u00e1n los equipos de Primera FEB. En el caso de que el club cadufero pasara a las eliminatorias, recibir\u00eda a un Primera FEB en casa, debido a que los equipos de categor\u00eda inferior tienen preferencia para jugar en su emplazamiento.<\/p>\n\n\n\n<p>Tambi\u00e9n quiso destacar el director que no habr\u00e1n partidos amistosos esta temporada, debido a que, entre Lliga Valenciana y Copa Espa\u00f1a, ser\u00e1n 4 partidos asegurados (5 en el caso de pasar a la final de la competici\u00f3n auton\u00f3mica), y este a\u00f1o quieren \u201cpriorizar los entrenamientos\u201d.<\/p>\n\n\n\n<p>Finalmente, Besalduch ha incidido en el apoyo de la masa social y la campa\u00f1a de abonados, algo que suscribi\u00f3 Jose Miguel Cornelles, presidente de la entidad. Ambos agradecieron a todos los que conf\u00edan en el proyecto y animaron a sumar esfuerzos para cumplir los objetivos. \u201cLa competitividad de la categor\u00eda y la subida de costes hacen que sea cada a\u00f1o m\u00e1s dif\u00edcil confeccionar el equipo, por eso es tan importante el apoyo de todos\u201d, afirm\u00f3 el director general. Y a\u00f1ade: \u201cPara ello, hemos querido crear una campa\u00f1a de socios accesible, para que nadie se quede sin disfrutar del baloncesto por su econom\u00eda\u201d.<\/p>\n\n\n\n<p>Sergio Lam\u00faa, el nuevo entrenador del equipo, se encarg\u00f3 de enumerar a todos los jugadores y algunas de sus caracter\u00edsticas; y tambi\u00e9n tuvo palabras para la directiva, comentando que \u201cel trabajo que veo en ellos para hacer un equipo competitivo no lo ve\u00eda desde hace mucho tiempo\u201d. Explic\u00f3 tambi\u00e9n que falta un jugador para poder cerrar del todo la plantilla, en la posici\u00f3n de p\u00edvot, y pidi\u00f3 a los aficionados \u201cconfianza\u201d, porque har\u00e1n un equipo definitivo que ilusione al aficionado \u201cm\u00e1s pronto que tarde\u201d.<\/p>\n\n\n\n<p>Finalmente, los jugadores Rob Ukawuba y Aleix Haro intervinieron para comentar las primeras sensaciones, tanto personales como colectivas. En el caso de Ukawuba, se mostr\u00f3 \u201cagradecido por la confianza de mis compa\u00f1eros y entrenador\u201d, a\u00f1adiendo que desde que aterriz\u00f3 en Benicarl\u00f3 se siente \u201cmuy a gusto y con ganas de empezar\u201d. Haro, por su parte, coment\u00f3 que \u201ceste a\u00f1o tenemos un nuevo equipo, y hemos encontrado el balance entre gente joven, con hambre; y gente experimentada en la categor\u00eda\u201d. As\u00ed, tambi\u00e9n explic\u00f3 que \u201cahora es el momento de conocernos todos, para eso tenemos la pretemporada; as\u00ed que queremos trabajar y empezar a competir cuanto antes\u201d.<\/p>\n\n\n\n<p>El equipo comienza as\u00ed una nueva andadura en Segunda FEB, cuya pretemporada iniciar\u00e1 el pr\u00f3ximo mi\u00e9rcoles 10 de septiembre. En concreto, jugar\u00e1 la final de la Lliga Valenciana, a las 20H; en casa del CEB Ll\u00edria.<\/p>\n\n\n<figure class=\"wp-block-post-featured-image\"><img loading=\"lazy\" width=\"2560\" height=\"1920\" src=\"https:\/\/cbbenicarlo.com\/wp-content\/uploads\/2025\/09\/HHH-scaled.jpg\" class=\"attachment-post-thumbnail size-post-thumbnail wp-post-image\" alt=\"\" decoding=\"async\" loading=\"lazy\" srcset=\"https:\/\/cbbenicarlo.com\/wp-content\/uploads\/2025\/09\/HHH-scaled.jpg 2560w, https:\/\/cbbenicarlo.com\/wp-content\/uploads\/2025\/09\/HHH-300x225.jpg 300w, https:\/\/cbbenicarlo.com\/wp-content\/uploads\/2025\/09\/HHH-1024x768.jpg 1024w, https:\/\/cbbenicarlo.com\/wp-content\/uploads\/2025\/09\/HHH-768x576.jpg 768w, https:\/\/cbbenicarlo.com\/wp-content\/uploads\/2025\/09\/HHH-1536x1152.jpg 1536w, https:\/\/cbbenicarlo.com\/wp-content\/uploads\/2025\/09\/HHH-2048x1536.jpg 2048w, https:\/\/cbbenicarlo.com\/wp-content\/uploads\/2025\/09\/HHH-128x96.jpg 128w, https:\/\/cbbenicarlo.com\/wp-content\/uploads\/2025\/09\/HHH-32x24.jpg 32w\" sizes=\"(max-width: 2560px) 100vw, 2560px\" \/><\/figure>","protected":false},"excerpt":{"rendered":"<p>La campa\u00f1a 2025-2026 ser\u00e1 la s\u00e9ptima consecutiva que el equipo del Baix Maestrat disputar\u00e1 en Segunda FEB. El Sal\u00f3n Social de Caixa Benicarl\u00f3 acogi\u00f3 en el d\u00eda de ayer la presentaci\u00f3n oficial del proyecto 2025-2026 del Maderas Sorl\u00ed Benicarl\u00f3, en la que ser\u00e1 su s\u00e9ptima temporada en Segunda FEB. Los jugadores de la plantilla, as\u00ed como el staff del Club; patrocinadores, sponsors, socios y simpatizantes, estuvieron presentes para conocer las principales novedades de la pr\u00f3xima temporada, poniendo especial foco en las modificaciones tanto de la categor\u00eda como de la Copa Espa\u00f1a. Quique Besalduch, director general del Club, comenz\u00f3 su comparecencia haciendo un breve balance de c\u00f3mo se ha ido confeccionando el equipo y algunos de los logros destacados de la pasada campa\u00f1a; como disputar un nuevo playoff de ascenso, la permanencia y el ascenso del Senior B a categor\u00eda auton\u00f3mica, entre otros. As\u00ed, desarroll\u00f3 algunos de los cambios para esta temporada. Primeramente, destac\u00f3 que este a\u00f1o solamente habr\u00e1 un descenso en Segunda FEB, aunque recalc\u00f3 que el objetivo tanto de staff como directiva es \u201csumar una nueva clasificaci\u00f3n para el playoff de ascenso\u201d. As\u00ed, coment\u00f3 que este a\u00f1o, los equipos de la categor\u00eda est\u00e1n \u201csatisfechos\u201d con la remodelaci\u00f3n de la Copa Espa\u00f1a, que incluye una fase previa donde se enfrentar\u00e1n los equipos de Segunda FEB, hasta llegar a las eliminatorias, donde se incorporar\u00e1n los equipos de Primera FEB. En el caso de que el club cadufero pasara a las eliminatorias, recibir\u00eda a un Primera FEB en casa, debido a que los equipos de categor\u00eda inferior tienen preferencia para jugar en su emplazamiento. Tambi\u00e9n quiso destacar el director que no habr\u00e1n partidos amistosos esta temporada, debido a que, entre Lliga Valenciana y Copa Espa\u00f1a, ser\u00e1n 4 partidos asegurados (5 en el caso de pasar a la final de la competici\u00f3n auton\u00f3mica), y este a\u00f1o quieren \u201cpriorizar los entrenamientos\u201d. Finalmente, Besalduch ha incidido en el apoyo de la masa social y la campa\u00f1a de abonados, algo que suscribi\u00f3 Jose Miguel Cornelles, presidente de la entidad. Ambos agradecieron a todos los que conf\u00edan en el proyecto y animaron a sumar esfuerzos para cumplir los objetivos. \u201cLa competitividad de la categor\u00eda y la subida de costes hacen que sea cada a\u00f1o m\u00e1s dif\u00edcil confeccionar el equipo, por eso es tan importante el apoyo de todos\u201d, afirm\u00f3 el director general. Y a\u00f1ade: \u201cPara ello, hemos querido crear una campa\u00f1a de socios accesible, para que nadie se quede sin disfrutar del baloncesto por su econom\u00eda\u201d. Sergio Lam\u00faa, el nuevo entrenador del equipo, se encarg\u00f3 de enumerar a todos los jugadores y algunas de sus caracter\u00edsticas; y tambi\u00e9n tuvo palabras para la directiva, comentando que \u201cel trabajo que veo en ellos para hacer un equipo competitivo no lo ve\u00eda desde hace mucho tiempo\u201d. Explic\u00f3 tambi\u00e9n que falta un jugador para poder cerrar del todo la plantilla, en la posici\u00f3n de p\u00edvot, y pidi\u00f3 a los aficionados \u201cconfianza\u201d, porque har\u00e1n un equipo definitivo que ilusione al aficionado \u201cm\u00e1s pronto que tarde\u201d. Finalmente, los jugadores Rob Ukawuba y Aleix Haro intervinieron para comentar las primeras sensaciones, tanto personales como colectivas. En el caso de Ukawuba, se mostr\u00f3 \u201cagradecido por la confianza de mis compa\u00f1eros y entrenador\u201d, a\u00f1adiendo que desde que aterriz\u00f3 en Benicarl\u00f3 se siente \u201cmuy a gusto y con ganas de empezar\u201d. Haro, por su parte, coment\u00f3 que \u201ceste a\u00f1o tenemos un nuevo equipo, y hemos encontrado el balance entre gente joven, con hambre; y gente experimentada en la categor\u00eda\u201d. As\u00ed, tambi\u00e9n explic\u00f3 que \u201cahora es el momento de conocernos todos, para eso tenemos la pretemporada; as\u00ed que queremos trabajar y empezar a competir cuanto antes\u201d. El equipo comienza as\u00ed una nueva andadura en Segunda FEB, cuya pretemporada iniciar\u00e1 el pr\u00f3ximo mi\u00e9rcoles 10 de septiembre. En concreto, jugar\u00e1 la final de la Lliga Valenciana, a las 20H; en casa del CEB Ll\u00edria.<\/p>\n","protected":false},"author":1,"featured_media":2759,"comment_status":"closed","ping_status":"closed","sticky":false,"template":"","format":"standard","meta":{"_eb_attr":""},"categories":[65,1],"tags":[],"yoast_head":"<!-- This site is optimized with the Yoast SEO plugin v21.1 - https:\/\/yoast.com\/wordpress\/plugins\/seo\/ -->\n<title>EL MADERAS SORL\u00cd BENICARL\u00d3 PRESENTA EL PROYECTO PARA LA PR\u00d3XIMA TEMPORADA | Club Basquet Benicarl\u00f3<\/title>\n<meta name=\"robots\" content=\"index, follow, max-snippet:-1, max-image-preview:large, max-video-preview:-1\" \/>\n<link rel=\"canonical\" href=\"https:\/\/cbbenicarlo.com\/?p=2758\" \/>\n<meta property=\"og:locale\" content=\"es_ES\" \/>\n<meta property=\"og:type\" content=\"article\" \/>\n<meta property=\"og:title\" content=\"EL MADERAS SORL\u00cd BENICARL\u00d3 PRESENTA EL PROYECTO PARA LA PR\u00d3XIMA TEMPORADA | Club Basquet Benicarl\u00f3\" \/>\n<meta property=\"og:description\" content=\"La campa\u00f1a 2025-2026 ser\u00e1 la s\u00e9ptima consecutiva que el equipo del Baix Maestrat disputar\u00e1 en Segunda FEB. El Sal\u00f3n Social de Caixa Benicarl\u00f3 acogi\u00f3 en el d\u00eda de ayer la presentaci\u00f3n oficial del proyecto 2025-2026 del Maderas Sorl\u00ed Benicarl\u00f3, en la que ser\u00e1 su s\u00e9ptima temporada en Segunda FEB. Los jugadores de la plantilla, as\u00ed como el staff del Club; patrocinadores, sponsors, socios y simpatizantes, estuvieron presentes para conocer las principales novedades de la pr\u00f3xima temporada, poniendo especial foco en las modificaciones tanto de la categor\u00eda como de la Copa Espa\u00f1a. Quique Besalduch, director general del Club, comenz\u00f3 su comparecencia haciendo un breve balance de c\u00f3mo se ha ido confeccionando el equipo y algunos de los logros destacados de la pasada campa\u00f1a; como disputar un nuevo playoff de ascenso, la permanencia y el ascenso del Senior B a categor\u00eda auton\u00f3mica, entre otros. As\u00ed, desarroll\u00f3 algunos de los cambios para esta temporada. Primeramente, destac\u00f3 que este a\u00f1o solamente habr\u00e1 un descenso en Segunda FEB, aunque recalc\u00f3 que el objetivo tanto de staff como directiva es \u201csumar una nueva clasificaci\u00f3n para el playoff de ascenso\u201d. As\u00ed, coment\u00f3 que este a\u00f1o, los equipos de la categor\u00eda est\u00e1n \u201csatisfechos\u201d con la remodelaci\u00f3n de la Copa Espa\u00f1a, que incluye una fase previa donde se enfrentar\u00e1n los equipos de Segunda FEB, hasta llegar a las eliminatorias, donde se incorporar\u00e1n los equipos de Primera FEB. En el caso de que el club cadufero pasara a las eliminatorias, recibir\u00eda a un Primera FEB en casa, debido a que los equipos de categor\u00eda inferior tienen preferencia para jugar en su emplazamiento. Tambi\u00e9n quiso destacar el director que no habr\u00e1n partidos amistosos esta temporada, debido a que, entre Lliga Valenciana y Copa Espa\u00f1a, ser\u00e1n 4 partidos asegurados (5 en el caso de pasar a la final de la competici\u00f3n auton\u00f3mica), y este a\u00f1o quieren \u201cpriorizar los entrenamientos\u201d. Finalmente, Besalduch ha incidido en el apoyo de la masa social y la campa\u00f1a de abonados, algo que suscribi\u00f3 Jose Miguel Cornelles, presidente de la entidad. Ambos agradecieron a todos los que conf\u00edan en el proyecto y animaron a sumar esfuerzos para cumplir los objetivos. \u201cLa competitividad de la categor\u00eda y la subida de costes hacen que sea cada a\u00f1o m\u00e1s dif\u00edcil confeccionar el equipo, por eso es tan importante el apoyo de todos\u201d, afirm\u00f3 el director general. Y a\u00f1ade: \u201cPara ello, hemos querido crear una campa\u00f1a de socios accesible, para que nadie se quede sin disfrutar del baloncesto por su econom\u00eda\u201d. Sergio Lam\u00faa, el nuevo entrenador del equipo, se encarg\u00f3 de enumerar a todos los jugadores y algunas de sus caracter\u00edsticas; y tambi\u00e9n tuvo palabras para la directiva, comentando que \u201cel trabajo que veo en ellos para hacer un equipo competitivo no lo ve\u00eda desde hace mucho tiempo\u201d. Explic\u00f3 tambi\u00e9n que falta un jugador para poder cerrar del todo la plantilla, en la posici\u00f3n de p\u00edvot, y pidi\u00f3 a los aficionados \u201cconfianza\u201d, porque har\u00e1n un equipo definitivo que ilusione al aficionado \u201cm\u00e1s pronto que tarde\u201d. Finalmente, los jugadores Rob Ukawuba y Aleix Haro intervinieron para comentar las primeras sensaciones, tanto personales como colectivas. En el caso de Ukawuba, se mostr\u00f3 \u201cagradecido por la confianza de mis compa\u00f1eros y entrenador\u201d, a\u00f1adiendo que desde que aterriz\u00f3 en Benicarl\u00f3 se siente \u201cmuy a gusto y con ganas de empezar\u201d. Haro, por su parte, coment\u00f3 que \u201ceste a\u00f1o tenemos un nuevo equipo, y hemos encontrado el balance entre gente joven, con hambre; y gente experimentada en la categor\u00eda\u201d. As\u00ed, tambi\u00e9n explic\u00f3 que \u201cahora es el momento de conocernos todos, para eso tenemos la pretemporada; as\u00ed que queremos trabajar y empezar a competir cuanto antes\u201d. El equipo comienza as\u00ed una nueva andadura en Segunda FEB, cuya pretemporada iniciar\u00e1 el pr\u00f3ximo mi\u00e9rcoles 10 de septiembre. En concreto, jugar\u00e1 la final de la Lliga Valenciana, a las 20H; en casa del CEB Ll\u00edria.\" \/>\n<meta property=\"og:url\" content=\"https:\/\/cbbenicarlo.com\/?p=2758\" \/>\n<meta property=\"og:site_name\" content=\"Club Basquet Benicarl\u00f3\" \/>\n<meta property=\"article:published_time\" content=\"2025-09-04T10:49:14+00:00\" \/>\n<meta property=\"article:modified_time\" content=\"2025-09-04T10:49:15+00:00\" \/>\n<meta property=\"og:image\" content=\"https:\/\/cbbenicarlo.com\/wp-content\/uploads\/2025\/09\/HHH-scaled.jpg\" \/>\n\t<meta property=\"og:image:width\" content=\"2560\" \/>\n\t<meta property=\"og:image:height\" content=\"1920\" \/>\n\t<meta property=\"og:image:type\" content=\"image\/jpeg\" \/>\n<meta name=\"author\" content=\"Club B\u00e0squet Benicarl\u00f3\" \/>\n<meta name=\"twitter:card\" content=\"summary_large_image\" \/>\n<meta name=\"twitter:label1\" content=\"Escrito por\" \/>\n\t<meta name=\"twitter:data1\" content=\"Club B\u00e0squet Benicarl\u00f3\" \/>\n\t<meta name=\"twitter:label2\" content=\"Tiempo de lectura\" \/>\n\t<meta name=\"twitter:data2\" content=\"3 minutos\" \/>\n<script type=\"application\/ld+json\" class=\"yoast-schema-graph\">{\"@context\":\"https:\/\/schema.org\",\"@graph\":[{\"@type\":\"Article\",\"@id\":\"https:\/\/cbbenicarlo.com\/?p=2758#article\",\"isPartOf\":{\"@id\":\"https:\/\/cbbenicarlo.com\/?p=2758\"},\"author\":{\"name\":\"Club B\u00e0squet Benicarl\u00f3\",\"@id\":\"https:\/\/cbbenicarlo.com\/#\/schema\/person\/200a6bea92870b7adeb1a5c755a793f2\"},\"headline\":\"EL MADERAS SORL\u00cd BENICARL\u00d3 PRESENTA EL PROYECTO PARA LA PR\u00d3XIMA TEMPORADA\",\"datePublished\":\"2025-09-04T10:49:14+00:00\",\"dateModified\":\"2025-09-04T10:49:15+00:00\",\"mainEntityOfPage\":{\"@id\":\"https:\/\/cbbenicarlo.com\/?p=2758\"},\"wordCount\":700,\"publisher\":{\"@id\":\"https:\/\/cbbenicarlo.com\/#organization\"},\"articleSection\":[\"Noticias\",\"Primer Equipo\"],\"inLanguage\":\"es\"},{\"@type\":\"WebPage\",\"@id\":\"https:\/\/cbbenicarlo.com\/?p=2758\",\"url\":\"https:\/\/cbbenicarlo.com\/?p=2758\",\"name\":\"EL MADERAS SORL\u00cd BENICARL\u00d3 PRESENTA EL PROYECTO PARA LA PR\u00d3XIMA TEMPORADA | Club Basquet Benicarl\u00f3\",\"isPartOf\":{\"@id\":\"https:\/\/cbbenicarlo.com\/#website\"},\"datePublished\":\"2025-09-04T10:49:14+00:00\",\"dateModified\":\"2025-09-04T10:49:15+00:00\",\"breadcrumb\":{\"@id\":\"https:\/\/cbbenicarlo.com\/?p=2758#breadcrumb\"},\"inLanguage\":\"es\",\"potentialAction\":[{\"@type\":\"ReadAction\",\"target\":[\"https:\/\/cbbenicarlo.com\/?p=2758\"]}]},{\"@type\":\"BreadcrumbList\",\"@id\":\"https:\/\/cbbenicarlo.com\/?p=2758#breadcrumb\",\"itemListElement\":[{\"@type\":\"ListItem\",\"position\":1,\"name\":\"Portada\",\"item\":\"https:\/\/cbbenicarlo.com\/\"},{\"@type\":\"ListItem\",\"position\":2,\"name\":\"EL MADERAS SORL\u00cd BENICARL\u00d3 PRESENTA EL PROYECTO PARA LA PR\u00d3XIMA TEMPORADA\"}]},{\"@type\":\"WebSite\",\"@id\":\"https:\/\/cbbenicarlo.com\/#website\",\"url\":\"https:\/\/cbbenicarlo.com\/\",\"name\":\"Club Basquet Benicarl\u00f3\",\"description\":\"P\u00e1gina Web Oficial\",\"publisher\":{\"@id\":\"https:\/\/cbbenicarlo.com\/#organization\"},\"potentialAction\":[{\"@type\":\"SearchAction\",\"target\":{\"@type\":\"EntryPoint\",\"urlTemplate\":\"https:\/\/cbbenicarlo.com\/?s={search_term_string}\"},\"query-input\":\"required name=search_term_string\"}],\"inLanguage\":\"es\"},{\"@type\":\"Organization\",\"@id\":\"https:\/\/cbbenicarlo.com\/#organization\",\"name\":\"Club B\u00e0squet Benicarl\u00f3\",\"url\":\"https:\/\/cbbenicarlo.com\/\",\"logo\":{\"@type\":\"ImageObject\",\"inLanguage\":\"es\",\"@id\":\"https:\/\/cbbenicarlo.com\/#\/schema\/logo\/image\/\",\"url\":\"https:\/\/cbbenicarlo.com\/wp-content\/uploads\/2022\/05\/cropped-cropped-cropped-CBBENICARLO2021-22-2.png\",\"contentUrl\":\"https:\/\/cbbenicarlo.com\/wp-content\/uploads\/2022\/05\/cropped-cropped-cropped-CBBENICARLO2021-22-2.png\",\"width\":512,\"height\":512,\"caption\":\"Club B\u00e0squet Benicarl\u00f3\"},\"image\":{\"@id\":\"https:\/\/cbbenicarlo.com\/#\/schema\/logo\/image\/\"}},{\"@type\":\"Person\",\"@id\":\"https:\/\/cbbenicarlo.com\/#\/schema\/person\/200a6bea92870b7adeb1a5c755a793f2\",\"name\":\"Club B\u00e0squet Benicarl\u00f3\",\"image\":{\"@type\":\"ImageObject\",\"inLanguage\":\"es\",\"@id\":\"https:\/\/cbbenicarlo.com\/#\/schema\/person\/image\/\",\"url\":\"https:\/\/secure.gravatar.com\/avatar\/8aed305f961a70f8934d4ba794f3527a?s=96&d=mm&r=g\",\"contentUrl\":\"https:\/\/secure.gravatar.com\/avatar\/8aed305f961a70f8934d4ba794f3527a?s=96&d=mm&r=g\",\"caption\":\"Club B\u00e0squet Benicarl\u00f3\"},\"url\":\"https:\/\/cbbenicarlo.com\/?author=1\"}]}<\/script>\n<!-- \/ Yoast SEO plugin. -->","yoast_head_json":{"title":"EL MADERAS SORL\u00cd BENICARL\u00d3 PRESENTA EL PROYECTO PARA LA PR\u00d3XIMA TEMPORADA | Club Basquet Benicarl\u00f3","robots":{"index":"index","follow":"follow","max-snippet":"max-snippet:-1","max-image-preview":"max-image-preview:large","max-video-preview":"max-video-preview:-1"},"canonical":"https:\/\/cbbenicarlo.com\/?p=2758","og_locale":"es_ES","og_type":"article","og_title":"EL MADERAS SORL\u00cd BENICARL\u00d3 PRESENTA EL PROYECTO PARA LA PR\u00d3XIMA TEMPORADA | Club Basquet Benicarl\u00f3","og_description":"La campa\u00f1a 2025-2026 ser\u00e1 la s\u00e9ptima consecutiva que el equipo del Baix Maestrat disputar\u00e1 en Segunda FEB. El Sal\u00f3n Social de Caixa Benicarl\u00f3 acogi\u00f3 en el d\u00eda de ayer la presentaci\u00f3n oficial del proyecto 2025-2026 del Maderas Sorl\u00ed Benicarl\u00f3, en la que ser\u00e1 su s\u00e9ptima temporada en Segunda FEB. Los jugadores de la plantilla, as\u00ed como el staff del Club; patrocinadores, sponsors, socios y simpatizantes, estuvieron presentes para conocer las principales novedades de la pr\u00f3xima temporada, poniendo especial foco en las modificaciones tanto de la categor\u00eda como de la Copa Espa\u00f1a. Quique Besalduch, director general del Club, comenz\u00f3 su comparecencia haciendo un breve balance de c\u00f3mo se ha ido confeccionando el equipo y algunos de los logros destacados de la pasada campa\u00f1a; como disputar un nuevo playoff de ascenso, la permanencia y el ascenso del Senior B a categor\u00eda auton\u00f3mica, entre otros. As\u00ed, desarroll\u00f3 algunos de los cambios para esta temporada. Primeramente, destac\u00f3 que este a\u00f1o solamente habr\u00e1 un descenso en Segunda FEB, aunque recalc\u00f3 que el objetivo tanto de staff como directiva es \u201csumar una nueva clasificaci\u00f3n para el playoff de ascenso\u201d. As\u00ed, coment\u00f3 que este a\u00f1o, los equipos de la categor\u00eda est\u00e1n \u201csatisfechos\u201d con la remodelaci\u00f3n de la Copa Espa\u00f1a, que incluye una fase previa donde se enfrentar\u00e1n los equipos de Segunda FEB, hasta llegar a las eliminatorias, donde se incorporar\u00e1n los equipos de Primera FEB. En el caso de que el club cadufero pasara a las eliminatorias, recibir\u00eda a un Primera FEB en casa, debido a que los equipos de categor\u00eda inferior tienen preferencia para jugar en su emplazamiento. Tambi\u00e9n quiso destacar el director que no habr\u00e1n partidos amistosos esta temporada, debido a que, entre Lliga Valenciana y Copa Espa\u00f1a, ser\u00e1n 4 partidos asegurados (5 en el caso de pasar a la final de la competici\u00f3n auton\u00f3mica), y este a\u00f1o quieren \u201cpriorizar los entrenamientos\u201d. Finalmente, Besalduch ha incidido en el apoyo de la masa social y la campa\u00f1a de abonados, algo que suscribi\u00f3 Jose Miguel Cornelles, presidente de la entidad. Ambos agradecieron a todos los que conf\u00edan en el proyecto y animaron a sumar esfuerzos para cumplir los objetivos. \u201cLa competitividad de la categor\u00eda y la subida de costes hacen que sea cada a\u00f1o m\u00e1s dif\u00edcil confeccionar el equipo, por eso es tan importante el apoyo de todos\u201d, afirm\u00f3 el director general. Y a\u00f1ade: \u201cPara ello, hemos querido crear una campa\u00f1a de socios accesible, para que nadie se quede sin disfrutar del baloncesto por su econom\u00eda\u201d. Sergio Lam\u00faa, el nuevo entrenador del equipo, se encarg\u00f3 de enumerar a todos los jugadores y algunas de sus caracter\u00edsticas; y tambi\u00e9n tuvo palabras para la directiva, comentando que \u201cel trabajo que veo en ellos para hacer un equipo competitivo no lo ve\u00eda desde hace mucho tiempo\u201d. Explic\u00f3 tambi\u00e9n que falta un jugador para poder cerrar del todo la plantilla, en la posici\u00f3n de p\u00edvot, y pidi\u00f3 a los aficionados \u201cconfianza\u201d, porque har\u00e1n un equipo definitivo que ilusione al aficionado \u201cm\u00e1s pronto que tarde\u201d. Finalmente, los jugadores Rob Ukawuba y Aleix Haro intervinieron para comentar las primeras sensaciones, tanto personales como colectivas. En el caso de Ukawuba, se mostr\u00f3 \u201cagradecido por la confianza de mis compa\u00f1eros y entrenador\u201d, a\u00f1adiendo que desde que aterriz\u00f3 en Benicarl\u00f3 se siente \u201cmuy a gusto y con ganas de empezar\u201d. Haro, por su parte, coment\u00f3 que \u201ceste a\u00f1o tenemos un nuevo equipo, y hemos encontrado el balance entre gente joven, con hambre; y gente experimentada en la categor\u00eda\u201d. As\u00ed, tambi\u00e9n explic\u00f3 que \u201cahora es el momento de conocernos todos, para eso tenemos la pretemporada; as\u00ed que queremos trabajar y empezar a competir cuanto antes\u201d. El equipo comienza as\u00ed una nueva andadura en Segunda FEB, cuya pretemporada iniciar\u00e1 el pr\u00f3ximo mi\u00e9rcoles 10 de septiembre. En concreto, jugar\u00e1 la final de la Lliga Valenciana, a las 20H; en casa del CEB Ll\u00edria.","og_url":"https:\/\/cbbenicarlo.com\/?p=2758","og_site_name":"Club Basquet Benicarl\u00f3","article_published_time":"2025-09-04T10:49:14+00:00","article_modified_time":"2025-09-04T10:49:15+00:00","og_image":[{"width":2560,"height":1920,"url":"https:\/\/cbbenicarlo.com\/wp-content\/uploads\/2025\/09\/HHH-scaled.jpg","type":"image\/jpeg"}],"author":"Club B\u00e0squet Benicarl\u00f3","twitter_card":"summary_large_image","twitter_misc":{"Escrito por":"Club B\u00e0squet Benicarl\u00f3","Tiempo de lectura":"3 minutos"},"schema":{"@context":"https:\/\/schema.org","@graph":[{"@type":"Article","@id":"https:\/\/cbbenicarlo.com\/?p=2758#article","isPartOf":{"@id":"https:\/\/cbbenicarlo.com\/?p=2758"},"author":{"name":"Club B\u00e0squet Benicarl\u00f3","@id":"https:\/\/cbbenicarlo.com\/#\/schema\/person\/200a6bea92870b7adeb1a5c755a793f2"},"headline":"EL MADERAS SORL\u00cd BENICARL\u00d3 PRESENTA EL PROYECTO PARA LA PR\u00d3XIMA TEMPORADA","datePublished":"2025-09-04T10:49:14+00:00","dateModified":"2025-09-04T10:49:15+00:00","mainEntityOfPage":{"@id":"https:\/\/cbbenicarlo.com\/?p=2758"},"wordCount":700,"publisher":{"@id":"https:\/\/cbbenicarlo.com\/#organization"},"articleSection":["Noticias","Primer Equipo"],"inLanguage":"es"},{"@type":"WebPage","@id":"https:\/\/cbbenicarlo.com\/?p=2758","url":"https:\/\/cbbenicarlo.com\/?p=2758","name":"EL MADERAS SORL\u00cd BENICARL\u00d3 PRESENTA EL PROYECTO PARA LA PR\u00d3XIMA TEMPORADA | Club Basquet Benicarl\u00f3","isPartOf":{"@id":"https:\/\/cbbenicarlo.com\/#website"},"datePublished":"2025-09-04T10:49:14+00:00","dateModified":"2025-09-04T10:49:15+00:00","breadcrumb":{"@id":"https:\/\/cbbenicarlo.com\/?p=2758#breadcrumb"},"inLanguage":"es","potentialAction":[{"@type":"ReadAction","target":["https:\/\/cbbenicarlo.com\/?p=2758"]}]},{"@type":"BreadcrumbList","@id":"https:\/\/cbbenicarlo.com\/?p=2758#breadcrumb","itemListElement":[{"@type":"ListItem","position":1,"name":"Portada","item":"https:\/\/cbbenicarlo.com\/"},{"@type":"ListItem","position":2,"name":"EL MADERAS SORL\u00cd BENICARL\u00d3 PRESENTA EL PROYECTO PARA LA PR\u00d3XIMA TEMPORADA"}]},{"@type":"WebSite","@id":"https:\/\/cbbenicarlo.com\/#website","url":"https:\/\/cbbenicarlo.com\/","name":"Club Basquet Benicarl\u00f3","description":"P\u00e1gina Web Oficial","publisher":{"@id":"https:\/\/cbbenicarlo.com\/#organization"},"potentialAction":[{"@type":"SearchAction","target":{"@type":"EntryPoint","urlTemplate":"https:\/\/cbbenicarlo.com\/?s={search_term_string}"},"query-input":"required name=search_term_string"}],"inLanguage":"es"},{"@type":"Organization","@id":"https:\/\/cbbenicarlo.com\/#organization","name":"Club B\u00e0squet Benicarl\u00f3","url":"https:\/\/cbbenicarlo.com\/","logo":{"@type":"ImageObject","inLanguage":"es","@id":"https:\/\/cbbenicarlo.com\/#\/schema\/logo\/image\/","url":"https:\/\/cbbenicarlo.com\/wp-content\/uploads\/2022\/05\/cropped-cropped-cropped-CBBENICARLO2021-22-2.png","contentUrl":"https:\/\/cbbenicarlo.com\/wp-content\/uploads\/2022\/05\/cropped-cropped-cropped-CBBENICARLO2021-22-2.png","width":512,"height":512,"caption":"Club B\u00e0squet Benicarl\u00f3"},"image":{"@id":"https:\/\/cbbenicarlo.com\/#\/schema\/logo\/image\/"}},{"@type":"Person","@id":"https:\/\/cbbenicarlo.com\/#\/schema\/person\/200a6bea92870b7adeb1a5c755a793f2","name":"Club B\u00e0squet Benicarl\u00f3","image":{"@type":"ImageObject","inLanguage":"es","@id":"https:\/\/cbbenicarlo.com\/#\/schema\/person\/image\/","url":"https:\/\/secure.gravatar.com\/avatar\/8aed305f961a70f8934d4ba794f3527a?s=96&d=mm&r=g","contentUrl":"https:\/\/secure.gravatar.com\/avatar\/8aed305f961a70f8934d4ba794f3527a?s=96&d=mm&r=g","caption":"Club B\u00e0squet Benicarl\u00f3"},"url":"https:\/\/cbbenicarlo.com\/?author=1"}]}},"_links":{"self":[{"href":"https:\/\/cbbenicarlo.com\/index.php?rest_route=\/wp\/v2\/posts\/2758"}],"collection":[{"href":"https:\/\/cbbenicarlo.com\/index.php?rest_route=\/wp\/v2\/posts"}],"about":[{"href":"https:\/\/cbbenicarlo.com\/index.php?rest_route=\/wp\/v2\/types\/post"}],"author":[{"embeddable":true,"href":"https:\/\/cbbenicarlo.com\/index.php?rest_route=\/wp\/v2\/users\/1"}],"replies":[{"embeddable":true,"href":"https:\/\/cbbenicarlo.com\/index.php?rest_route=%2Fwp%2Fv2%2Fcomments&post=2758"}],"version-history":[{"count":1,"href":"https:\/\/cbbenicarlo.com\/index.php?rest_route=\/wp\/v2\/posts\/2758\/revisions"}],"predecessor-version":[{"id":2760,"href":"https:\/\/cbbenicarlo.com\/index.php?rest_route=\/wp\/v2\/posts\/2758\/revisions\/2760"}],"wp:featuredmedia":[{"embeddable":true,"href":"https:\/\/cbbenicarlo.com\/index.php?rest_route=\/wp\/v2\/media\/2759"}],"wp:attachment":[{"href":"https:\/\/cbbenicarlo.com\/index.php?rest_route=%2Fwp%2Fv2%2Fmedia&parent=2758"}],"wp:term":[{"taxonomy":"category","embeddable":true,"href":"https:\/\/cbbenicarlo.com\/index.php?rest_route=%2Fwp%2Fv2%2Fcategories&post=2758"},{"taxonomy":"post_tag","embeddable":true,"href":"https:\/\/cbbenicarlo.com\/index.php?rest_route=%2Fwp%2Fv2%2Ftags&post=2758"}],"curies":[{"name":"wp","href":"https:\/\/api.w.org\/{rel}","templated":true}]}}