{"id":2725,"date":"2025-07-17T16:00:00","date_gmt":"2025-07-17T14:00:00","guid":{"rendered":"https:\/\/cbbenicarlo.com\/?p=2725"},"modified":"2025-07-17T15:06:46","modified_gmt":"2025-07-17T13:06:46","slug":"el-compostelano-pablo-harguindey-ficha-por-el-maderas-sorli-benicarlo","status":"publish","type":"post","link":"https:\/\/cbbenicarlo.com\/?p=2725","title":{"rendered":"<strong>El compostelano Pablo Harguindey ficha por el Maderas Sorl\u00ed Benicarl\u00f3<\/strong>"},"content":{"rendered":"\n<p><strong>El jugador, proveniente del Obradoiro CAB, se convierte en la tercera nueva incorporaci\u00f3n al equipo del Baix Maestrat.<\/strong><\/p>\n\n\n\n<p>Pablo Harguindey Maneiro se convierte en el tercer fichaje del Maderas Sorl\u00ed Benicarl\u00f3 para la temporada 2025-2026, tras las incorporaciones de Makar Voronin y Adri\u00e1n S\u00e1nchez. Harguindey, nacido en Santiago de Compostela, se incorpor\u00f3 plenamente al primer equipo del Obradoiro CAB como miembro de la primera plantilla la temporada pasada, asumiendo de igual forma su importante papel en el Obradoiro Ames, de Tercera FEB.<\/p>\n\n\n\n<p>Con el Ames, en la temporada 2024-2025, jug\u00f3 una media de algo m\u00e1s de 27 minutos por partido para hacer 10.5 puntos y 4.2 rebotes por partido.&nbsp;<\/p>\n\n\n\n<p>Con casi dos metros de altura y buena envergadura, aporta solidez f\u00edsica en defensa y capcidad reboteadora.&nbsp;<\/p>\n\n\n\n<p>Desde el Maderas Sorl\u00ed Benicarl\u00f3 estamos encantados de incorporar a un jugador con tanto potencial, y esperamos que pueda explotarlo con nosotros y crecer en el Pabell\u00f3n.<br><\/p>\n\n\n\n<figure class=\"wp-block-image size-large\"><img fetchpriority=\"high\" decoding=\"async\" width=\"1024\" height=\"1024\" src=\"https:\/\/cbbenicarlo.com\/wp-content\/uploads\/2025\/07\/pablo-1-1024x1024.jpg\" alt=\"\" class=\"wp-image-2726\" srcset=\"https:\/\/cbbenicarlo.com\/wp-content\/uploads\/2025\/07\/pablo-1-1024x1024.jpg 1024w, https:\/\/cbbenicarlo.com\/wp-content\/uploads\/2025\/07\/pablo-1-300x300.jpg 300w, https:\/\/cbbenicarlo.com\/wp-content\/uploads\/2025\/07\/pablo-1-150x150.jpg 150w, https:\/\/cbbenicarlo.com\/wp-content\/uploads\/2025\/07\/pablo-1-768x768.jpg 768w, https:\/\/cbbenicarlo.com\/wp-content\/uploads\/2025\/07\/pablo-1-1536x1536.jpg 1536w, https:\/\/cbbenicarlo.com\/wp-content\/uploads\/2025\/07\/pablo-1.jpg 2048w, https:\/\/cbbenicarlo.com\/wp-content\/uploads\/2025\/07\/pablo-1-600x600.jpg 600w, https:\/\/cbbenicarlo.com\/wp-content\/uploads\/2025\/07\/pablo-1-128x128.jpg 128w, https:\/\/cbbenicarlo.com\/wp-content\/uploads\/2025\/07\/pablo-1-32x32.jpg 32w\" sizes=\"(max-width: 1024px) 100vw, 1024px\" \/><\/figure>\n","protected":false},"excerpt":{"rendered":"<p>El jugador, proveniente del Obradoiro CAB, se convierte en la tercera nueva incorporaci\u00f3n al equipo del Baix Maestrat. Pablo Harguindey Maneiro se convierte en el tercer fichaje del Maderas Sorl\u00ed Benicarl\u00f3 para la temporada 2025-2026, tras las incorporaciones de Makar Voronin y Adri\u00e1n S\u00e1nchez. Harguindey, nacido en Santiago de Compostela, se incorpor\u00f3 plenamente al primer equipo del Obradoiro CAB como miembro de la primera plantilla la temporada pasada, asumiendo de igual forma su importante papel en el Obradoiro Ames, de Tercera FEB. Con el Ames, en la temporada 2024-2025, jug\u00f3 una media de algo m\u00e1s de 27 minutos por partido para hacer 10.5 puntos y 4.2 rebotes por partido.&nbsp; Con casi dos metros de altura y buena envergadura, aporta solidez f\u00edsica en defensa y capcidad reboteadora.&nbsp; Desde el Maderas Sorl\u00ed Benicarl\u00f3 estamos encantados de incorporar a un jugador con tanto potencial, y esperamos que pueda explotarlo con nosotros y crecer en el Pabell\u00f3n.<\/p>\n","protected":false},"author":1,"featured_media":0,"comment_status":"closed","ping_status":"closed","sticky":false,"template":"","format":"standard","meta":{"_eb_attr":""},"categories":[65,1],"tags":[],"yoast_head":"<!-- This site is optimized with the Yoast SEO plugin v21.1 - https:\/\/yoast.com\/wordpress\/plugins\/seo\/ -->\n<title>El compostelano Pablo Harguindey ficha por el Maderas Sorl\u00ed Benicarl\u00f3 | Club Basquet Benicarl\u00f3<\/title>\n<meta name=\"robots\" content=\"index, follow, max-snippet:-1, max-image-preview:large, max-video-preview:-1\" \/>\n<link rel=\"canonical\" href=\"https:\/\/cbbenicarlo.com\/?p=2725\" \/>\n<meta property=\"og:locale\" content=\"es_ES\" \/>\n<meta property=\"og:type\" content=\"article\" \/>\n<meta property=\"og:title\" content=\"El compostelano Pablo Harguindey ficha por el Maderas Sorl\u00ed Benicarl\u00f3 | Club Basquet Benicarl\u00f3\" \/>\n<meta property=\"og:description\" content=\"El jugador, proveniente del Obradoiro CAB, se convierte en la tercera nueva incorporaci\u00f3n al equipo del Baix Maestrat. Pablo Harguindey Maneiro se convierte en el tercer fichaje del Maderas Sorl\u00ed Benicarl\u00f3 para la temporada 2025-2026, tras las incorporaciones de Makar Voronin y Adri\u00e1n S\u00e1nchez. Harguindey, nacido en Santiago de Compostela, se incorpor\u00f3 plenamente al primer equipo del Obradoiro CAB como miembro de la primera plantilla la temporada pasada, asumiendo de igual forma su importante papel en el Obradoiro Ames, de Tercera FEB. Con el Ames, en la temporada 2024-2025, jug\u00f3 una media de algo m\u00e1s de 27 minutos por partido para hacer 10.5 puntos y 4.2 rebotes por partido.&nbsp; Con casi dos metros de altura y buena envergadura, aporta solidez f\u00edsica en defensa y capcidad reboteadora.&nbsp; Desde el Maderas Sorl\u00ed Benicarl\u00f3 estamos encantados de incorporar a un jugador con tanto potencial, y esperamos que pueda explotarlo con nosotros y crecer en el Pabell\u00f3n.\" \/>\n<meta property=\"og:url\" content=\"https:\/\/cbbenicarlo.com\/?p=2725\" \/>\n<meta property=\"og:site_name\" content=\"Club Basquet Benicarl\u00f3\" \/>\n<meta property=\"article:published_time\" content=\"2025-07-17T14:00:00+00:00\" \/>\n<meta property=\"article:modified_time\" content=\"2025-07-17T13:06:46+00:00\" \/>\n<meta property=\"og:image\" content=\"https:\/\/cbbenicarlo.com\/wp-content\/uploads\/2025\/07\/pablo-1-1024x1024.jpg\" \/>\n<meta name=\"author\" content=\"Club B\u00e0squet Benicarl\u00f3\" \/>\n<meta name=\"twitter:card\" content=\"summary_large_image\" \/>\n<meta name=\"twitter:label1\" content=\"Escrito por\" \/>\n\t<meta name=\"twitter:data1\" content=\"Club B\u00e0squet Benicarl\u00f3\" \/>\n\t<meta name=\"twitter:label2\" content=\"Tiempo de lectura\" \/>\n\t<meta name=\"twitter:data2\" content=\"1 minuto\" \/>\n<script type=\"application\/ld+json\" class=\"yoast-schema-graph\">{\"@context\":\"https:\/\/schema.org\",\"@graph\":[{\"@type\":\"Article\",\"@id\":\"https:\/\/cbbenicarlo.com\/?p=2725#article\",\"isPartOf\":{\"@id\":\"https:\/\/cbbenicarlo.com\/?p=2725\"},\"author\":{\"name\":\"Club B\u00e0squet Benicarl\u00f3\",\"@id\":\"https:\/\/cbbenicarlo.com\/#\/schema\/person\/200a6bea92870b7adeb1a5c755a793f2\"},\"headline\":\"El compostelano Pablo Harguindey ficha por el Maderas Sorl\u00ed Benicarl\u00f3\",\"datePublished\":\"2025-07-17T14:00:00+00:00\",\"dateModified\":\"2025-07-17T13:06:46+00:00\",\"mainEntityOfPage\":{\"@id\":\"https:\/\/cbbenicarlo.com\/?p=2725\"},\"wordCount\":168,\"publisher\":{\"@id\":\"https:\/\/cbbenicarlo.com\/#organization\"},\"articleSection\":[\"Noticias\",\"Primer Equipo\"],\"inLanguage\":\"es\"},{\"@type\":\"WebPage\",\"@id\":\"https:\/\/cbbenicarlo.com\/?p=2725\",\"url\":\"https:\/\/cbbenicarlo.com\/?p=2725\",\"name\":\"El compostelano Pablo Harguindey ficha por el Maderas Sorl\u00ed Benicarl\u00f3 | Club Basquet Benicarl\u00f3\",\"isPartOf\":{\"@id\":\"https:\/\/cbbenicarlo.com\/#website\"},\"datePublished\":\"2025-07-17T14:00:00+00:00\",\"dateModified\":\"2025-07-17T13:06:46+00:00\",\"breadcrumb\":{\"@id\":\"https:\/\/cbbenicarlo.com\/?p=2725#breadcrumb\"},\"inLanguage\":\"es\",\"potentialAction\":[{\"@type\":\"ReadAction\",\"target\":[\"https:\/\/cbbenicarlo.com\/?p=2725\"]}]},{\"@type\":\"BreadcrumbList\",\"@id\":\"https:\/\/cbbenicarlo.com\/?p=2725#breadcrumb\",\"itemListElement\":[{\"@type\":\"ListItem\",\"position\":1,\"name\":\"Portada\",\"item\":\"https:\/\/cbbenicarlo.com\/\"},{\"@type\":\"ListItem\",\"position\":2,\"name\":\"El compostelano Pablo Harguindey ficha por el Maderas Sorl\u00ed Benicarl\u00f3\"}]},{\"@type\":\"WebSite\",\"@id\":\"https:\/\/cbbenicarlo.com\/#website\",\"url\":\"https:\/\/cbbenicarlo.com\/\",\"name\":\"Club Basquet Benicarl\u00f3\",\"description\":\"P\u00e1gina Web Oficial\",\"publisher\":{\"@id\":\"https:\/\/cbbenicarlo.com\/#organization\"},\"potentialAction\":[{\"@type\":\"SearchAction\",\"target\":{\"@type\":\"EntryPoint\",\"urlTemplate\":\"https:\/\/cbbenicarlo.com\/?s={search_term_string}\"},\"query-input\":\"required name=search_term_string\"}],\"inLanguage\":\"es\"},{\"@type\":\"Organization\",\"@id\":\"https:\/\/cbbenicarlo.com\/#organization\",\"name\":\"Club B\u00e0squet Benicarl\u00f3\",\"url\":\"https:\/\/cbbenicarlo.com\/\",\"logo\":{\"@type\":\"ImageObject\",\"inLanguage\":\"es\",\"@id\":\"https:\/\/cbbenicarlo.com\/#\/schema\/logo\/image\/\",\"url\":\"https:\/\/cbbenicarlo.com\/wp-content\/uploads\/2022\/05\/cropped-cropped-cropped-CBBENICARLO2021-22-2.png\",\"contentUrl\":\"https:\/\/cbbenicarlo.com\/wp-content\/uploads\/2022\/05\/cropped-cropped-cropped-CBBENICARLO2021-22-2.png\",\"width\":512,\"height\":512,\"caption\":\"Club B\u00e0squet Benicarl\u00f3\"},\"image\":{\"@id\":\"https:\/\/cbbenicarlo.com\/#\/schema\/logo\/image\/\"}},{\"@type\":\"Person\",\"@id\":\"https:\/\/cbbenicarlo.com\/#\/schema\/person\/200a6bea92870b7adeb1a5c755a793f2\",\"name\":\"Club B\u00e0squet Benicarl\u00f3\",\"image\":{\"@type\":\"ImageObject\",\"inLanguage\":\"es\",\"@id\":\"https:\/\/cbbenicarlo.com\/#\/schema\/person\/image\/\",\"url\":\"https:\/\/secure.gravatar.com\/avatar\/8aed305f961a70f8934d4ba794f3527a?s=96&d=mm&r=g\",\"contentUrl\":\"https:\/\/secure.gravatar.com\/avatar\/8aed305f961a70f8934d4ba794f3527a?s=96&d=mm&r=g\",\"caption\":\"Club B\u00e0squet Benicarl\u00f3\"},\"url\":\"https:\/\/cbbenicarlo.com\/?author=1\"}]}<\/script>\n<!-- \/ Yoast SEO plugin. -->","yoast_head_json":{"title":"El compostelano Pablo Harguindey ficha por el Maderas Sorl\u00ed Benicarl\u00f3 | Club Basquet Benicarl\u00f3","robots":{"index":"index","follow":"follow","max-snippet":"max-snippet:-1","max-image-preview":"max-image-preview:large","max-video-preview":"max-video-preview:-1"},"canonical":"https:\/\/cbbenicarlo.com\/?p=2725","og_locale":"es_ES","og_type":"article","og_title":"El compostelano Pablo Harguindey ficha por el Maderas Sorl\u00ed Benicarl\u00f3 | Club Basquet Benicarl\u00f3","og_description":"El jugador, proveniente del Obradoiro CAB, se convierte en la tercera nueva incorporaci\u00f3n al equipo del Baix Maestrat. Pablo Harguindey Maneiro se convierte en el tercer fichaje del Maderas Sorl\u00ed Benicarl\u00f3 para la temporada 2025-2026, tras las incorporaciones de Makar Voronin y Adri\u00e1n S\u00e1nchez. Harguindey, nacido en Santiago de Compostela, se incorpor\u00f3 plenamente al primer equipo del Obradoiro CAB como miembro de la primera plantilla la temporada pasada, asumiendo de igual forma su importante papel en el Obradoiro Ames, de Tercera FEB. Con el Ames, en la temporada 2024-2025, jug\u00f3 una media de algo m\u00e1s de 27 minutos por partido para hacer 10.5 puntos y 4.2 rebotes por partido.&nbsp; Con casi dos metros de altura y buena envergadura, aporta solidez f\u00edsica en defensa y capcidad reboteadora.&nbsp; Desde el Maderas Sorl\u00ed Benicarl\u00f3 estamos encantados de incorporar a un jugador con tanto potencial, y esperamos que pueda explotarlo con nosotros y crecer en el Pabell\u00f3n.","og_url":"https:\/\/cbbenicarlo.com\/?p=2725","og_site_name":"Club Basquet Benicarl\u00f3","article_published_time":"2025-07-17T14:00:00+00:00","article_modified_time":"2025-07-17T13:06:46+00:00","og_image":[{"url":"https:\/\/cbbenicarlo.com\/wp-content\/uploads\/2025\/07\/pablo-1-1024x1024.jpg"}],"author":"Club B\u00e0squet Benicarl\u00f3","twitter_card":"summary_large_image","twitter_misc":{"Escrito por":"Club B\u00e0squet Benicarl\u00f3","Tiempo de lectura":"1 minuto"},"schema":{"@context":"https:\/\/schema.org","@graph":[{"@type":"Article","@id":"https:\/\/cbbenicarlo.com\/?p=2725#article","isPartOf":{"@id":"https:\/\/cbbenicarlo.com\/?p=2725"},"author":{"name":"Club B\u00e0squet Benicarl\u00f3","@id":"https:\/\/cbbenicarlo.com\/#\/schema\/person\/200a6bea92870b7adeb1a5c755a793f2"},"headline":"El compostelano Pablo Harguindey ficha por el Maderas Sorl\u00ed Benicarl\u00f3","datePublished":"2025-07-17T14:00:00+00:00","dateModified":"2025-07-17T13:06:46+00:00","mainEntityOfPage":{"@id":"https:\/\/cbbenicarlo.com\/?p=2725"},"wordCount":168,"publisher":{"@id":"https:\/\/cbbenicarlo.com\/#organization"},"articleSection":["Noticias","Primer Equipo"],"inLanguage":"es"},{"@type":"WebPage","@id":"https:\/\/cbbenicarlo.com\/?p=2725","url":"https:\/\/cbbenicarlo.com\/?p=2725","name":"El compostelano Pablo Harguindey ficha por el Maderas Sorl\u00ed Benicarl\u00f3 | Club Basquet Benicarl\u00f3","isPartOf":{"@id":"https:\/\/cbbenicarlo.com\/#website"},"datePublished":"2025-07-17T14:00:00+00:00","dateModified":"2025-07-17T13:06:46+00:00","breadcrumb":{"@id":"https:\/\/cbbenicarlo.com\/?p=2725#breadcrumb"},"inLanguage":"es","potentialAction":[{"@type":"ReadAction","target":["https:\/\/cbbenicarlo.com\/?p=2725"]}]},{"@type":"BreadcrumbList","@id":"https:\/\/cbbenicarlo.com\/?p=2725#breadcrumb","itemListElement":[{"@type":"ListItem","position":1,"name":"Portada","item":"https:\/\/cbbenicarlo.com\/"},{"@type":"ListItem","position":2,"name":"El compostelano Pablo Harguindey ficha por el Maderas Sorl\u00ed Benicarl\u00f3"}]},{"@type":"WebSite","@id":"https:\/\/cbbenicarlo.com\/#website","url":"https:\/\/cbbenicarlo.com\/","name":"Club Basquet Benicarl\u00f3","description":"P\u00e1gina Web Oficial","publisher":{"@id":"https:\/\/cbbenicarlo.com\/#organization"},"potentialAction":[{"@type":"SearchAction","target":{"@type":"EntryPoint","urlTemplate":"https:\/\/cbbenicarlo.com\/?s={search_term_string}"},"query-input":"required name=search_term_string"}],"inLanguage":"es"},{"@type":"Organization","@id":"https:\/\/cbbenicarlo.com\/#organization","name":"Club B\u00e0squet Benicarl\u00f3","url":"https:\/\/cbbenicarlo.com\/","logo":{"@type":"ImageObject","inLanguage":"es","@id":"https:\/\/cbbenicarlo.com\/#\/schema\/logo\/image\/","url":"https:\/\/cbbenicarlo.com\/wp-content\/uploads\/2022\/05\/cropped-cropped-cropped-CBBENICARLO2021-22-2.png","contentUrl":"https:\/\/cbbenicarlo.com\/wp-content\/uploads\/2022\/05\/cropped-cropped-cropped-CBBENICARLO2021-22-2.png","width":512,"height":512,"caption":"Club B\u00e0squet Benicarl\u00f3"},"image":{"@id":"https:\/\/cbbenicarlo.com\/#\/schema\/logo\/image\/"}},{"@type":"Person","@id":"https:\/\/cbbenicarlo.com\/#\/schema\/person\/200a6bea92870b7adeb1a5c755a793f2","name":"Club B\u00e0squet Benicarl\u00f3","image":{"@type":"ImageObject","inLanguage":"es","@id":"https:\/\/cbbenicarlo.com\/#\/schema\/person\/image\/","url":"https:\/\/secure.gravatar.com\/avatar\/8aed305f961a70f8934d4ba794f3527a?s=96&d=mm&r=g","contentUrl":"https:\/\/secure.gravatar.com\/avatar\/8aed305f961a70f8934d4ba794f3527a?s=96&d=mm&r=g","caption":"Club B\u00e0squet Benicarl\u00f3"},"url":"https:\/\/cbbenicarlo.com\/?author=1"}]}},"_links":{"self":[{"href":"https:\/\/cbbenicarlo.com\/index.php?rest_route=\/wp\/v2\/posts\/2725"}],"collection":[{"href":"https:\/\/cbbenicarlo.com\/index.php?rest_route=\/wp\/v2\/posts"}],"about":[{"href":"https:\/\/cbbenicarlo.com\/index.php?rest_route=\/wp\/v2\/types\/post"}],"author":[{"embeddable":true,"href":"https:\/\/cbbenicarlo.com\/index.php?rest_route=\/wp\/v2\/users\/1"}],"replies":[{"embeddable":true,"href":"https:\/\/cbbenicarlo.com\/index.php?rest_route=%2Fwp%2Fv2%2Fcomments&post=2725"}],"version-history":[{"count":1,"href":"https:\/\/cbbenicarlo.com\/index.php?rest_route=\/wp\/v2\/posts\/2725\/revisions"}],"predecessor-version":[{"id":2727,"href":"https:\/\/cbbenicarlo.com\/index.php?rest_route=\/wp\/v2\/posts\/2725\/revisions\/2727"}],"wp:attachment":[{"href":"https:\/\/cbbenicarlo.com\/index.php?rest_route=%2Fwp%2Fv2%2Fmedia&parent=2725"}],"wp:term":[{"taxonomy":"category","embeddable":true,"href":"https:\/\/cbbenicarlo.com\/index.php?rest_route=%2Fwp%2Fv2%2Fcategories&post=2725"},{"taxonomy":"post_tag","embeddable":true,"href":"https:\/\/cbbenicarlo.com\/index.php?rest_route=%2Fwp%2Fv2%2Ftags&post=2725"}],"curies":[{"name":"wp","href":"https:\/\/api.w.org\/{rel}","templated":true}]}}