{"id":2722,"date":"2025-07-14T16:00:00","date_gmt":"2025-07-14T14:00:00","guid":{"rendered":"https:\/\/cbbenicarlo.com\/?p=2722"},"modified":"2025-07-14T14:38:00","modified_gmt":"2025-07-14T12:38:00","slug":"makar-voronin-talento-joven-para-el-maderas-sorli-benicarlo","status":"publish","type":"post","link":"https:\/\/cbbenicarlo.com\/?p=2722","title":{"rendered":"<strong>MAKAR VORONIN, TALENTO JOVEN PARA EL MADERAS SORL\u00cd BENICARL\u00d3<\/strong>"},"content":{"rendered":"\n<h2><strong>El joven escolta de 20 a\u00f1os y 198cm\u00a0 ya ha disputado partidos tanto en Primera como en Tercera FEB, y este a\u00f1o debutar\u00e1 en Segunda FEB con el equipo benicarlando<\/strong>.<\/h2>\n\n\n\n<p>El Maderas Sorl\u00ed Benicarl\u00f3 ha anunciado a trav\u00e9s de sus redes sociales y p\u00e1gina web al cuarto jugador del equipo para la temporada 25-26, tras los ya anuncios de las dos renovaciones de Anthony Libroia y Aleix Haro y el fichaje de Adrian Sanchez Perdiguero. Se trata de Makar Voronin, joven jugador de nacionalidad rusa de tan solo 20 a\u00f1os de edad, que ya tiene experiencia en competiciones FEB.&nbsp;<\/p>\n\n\n\n<p>Voronin proviene de competir la pasada temporada en Tercera FEB con La Roda, siendo uno de los l\u00edderes de anotaci\u00f3n y llegando a disputar la fase de ascenso a Segunda FEB con su anterior equipo. Es un escolta muy polivalente, con mucha amenaza en el tiro exterior y muy f\u00edsico, capaz de jugar tanto en la posici\u00f3n de escolta como de alero.&nbsp;<\/p>\n\n\n\n<p>Makar empez\u00f3 jugando a baloncesto en su pa\u00eds en equipos tales como el BC Runa y el CSKA de Mosc\u00fa y en la temporada 20-21 ya vino a desarrollar su carrera en Espa\u00f1a, acabando su etapa de formaci\u00f3n en el Lucentum Alicante, con el que jug\u00f3 tanto en el Junior, como en los equipos tanto de Primera (10 partidos) y Tercera FEB, d\u00f3nde hizo actuaciones destacables.&nbsp;<\/p>\n\n\n\n<p>En su etapa de formaci\u00f3n, Voronin fue invitado por el FC Barcelona para jugar el Adidas Next Generation. Jugador muy importante en la rotaci\u00f3n del conjunto catal\u00e1n, hay que destacar su partido contra el Estrella Roja de Belgrado, con 25 puntos, siete rebotes, cinco asistencias y 36 de valoraci\u00f3n.<\/p>\n\n\n\n<p>En la temporada 24-25 ficha por La Roda, uno de los equipos con intenciones claras al ascenso a Segunda FEB, tras siete temporadas consecutivas en dicha categor\u00eda. Asumi\u00f3 un rol de l\u00edder en el equipo, donde termin\u00f3 con casi 13 puntos (35% T3), 4 rebotes, casi 4 faltas recibidas para un total de 15 de valoraci\u00f3n media en algo m\u00e1s de 28 minutos por partido.&nbsp;<\/p>\n\n\n\n<p>Desde la direcci\u00f3n del club valoran muy positivamente la incorporaci\u00f3n de Makar en el equipo, un jugador joven con mucho talento en edad perfecta para explotar y demostrar que es un jugador con mucho recorrido en el baloncesto profesional. \u00a1Bienvenido, Makar!<\/p>\n\n\n<figure class=\"wp-block-post-featured-image\"><img loading=\"lazy\" width=\"2048\" height=\"2048\" src=\"https:\/\/cbbenicarlo.com\/wp-content\/uploads\/2025\/07\/Imagen-de-WhatsApp-2025-07-14-a-las-12.02.53_19f828f0.jpg\" class=\"attachment-post-thumbnail size-post-thumbnail wp-post-image\" alt=\"\" decoding=\"async\" loading=\"lazy\" srcset=\"https:\/\/cbbenicarlo.com\/wp-content\/uploads\/2025\/07\/Imagen-de-WhatsApp-2025-07-14-a-las-12.02.53_19f828f0.jpg 2048w, https:\/\/cbbenicarlo.com\/wp-content\/uploads\/2025\/07\/Imagen-de-WhatsApp-2025-07-14-a-las-12.02.53_19f828f0-300x300.jpg 300w, https:\/\/cbbenicarlo.com\/wp-content\/uploads\/2025\/07\/Imagen-de-WhatsApp-2025-07-14-a-las-12.02.53_19f828f0-1024x1024.jpg 1024w, https:\/\/cbbenicarlo.com\/wp-content\/uploads\/2025\/07\/Imagen-de-WhatsApp-2025-07-14-a-las-12.02.53_19f828f0-150x150.jpg 150w, https:\/\/cbbenicarlo.com\/wp-content\/uploads\/2025\/07\/Imagen-de-WhatsApp-2025-07-14-a-las-12.02.53_19f828f0-768x768.jpg 768w, https:\/\/cbbenicarlo.com\/wp-content\/uploads\/2025\/07\/Imagen-de-WhatsApp-2025-07-14-a-las-12.02.53_19f828f0-1536x1536.jpg 1536w, https:\/\/cbbenicarlo.com\/wp-content\/uploads\/2025\/07\/Imagen-de-WhatsApp-2025-07-14-a-las-12.02.53_19f828f0-600x600.jpg 600w, https:\/\/cbbenicarlo.com\/wp-content\/uploads\/2025\/07\/Imagen-de-WhatsApp-2025-07-14-a-las-12.02.53_19f828f0-128x128.jpg 128w, https:\/\/cbbenicarlo.com\/wp-content\/uploads\/2025\/07\/Imagen-de-WhatsApp-2025-07-14-a-las-12.02.53_19f828f0-32x32.jpg 32w\" sizes=\"(max-width: 2048px) 100vw, 2048px\" \/><\/figure>","protected":false},"excerpt":{"rendered":"<p>El joven escolta de 20 a\u00f1os y 198cm\u00a0 ya ha disputado partidos tanto en Primera como en Tercera FEB, y este a\u00f1o debutar\u00e1 en Segunda FEB con el equipo benicarlando. El Maderas Sorl\u00ed Benicarl\u00f3 ha anunciado a trav\u00e9s de sus redes sociales y p\u00e1gina web al cuarto jugador del equipo para la temporada 25-26, tras los ya anuncios de las dos renovaciones de Anthony Libroia y Aleix Haro y el fichaje de Adrian Sanchez Perdiguero. Se trata de Makar Voronin, joven jugador de nacionalidad rusa de tan solo 20 a\u00f1os de edad, que ya tiene experiencia en competiciones FEB.&nbsp; Voronin proviene de competir la pasada temporada en Tercera FEB con La Roda, siendo uno de los l\u00edderes de anotaci\u00f3n y llegando a disputar la fase de ascenso a Segunda FEB con su anterior equipo. Es un escolta muy polivalente, con mucha amenaza en el tiro exterior y muy f\u00edsico, capaz de jugar tanto en la posici\u00f3n de escolta como de alero.&nbsp; Makar empez\u00f3 jugando a baloncesto en su pa\u00eds en equipos tales como el BC Runa y el CSKA de Mosc\u00fa y en la temporada 20-21 ya vino a desarrollar su carrera en Espa\u00f1a, acabando su etapa de formaci\u00f3n en el Lucentum Alicante, con el que jug\u00f3 tanto en el Junior, como en los equipos tanto de Primera (10 partidos) y Tercera FEB, d\u00f3nde hizo actuaciones destacables.&nbsp; En su etapa de formaci\u00f3n, Voronin fue invitado por el FC Barcelona para jugar el Adidas Next Generation. Jugador muy importante en la rotaci\u00f3n del conjunto catal\u00e1n, hay que destacar su partido contra el Estrella Roja de Belgrado, con 25 puntos, siete rebotes, cinco asistencias y 36 de valoraci\u00f3n. En la temporada 24-25 ficha por La Roda, uno de los equipos con intenciones claras al ascenso a Segunda FEB, tras siete temporadas consecutivas en dicha categor\u00eda. Asumi\u00f3 un rol de l\u00edder en el equipo, donde termin\u00f3 con casi 13 puntos (35% T3), 4 rebotes, casi 4 faltas recibidas para un total de 15 de valoraci\u00f3n media en algo m\u00e1s de 28 minutos por partido.&nbsp; Desde la direcci\u00f3n del club valoran muy positivamente la incorporaci\u00f3n de Makar en el equipo, un jugador joven con mucho talento en edad perfecta para explotar y demostrar que es un jugador con mucho recorrido en el baloncesto profesional. \u00a1Bienvenido, Makar!<\/p>\n","protected":false},"author":1,"featured_media":2723,"comment_status":"closed","ping_status":"closed","sticky":false,"template":"","format":"standard","meta":{"_eb_attr":""},"categories":[65,1],"tags":[],"yoast_head":"<!-- This site is optimized with the Yoast SEO plugin v21.1 - https:\/\/yoast.com\/wordpress\/plugins\/seo\/ -->\n<title>MAKAR VORONIN, TALENTO JOVEN PARA EL MADERAS SORL\u00cd BENICARL\u00d3 | Club Basquet Benicarl\u00f3<\/title>\n<meta name=\"robots\" content=\"index, follow, max-snippet:-1, max-image-preview:large, max-video-preview:-1\" \/>\n<link rel=\"canonical\" href=\"https:\/\/cbbenicarlo.com\/?p=2722\" \/>\n<meta property=\"og:locale\" content=\"es_ES\" \/>\n<meta property=\"og:type\" content=\"article\" \/>\n<meta property=\"og:title\" content=\"MAKAR VORONIN, TALENTO JOVEN PARA EL MADERAS SORL\u00cd BENICARL\u00d3 | Club Basquet Benicarl\u00f3\" \/>\n<meta property=\"og:description\" content=\"El joven escolta de 20 a\u00f1os y 198cm\u00a0 ya ha disputado partidos tanto en Primera como en Tercera FEB, y este a\u00f1o debutar\u00e1 en Segunda FEB con el equipo benicarlando. El Maderas Sorl\u00ed Benicarl\u00f3 ha anunciado a trav\u00e9s de sus redes sociales y p\u00e1gina web al cuarto jugador del equipo para la temporada 25-26, tras los ya anuncios de las dos renovaciones de Anthony Libroia y Aleix Haro y el fichaje de Adrian Sanchez Perdiguero. Se trata de Makar Voronin, joven jugador de nacionalidad rusa de tan solo 20 a\u00f1os de edad, que ya tiene experiencia en competiciones FEB.&nbsp; Voronin proviene de competir la pasada temporada en Tercera FEB con La Roda, siendo uno de los l\u00edderes de anotaci\u00f3n y llegando a disputar la fase de ascenso a Segunda FEB con su anterior equipo. Es un escolta muy polivalente, con mucha amenaza en el tiro exterior y muy f\u00edsico, capaz de jugar tanto en la posici\u00f3n de escolta como de alero.&nbsp; Makar empez\u00f3 jugando a baloncesto en su pa\u00eds en equipos tales como el BC Runa y el CSKA de Mosc\u00fa y en la temporada 20-21 ya vino a desarrollar su carrera en Espa\u00f1a, acabando su etapa de formaci\u00f3n en el Lucentum Alicante, con el que jug\u00f3 tanto en el Junior, como en los equipos tanto de Primera (10 partidos) y Tercera FEB, d\u00f3nde hizo actuaciones destacables.&nbsp; En su etapa de formaci\u00f3n, Voronin fue invitado por el FC Barcelona para jugar el Adidas Next Generation. Jugador muy importante en la rotaci\u00f3n del conjunto catal\u00e1n, hay que destacar su partido contra el Estrella Roja de Belgrado, con 25 puntos, siete rebotes, cinco asistencias y 36 de valoraci\u00f3n. En la temporada 24-25 ficha por La Roda, uno de los equipos con intenciones claras al ascenso a Segunda FEB, tras siete temporadas consecutivas en dicha categor\u00eda. Asumi\u00f3 un rol de l\u00edder en el equipo, donde termin\u00f3 con casi 13 puntos (35% T3), 4 rebotes, casi 4 faltas recibidas para un total de 15 de valoraci\u00f3n media en algo m\u00e1s de 28 minutos por partido.&nbsp; Desde la direcci\u00f3n del club valoran muy positivamente la incorporaci\u00f3n de Makar en el equipo, un jugador joven con mucho talento en edad perfecta para explotar y demostrar que es un jugador con mucho recorrido en el baloncesto profesional. \u00a1Bienvenido, Makar!\" \/>\n<meta property=\"og:url\" content=\"https:\/\/cbbenicarlo.com\/?p=2722\" \/>\n<meta property=\"og:site_name\" content=\"Club Basquet Benicarl\u00f3\" \/>\n<meta property=\"article:published_time\" content=\"2025-07-14T14:00:00+00:00\" \/>\n<meta property=\"article:modified_time\" content=\"2025-07-14T12:38:00+00:00\" \/>\n<meta property=\"og:image\" content=\"https:\/\/cbbenicarlo.com\/wp-content\/uploads\/2025\/07\/Imagen-de-WhatsApp-2025-07-14-a-las-12.02.53_19f828f0.jpg\" \/>\n\t<meta property=\"og:image:width\" content=\"2048\" \/>\n\t<meta property=\"og:image:height\" content=\"2048\" \/>\n\t<meta property=\"og:image:type\" content=\"image\/jpeg\" \/>\n<meta name=\"author\" content=\"Club B\u00e0squet Benicarl\u00f3\" \/>\n<meta name=\"twitter:card\" content=\"summary_large_image\" \/>\n<meta name=\"twitter:label1\" content=\"Escrito por\" \/>\n\t<meta name=\"twitter:data1\" content=\"Club B\u00e0squet Benicarl\u00f3\" \/>\n\t<meta name=\"twitter:label2\" content=\"Tiempo de lectura\" \/>\n\t<meta name=\"twitter:data2\" content=\"2 minutos\" \/>\n<script type=\"application\/ld+json\" class=\"yoast-schema-graph\">{\"@context\":\"https:\/\/schema.org\",\"@graph\":[{\"@type\":\"Article\",\"@id\":\"https:\/\/cbbenicarlo.com\/?p=2722#article\",\"isPartOf\":{\"@id\":\"https:\/\/cbbenicarlo.com\/?p=2722\"},\"author\":{\"name\":\"Club B\u00e0squet Benicarl\u00f3\",\"@id\":\"https:\/\/cbbenicarlo.com\/#\/schema\/person\/200a6bea92870b7adeb1a5c755a793f2\"},\"headline\":\"MAKAR VORONIN, TALENTO JOVEN PARA EL MADERAS SORL\u00cd BENICARL\u00d3\",\"datePublished\":\"2025-07-14T14:00:00+00:00\",\"dateModified\":\"2025-07-14T12:38:00+00:00\",\"mainEntityOfPage\":{\"@id\":\"https:\/\/cbbenicarlo.com\/?p=2722\"},\"wordCount\":407,\"publisher\":{\"@id\":\"https:\/\/cbbenicarlo.com\/#organization\"},\"articleSection\":[\"Noticias\",\"Primer Equipo\"],\"inLanguage\":\"es\"},{\"@type\":\"WebPage\",\"@id\":\"https:\/\/cbbenicarlo.com\/?p=2722\",\"url\":\"https:\/\/cbbenicarlo.com\/?p=2722\",\"name\":\"MAKAR VORONIN, TALENTO JOVEN PARA EL MADERAS SORL\u00cd BENICARL\u00d3 | Club Basquet Benicarl\u00f3\",\"isPartOf\":{\"@id\":\"https:\/\/cbbenicarlo.com\/#website\"},\"datePublished\":\"2025-07-14T14:00:00+00:00\",\"dateModified\":\"2025-07-14T12:38:00+00:00\",\"breadcrumb\":{\"@id\":\"https:\/\/cbbenicarlo.com\/?p=2722#breadcrumb\"},\"inLanguage\":\"es\",\"potentialAction\":[{\"@type\":\"ReadAction\",\"target\":[\"https:\/\/cbbenicarlo.com\/?p=2722\"]}]},{\"@type\":\"BreadcrumbList\",\"@id\":\"https:\/\/cbbenicarlo.com\/?p=2722#breadcrumb\",\"itemListElement\":[{\"@type\":\"ListItem\",\"position\":1,\"name\":\"Portada\",\"item\":\"https:\/\/cbbenicarlo.com\/\"},{\"@type\":\"ListItem\",\"position\":2,\"name\":\"MAKAR VORONIN, TALENTO JOVEN PARA EL MADERAS SORL\u00cd BENICARL\u00d3\"}]},{\"@type\":\"WebSite\",\"@id\":\"https:\/\/cbbenicarlo.com\/#website\",\"url\":\"https:\/\/cbbenicarlo.com\/\",\"name\":\"Club Basquet Benicarl\u00f3\",\"description\":\"P\u00e1gina Web Oficial\",\"publisher\":{\"@id\":\"https:\/\/cbbenicarlo.com\/#organization\"},\"potentialAction\":[{\"@type\":\"SearchAction\",\"target\":{\"@type\":\"EntryPoint\",\"urlTemplate\":\"https:\/\/cbbenicarlo.com\/?s={search_term_string}\"},\"query-input\":\"required name=search_term_string\"}],\"inLanguage\":\"es\"},{\"@type\":\"Organization\",\"@id\":\"https:\/\/cbbenicarlo.com\/#organization\",\"name\":\"Club B\u00e0squet Benicarl\u00f3\",\"url\":\"https:\/\/cbbenicarlo.com\/\",\"logo\":{\"@type\":\"ImageObject\",\"inLanguage\":\"es\",\"@id\":\"https:\/\/cbbenicarlo.com\/#\/schema\/logo\/image\/\",\"url\":\"https:\/\/cbbenicarlo.com\/wp-content\/uploads\/2022\/05\/cropped-cropped-cropped-CBBENICARLO2021-22-2.png\",\"contentUrl\":\"https:\/\/cbbenicarlo.com\/wp-content\/uploads\/2022\/05\/cropped-cropped-cropped-CBBENICARLO2021-22-2.png\",\"width\":512,\"height\":512,\"caption\":\"Club B\u00e0squet Benicarl\u00f3\"},\"image\":{\"@id\":\"https:\/\/cbbenicarlo.com\/#\/schema\/logo\/image\/\"}},{\"@type\":\"Person\",\"@id\":\"https:\/\/cbbenicarlo.com\/#\/schema\/person\/200a6bea92870b7adeb1a5c755a793f2\",\"name\":\"Club B\u00e0squet Benicarl\u00f3\",\"image\":{\"@type\":\"ImageObject\",\"inLanguage\":\"es\",\"@id\":\"https:\/\/cbbenicarlo.com\/#\/schema\/person\/image\/\",\"url\":\"https:\/\/secure.gravatar.com\/avatar\/8aed305f961a70f8934d4ba794f3527a?s=96&d=mm&r=g\",\"contentUrl\":\"https:\/\/secure.gravatar.com\/avatar\/8aed305f961a70f8934d4ba794f3527a?s=96&d=mm&r=g\",\"caption\":\"Club B\u00e0squet Benicarl\u00f3\"},\"url\":\"https:\/\/cbbenicarlo.com\/?author=1\"}]}<\/script>\n<!-- \/ Yoast SEO plugin. -->","yoast_head_json":{"title":"MAKAR VORONIN, TALENTO JOVEN PARA EL MADERAS SORL\u00cd BENICARL\u00d3 | Club Basquet Benicarl\u00f3","robots":{"index":"index","follow":"follow","max-snippet":"max-snippet:-1","max-image-preview":"max-image-preview:large","max-video-preview":"max-video-preview:-1"},"canonical":"https:\/\/cbbenicarlo.com\/?p=2722","og_locale":"es_ES","og_type":"article","og_title":"MAKAR VORONIN, TALENTO JOVEN PARA EL MADERAS SORL\u00cd BENICARL\u00d3 | Club Basquet Benicarl\u00f3","og_description":"El joven escolta de 20 a\u00f1os y 198cm\u00a0 ya ha disputado partidos tanto en Primera como en Tercera FEB, y este a\u00f1o debutar\u00e1 en Segunda FEB con el equipo benicarlando. El Maderas Sorl\u00ed Benicarl\u00f3 ha anunciado a trav\u00e9s de sus redes sociales y p\u00e1gina web al cuarto jugador del equipo para la temporada 25-26, tras los ya anuncios de las dos renovaciones de Anthony Libroia y Aleix Haro y el fichaje de Adrian Sanchez Perdiguero. Se trata de Makar Voronin, joven jugador de nacionalidad rusa de tan solo 20 a\u00f1os de edad, que ya tiene experiencia en competiciones FEB.&nbsp; Voronin proviene de competir la pasada temporada en Tercera FEB con La Roda, siendo uno de los l\u00edderes de anotaci\u00f3n y llegando a disputar la fase de ascenso a Segunda FEB con su anterior equipo. Es un escolta muy polivalente, con mucha amenaza en el tiro exterior y muy f\u00edsico, capaz de jugar tanto en la posici\u00f3n de escolta como de alero.&nbsp; Makar empez\u00f3 jugando a baloncesto en su pa\u00eds en equipos tales como el BC Runa y el CSKA de Mosc\u00fa y en la temporada 20-21 ya vino a desarrollar su carrera en Espa\u00f1a, acabando su etapa de formaci\u00f3n en el Lucentum Alicante, con el que jug\u00f3 tanto en el Junior, como en los equipos tanto de Primera (10 partidos) y Tercera FEB, d\u00f3nde hizo actuaciones destacables.&nbsp; En su etapa de formaci\u00f3n, Voronin fue invitado por el FC Barcelona para jugar el Adidas Next Generation. Jugador muy importante en la rotaci\u00f3n del conjunto catal\u00e1n, hay que destacar su partido contra el Estrella Roja de Belgrado, con 25 puntos, siete rebotes, cinco asistencias y 36 de valoraci\u00f3n. En la temporada 24-25 ficha por La Roda, uno de los equipos con intenciones claras al ascenso a Segunda FEB, tras siete temporadas consecutivas en dicha categor\u00eda. Asumi\u00f3 un rol de l\u00edder en el equipo, donde termin\u00f3 con casi 13 puntos (35% T3), 4 rebotes, casi 4 faltas recibidas para un total de 15 de valoraci\u00f3n media en algo m\u00e1s de 28 minutos por partido.&nbsp; Desde la direcci\u00f3n del club valoran muy positivamente la incorporaci\u00f3n de Makar en el equipo, un jugador joven con mucho talento en edad perfecta para explotar y demostrar que es un jugador con mucho recorrido en el baloncesto profesional. \u00a1Bienvenido, Makar!","og_url":"https:\/\/cbbenicarlo.com\/?p=2722","og_site_name":"Club Basquet Benicarl\u00f3","article_published_time":"2025-07-14T14:00:00+00:00","article_modified_time":"2025-07-14T12:38:00+00:00","og_image":[{"width":2048,"height":2048,"url":"https:\/\/cbbenicarlo.com\/wp-content\/uploads\/2025\/07\/Imagen-de-WhatsApp-2025-07-14-a-las-12.02.53_19f828f0.jpg","type":"image\/jpeg"}],"author":"Club B\u00e0squet Benicarl\u00f3","twitter_card":"summary_large_image","twitter_misc":{"Escrito por":"Club B\u00e0squet Benicarl\u00f3","Tiempo de lectura":"2 minutos"},"schema":{"@context":"https:\/\/schema.org","@graph":[{"@type":"Article","@id":"https:\/\/cbbenicarlo.com\/?p=2722#article","isPartOf":{"@id":"https:\/\/cbbenicarlo.com\/?p=2722"},"author":{"name":"Club B\u00e0squet Benicarl\u00f3","@id":"https:\/\/cbbenicarlo.com\/#\/schema\/person\/200a6bea92870b7adeb1a5c755a793f2"},"headline":"MAKAR VORONIN, TALENTO JOVEN PARA EL MADERAS SORL\u00cd BENICARL\u00d3","datePublished":"2025-07-14T14:00:00+00:00","dateModified":"2025-07-14T12:38:00+00:00","mainEntityOfPage":{"@id":"https:\/\/cbbenicarlo.com\/?p=2722"},"wordCount":407,"publisher":{"@id":"https:\/\/cbbenicarlo.com\/#organization"},"articleSection":["Noticias","Primer Equipo"],"inLanguage":"es"},{"@type":"WebPage","@id":"https:\/\/cbbenicarlo.com\/?p=2722","url":"https:\/\/cbbenicarlo.com\/?p=2722","name":"MAKAR VORONIN, TALENTO JOVEN PARA EL MADERAS SORL\u00cd BENICARL\u00d3 | Club Basquet Benicarl\u00f3","isPartOf":{"@id":"https:\/\/cbbenicarlo.com\/#website"},"datePublished":"2025-07-14T14:00:00+00:00","dateModified":"2025-07-14T12:38:00+00:00","breadcrumb":{"@id":"https:\/\/cbbenicarlo.com\/?p=2722#breadcrumb"},"inLanguage":"es","potentialAction":[{"@type":"ReadAction","target":["https:\/\/cbbenicarlo.com\/?p=2722"]}]},{"@type":"BreadcrumbList","@id":"https:\/\/cbbenicarlo.com\/?p=2722#breadcrumb","itemListElement":[{"@type":"ListItem","position":1,"name":"Portada","item":"https:\/\/cbbenicarlo.com\/"},{"@type":"ListItem","position":2,"name":"MAKAR VORONIN, TALENTO JOVEN PARA EL MADERAS SORL\u00cd BENICARL\u00d3"}]},{"@type":"WebSite","@id":"https:\/\/cbbenicarlo.com\/#website","url":"https:\/\/cbbenicarlo.com\/","name":"Club Basquet Benicarl\u00f3","description":"P\u00e1gina Web Oficial","publisher":{"@id":"https:\/\/cbbenicarlo.com\/#organization"},"potentialAction":[{"@type":"SearchAction","target":{"@type":"EntryPoint","urlTemplate":"https:\/\/cbbenicarlo.com\/?s={search_term_string}"},"query-input":"required name=search_term_string"}],"inLanguage":"es"},{"@type":"Organization","@id":"https:\/\/cbbenicarlo.com\/#organization","name":"Club B\u00e0squet Benicarl\u00f3","url":"https:\/\/cbbenicarlo.com\/","logo":{"@type":"ImageObject","inLanguage":"es","@id":"https:\/\/cbbenicarlo.com\/#\/schema\/logo\/image\/","url":"https:\/\/cbbenicarlo.com\/wp-content\/uploads\/2022\/05\/cropped-cropped-cropped-CBBENICARLO2021-22-2.png","contentUrl":"https:\/\/cbbenicarlo.com\/wp-content\/uploads\/2022\/05\/cropped-cropped-cropped-CBBENICARLO2021-22-2.png","width":512,"height":512,"caption":"Club B\u00e0squet Benicarl\u00f3"},"image":{"@id":"https:\/\/cbbenicarlo.com\/#\/schema\/logo\/image\/"}},{"@type":"Person","@id":"https:\/\/cbbenicarlo.com\/#\/schema\/person\/200a6bea92870b7adeb1a5c755a793f2","name":"Club B\u00e0squet Benicarl\u00f3","image":{"@type":"ImageObject","inLanguage":"es","@id":"https:\/\/cbbenicarlo.com\/#\/schema\/person\/image\/","url":"https:\/\/secure.gravatar.com\/avatar\/8aed305f961a70f8934d4ba794f3527a?s=96&d=mm&r=g","contentUrl":"https:\/\/secure.gravatar.com\/avatar\/8aed305f961a70f8934d4ba794f3527a?s=96&d=mm&r=g","caption":"Club B\u00e0squet Benicarl\u00f3"},"url":"https:\/\/cbbenicarlo.com\/?author=1"}]}},"_links":{"self":[{"href":"https:\/\/cbbenicarlo.com\/index.php?rest_route=\/wp\/v2\/posts\/2722"}],"collection":[{"href":"https:\/\/cbbenicarlo.com\/index.php?rest_route=\/wp\/v2\/posts"}],"about":[{"href":"https:\/\/cbbenicarlo.com\/index.php?rest_route=\/wp\/v2\/types\/post"}],"author":[{"embeddable":true,"href":"https:\/\/cbbenicarlo.com\/index.php?rest_route=\/wp\/v2\/users\/1"}],"replies":[{"embeddable":true,"href":"https:\/\/cbbenicarlo.com\/index.php?rest_route=%2Fwp%2Fv2%2Fcomments&post=2722"}],"version-history":[{"count":1,"href":"https:\/\/cbbenicarlo.com\/index.php?rest_route=\/wp\/v2\/posts\/2722\/revisions"}],"predecessor-version":[{"id":2724,"href":"https:\/\/cbbenicarlo.com\/index.php?rest_route=\/wp\/v2\/posts\/2722\/revisions\/2724"}],"wp:featuredmedia":[{"embeddable":true,"href":"https:\/\/cbbenicarlo.com\/index.php?rest_route=\/wp\/v2\/media\/2723"}],"wp:attachment":[{"href":"https:\/\/cbbenicarlo.com\/index.php?rest_route=%2Fwp%2Fv2%2Fmedia&parent=2722"}],"wp:term":[{"taxonomy":"category","embeddable":true,"href":"https:\/\/cbbenicarlo.com\/index.php?rest_route=%2Fwp%2Fv2%2Fcategories&post=2722"},{"taxonomy":"post_tag","embeddable":true,"href":"https:\/\/cbbenicarlo.com\/index.php?rest_route=%2Fwp%2Fv2%2Ftags&post=2722"}],"curies":[{"name":"wp","href":"https:\/\/api.w.org\/{rel}","templated":true}]}}