{"id":2688,"date":"2025-05-29T14:43:38","date_gmt":"2025-05-29T12:43:38","guid":{"rendered":"https:\/\/cbbenicarlo.com\/?p=2688"},"modified":"2025-05-29T14:44:53","modified_gmt":"2025-05-29T12:44:53","slug":"maderas-sorli-sera-por-cuarto-ano-consecutivo-el-patrocinador-principal-del-primer-equipo-del-cb-benicarlo","status":"publish","type":"post","link":"https:\/\/cbbenicarlo.com\/?p=2688","title":{"rendered":"<strong>Maderas Sorl\u00ed ser\u00e1, por cuarto a\u00f1o consecutivo, el patrocinador principal del primer equipo del CB Benicarl\u00f3<\/strong>"},"content":{"rendered":"\n<h2>La empresa seguir\u00e1 dando el <em>naming<\/em> al equipo del Baix Maestrat que, a su vez, disputar\u00e1 en la temporada 25-26 su s\u00e9ptima campa\u00f1a en Segunda FEB.<\/h2>\n\n\n\n<p>Maderas Sorl\u00ed renueva por <strong>cuarto a\u00f1o consecutivo<\/strong> con el CB Benicarl\u00f3 como patrocinador principal del primer equipo del Club. As\u00ed lo han anunciado en rueda de prensa el presidente de la entidad, Jose Miguel Cornelles; el gerente de Maderas Sorl\u00ed, Carlos Sorl\u00ed; y el director general, Quique Besalduch. De esta manera, el equipo del Baix Maestrat jugar\u00e1 con el nombre de Maderas Sorl\u00ed Benicarl\u00f3 en la temporada 2025-2026, su <strong>s\u00e9ptima campa\u00f1a consecutiva<\/strong> en la tercera categor\u00eda del baloncesto profesional.<\/p>\n\n\n\n<p>El director general, <strong>Quique Besalduch<\/strong>, afirma que esta renovaci\u00f3n constituye el inicio del proyecto 2025-2026; y que est\u00e1n orgullosos de seguir caminando de la mano con la empresa benicarlanda. As\u00ed, especifica que el acuerdo \u201caporta estabilidad al proyecto\u201d y confirma la \u201cambici\u00f3n\u201d de la entidad por seguir dando el m\u00e1ximo nivel en el baloncesto profesional. Tambi\u00e9n explica que, desde la junta, comenzar\u00e1 un verano de \u201cmucho trabajo\u201d para confeccionar el primer equipo; tanto staff como jugadores y el asunto que m\u00e1s inter\u00e9s genera en el aficionado: la elecci\u00f3n del primer entrenador despu\u00e9s de la marcha de Santi Cerd\u00e1n.<\/p>\n\n\n\n<p>El v\u00ednculo entre el Club y Maderas Sorl\u00ed viene de lejos, debido a que fue durante diecisiete a\u00f1os uno de los patrocinadores del equipo, incluso antes de competir en las categor\u00edas profesionales. As\u00ed lo ha querido destacar el gerente de Maderas Sorl\u00ed, <strong>Carlos Sorl\u00ed<\/strong>, que adem\u00e1s ha puesto en valor la gran \u201ccalidad humana\u201d del Club, y que se sienten \u201ccomprometidos\u201d con la entidad.<\/p>\n\n\n\n<p>Finalmente, el presidente del Club; <strong>Jose Miguel Cornelles<\/strong>, ha agradecido el compromiso de Maderas Sorl\u00ed con el equipo; destacando que \u201csi no fuera por <strong>empresas locales<\/strong> como esta, que brindan todo su apoyo, el proyecto no ser\u00eda viable\u201d. Cornelles reconoce que ahora viene un verano \u201cintenso\u201d pero que est\u00e1n \u201cmuy ilusionados de volver a comenzar\u201d; ya no solo por todo lo que conlleva establecer el equipo de Segunda FEB; sino por todas las actividades e iniciativas que tienen pensadas para el Club. El presidente tambi\u00e9n ha querido animar a la afici\u00f3n a continuar brindando su apoyo al equipo, para que la pr\u00f3xima temporada sea, nuevamente, \u201cemocionante\u201d.<\/p>\n\n\n\n<p>Con la renovaci\u00f3n de Maderas Sorl\u00ed, un a\u00f1o m\u00e1s, el Club de B\u00e1squet Benicarl\u00f3 apuesta por la continuidad en cuanto a la identidad del Club. Un primer paso muy importante para comenzar el proyecto 25-26, que esperan que sea <strong>\u201cambicioso e ilusionante\u201d <\/strong>para el aficionado.<\/p>\n\n\n<figure class=\"wp-block-post-featured-image\"><img loading=\"lazy\" width=\"2560\" height=\"1707\" src=\"https:\/\/cbbenicarlo.com\/wp-content\/uploads\/2025\/05\/IMG_5876-1-scaled.jpg\" class=\"attachment-post-thumbnail size-post-thumbnail wp-post-image\" alt=\"\" decoding=\"async\" loading=\"lazy\" srcset=\"https:\/\/cbbenicarlo.com\/wp-content\/uploads\/2025\/05\/IMG_5876-1-scaled.jpg 2560w, https:\/\/cbbenicarlo.com\/wp-content\/uploads\/2025\/05\/IMG_5876-1-300x200.jpg 300w, https:\/\/cbbenicarlo.com\/wp-content\/uploads\/2025\/05\/IMG_5876-1-1024x683.jpg 1024w, https:\/\/cbbenicarlo.com\/wp-content\/uploads\/2025\/05\/IMG_5876-1-768x512.jpg 768w, https:\/\/cbbenicarlo.com\/wp-content\/uploads\/2025\/05\/IMG_5876-1-1536x1024.jpg 1536w, https:\/\/cbbenicarlo.com\/wp-content\/uploads\/2025\/05\/IMG_5876-1-2048x1365.jpg 2048w, https:\/\/cbbenicarlo.com\/wp-content\/uploads\/2025\/05\/IMG_5876-1-128x85.jpg 128w, https:\/\/cbbenicarlo.com\/wp-content\/uploads\/2025\/05\/IMG_5876-1-32x21.jpg 32w\" sizes=\"(max-width: 2560px) 100vw, 2560px\" \/><\/figure>","protected":false},"excerpt":{"rendered":"<p>La empresa seguir\u00e1 dando el naming al equipo del Baix Maestrat que, a su vez, disputar\u00e1 en la temporada 25-26 su s\u00e9ptima campa\u00f1a en Segunda FEB. Maderas Sorl\u00ed renueva por cuarto a\u00f1o consecutivo con el CB Benicarl\u00f3 como patrocinador principal del primer equipo del Club. As\u00ed lo han anunciado en rueda de prensa el presidente de la entidad, Jose Miguel Cornelles; el gerente de Maderas Sorl\u00ed, Carlos Sorl\u00ed; y el director general, Quique Besalduch. De esta manera, el equipo del Baix Maestrat jugar\u00e1 con el nombre de Maderas Sorl\u00ed Benicarl\u00f3 en la temporada 2025-2026, su s\u00e9ptima campa\u00f1a consecutiva en la tercera categor\u00eda del baloncesto profesional. El director general, Quique Besalduch, afirma que esta renovaci\u00f3n constituye el inicio del proyecto 2025-2026; y que est\u00e1n orgullosos de seguir caminando de la mano con la empresa benicarlanda. As\u00ed, especifica que el acuerdo \u201caporta estabilidad al proyecto\u201d y confirma la \u201cambici\u00f3n\u201d de la entidad por seguir dando el m\u00e1ximo nivel en el baloncesto profesional. Tambi\u00e9n explica que, desde la junta, comenzar\u00e1 un verano de \u201cmucho trabajo\u201d para confeccionar el primer equipo; tanto staff como jugadores y el asunto que m\u00e1s inter\u00e9s genera en el aficionado: la elecci\u00f3n del primer entrenador despu\u00e9s de la marcha de Santi Cerd\u00e1n. El v\u00ednculo entre el Club y Maderas Sorl\u00ed viene de lejos, debido a que fue durante diecisiete a\u00f1os uno de los patrocinadores del equipo, incluso antes de competir en las categor\u00edas profesionales. As\u00ed lo ha querido destacar el gerente de Maderas Sorl\u00ed, Carlos Sorl\u00ed, que adem\u00e1s ha puesto en valor la gran \u201ccalidad humana\u201d del Club, y que se sienten \u201ccomprometidos\u201d con la entidad. Finalmente, el presidente del Club; Jose Miguel Cornelles, ha agradecido el compromiso de Maderas Sorl\u00ed con el equipo; destacando que \u201csi no fuera por empresas locales como esta, que brindan todo su apoyo, el proyecto no ser\u00eda viable\u201d. Cornelles reconoce que ahora viene un verano \u201cintenso\u201d pero que est\u00e1n \u201cmuy ilusionados de volver a comenzar\u201d; ya no solo por todo lo que conlleva establecer el equipo de Segunda FEB; sino por todas las actividades e iniciativas que tienen pensadas para el Club. El presidente tambi\u00e9n ha querido animar a la afici\u00f3n a continuar brindando su apoyo al equipo, para que la pr\u00f3xima temporada sea, nuevamente, \u201cemocionante\u201d. Con la renovaci\u00f3n de Maderas Sorl\u00ed, un a\u00f1o m\u00e1s, el Club de B\u00e1squet Benicarl\u00f3 apuesta por la continuidad en cuanto a la identidad del Club. Un primer paso muy importante para comenzar el proyecto 25-26, que esperan que sea \u201cambicioso e ilusionante\u201d para el aficionado.<\/p>\n","protected":false},"author":1,"featured_media":2690,"comment_status":"closed","ping_status":"closed","sticky":false,"template":"","format":"standard","meta":{"_eb_attr":""},"categories":[65,63,1],"tags":[],"yoast_head":"<!-- This site is optimized with the Yoast SEO plugin v21.1 - https:\/\/yoast.com\/wordpress\/plugins\/seo\/ -->\n<title>Maderas Sorl\u00ed ser\u00e1, por cuarto a\u00f1o consecutivo, el patrocinador principal del primer equipo del CB Benicarl\u00f3 | Club Basquet Benicarl\u00f3<\/title>\n<meta name=\"robots\" content=\"index, follow, max-snippet:-1, max-image-preview:large, max-video-preview:-1\" \/>\n<link rel=\"canonical\" href=\"https:\/\/cbbenicarlo.com\/?p=2688\" \/>\n<meta property=\"og:locale\" content=\"es_ES\" \/>\n<meta property=\"og:type\" content=\"article\" \/>\n<meta property=\"og:title\" content=\"Maderas Sorl\u00ed ser\u00e1, por cuarto a\u00f1o consecutivo, el patrocinador principal del primer equipo del CB Benicarl\u00f3 | Club Basquet Benicarl\u00f3\" \/>\n<meta property=\"og:description\" content=\"La empresa seguir\u00e1 dando el naming al equipo del Baix Maestrat que, a su vez, disputar\u00e1 en la temporada 25-26 su s\u00e9ptima campa\u00f1a en Segunda FEB. Maderas Sorl\u00ed renueva por cuarto a\u00f1o consecutivo con el CB Benicarl\u00f3 como patrocinador principal del primer equipo del Club. As\u00ed lo han anunciado en rueda de prensa el presidente de la entidad, Jose Miguel Cornelles; el gerente de Maderas Sorl\u00ed, Carlos Sorl\u00ed; y el director general, Quique Besalduch. De esta manera, el equipo del Baix Maestrat jugar\u00e1 con el nombre de Maderas Sorl\u00ed Benicarl\u00f3 en la temporada 2025-2026, su s\u00e9ptima campa\u00f1a consecutiva en la tercera categor\u00eda del baloncesto profesional. El director general, Quique Besalduch, afirma que esta renovaci\u00f3n constituye el inicio del proyecto 2025-2026; y que est\u00e1n orgullosos de seguir caminando de la mano con la empresa benicarlanda. As\u00ed, especifica que el acuerdo \u201caporta estabilidad al proyecto\u201d y confirma la \u201cambici\u00f3n\u201d de la entidad por seguir dando el m\u00e1ximo nivel en el baloncesto profesional. Tambi\u00e9n explica que, desde la junta, comenzar\u00e1 un verano de \u201cmucho trabajo\u201d para confeccionar el primer equipo; tanto staff como jugadores y el asunto que m\u00e1s inter\u00e9s genera en el aficionado: la elecci\u00f3n del primer entrenador despu\u00e9s de la marcha de Santi Cerd\u00e1n. El v\u00ednculo entre el Club y Maderas Sorl\u00ed viene de lejos, debido a que fue durante diecisiete a\u00f1os uno de los patrocinadores del equipo, incluso antes de competir en las categor\u00edas profesionales. As\u00ed lo ha querido destacar el gerente de Maderas Sorl\u00ed, Carlos Sorl\u00ed, que adem\u00e1s ha puesto en valor la gran \u201ccalidad humana\u201d del Club, y que se sienten \u201ccomprometidos\u201d con la entidad. Finalmente, el presidente del Club; Jose Miguel Cornelles, ha agradecido el compromiso de Maderas Sorl\u00ed con el equipo; destacando que \u201csi no fuera por empresas locales como esta, que brindan todo su apoyo, el proyecto no ser\u00eda viable\u201d. Cornelles reconoce que ahora viene un verano \u201cintenso\u201d pero que est\u00e1n \u201cmuy ilusionados de volver a comenzar\u201d; ya no solo por todo lo que conlleva establecer el equipo de Segunda FEB; sino por todas las actividades e iniciativas que tienen pensadas para el Club. El presidente tambi\u00e9n ha querido animar a la afici\u00f3n a continuar brindando su apoyo al equipo, para que la pr\u00f3xima temporada sea, nuevamente, \u201cemocionante\u201d. Con la renovaci\u00f3n de Maderas Sorl\u00ed, un a\u00f1o m\u00e1s, el Club de B\u00e1squet Benicarl\u00f3 apuesta por la continuidad en cuanto a la identidad del Club. Un primer paso muy importante para comenzar el proyecto 25-26, que esperan que sea \u201cambicioso e ilusionante\u201d para el aficionado.\" \/>\n<meta property=\"og:url\" content=\"https:\/\/cbbenicarlo.com\/?p=2688\" \/>\n<meta property=\"og:site_name\" content=\"Club Basquet Benicarl\u00f3\" \/>\n<meta property=\"article:published_time\" content=\"2025-05-29T12:43:38+00:00\" \/>\n<meta property=\"article:modified_time\" content=\"2025-05-29T12:44:53+00:00\" \/>\n<meta property=\"og:image\" content=\"https:\/\/cbbenicarlo.com\/wp-content\/uploads\/2025\/05\/IMG_5876-1-scaled.jpg\" \/>\n\t<meta property=\"og:image:width\" content=\"2560\" \/>\n\t<meta property=\"og:image:height\" content=\"1707\" \/>\n\t<meta property=\"og:image:type\" content=\"image\/jpeg\" \/>\n<meta name=\"author\" content=\"Club B\u00e0squet Benicarl\u00f3\" \/>\n<meta name=\"twitter:card\" content=\"summary_large_image\" \/>\n<meta name=\"twitter:label1\" content=\"Escrito por\" \/>\n\t<meta name=\"twitter:data1\" content=\"Club B\u00e0squet Benicarl\u00f3\" \/>\n\t<meta name=\"twitter:label2\" content=\"Tiempo de lectura\" \/>\n\t<meta name=\"twitter:data2\" content=\"2 minutos\" \/>\n<script type=\"application\/ld+json\" class=\"yoast-schema-graph\">{\"@context\":\"https:\/\/schema.org\",\"@graph\":[{\"@type\":\"Article\",\"@id\":\"https:\/\/cbbenicarlo.com\/?p=2688#article\",\"isPartOf\":{\"@id\":\"https:\/\/cbbenicarlo.com\/?p=2688\"},\"author\":{\"name\":\"Club B\u00e0squet Benicarl\u00f3\",\"@id\":\"https:\/\/cbbenicarlo.com\/#\/schema\/person\/200a6bea92870b7adeb1a5c755a793f2\"},\"headline\":\"Maderas Sorl\u00ed ser\u00e1, por cuarto a\u00f1o consecutivo, el patrocinador principal del primer equipo del CB Benicarl\u00f3\",\"datePublished\":\"2025-05-29T12:43:38+00:00\",\"dateModified\":\"2025-05-29T12:44:53+00:00\",\"mainEntityOfPage\":{\"@id\":\"https:\/\/cbbenicarlo.com\/?p=2688\"},\"wordCount\":464,\"publisher\":{\"@id\":\"https:\/\/cbbenicarlo.com\/#organization\"},\"articleSection\":[\"Noticias\",\"Patrocinadores\",\"Primer Equipo\"],\"inLanguage\":\"es\"},{\"@type\":\"WebPage\",\"@id\":\"https:\/\/cbbenicarlo.com\/?p=2688\",\"url\":\"https:\/\/cbbenicarlo.com\/?p=2688\",\"name\":\"Maderas Sorl\u00ed ser\u00e1, por cuarto a\u00f1o consecutivo, el patrocinador principal del primer equipo del CB Benicarl\u00f3 | Club Basquet Benicarl\u00f3\",\"isPartOf\":{\"@id\":\"https:\/\/cbbenicarlo.com\/#website\"},\"datePublished\":\"2025-05-29T12:43:38+00:00\",\"dateModified\":\"2025-05-29T12:44:53+00:00\",\"breadcrumb\":{\"@id\":\"https:\/\/cbbenicarlo.com\/?p=2688#breadcrumb\"},\"inLanguage\":\"es\",\"potentialAction\":[{\"@type\":\"ReadAction\",\"target\":[\"https:\/\/cbbenicarlo.com\/?p=2688\"]}]},{\"@type\":\"BreadcrumbList\",\"@id\":\"https:\/\/cbbenicarlo.com\/?p=2688#breadcrumb\",\"itemListElement\":[{\"@type\":\"ListItem\",\"position\":1,\"name\":\"Portada\",\"item\":\"https:\/\/cbbenicarlo.com\/\"},{\"@type\":\"ListItem\",\"position\":2,\"name\":\"Maderas Sorl\u00ed ser\u00e1, por cuarto a\u00f1o consecutivo, el patrocinador principal del primer equipo del CB Benicarl\u00f3\"}]},{\"@type\":\"WebSite\",\"@id\":\"https:\/\/cbbenicarlo.com\/#website\",\"url\":\"https:\/\/cbbenicarlo.com\/\",\"name\":\"Club Basquet Benicarl\u00f3\",\"description\":\"P\u00e1gina Web Oficial\",\"publisher\":{\"@id\":\"https:\/\/cbbenicarlo.com\/#organization\"},\"potentialAction\":[{\"@type\":\"SearchAction\",\"target\":{\"@type\":\"EntryPoint\",\"urlTemplate\":\"https:\/\/cbbenicarlo.com\/?s={search_term_string}\"},\"query-input\":\"required name=search_term_string\"}],\"inLanguage\":\"es\"},{\"@type\":\"Organization\",\"@id\":\"https:\/\/cbbenicarlo.com\/#organization\",\"name\":\"Club B\u00e0squet Benicarl\u00f3\",\"url\":\"https:\/\/cbbenicarlo.com\/\",\"logo\":{\"@type\":\"ImageObject\",\"inLanguage\":\"es\",\"@id\":\"https:\/\/cbbenicarlo.com\/#\/schema\/logo\/image\/\",\"url\":\"https:\/\/cbbenicarlo.com\/wp-content\/uploads\/2022\/05\/cropped-cropped-cropped-CBBENICARLO2021-22-2.png\",\"contentUrl\":\"https:\/\/cbbenicarlo.com\/wp-content\/uploads\/2022\/05\/cropped-cropped-cropped-CBBENICARLO2021-22-2.png\",\"width\":512,\"height\":512,\"caption\":\"Club B\u00e0squet Benicarl\u00f3\"},\"image\":{\"@id\":\"https:\/\/cbbenicarlo.com\/#\/schema\/logo\/image\/\"}},{\"@type\":\"Person\",\"@id\":\"https:\/\/cbbenicarlo.com\/#\/schema\/person\/200a6bea92870b7adeb1a5c755a793f2\",\"name\":\"Club B\u00e0squet Benicarl\u00f3\",\"image\":{\"@type\":\"ImageObject\",\"inLanguage\":\"es\",\"@id\":\"https:\/\/cbbenicarlo.com\/#\/schema\/person\/image\/\",\"url\":\"https:\/\/secure.gravatar.com\/avatar\/8aed305f961a70f8934d4ba794f3527a?s=96&d=mm&r=g\",\"contentUrl\":\"https:\/\/secure.gravatar.com\/avatar\/8aed305f961a70f8934d4ba794f3527a?s=96&d=mm&r=g\",\"caption\":\"Club B\u00e0squet Benicarl\u00f3\"},\"url\":\"https:\/\/cbbenicarlo.com\/?author=1\"}]}<\/script>\n<!-- \/ Yoast SEO plugin. -->","yoast_head_json":{"title":"Maderas Sorl\u00ed ser\u00e1, por cuarto a\u00f1o consecutivo, el patrocinador principal del primer equipo del CB Benicarl\u00f3 | Club Basquet Benicarl\u00f3","robots":{"index":"index","follow":"follow","max-snippet":"max-snippet:-1","max-image-preview":"max-image-preview:large","max-video-preview":"max-video-preview:-1"},"canonical":"https:\/\/cbbenicarlo.com\/?p=2688","og_locale":"es_ES","og_type":"article","og_title":"Maderas Sorl\u00ed ser\u00e1, por cuarto a\u00f1o consecutivo, el patrocinador principal del primer equipo del CB Benicarl\u00f3 | Club Basquet Benicarl\u00f3","og_description":"La empresa seguir\u00e1 dando el naming al equipo del Baix Maestrat que, a su vez, disputar\u00e1 en la temporada 25-26 su s\u00e9ptima campa\u00f1a en Segunda FEB. Maderas Sorl\u00ed renueva por cuarto a\u00f1o consecutivo con el CB Benicarl\u00f3 como patrocinador principal del primer equipo del Club. As\u00ed lo han anunciado en rueda de prensa el presidente de la entidad, Jose Miguel Cornelles; el gerente de Maderas Sorl\u00ed, Carlos Sorl\u00ed; y el director general, Quique Besalduch. De esta manera, el equipo del Baix Maestrat jugar\u00e1 con el nombre de Maderas Sorl\u00ed Benicarl\u00f3 en la temporada 2025-2026, su s\u00e9ptima campa\u00f1a consecutiva en la tercera categor\u00eda del baloncesto profesional. El director general, Quique Besalduch, afirma que esta renovaci\u00f3n constituye el inicio del proyecto 2025-2026; y que est\u00e1n orgullosos de seguir caminando de la mano con la empresa benicarlanda. As\u00ed, especifica que el acuerdo \u201caporta estabilidad al proyecto\u201d y confirma la \u201cambici\u00f3n\u201d de la entidad por seguir dando el m\u00e1ximo nivel en el baloncesto profesional. Tambi\u00e9n explica que, desde la junta, comenzar\u00e1 un verano de \u201cmucho trabajo\u201d para confeccionar el primer equipo; tanto staff como jugadores y el asunto que m\u00e1s inter\u00e9s genera en el aficionado: la elecci\u00f3n del primer entrenador despu\u00e9s de la marcha de Santi Cerd\u00e1n. El v\u00ednculo entre el Club y Maderas Sorl\u00ed viene de lejos, debido a que fue durante diecisiete a\u00f1os uno de los patrocinadores del equipo, incluso antes de competir en las categor\u00edas profesionales. As\u00ed lo ha querido destacar el gerente de Maderas Sorl\u00ed, Carlos Sorl\u00ed, que adem\u00e1s ha puesto en valor la gran \u201ccalidad humana\u201d del Club, y que se sienten \u201ccomprometidos\u201d con la entidad. Finalmente, el presidente del Club; Jose Miguel Cornelles, ha agradecido el compromiso de Maderas Sorl\u00ed con el equipo; destacando que \u201csi no fuera por empresas locales como esta, que brindan todo su apoyo, el proyecto no ser\u00eda viable\u201d. Cornelles reconoce que ahora viene un verano \u201cintenso\u201d pero que est\u00e1n \u201cmuy ilusionados de volver a comenzar\u201d; ya no solo por todo lo que conlleva establecer el equipo de Segunda FEB; sino por todas las actividades e iniciativas que tienen pensadas para el Club. El presidente tambi\u00e9n ha querido animar a la afici\u00f3n a continuar brindando su apoyo al equipo, para que la pr\u00f3xima temporada sea, nuevamente, \u201cemocionante\u201d. Con la renovaci\u00f3n de Maderas Sorl\u00ed, un a\u00f1o m\u00e1s, el Club de B\u00e1squet Benicarl\u00f3 apuesta por la continuidad en cuanto a la identidad del Club. Un primer paso muy importante para comenzar el proyecto 25-26, que esperan que sea \u201cambicioso e ilusionante\u201d para el aficionado.","og_url":"https:\/\/cbbenicarlo.com\/?p=2688","og_site_name":"Club Basquet Benicarl\u00f3","article_published_time":"2025-05-29T12:43:38+00:00","article_modified_time":"2025-05-29T12:44:53+00:00","og_image":[{"width":2560,"height":1707,"url":"https:\/\/cbbenicarlo.com\/wp-content\/uploads\/2025\/05\/IMG_5876-1-scaled.jpg","type":"image\/jpeg"}],"author":"Club B\u00e0squet Benicarl\u00f3","twitter_card":"summary_large_image","twitter_misc":{"Escrito por":"Club B\u00e0squet Benicarl\u00f3","Tiempo de lectura":"2 minutos"},"schema":{"@context":"https:\/\/schema.org","@graph":[{"@type":"Article","@id":"https:\/\/cbbenicarlo.com\/?p=2688#article","isPartOf":{"@id":"https:\/\/cbbenicarlo.com\/?p=2688"},"author":{"name":"Club B\u00e0squet Benicarl\u00f3","@id":"https:\/\/cbbenicarlo.com\/#\/schema\/person\/200a6bea92870b7adeb1a5c755a793f2"},"headline":"Maderas Sorl\u00ed ser\u00e1, por cuarto a\u00f1o consecutivo, el patrocinador principal del primer equipo del CB Benicarl\u00f3","datePublished":"2025-05-29T12:43:38+00:00","dateModified":"2025-05-29T12:44:53+00:00","mainEntityOfPage":{"@id":"https:\/\/cbbenicarlo.com\/?p=2688"},"wordCount":464,"publisher":{"@id":"https:\/\/cbbenicarlo.com\/#organization"},"articleSection":["Noticias","Patrocinadores","Primer Equipo"],"inLanguage":"es"},{"@type":"WebPage","@id":"https:\/\/cbbenicarlo.com\/?p=2688","url":"https:\/\/cbbenicarlo.com\/?p=2688","name":"Maderas Sorl\u00ed ser\u00e1, por cuarto a\u00f1o consecutivo, el patrocinador principal del primer equipo del CB Benicarl\u00f3 | Club Basquet Benicarl\u00f3","isPartOf":{"@id":"https:\/\/cbbenicarlo.com\/#website"},"datePublished":"2025-05-29T12:43:38+00:00","dateModified":"2025-05-29T12:44:53+00:00","breadcrumb":{"@id":"https:\/\/cbbenicarlo.com\/?p=2688#breadcrumb"},"inLanguage":"es","potentialAction":[{"@type":"ReadAction","target":["https:\/\/cbbenicarlo.com\/?p=2688"]}]},{"@type":"BreadcrumbList","@id":"https:\/\/cbbenicarlo.com\/?p=2688#breadcrumb","itemListElement":[{"@type":"ListItem","position":1,"name":"Portada","item":"https:\/\/cbbenicarlo.com\/"},{"@type":"ListItem","position":2,"name":"Maderas Sorl\u00ed ser\u00e1, por cuarto a\u00f1o consecutivo, el patrocinador principal del primer equipo del CB Benicarl\u00f3"}]},{"@type":"WebSite","@id":"https:\/\/cbbenicarlo.com\/#website","url":"https:\/\/cbbenicarlo.com\/","name":"Club Basquet Benicarl\u00f3","description":"P\u00e1gina Web Oficial","publisher":{"@id":"https:\/\/cbbenicarlo.com\/#organization"},"potentialAction":[{"@type":"SearchAction","target":{"@type":"EntryPoint","urlTemplate":"https:\/\/cbbenicarlo.com\/?s={search_term_string}"},"query-input":"required name=search_term_string"}],"inLanguage":"es"},{"@type":"Organization","@id":"https:\/\/cbbenicarlo.com\/#organization","name":"Club B\u00e0squet Benicarl\u00f3","url":"https:\/\/cbbenicarlo.com\/","logo":{"@type":"ImageObject","inLanguage":"es","@id":"https:\/\/cbbenicarlo.com\/#\/schema\/logo\/image\/","url":"https:\/\/cbbenicarlo.com\/wp-content\/uploads\/2022\/05\/cropped-cropped-cropped-CBBENICARLO2021-22-2.png","contentUrl":"https:\/\/cbbenicarlo.com\/wp-content\/uploads\/2022\/05\/cropped-cropped-cropped-CBBENICARLO2021-22-2.png","width":512,"height":512,"caption":"Club B\u00e0squet Benicarl\u00f3"},"image":{"@id":"https:\/\/cbbenicarlo.com\/#\/schema\/logo\/image\/"}},{"@type":"Person","@id":"https:\/\/cbbenicarlo.com\/#\/schema\/person\/200a6bea92870b7adeb1a5c755a793f2","name":"Club B\u00e0squet Benicarl\u00f3","image":{"@type":"ImageObject","inLanguage":"es","@id":"https:\/\/cbbenicarlo.com\/#\/schema\/person\/image\/","url":"https:\/\/secure.gravatar.com\/avatar\/8aed305f961a70f8934d4ba794f3527a?s=96&d=mm&r=g","contentUrl":"https:\/\/secure.gravatar.com\/avatar\/8aed305f961a70f8934d4ba794f3527a?s=96&d=mm&r=g","caption":"Club B\u00e0squet Benicarl\u00f3"},"url":"https:\/\/cbbenicarlo.com\/?author=1"}]}},"_links":{"self":[{"href":"https:\/\/cbbenicarlo.com\/index.php?rest_route=\/wp\/v2\/posts\/2688"}],"collection":[{"href":"https:\/\/cbbenicarlo.com\/index.php?rest_route=\/wp\/v2\/posts"}],"about":[{"href":"https:\/\/cbbenicarlo.com\/index.php?rest_route=\/wp\/v2\/types\/post"}],"author":[{"embeddable":true,"href":"https:\/\/cbbenicarlo.com\/index.php?rest_route=\/wp\/v2\/users\/1"}],"replies":[{"embeddable":true,"href":"https:\/\/cbbenicarlo.com\/index.php?rest_route=%2Fwp%2Fv2%2Fcomments&post=2688"}],"version-history":[{"count":1,"href":"https:\/\/cbbenicarlo.com\/index.php?rest_route=\/wp\/v2\/posts\/2688\/revisions"}],"predecessor-version":[{"id":2691,"href":"https:\/\/cbbenicarlo.com\/index.php?rest_route=\/wp\/v2\/posts\/2688\/revisions\/2691"}],"wp:featuredmedia":[{"embeddable":true,"href":"https:\/\/cbbenicarlo.com\/index.php?rest_route=\/wp\/v2\/media\/2690"}],"wp:attachment":[{"href":"https:\/\/cbbenicarlo.com\/index.php?rest_route=%2Fwp%2Fv2%2Fmedia&parent=2688"}],"wp:term":[{"taxonomy":"category","embeddable":true,"href":"https:\/\/cbbenicarlo.com\/index.php?rest_route=%2Fwp%2Fv2%2Fcategories&post=2688"},{"taxonomy":"post_tag","embeddable":true,"href":"https:\/\/cbbenicarlo.com\/index.php?rest_route=%2Fwp%2Fv2%2Ftags&post=2688"}],"curies":[{"name":"wp","href":"https:\/\/api.w.org\/{rel}","templated":true}]}}