{"id":2648,"date":"2025-01-09T16:19:25","date_gmt":"2025-01-09T15:19:25","guid":{"rendered":"https:\/\/cbbenicarlo.com\/?p=2648"},"modified":"2025-01-09T16:32:28","modified_gmt":"2025-01-09T15:32:28","slug":"el-maderas-sorli-benicarlo-busca-asentar-su-buena-dinamica-este-fin-de-semana","status":"publish","type":"post","link":"https:\/\/cbbenicarlo.com\/?p=2648","title":{"rendered":"El Maderas Sorl\u00ed Benicarl\u00f3 busca asentar su buena din\u00e1mica este fin de semana"},"content":{"rendered":"\n<h2>El equipo cadufero se enfrenta al CB Prat despu\u00e9s de la victoria en Girona ante el Bisbal B\u00e0squet.<\/h2>\n\n\n\n<p>El Club de Baloncesto Maderas Sorl\u00ed CB Benicarl\u00f3 disputar\u00e1 un importante partido este fin de semana. En concreto, se medir\u00e1 al CB Prat en su casa, el Pabell\u00f3n Joan Busquets. Los benicarlandos buscar\u00e1n la segunda victoria del 2025, despu\u00e9s de haber logrado el triunfo en Girona contra el Bisbal B\u00e0squet.<\/p>\n\n\n\n<p>El \u00faltimo partido supuso un respiro para los caduferos, que antes de Navidad perdieron contra el incombustible Ll\u00edria. A pesar de ir por detr\u00e1s en los dos primeros cuartos despu\u00e9s de una acertada ofensiva de los de Girona, los chicos de Santi Cerd\u00e1n le dieron la vuelta completamente al partido en el tercer cuarto, haciendo, probablemente, su mejor periodo defensivo en lo que llevamos de temporada. Esto, unido a la gran suma de puntos conseguidos por \u00c1lvaro Palazuelos en los tiros de tres, hizo que los caduferos ganaran confianza, y continuar con la buena din\u00e1mica en el \u00faltimo cuarto, llev\u00e1ndose as\u00ed la victoria a casa.<\/p>\n\n\n\n<p>Por otro lado, el CB Prat perdi\u00f3 el fin de semana pasado en casa contra el CB L&#8217;Horta Godella. As\u00ed, se encuentra s\u00e9ptimo en la clasificaci\u00f3n, con siete victorias y seis derrotas, mientras que los de Benicarl\u00f3 se encuentran en la novena posici\u00f3n, con seis victorias y siete derrotas. Ganar el s\u00e1bado los permitir\u00eda, adem\u00e1s de continuar con la buena din\u00e1mica y empatar a su rival de este s\u00e1bado, meterse dentro de los lugares de playoff; uno de los objetivos principales que cada temporada se marca el equipo.<\/p>\n\n\n\n<p>El partido tendr\u00e1 lugar en Prat de Llobregat este s\u00e1bado 11 de enero a las 18h, y se podr\u00e1 seguir por\u00a0Canal\u00a0Feb.tv . Adem\u00e1s, el Club proporciona un bus para que los aficionados puedan desplazarse con el equipo y buscar as\u00ed, todos juntos, la segunda victoria del a\u00f1o.<\/p>\n\n\n<figure class=\"wp-block-post-featured-image\"><img loading=\"lazy\" width=\"1170\" height=\"1095\" src=\"https:\/\/cbbenicarlo.com\/wp-content\/uploads\/2025\/01\/Imagen-de-WhatsApp-2025-01-09-a-las-16.18.07_c99bb453.jpg\" class=\"attachment-post-thumbnail size-post-thumbnail wp-post-image\" alt=\"\" decoding=\"async\" loading=\"lazy\" srcset=\"https:\/\/cbbenicarlo.com\/wp-content\/uploads\/2025\/01\/Imagen-de-WhatsApp-2025-01-09-a-las-16.18.07_c99bb453.jpg 1170w, https:\/\/cbbenicarlo.com\/wp-content\/uploads\/2025\/01\/Imagen-de-WhatsApp-2025-01-09-a-las-16.18.07_c99bb453-300x281.jpg 300w, https:\/\/cbbenicarlo.com\/wp-content\/uploads\/2025\/01\/Imagen-de-WhatsApp-2025-01-09-a-las-16.18.07_c99bb453-1024x958.jpg 1024w, https:\/\/cbbenicarlo.com\/wp-content\/uploads\/2025\/01\/Imagen-de-WhatsApp-2025-01-09-a-las-16.18.07_c99bb453-768x719.jpg 768w, https:\/\/cbbenicarlo.com\/wp-content\/uploads\/2025\/01\/Imagen-de-WhatsApp-2025-01-09-a-las-16.18.07_c99bb453-128x120.jpg 128w, https:\/\/cbbenicarlo.com\/wp-content\/uploads\/2025\/01\/Imagen-de-WhatsApp-2025-01-09-a-las-16.18.07_c99bb453-32x30.jpg 32w\" sizes=\"(max-width: 1170px) 100vw, 1170px\" \/><\/figure>","protected":false},"excerpt":{"rendered":"<p>El equipo cadufero se enfrenta al CB Prat despu\u00e9s de la victoria en Girona ante el Bisbal B\u00e0squet. El Club de Baloncesto Maderas Sorl\u00ed CB Benicarl\u00f3 disputar\u00e1 un importante partido este fin de semana. En concreto, se medir\u00e1 al CB Prat en su casa, el Pabell\u00f3n Joan Busquets. Los benicarlandos buscar\u00e1n la segunda victoria del 2025, despu\u00e9s de haber logrado el triunfo en Girona contra el Bisbal B\u00e0squet. El \u00faltimo partido supuso un respiro para los caduferos, que antes de Navidad perdieron contra el incombustible Ll\u00edria. A pesar de ir por detr\u00e1s en los dos primeros cuartos despu\u00e9s de una acertada ofensiva de los de Girona, los chicos de Santi Cerd\u00e1n le dieron la vuelta completamente al partido en el tercer cuarto, haciendo, probablemente, su mejor periodo defensivo en lo que llevamos de temporada. Esto, unido a la gran suma de puntos conseguidos por \u00c1lvaro Palazuelos en los tiros de tres, hizo que los caduferos ganaran confianza, y continuar con la buena din\u00e1mica en el \u00faltimo cuarto, llev\u00e1ndose as\u00ed la victoria a casa. Por otro lado, el CB Prat perdi\u00f3 el fin de semana pasado en casa contra el CB L&#8217;Horta Godella. As\u00ed, se encuentra s\u00e9ptimo en la clasificaci\u00f3n, con siete victorias y seis derrotas, mientras que los de Benicarl\u00f3 se encuentran en la novena posici\u00f3n, con seis victorias y siete derrotas. Ganar el s\u00e1bado los permitir\u00eda, adem\u00e1s de continuar con la buena din\u00e1mica y empatar a su rival de este s\u00e1bado, meterse dentro de los lugares de playoff; uno de los objetivos principales que cada temporada se marca el equipo. El partido tendr\u00e1 lugar en Prat de Llobregat este s\u00e1bado 11 de enero a las 18h, y se podr\u00e1 seguir por\u00a0Canal\u00a0Feb.tv . Adem\u00e1s, el Club proporciona un bus para que los aficionados puedan desplazarse con el equipo y buscar as\u00ed, todos juntos, la segunda victoria del a\u00f1o.<\/p>\n","protected":false},"author":1,"featured_media":2649,"comment_status":"closed","ping_status":"closed","sticky":false,"template":"","format":"standard","meta":{"_eb_attr":""},"categories":[65,1],"tags":[],"yoast_head":"<!-- This site is optimized with the Yoast SEO plugin v21.1 - https:\/\/yoast.com\/wordpress\/plugins\/seo\/ -->\n<title>El Maderas Sorl\u00ed Benicarl\u00f3 busca asentar su buena din\u00e1mica este fin de semana | Club Basquet Benicarl\u00f3<\/title>\n<meta name=\"robots\" content=\"index, follow, max-snippet:-1, max-image-preview:large, max-video-preview:-1\" \/>\n<link rel=\"canonical\" href=\"https:\/\/cbbenicarlo.com\/?p=2648\" \/>\n<meta property=\"og:locale\" content=\"es_ES\" \/>\n<meta property=\"og:type\" content=\"article\" \/>\n<meta property=\"og:title\" content=\"El Maderas Sorl\u00ed Benicarl\u00f3 busca asentar su buena din\u00e1mica este fin de semana | Club Basquet Benicarl\u00f3\" \/>\n<meta property=\"og:description\" content=\"El equipo cadufero se enfrenta al CB Prat despu\u00e9s de la victoria en Girona ante el Bisbal B\u00e0squet. El Club de Baloncesto Maderas Sorl\u00ed CB Benicarl\u00f3 disputar\u00e1 un importante partido este fin de semana. En concreto, se medir\u00e1 al CB Prat en su casa, el Pabell\u00f3n Joan Busquets. Los benicarlandos buscar\u00e1n la segunda victoria del 2025, despu\u00e9s de haber logrado el triunfo en Girona contra el Bisbal B\u00e0squet. El \u00faltimo partido supuso un respiro para los caduferos, que antes de Navidad perdieron contra el incombustible Ll\u00edria. A pesar de ir por detr\u00e1s en los dos primeros cuartos despu\u00e9s de una acertada ofensiva de los de Girona, los chicos de Santi Cerd\u00e1n le dieron la vuelta completamente al partido en el tercer cuarto, haciendo, probablemente, su mejor periodo defensivo en lo que llevamos de temporada. Esto, unido a la gran suma de puntos conseguidos por \u00c1lvaro Palazuelos en los tiros de tres, hizo que los caduferos ganaran confianza, y continuar con la buena din\u00e1mica en el \u00faltimo cuarto, llev\u00e1ndose as\u00ed la victoria a casa. Por otro lado, el CB Prat perdi\u00f3 el fin de semana pasado en casa contra el CB L&#8217;Horta Godella. As\u00ed, se encuentra s\u00e9ptimo en la clasificaci\u00f3n, con siete victorias y seis derrotas, mientras que los de Benicarl\u00f3 se encuentran en la novena posici\u00f3n, con seis victorias y siete derrotas. Ganar el s\u00e1bado los permitir\u00eda, adem\u00e1s de continuar con la buena din\u00e1mica y empatar a su rival de este s\u00e1bado, meterse dentro de los lugares de playoff; uno de los objetivos principales que cada temporada se marca el equipo. El partido tendr\u00e1 lugar en Prat de Llobregat este s\u00e1bado 11 de enero a las 18h, y se podr\u00e1 seguir por\u00a0Canal\u00a0Feb.tv . Adem\u00e1s, el Club proporciona un bus para que los aficionados puedan desplazarse con el equipo y buscar as\u00ed, todos juntos, la segunda victoria del a\u00f1o.\" \/>\n<meta property=\"og:url\" content=\"https:\/\/cbbenicarlo.com\/?p=2648\" \/>\n<meta property=\"og:site_name\" content=\"Club Basquet Benicarl\u00f3\" \/>\n<meta property=\"article:published_time\" content=\"2025-01-09T15:19:25+00:00\" \/>\n<meta property=\"article:modified_time\" content=\"2025-01-09T15:32:28+00:00\" \/>\n<meta property=\"og:image\" content=\"https:\/\/cbbenicarlo.com\/wp-content\/uploads\/2025\/01\/Imagen-de-WhatsApp-2025-01-09-a-las-16.18.07_c99bb453.jpg\" \/>\n\t<meta property=\"og:image:width\" content=\"1170\" \/>\n\t<meta property=\"og:image:height\" content=\"1095\" \/>\n\t<meta property=\"og:image:type\" content=\"image\/jpeg\" \/>\n<meta name=\"author\" content=\"Club B\u00e0squet Benicarl\u00f3\" \/>\n<meta name=\"twitter:card\" content=\"summary_large_image\" \/>\n<meta name=\"twitter:label1\" content=\"Escrito por\" \/>\n\t<meta name=\"twitter:data1\" content=\"Club B\u00e0squet Benicarl\u00f3\" \/>\n\t<meta name=\"twitter:label2\" content=\"Tiempo de lectura\" \/>\n\t<meta name=\"twitter:data2\" content=\"2 minutos\" \/>\n<script type=\"application\/ld+json\" class=\"yoast-schema-graph\">{\"@context\":\"https:\/\/schema.org\",\"@graph\":[{\"@type\":\"Article\",\"@id\":\"https:\/\/cbbenicarlo.com\/?p=2648#article\",\"isPartOf\":{\"@id\":\"https:\/\/cbbenicarlo.com\/?p=2648\"},\"author\":{\"name\":\"Club B\u00e0squet Benicarl\u00f3\",\"@id\":\"https:\/\/cbbenicarlo.com\/#\/schema\/person\/200a6bea92870b7adeb1a5c755a793f2\"},\"headline\":\"El Maderas Sorl\u00ed Benicarl\u00f3 busca asentar su buena din\u00e1mica este fin de semana\",\"datePublished\":\"2025-01-09T15:19:25+00:00\",\"dateModified\":\"2025-01-09T15:32:28+00:00\",\"mainEntityOfPage\":{\"@id\":\"https:\/\/cbbenicarlo.com\/?p=2648\"},\"wordCount\":346,\"publisher\":{\"@id\":\"https:\/\/cbbenicarlo.com\/#organization\"},\"articleSection\":[\"Noticias\",\"Primer Equipo\"],\"inLanguage\":\"es\"},{\"@type\":\"WebPage\",\"@id\":\"https:\/\/cbbenicarlo.com\/?p=2648\",\"url\":\"https:\/\/cbbenicarlo.com\/?p=2648\",\"name\":\"El Maderas Sorl\u00ed Benicarl\u00f3 busca asentar su buena din\u00e1mica este fin de semana | Club Basquet Benicarl\u00f3\",\"isPartOf\":{\"@id\":\"https:\/\/cbbenicarlo.com\/#website\"},\"datePublished\":\"2025-01-09T15:19:25+00:00\",\"dateModified\":\"2025-01-09T15:32:28+00:00\",\"breadcrumb\":{\"@id\":\"https:\/\/cbbenicarlo.com\/?p=2648#breadcrumb\"},\"inLanguage\":\"es\",\"potentialAction\":[{\"@type\":\"ReadAction\",\"target\":[\"https:\/\/cbbenicarlo.com\/?p=2648\"]}]},{\"@type\":\"BreadcrumbList\",\"@id\":\"https:\/\/cbbenicarlo.com\/?p=2648#breadcrumb\",\"itemListElement\":[{\"@type\":\"ListItem\",\"position\":1,\"name\":\"Portada\",\"item\":\"https:\/\/cbbenicarlo.com\/\"},{\"@type\":\"ListItem\",\"position\":2,\"name\":\"El Maderas Sorl\u00ed Benicarl\u00f3 busca asentar su buena din\u00e1mica este fin de semana\"}]},{\"@type\":\"WebSite\",\"@id\":\"https:\/\/cbbenicarlo.com\/#website\",\"url\":\"https:\/\/cbbenicarlo.com\/\",\"name\":\"Club Basquet Benicarl\u00f3\",\"description\":\"P\u00e1gina Web Oficial\",\"publisher\":{\"@id\":\"https:\/\/cbbenicarlo.com\/#organization\"},\"potentialAction\":[{\"@type\":\"SearchAction\",\"target\":{\"@type\":\"EntryPoint\",\"urlTemplate\":\"https:\/\/cbbenicarlo.com\/?s={search_term_string}\"},\"query-input\":\"required name=search_term_string\"}],\"inLanguage\":\"es\"},{\"@type\":\"Organization\",\"@id\":\"https:\/\/cbbenicarlo.com\/#organization\",\"name\":\"Club B\u00e0squet Benicarl\u00f3\",\"url\":\"https:\/\/cbbenicarlo.com\/\",\"logo\":{\"@type\":\"ImageObject\",\"inLanguage\":\"es\",\"@id\":\"https:\/\/cbbenicarlo.com\/#\/schema\/logo\/image\/\",\"url\":\"https:\/\/cbbenicarlo.com\/wp-content\/uploads\/2022\/05\/cropped-cropped-cropped-CBBENICARLO2021-22-2.png\",\"contentUrl\":\"https:\/\/cbbenicarlo.com\/wp-content\/uploads\/2022\/05\/cropped-cropped-cropped-CBBENICARLO2021-22-2.png\",\"width\":512,\"height\":512,\"caption\":\"Club B\u00e0squet Benicarl\u00f3\"},\"image\":{\"@id\":\"https:\/\/cbbenicarlo.com\/#\/schema\/logo\/image\/\"}},{\"@type\":\"Person\",\"@id\":\"https:\/\/cbbenicarlo.com\/#\/schema\/person\/200a6bea92870b7adeb1a5c755a793f2\",\"name\":\"Club B\u00e0squet Benicarl\u00f3\",\"image\":{\"@type\":\"ImageObject\",\"inLanguage\":\"es\",\"@id\":\"https:\/\/cbbenicarlo.com\/#\/schema\/person\/image\/\",\"url\":\"https:\/\/secure.gravatar.com\/avatar\/8aed305f961a70f8934d4ba794f3527a?s=96&d=mm&r=g\",\"contentUrl\":\"https:\/\/secure.gravatar.com\/avatar\/8aed305f961a70f8934d4ba794f3527a?s=96&d=mm&r=g\",\"caption\":\"Club B\u00e0squet Benicarl\u00f3\"},\"url\":\"https:\/\/cbbenicarlo.com\/?author=1\"}]}<\/script>\n<!-- \/ Yoast SEO plugin. -->","yoast_head_json":{"title":"El Maderas Sorl\u00ed Benicarl\u00f3 busca asentar su buena din\u00e1mica este fin de semana | Club Basquet Benicarl\u00f3","robots":{"index":"index","follow":"follow","max-snippet":"max-snippet:-1","max-image-preview":"max-image-preview:large","max-video-preview":"max-video-preview:-1"},"canonical":"https:\/\/cbbenicarlo.com\/?p=2648","og_locale":"es_ES","og_type":"article","og_title":"El Maderas Sorl\u00ed Benicarl\u00f3 busca asentar su buena din\u00e1mica este fin de semana | Club Basquet Benicarl\u00f3","og_description":"El equipo cadufero se enfrenta al CB Prat despu\u00e9s de la victoria en Girona ante el Bisbal B\u00e0squet. El Club de Baloncesto Maderas Sorl\u00ed CB Benicarl\u00f3 disputar\u00e1 un importante partido este fin de semana. En concreto, se medir\u00e1 al CB Prat en su casa, el Pabell\u00f3n Joan Busquets. Los benicarlandos buscar\u00e1n la segunda victoria del 2025, despu\u00e9s de haber logrado el triunfo en Girona contra el Bisbal B\u00e0squet. El \u00faltimo partido supuso un respiro para los caduferos, que antes de Navidad perdieron contra el incombustible Ll\u00edria. A pesar de ir por detr\u00e1s en los dos primeros cuartos despu\u00e9s de una acertada ofensiva de los de Girona, los chicos de Santi Cerd\u00e1n le dieron la vuelta completamente al partido en el tercer cuarto, haciendo, probablemente, su mejor periodo defensivo en lo que llevamos de temporada. Esto, unido a la gran suma de puntos conseguidos por \u00c1lvaro Palazuelos en los tiros de tres, hizo que los caduferos ganaran confianza, y continuar con la buena din\u00e1mica en el \u00faltimo cuarto, llev\u00e1ndose as\u00ed la victoria a casa. Por otro lado, el CB Prat perdi\u00f3 el fin de semana pasado en casa contra el CB L&#8217;Horta Godella. As\u00ed, se encuentra s\u00e9ptimo en la clasificaci\u00f3n, con siete victorias y seis derrotas, mientras que los de Benicarl\u00f3 se encuentran en la novena posici\u00f3n, con seis victorias y siete derrotas. Ganar el s\u00e1bado los permitir\u00eda, adem\u00e1s de continuar con la buena din\u00e1mica y empatar a su rival de este s\u00e1bado, meterse dentro de los lugares de playoff; uno de los objetivos principales que cada temporada se marca el equipo. El partido tendr\u00e1 lugar en Prat de Llobregat este s\u00e1bado 11 de enero a las 18h, y se podr\u00e1 seguir por\u00a0Canal\u00a0Feb.tv . Adem\u00e1s, el Club proporciona un bus para que los aficionados puedan desplazarse con el equipo y buscar as\u00ed, todos juntos, la segunda victoria del a\u00f1o.","og_url":"https:\/\/cbbenicarlo.com\/?p=2648","og_site_name":"Club Basquet Benicarl\u00f3","article_published_time":"2025-01-09T15:19:25+00:00","article_modified_time":"2025-01-09T15:32:28+00:00","og_image":[{"width":1170,"height":1095,"url":"https:\/\/cbbenicarlo.com\/wp-content\/uploads\/2025\/01\/Imagen-de-WhatsApp-2025-01-09-a-las-16.18.07_c99bb453.jpg","type":"image\/jpeg"}],"author":"Club B\u00e0squet Benicarl\u00f3","twitter_card":"summary_large_image","twitter_misc":{"Escrito por":"Club B\u00e0squet Benicarl\u00f3","Tiempo de lectura":"2 minutos"},"schema":{"@context":"https:\/\/schema.org","@graph":[{"@type":"Article","@id":"https:\/\/cbbenicarlo.com\/?p=2648#article","isPartOf":{"@id":"https:\/\/cbbenicarlo.com\/?p=2648"},"author":{"name":"Club B\u00e0squet Benicarl\u00f3","@id":"https:\/\/cbbenicarlo.com\/#\/schema\/person\/200a6bea92870b7adeb1a5c755a793f2"},"headline":"El Maderas Sorl\u00ed Benicarl\u00f3 busca asentar su buena din\u00e1mica este fin de semana","datePublished":"2025-01-09T15:19:25+00:00","dateModified":"2025-01-09T15:32:28+00:00","mainEntityOfPage":{"@id":"https:\/\/cbbenicarlo.com\/?p=2648"},"wordCount":346,"publisher":{"@id":"https:\/\/cbbenicarlo.com\/#organization"},"articleSection":["Noticias","Primer Equipo"],"inLanguage":"es"},{"@type":"WebPage","@id":"https:\/\/cbbenicarlo.com\/?p=2648","url":"https:\/\/cbbenicarlo.com\/?p=2648","name":"El Maderas Sorl\u00ed Benicarl\u00f3 busca asentar su buena din\u00e1mica este fin de semana | Club Basquet Benicarl\u00f3","isPartOf":{"@id":"https:\/\/cbbenicarlo.com\/#website"},"datePublished":"2025-01-09T15:19:25+00:00","dateModified":"2025-01-09T15:32:28+00:00","breadcrumb":{"@id":"https:\/\/cbbenicarlo.com\/?p=2648#breadcrumb"},"inLanguage":"es","potentialAction":[{"@type":"ReadAction","target":["https:\/\/cbbenicarlo.com\/?p=2648"]}]},{"@type":"BreadcrumbList","@id":"https:\/\/cbbenicarlo.com\/?p=2648#breadcrumb","itemListElement":[{"@type":"ListItem","position":1,"name":"Portada","item":"https:\/\/cbbenicarlo.com\/"},{"@type":"ListItem","position":2,"name":"El Maderas Sorl\u00ed Benicarl\u00f3 busca asentar su buena din\u00e1mica este fin de semana"}]},{"@type":"WebSite","@id":"https:\/\/cbbenicarlo.com\/#website","url":"https:\/\/cbbenicarlo.com\/","name":"Club Basquet Benicarl\u00f3","description":"P\u00e1gina Web Oficial","publisher":{"@id":"https:\/\/cbbenicarlo.com\/#organization"},"potentialAction":[{"@type":"SearchAction","target":{"@type":"EntryPoint","urlTemplate":"https:\/\/cbbenicarlo.com\/?s={search_term_string}"},"query-input":"required name=search_term_string"}],"inLanguage":"es"},{"@type":"Organization","@id":"https:\/\/cbbenicarlo.com\/#organization","name":"Club B\u00e0squet Benicarl\u00f3","url":"https:\/\/cbbenicarlo.com\/","logo":{"@type":"ImageObject","inLanguage":"es","@id":"https:\/\/cbbenicarlo.com\/#\/schema\/logo\/image\/","url":"https:\/\/cbbenicarlo.com\/wp-content\/uploads\/2022\/05\/cropped-cropped-cropped-CBBENICARLO2021-22-2.png","contentUrl":"https:\/\/cbbenicarlo.com\/wp-content\/uploads\/2022\/05\/cropped-cropped-cropped-CBBENICARLO2021-22-2.png","width":512,"height":512,"caption":"Club B\u00e0squet Benicarl\u00f3"},"image":{"@id":"https:\/\/cbbenicarlo.com\/#\/schema\/logo\/image\/"}},{"@type":"Person","@id":"https:\/\/cbbenicarlo.com\/#\/schema\/person\/200a6bea92870b7adeb1a5c755a793f2","name":"Club B\u00e0squet Benicarl\u00f3","image":{"@type":"ImageObject","inLanguage":"es","@id":"https:\/\/cbbenicarlo.com\/#\/schema\/person\/image\/","url":"https:\/\/secure.gravatar.com\/avatar\/8aed305f961a70f8934d4ba794f3527a?s=96&d=mm&r=g","contentUrl":"https:\/\/secure.gravatar.com\/avatar\/8aed305f961a70f8934d4ba794f3527a?s=96&d=mm&r=g","caption":"Club B\u00e0squet Benicarl\u00f3"},"url":"https:\/\/cbbenicarlo.com\/?author=1"}]}},"_links":{"self":[{"href":"https:\/\/cbbenicarlo.com\/index.php?rest_route=\/wp\/v2\/posts\/2648"}],"collection":[{"href":"https:\/\/cbbenicarlo.com\/index.php?rest_route=\/wp\/v2\/posts"}],"about":[{"href":"https:\/\/cbbenicarlo.com\/index.php?rest_route=\/wp\/v2\/types\/post"}],"author":[{"embeddable":true,"href":"https:\/\/cbbenicarlo.com\/index.php?rest_route=\/wp\/v2\/users\/1"}],"replies":[{"embeddable":true,"href":"https:\/\/cbbenicarlo.com\/index.php?rest_route=%2Fwp%2Fv2%2Fcomments&post=2648"}],"version-history":[{"count":3,"href":"https:\/\/cbbenicarlo.com\/index.php?rest_route=\/wp\/v2\/posts\/2648\/revisions"}],"predecessor-version":[{"id":2652,"href":"https:\/\/cbbenicarlo.com\/index.php?rest_route=\/wp\/v2\/posts\/2648\/revisions\/2652"}],"wp:featuredmedia":[{"embeddable":true,"href":"https:\/\/cbbenicarlo.com\/index.php?rest_route=\/wp\/v2\/media\/2649"}],"wp:attachment":[{"href":"https:\/\/cbbenicarlo.com\/index.php?rest_route=%2Fwp%2Fv2%2Fmedia&parent=2648"}],"wp:term":[{"taxonomy":"category","embeddable":true,"href":"https:\/\/cbbenicarlo.com\/index.php?rest_route=%2Fwp%2Fv2%2Fcategories&post=2648"},{"taxonomy":"post_tag","embeddable":true,"href":"https:\/\/cbbenicarlo.com\/index.php?rest_route=%2Fwp%2Fv2%2Ftags&post=2648"}],"curies":[{"name":"wp","href":"https:\/\/api.w.org\/{rel}","templated":true}]}}