{"id":2644,"date":"2024-12-04T13:50:49","date_gmt":"2024-12-04T12:50:49","guid":{"rendered":"https:\/\/cbbenicarlo.com\/?p=2644"},"modified":"2024-12-04T13:50:51","modified_gmt":"2024-12-04T12:50:51","slug":"fernando-revilla-y-el-maderas-sorli-benicarlo-llegan-a-un-acuerdo-mutuo-para-la-rescision-del-contrato-del-jugador-con-el-club","status":"publish","type":"post","link":"https:\/\/cbbenicarlo.com\/?p=2644","title":{"rendered":"<strong>Fernando Revilla y el Maderas Sorl\u00ed Benicarl\u00f3 llegan a un acuerdo mutuo para la rescisi\u00f3n del contrato del jugador con el club<\/strong>"},"content":{"rendered":"\n<p><strong>El jugador burgal\u00e9s, que lleg\u00f3 a Benicarl\u00f3 para jugar esta temporada 2024-2025, finaliza su vinculaci\u00f3n con el Maderas Sorl\u00ed Benicarl\u00f3 tras un periodo de 3 meses en el equipo.&nbsp;<\/strong><\/p>\n\n\n\n<p>Revilla es un jugador nacional con 6 temporadas de experiencia en competiciones FEB (2 en LEB Oro, 2 en LEB Plata y 2 en EBA), que lleg\u00f3 a Benicarl\u00f3 para ser uno de los p\u00edvots del equipo junto con Tomislav Miholjcic, que fue sustituido hace aproximadamente 1 mes por Keven Gomes, jugador portugu\u00e9s que dej\u00f3 grandes sensaciones en el \u00faltimo partido vs Gran Canaria.&nbsp;<\/p>\n\n\n\n<p>Fernando Revilla ha disputado 10 partidos oficiales con el equipo (4 en Copa Espa\u00f1a y 6 partidos de liga regular). En los 10 partidos estos han sido sus promedios medios: 16:21 minutos, 4\u20194 puntos (53% T2), 4\u20192 rebotes para un total de 6 puntos de valoraci\u00f3n media.&nbsp;<\/p>\n\n\n\n<p>Desde el club queremos agradecer a Fernando su gran profesionalidad en su estancia que ha estado en Benicarl\u00f3 con nuestro equipo y queremos desearle mucha suerte en su futuro profesional y personal.&nbsp;<\/p>\n\n\n\n<p>\u00a1Muchas gracias Fernando!<\/p>\n\n\n<figure class=\"wp-block-post-featured-image\"><img loading=\"lazy\" width=\"1080\" height=\"1080\" src=\"https:\/\/cbbenicarlo.com\/wp-content\/uploads\/2024\/12\/Imagen-de-WhatsApp-2024-12-04-a-las-10.57.19_29be8dcb.jpg\" class=\"attachment-post-thumbnail size-post-thumbnail wp-post-image\" alt=\"\" decoding=\"async\" loading=\"lazy\" srcset=\"https:\/\/cbbenicarlo.com\/wp-content\/uploads\/2024\/12\/Imagen-de-WhatsApp-2024-12-04-a-las-10.57.19_29be8dcb.jpg 1080w, https:\/\/cbbenicarlo.com\/wp-content\/uploads\/2024\/12\/Imagen-de-WhatsApp-2024-12-04-a-las-10.57.19_29be8dcb-300x300.jpg 300w, https:\/\/cbbenicarlo.com\/wp-content\/uploads\/2024\/12\/Imagen-de-WhatsApp-2024-12-04-a-las-10.57.19_29be8dcb-1024x1024.jpg 1024w, https:\/\/cbbenicarlo.com\/wp-content\/uploads\/2024\/12\/Imagen-de-WhatsApp-2024-12-04-a-las-10.57.19_29be8dcb-150x150.jpg 150w, https:\/\/cbbenicarlo.com\/wp-content\/uploads\/2024\/12\/Imagen-de-WhatsApp-2024-12-04-a-las-10.57.19_29be8dcb-768x768.jpg 768w, https:\/\/cbbenicarlo.com\/wp-content\/uploads\/2024\/12\/Imagen-de-WhatsApp-2024-12-04-a-las-10.57.19_29be8dcb-600x600.jpg 600w, https:\/\/cbbenicarlo.com\/wp-content\/uploads\/2024\/12\/Imagen-de-WhatsApp-2024-12-04-a-las-10.57.19_29be8dcb-128x128.jpg 128w, https:\/\/cbbenicarlo.com\/wp-content\/uploads\/2024\/12\/Imagen-de-WhatsApp-2024-12-04-a-las-10.57.19_29be8dcb-32x32.jpg 32w\" sizes=\"(max-width: 1080px) 100vw, 1080px\" \/><\/figure>","protected":false},"excerpt":{"rendered":"<p>El jugador burgal\u00e9s, que lleg\u00f3 a Benicarl\u00f3 para jugar esta temporada 2024-2025, finaliza su vinculaci\u00f3n con el Maderas Sorl\u00ed Benicarl\u00f3 tras un periodo de 3 meses en el equipo.&nbsp; Revilla es un jugador nacional con 6 temporadas de experiencia en competiciones FEB (2 en LEB Oro, 2 en LEB Plata y 2 en EBA), que lleg\u00f3 a Benicarl\u00f3 para ser uno de los p\u00edvots del equipo junto con Tomislav Miholjcic, que fue sustituido hace aproximadamente 1 mes por Keven Gomes, jugador portugu\u00e9s que dej\u00f3 grandes sensaciones en el \u00faltimo partido vs Gran Canaria.&nbsp; Fernando Revilla ha disputado 10 partidos oficiales con el equipo (4 en Copa Espa\u00f1a y 6 partidos de liga regular). En los 10 partidos estos han sido sus promedios medios: 16:21 minutos, 4\u20194 puntos (53% T2), 4\u20192 rebotes para un total de 6 puntos de valoraci\u00f3n media.&nbsp; Desde el club queremos agradecer a Fernando su gran profesionalidad en su estancia que ha estado en Benicarl\u00f3 con nuestro equipo y queremos desearle mucha suerte en su futuro profesional y personal.&nbsp; \u00a1Muchas gracias Fernando!<\/p>\n","protected":false},"author":1,"featured_media":2645,"comment_status":"closed","ping_status":"closed","sticky":false,"template":"","format":"standard","meta":{"_eb_attr":""},"categories":[1],"tags":[],"yoast_head":"<!-- This site is optimized with the Yoast SEO plugin v21.1 - https:\/\/yoast.com\/wordpress\/plugins\/seo\/ -->\n<title>Fernando Revilla y el Maderas Sorl\u00ed Benicarl\u00f3 llegan a un acuerdo mutuo para la rescisi\u00f3n del contrato del jugador con el club | Club Basquet Benicarl\u00f3<\/title>\n<meta name=\"robots\" content=\"index, follow, max-snippet:-1, max-image-preview:large, max-video-preview:-1\" \/>\n<link rel=\"canonical\" href=\"https:\/\/cbbenicarlo.com\/?p=2644\" \/>\n<meta property=\"og:locale\" content=\"es_ES\" \/>\n<meta property=\"og:type\" content=\"article\" \/>\n<meta property=\"og:title\" content=\"Fernando Revilla y el Maderas Sorl\u00ed Benicarl\u00f3 llegan a un acuerdo mutuo para la rescisi\u00f3n del contrato del jugador con el club | Club Basquet Benicarl\u00f3\" \/>\n<meta property=\"og:description\" content=\"El jugador burgal\u00e9s, que lleg\u00f3 a Benicarl\u00f3 para jugar esta temporada 2024-2025, finaliza su vinculaci\u00f3n con el Maderas Sorl\u00ed Benicarl\u00f3 tras un periodo de 3 meses en el equipo.&nbsp; Revilla es un jugador nacional con 6 temporadas de experiencia en competiciones FEB (2 en LEB Oro, 2 en LEB Plata y 2 en EBA), que lleg\u00f3 a Benicarl\u00f3 para ser uno de los p\u00edvots del equipo junto con Tomislav Miholjcic, que fue sustituido hace aproximadamente 1 mes por Keven Gomes, jugador portugu\u00e9s que dej\u00f3 grandes sensaciones en el \u00faltimo partido vs Gran Canaria.&nbsp; Fernando Revilla ha disputado 10 partidos oficiales con el equipo (4 en Copa Espa\u00f1a y 6 partidos de liga regular). En los 10 partidos estos han sido sus promedios medios: 16:21 minutos, 4\u20194 puntos (53% T2), 4\u20192 rebotes para un total de 6 puntos de valoraci\u00f3n media.&nbsp; Desde el club queremos agradecer a Fernando su gran profesionalidad en su estancia que ha estado en Benicarl\u00f3 con nuestro equipo y queremos desearle mucha suerte en su futuro profesional y personal.&nbsp; \u00a1Muchas gracias Fernando!\" \/>\n<meta property=\"og:url\" content=\"https:\/\/cbbenicarlo.com\/?p=2644\" \/>\n<meta property=\"og:site_name\" content=\"Club Basquet Benicarl\u00f3\" \/>\n<meta property=\"article:published_time\" content=\"2024-12-04T12:50:49+00:00\" \/>\n<meta property=\"article:modified_time\" content=\"2024-12-04T12:50:51+00:00\" \/>\n<meta property=\"og:image\" content=\"https:\/\/cbbenicarlo.com\/wp-content\/uploads\/2024\/12\/Imagen-de-WhatsApp-2024-12-04-a-las-10.57.19_29be8dcb.jpg\" \/>\n\t<meta property=\"og:image:width\" content=\"1080\" \/>\n\t<meta property=\"og:image:height\" content=\"1080\" \/>\n\t<meta property=\"og:image:type\" content=\"image\/jpeg\" \/>\n<meta name=\"author\" content=\"Club B\u00e0squet Benicarl\u00f3\" \/>\n<meta name=\"twitter:card\" content=\"summary_large_image\" \/>\n<meta name=\"twitter:label1\" content=\"Escrito por\" \/>\n\t<meta name=\"twitter:data1\" content=\"Club B\u00e0squet Benicarl\u00f3\" \/>\n\t<meta name=\"twitter:label2\" content=\"Tiempo de lectura\" \/>\n\t<meta name=\"twitter:data2\" content=\"1 minuto\" \/>\n<script type=\"application\/ld+json\" class=\"yoast-schema-graph\">{\"@context\":\"https:\/\/schema.org\",\"@graph\":[{\"@type\":\"Article\",\"@id\":\"https:\/\/cbbenicarlo.com\/?p=2644#article\",\"isPartOf\":{\"@id\":\"https:\/\/cbbenicarlo.com\/?p=2644\"},\"author\":{\"name\":\"Club B\u00e0squet Benicarl\u00f3\",\"@id\":\"https:\/\/cbbenicarlo.com\/#\/schema\/person\/200a6bea92870b7adeb1a5c755a793f2\"},\"headline\":\"Fernando Revilla y el Maderas Sorl\u00ed Benicarl\u00f3 llegan a un acuerdo mutuo para la rescisi\u00f3n del contrato del jugador con el club\",\"datePublished\":\"2024-12-04T12:50:49+00:00\",\"dateModified\":\"2024-12-04T12:50:51+00:00\",\"mainEntityOfPage\":{\"@id\":\"https:\/\/cbbenicarlo.com\/?p=2644\"},\"wordCount\":193,\"publisher\":{\"@id\":\"https:\/\/cbbenicarlo.com\/#organization\"},\"articleSection\":[\"Primer Equipo\"],\"inLanguage\":\"es\"},{\"@type\":\"WebPage\",\"@id\":\"https:\/\/cbbenicarlo.com\/?p=2644\",\"url\":\"https:\/\/cbbenicarlo.com\/?p=2644\",\"name\":\"Fernando Revilla y el Maderas Sorl\u00ed Benicarl\u00f3 llegan a un acuerdo mutuo para la rescisi\u00f3n del contrato del jugador con el club | Club Basquet Benicarl\u00f3\",\"isPartOf\":{\"@id\":\"https:\/\/cbbenicarlo.com\/#website\"},\"datePublished\":\"2024-12-04T12:50:49+00:00\",\"dateModified\":\"2024-12-04T12:50:51+00:00\",\"breadcrumb\":{\"@id\":\"https:\/\/cbbenicarlo.com\/?p=2644#breadcrumb\"},\"inLanguage\":\"es\",\"potentialAction\":[{\"@type\":\"ReadAction\",\"target\":[\"https:\/\/cbbenicarlo.com\/?p=2644\"]}]},{\"@type\":\"BreadcrumbList\",\"@id\":\"https:\/\/cbbenicarlo.com\/?p=2644#breadcrumb\",\"itemListElement\":[{\"@type\":\"ListItem\",\"position\":1,\"name\":\"Portada\",\"item\":\"https:\/\/cbbenicarlo.com\/\"},{\"@type\":\"ListItem\",\"position\":2,\"name\":\"Fernando Revilla y el Maderas Sorl\u00ed Benicarl\u00f3 llegan a un acuerdo mutuo para la rescisi\u00f3n del contrato del jugador con el club\"}]},{\"@type\":\"WebSite\",\"@id\":\"https:\/\/cbbenicarlo.com\/#website\",\"url\":\"https:\/\/cbbenicarlo.com\/\",\"name\":\"Club Basquet Benicarl\u00f3\",\"description\":\"P\u00e1gina Web Oficial\",\"publisher\":{\"@id\":\"https:\/\/cbbenicarlo.com\/#organization\"},\"potentialAction\":[{\"@type\":\"SearchAction\",\"target\":{\"@type\":\"EntryPoint\",\"urlTemplate\":\"https:\/\/cbbenicarlo.com\/?s={search_term_string}\"},\"query-input\":\"required name=search_term_string\"}],\"inLanguage\":\"es\"},{\"@type\":\"Organization\",\"@id\":\"https:\/\/cbbenicarlo.com\/#organization\",\"name\":\"Club B\u00e0squet Benicarl\u00f3\",\"url\":\"https:\/\/cbbenicarlo.com\/\",\"logo\":{\"@type\":\"ImageObject\",\"inLanguage\":\"es\",\"@id\":\"https:\/\/cbbenicarlo.com\/#\/schema\/logo\/image\/\",\"url\":\"https:\/\/cbbenicarlo.com\/wp-content\/uploads\/2022\/05\/cropped-cropped-cropped-CBBENICARLO2021-22-2.png\",\"contentUrl\":\"https:\/\/cbbenicarlo.com\/wp-content\/uploads\/2022\/05\/cropped-cropped-cropped-CBBENICARLO2021-22-2.png\",\"width\":512,\"height\":512,\"caption\":\"Club B\u00e0squet Benicarl\u00f3\"},\"image\":{\"@id\":\"https:\/\/cbbenicarlo.com\/#\/schema\/logo\/image\/\"}},{\"@type\":\"Person\",\"@id\":\"https:\/\/cbbenicarlo.com\/#\/schema\/person\/200a6bea92870b7adeb1a5c755a793f2\",\"name\":\"Club B\u00e0squet Benicarl\u00f3\",\"image\":{\"@type\":\"ImageObject\",\"inLanguage\":\"es\",\"@id\":\"https:\/\/cbbenicarlo.com\/#\/schema\/person\/image\/\",\"url\":\"https:\/\/secure.gravatar.com\/avatar\/8aed305f961a70f8934d4ba794f3527a?s=96&d=mm&r=g\",\"contentUrl\":\"https:\/\/secure.gravatar.com\/avatar\/8aed305f961a70f8934d4ba794f3527a?s=96&d=mm&r=g\",\"caption\":\"Club B\u00e0squet Benicarl\u00f3\"},\"url\":\"https:\/\/cbbenicarlo.com\/?author=1\"}]}<\/script>\n<!-- \/ Yoast SEO plugin. -->","yoast_head_json":{"title":"Fernando Revilla y el Maderas Sorl\u00ed Benicarl\u00f3 llegan a un acuerdo mutuo para la rescisi\u00f3n del contrato del jugador con el club | Club Basquet Benicarl\u00f3","robots":{"index":"index","follow":"follow","max-snippet":"max-snippet:-1","max-image-preview":"max-image-preview:large","max-video-preview":"max-video-preview:-1"},"canonical":"https:\/\/cbbenicarlo.com\/?p=2644","og_locale":"es_ES","og_type":"article","og_title":"Fernando Revilla y el Maderas Sorl\u00ed Benicarl\u00f3 llegan a un acuerdo mutuo para la rescisi\u00f3n del contrato del jugador con el club | Club Basquet Benicarl\u00f3","og_description":"El jugador burgal\u00e9s, que lleg\u00f3 a Benicarl\u00f3 para jugar esta temporada 2024-2025, finaliza su vinculaci\u00f3n con el Maderas Sorl\u00ed Benicarl\u00f3 tras un periodo de 3 meses en el equipo.&nbsp; Revilla es un jugador nacional con 6 temporadas de experiencia en competiciones FEB (2 en LEB Oro, 2 en LEB Plata y 2 en EBA), que lleg\u00f3 a Benicarl\u00f3 para ser uno de los p\u00edvots del equipo junto con Tomislav Miholjcic, que fue sustituido hace aproximadamente 1 mes por Keven Gomes, jugador portugu\u00e9s que dej\u00f3 grandes sensaciones en el \u00faltimo partido vs Gran Canaria.&nbsp; Fernando Revilla ha disputado 10 partidos oficiales con el equipo (4 en Copa Espa\u00f1a y 6 partidos de liga regular). En los 10 partidos estos han sido sus promedios medios: 16:21 minutos, 4\u20194 puntos (53% T2), 4\u20192 rebotes para un total de 6 puntos de valoraci\u00f3n media.&nbsp; Desde el club queremos agradecer a Fernando su gran profesionalidad en su estancia que ha estado en Benicarl\u00f3 con nuestro equipo y queremos desearle mucha suerte en su futuro profesional y personal.&nbsp; \u00a1Muchas gracias Fernando!","og_url":"https:\/\/cbbenicarlo.com\/?p=2644","og_site_name":"Club Basquet Benicarl\u00f3","article_published_time":"2024-12-04T12:50:49+00:00","article_modified_time":"2024-12-04T12:50:51+00:00","og_image":[{"width":1080,"height":1080,"url":"https:\/\/cbbenicarlo.com\/wp-content\/uploads\/2024\/12\/Imagen-de-WhatsApp-2024-12-04-a-las-10.57.19_29be8dcb.jpg","type":"image\/jpeg"}],"author":"Club B\u00e0squet Benicarl\u00f3","twitter_card":"summary_large_image","twitter_misc":{"Escrito por":"Club B\u00e0squet Benicarl\u00f3","Tiempo de lectura":"1 minuto"},"schema":{"@context":"https:\/\/schema.org","@graph":[{"@type":"Article","@id":"https:\/\/cbbenicarlo.com\/?p=2644#article","isPartOf":{"@id":"https:\/\/cbbenicarlo.com\/?p=2644"},"author":{"name":"Club B\u00e0squet Benicarl\u00f3","@id":"https:\/\/cbbenicarlo.com\/#\/schema\/person\/200a6bea92870b7adeb1a5c755a793f2"},"headline":"Fernando Revilla y el Maderas Sorl\u00ed Benicarl\u00f3 llegan a un acuerdo mutuo para la rescisi\u00f3n del contrato del jugador con el club","datePublished":"2024-12-04T12:50:49+00:00","dateModified":"2024-12-04T12:50:51+00:00","mainEntityOfPage":{"@id":"https:\/\/cbbenicarlo.com\/?p=2644"},"wordCount":193,"publisher":{"@id":"https:\/\/cbbenicarlo.com\/#organization"},"articleSection":["Primer Equipo"],"inLanguage":"es"},{"@type":"WebPage","@id":"https:\/\/cbbenicarlo.com\/?p=2644","url":"https:\/\/cbbenicarlo.com\/?p=2644","name":"Fernando Revilla y el Maderas Sorl\u00ed Benicarl\u00f3 llegan a un acuerdo mutuo para la rescisi\u00f3n del contrato del jugador con el club | Club Basquet Benicarl\u00f3","isPartOf":{"@id":"https:\/\/cbbenicarlo.com\/#website"},"datePublished":"2024-12-04T12:50:49+00:00","dateModified":"2024-12-04T12:50:51+00:00","breadcrumb":{"@id":"https:\/\/cbbenicarlo.com\/?p=2644#breadcrumb"},"inLanguage":"es","potentialAction":[{"@type":"ReadAction","target":["https:\/\/cbbenicarlo.com\/?p=2644"]}]},{"@type":"BreadcrumbList","@id":"https:\/\/cbbenicarlo.com\/?p=2644#breadcrumb","itemListElement":[{"@type":"ListItem","position":1,"name":"Portada","item":"https:\/\/cbbenicarlo.com\/"},{"@type":"ListItem","position":2,"name":"Fernando Revilla y el Maderas Sorl\u00ed Benicarl\u00f3 llegan a un acuerdo mutuo para la rescisi\u00f3n del contrato del jugador con el club"}]},{"@type":"WebSite","@id":"https:\/\/cbbenicarlo.com\/#website","url":"https:\/\/cbbenicarlo.com\/","name":"Club Basquet Benicarl\u00f3","description":"P\u00e1gina Web Oficial","publisher":{"@id":"https:\/\/cbbenicarlo.com\/#organization"},"potentialAction":[{"@type":"SearchAction","target":{"@type":"EntryPoint","urlTemplate":"https:\/\/cbbenicarlo.com\/?s={search_term_string}"},"query-input":"required name=search_term_string"}],"inLanguage":"es"},{"@type":"Organization","@id":"https:\/\/cbbenicarlo.com\/#organization","name":"Club B\u00e0squet Benicarl\u00f3","url":"https:\/\/cbbenicarlo.com\/","logo":{"@type":"ImageObject","inLanguage":"es","@id":"https:\/\/cbbenicarlo.com\/#\/schema\/logo\/image\/","url":"https:\/\/cbbenicarlo.com\/wp-content\/uploads\/2022\/05\/cropped-cropped-cropped-CBBENICARLO2021-22-2.png","contentUrl":"https:\/\/cbbenicarlo.com\/wp-content\/uploads\/2022\/05\/cropped-cropped-cropped-CBBENICARLO2021-22-2.png","width":512,"height":512,"caption":"Club B\u00e0squet Benicarl\u00f3"},"image":{"@id":"https:\/\/cbbenicarlo.com\/#\/schema\/logo\/image\/"}},{"@type":"Person","@id":"https:\/\/cbbenicarlo.com\/#\/schema\/person\/200a6bea92870b7adeb1a5c755a793f2","name":"Club B\u00e0squet Benicarl\u00f3","image":{"@type":"ImageObject","inLanguage":"es","@id":"https:\/\/cbbenicarlo.com\/#\/schema\/person\/image\/","url":"https:\/\/secure.gravatar.com\/avatar\/8aed305f961a70f8934d4ba794f3527a?s=96&d=mm&r=g","contentUrl":"https:\/\/secure.gravatar.com\/avatar\/8aed305f961a70f8934d4ba794f3527a?s=96&d=mm&r=g","caption":"Club B\u00e0squet Benicarl\u00f3"},"url":"https:\/\/cbbenicarlo.com\/?author=1"}]}},"_links":{"self":[{"href":"https:\/\/cbbenicarlo.com\/index.php?rest_route=\/wp\/v2\/posts\/2644"}],"collection":[{"href":"https:\/\/cbbenicarlo.com\/index.php?rest_route=\/wp\/v2\/posts"}],"about":[{"href":"https:\/\/cbbenicarlo.com\/index.php?rest_route=\/wp\/v2\/types\/post"}],"author":[{"embeddable":true,"href":"https:\/\/cbbenicarlo.com\/index.php?rest_route=\/wp\/v2\/users\/1"}],"replies":[{"embeddable":true,"href":"https:\/\/cbbenicarlo.com\/index.php?rest_route=%2Fwp%2Fv2%2Fcomments&post=2644"}],"version-history":[{"count":1,"href":"https:\/\/cbbenicarlo.com\/index.php?rest_route=\/wp\/v2\/posts\/2644\/revisions"}],"predecessor-version":[{"id":2646,"href":"https:\/\/cbbenicarlo.com\/index.php?rest_route=\/wp\/v2\/posts\/2644\/revisions\/2646"}],"wp:featuredmedia":[{"embeddable":true,"href":"https:\/\/cbbenicarlo.com\/index.php?rest_route=\/wp\/v2\/media\/2645"}],"wp:attachment":[{"href":"https:\/\/cbbenicarlo.com\/index.php?rest_route=%2Fwp%2Fv2%2Fmedia&parent=2644"}],"wp:term":[{"taxonomy":"category","embeddable":true,"href":"https:\/\/cbbenicarlo.com\/index.php?rest_route=%2Fwp%2Fv2%2Fcategories&post=2644"},{"taxonomy":"post_tag","embeddable":true,"href":"https:\/\/cbbenicarlo.com\/index.php?rest_route=%2Fwp%2Fv2%2Ftags&post=2644"}],"curies":[{"name":"wp","href":"https:\/\/api.w.org\/{rel}","templated":true}]}}