{"id":2472,"date":"2024-08-06T16:00:00","date_gmt":"2024-08-06T14:00:00","guid":{"rendered":"https:\/\/cbbenicarlo.com\/?p=2472"},"modified":"2024-08-06T15:57:33","modified_gmt":"2024-08-06T13:57:33","slug":"fichaje-fernando-revilla","status":"publish","type":"post","link":"https:\/\/cbbenicarlo.com\/?p=2472","title":{"rendered":"FICHAJE | FERNANDO REVILLA"},"content":{"rendered":"\n<h2>El p\u00edvot burgal\u00e9s y el Maderas Sorl\u00ed Benicarl\u00f3 unen sus caminos para la temporada 2024\/2025.<\/h2>\n\n\n\n<p>Primer p\u00edvot confirmado, con experiencia en Primera y Segunda FEB. Revilla aportar\u00e1 mucho rebote, defensa y energ\u00eda para el equipo.<\/p>\n\n\n\n<p>Procedente del Damex Udea Algeciras, de Segunda FEB, donde fue uno de los p\u00edvots con un mejor ratio de rebotes por minuto de toda la LEB Plata. Sus cualidades hicieron que algunos medios, como Zona de Basket, le eligieran como uno de los 10 jugadores nacionales a seguir durante la pasada campa\u00f1a.<\/p>\n\n\n\n<p>Tambi\u00e9n estuvo dos temporadas en Primera FEB (LEB Oro) con Tizona Burgos y Valladolid.<\/p>\n\n\n\n<p>Sus estad\u00edsticas medias en Segunda FEB con el Algeciras son:<\/p>\n\n\n\n<p>14 min por partido.<br>5\u20195 puntos.<br>4\u20195 rebotes.<br>7\u20191 de valoraci\u00f3n media.<\/p>\n\n\n\n<p>Desde el Maderas Sorl\u00ed Benicarl\u00f3 estamos muy contentos de recibir a Revilla, y esperamos que \ud835\uddf0\ud835\uddff\ud835\uddf2\ud835\ude07\ud835\uddf0\ud835\uddee mucho con nosotros y \ud835\uddf1\ud835\uddf6\ud835\ude00\ud835\uddf3\ud835\uddff\ud835\ude02\ud835\ude01\ud835\uddf2\u0301\ud835\uddf6\ud835\ude00 de su juego en el pabell\u00f3n municipal.<\/p>\n\n\n<figure class=\"wp-block-post-featured-image\"><img loading=\"lazy\" width=\"1080\" height=\"1080\" src=\"https:\/\/cbbenicarlo.com\/wp-content\/uploads\/2024\/08\/fitx-fernando-1-1.jpg\" class=\"attachment-post-thumbnail size-post-thumbnail wp-post-image\" alt=\"\" decoding=\"async\" loading=\"lazy\" srcset=\"https:\/\/cbbenicarlo.com\/wp-content\/uploads\/2024\/08\/fitx-fernando-1-1.jpg 1080w, https:\/\/cbbenicarlo.com\/wp-content\/uploads\/2024\/08\/fitx-fernando-1-1-300x300.jpg 300w, https:\/\/cbbenicarlo.com\/wp-content\/uploads\/2024\/08\/fitx-fernando-1-1-1024x1024.jpg 1024w, https:\/\/cbbenicarlo.com\/wp-content\/uploads\/2024\/08\/fitx-fernando-1-1-150x150.jpg 150w, https:\/\/cbbenicarlo.com\/wp-content\/uploads\/2024\/08\/fitx-fernando-1-1-768x768.jpg 768w, https:\/\/cbbenicarlo.com\/wp-content\/uploads\/2024\/08\/fitx-fernando-1-1-600x600.jpg 600w, https:\/\/cbbenicarlo.com\/wp-content\/uploads\/2024\/08\/fitx-fernando-1-1-128x128.jpg 128w, https:\/\/cbbenicarlo.com\/wp-content\/uploads\/2024\/08\/fitx-fernando-1-1-32x32.jpg 32w\" sizes=\"(max-width: 1080px) 100vw, 1080px\" \/><\/figure>","protected":false},"excerpt":{"rendered":"<p>El p\u00edvot burgal\u00e9s y el Maderas Sorl\u00ed Benicarl\u00f3 unen sus caminos para la temporada 2024\/2025. Primer p\u00edvot confirmado, con experiencia en Primera y Segunda FEB. Revilla aportar\u00e1 mucho rebote, defensa y energ\u00eda para el equipo. Procedente del Damex Udea Algeciras, de Segunda FEB, donde fue uno de los p\u00edvots con un mejor ratio de rebotes por minuto de toda la LEB Plata. Sus cualidades hicieron que algunos medios, como Zona de Basket, le eligieran como uno de los 10 jugadores nacionales a seguir durante la pasada campa\u00f1a. Tambi\u00e9n estuvo dos temporadas en Primera FEB (LEB Oro) con Tizona Burgos y Valladolid. Sus estad\u00edsticas medias en Segunda FEB con el Algeciras son: 14 min por partido.5\u20195 puntos.4\u20195 rebotes.7\u20191 de valoraci\u00f3n media. Desde el Maderas Sorl\u00ed Benicarl\u00f3 estamos muy contentos de recibir a Revilla, y esperamos que \ud835\uddf0\ud835\uddff\ud835\uddf2\ud835\ude07\ud835\uddf0\ud835\uddee mucho con nosotros y \ud835\uddf1\ud835\uddf6\ud835\ude00\ud835\uddf3\ud835\uddff\ud835\ude02\ud835\ude01\ud835\uddf2\u0301\ud835\uddf6\ud835\ude00 de su juego en el pabell\u00f3n municipal.<\/p>\n","protected":false},"author":1,"featured_media":2473,"comment_status":"closed","ping_status":"closed","sticky":false,"template":"","format":"standard","meta":{"_eb_attr":""},"categories":[65,1],"tags":[],"yoast_head":"<!-- This site is optimized with the Yoast SEO plugin v21.1 - https:\/\/yoast.com\/wordpress\/plugins\/seo\/ -->\n<title>FICHAJE | FERNANDO REVILLA | Club Basquet Benicarl\u00f3<\/title>\n<meta name=\"robots\" content=\"index, follow, max-snippet:-1, max-image-preview:large, max-video-preview:-1\" \/>\n<link rel=\"canonical\" href=\"https:\/\/cbbenicarlo.com\/?p=2472\" \/>\n<meta property=\"og:locale\" content=\"es_ES\" \/>\n<meta property=\"og:type\" content=\"article\" \/>\n<meta property=\"og:title\" content=\"FICHAJE | FERNANDO REVILLA | Club Basquet Benicarl\u00f3\" \/>\n<meta property=\"og:description\" content=\"El p\u00edvot burgal\u00e9s y el Maderas Sorl\u00ed Benicarl\u00f3 unen sus caminos para la temporada 2024\/2025. Primer p\u00edvot confirmado, con experiencia en Primera y Segunda FEB. Revilla aportar\u00e1 mucho rebote, defensa y energ\u00eda para el equipo. Procedente del Damex Udea Algeciras, de Segunda FEB, donde fue uno de los p\u00edvots con un mejor ratio de rebotes por minuto de toda la LEB Plata. Sus cualidades hicieron que algunos medios, como Zona de Basket, le eligieran como uno de los 10 jugadores nacionales a seguir durante la pasada campa\u00f1a. Tambi\u00e9n estuvo dos temporadas en Primera FEB (LEB Oro) con Tizona Burgos y Valladolid. Sus estad\u00edsticas medias en Segunda FEB con el Algeciras son: 14 min por partido.5\u20195 puntos.4\u20195 rebotes.7\u20191 de valoraci\u00f3n media. Desde el Maderas Sorl\u00ed Benicarl\u00f3 estamos muy contentos de recibir a Revilla, y esperamos que \ud835\uddf0\ud835\uddff\ud835\uddf2\ud835\ude07\ud835\uddf0\ud835\uddee mucho con nosotros y \ud835\uddf1\ud835\uddf6\ud835\ude00\ud835\uddf3\ud835\uddff\ud835\ude02\ud835\ude01\ud835\uddf2\u0301\ud835\uddf6\ud835\ude00 de su juego en el pabell\u00f3n municipal.\" \/>\n<meta property=\"og:url\" content=\"https:\/\/cbbenicarlo.com\/?p=2472\" \/>\n<meta property=\"og:site_name\" content=\"Club Basquet Benicarl\u00f3\" \/>\n<meta property=\"article:published_time\" content=\"2024-08-06T14:00:00+00:00\" \/>\n<meta property=\"article:modified_time\" content=\"2024-08-06T13:57:33+00:00\" \/>\n<meta property=\"og:image\" content=\"https:\/\/cbbenicarlo.com\/wp-content\/uploads\/2024\/08\/fitx-fernando-1-1.jpg\" \/>\n\t<meta property=\"og:image:width\" content=\"1080\" \/>\n\t<meta property=\"og:image:height\" content=\"1080\" \/>\n\t<meta property=\"og:image:type\" content=\"image\/jpeg\" \/>\n<meta name=\"author\" content=\"Club B\u00e0squet Benicarl\u00f3\" \/>\n<meta name=\"twitter:card\" content=\"summary_large_image\" \/>\n<meta name=\"twitter:label1\" content=\"Escrito por\" \/>\n\t<meta name=\"twitter:data1\" content=\"Club B\u00e0squet Benicarl\u00f3\" \/>\n\t<meta name=\"twitter:label2\" content=\"Tiempo de lectura\" \/>\n\t<meta name=\"twitter:data2\" content=\"1 minuto\" \/>\n<script type=\"application\/ld+json\" class=\"yoast-schema-graph\">{\"@context\":\"https:\/\/schema.org\",\"@graph\":[{\"@type\":\"Article\",\"@id\":\"https:\/\/cbbenicarlo.com\/?p=2472#article\",\"isPartOf\":{\"@id\":\"https:\/\/cbbenicarlo.com\/?p=2472\"},\"author\":{\"name\":\"Club B\u00e0squet Benicarl\u00f3\",\"@id\":\"https:\/\/cbbenicarlo.com\/#\/schema\/person\/200a6bea92870b7adeb1a5c755a793f2\"},\"headline\":\"FICHAJE | FERNANDO REVILLA\",\"datePublished\":\"2024-08-06T14:00:00+00:00\",\"dateModified\":\"2024-08-06T13:57:33+00:00\",\"mainEntityOfPage\":{\"@id\":\"https:\/\/cbbenicarlo.com\/?p=2472\"},\"wordCount\":156,\"publisher\":{\"@id\":\"https:\/\/cbbenicarlo.com\/#organization\"},\"articleSection\":[\"Noticias\",\"Primer Equipo\"],\"inLanguage\":\"es\"},{\"@type\":\"WebPage\",\"@id\":\"https:\/\/cbbenicarlo.com\/?p=2472\",\"url\":\"https:\/\/cbbenicarlo.com\/?p=2472\",\"name\":\"FICHAJE | FERNANDO REVILLA | Club Basquet Benicarl\u00f3\",\"isPartOf\":{\"@id\":\"https:\/\/cbbenicarlo.com\/#website\"},\"datePublished\":\"2024-08-06T14:00:00+00:00\",\"dateModified\":\"2024-08-06T13:57:33+00:00\",\"breadcrumb\":{\"@id\":\"https:\/\/cbbenicarlo.com\/?p=2472#breadcrumb\"},\"inLanguage\":\"es\",\"potentialAction\":[{\"@type\":\"ReadAction\",\"target\":[\"https:\/\/cbbenicarlo.com\/?p=2472\"]}]},{\"@type\":\"BreadcrumbList\",\"@id\":\"https:\/\/cbbenicarlo.com\/?p=2472#breadcrumb\",\"itemListElement\":[{\"@type\":\"ListItem\",\"position\":1,\"name\":\"Portada\",\"item\":\"https:\/\/cbbenicarlo.com\/\"},{\"@type\":\"ListItem\",\"position\":2,\"name\":\"FICHAJE | FERNANDO REVILLA\"}]},{\"@type\":\"WebSite\",\"@id\":\"https:\/\/cbbenicarlo.com\/#website\",\"url\":\"https:\/\/cbbenicarlo.com\/\",\"name\":\"Club Basquet Benicarl\u00f3\",\"description\":\"P\u00e1gina Web Oficial\",\"publisher\":{\"@id\":\"https:\/\/cbbenicarlo.com\/#organization\"},\"potentialAction\":[{\"@type\":\"SearchAction\",\"target\":{\"@type\":\"EntryPoint\",\"urlTemplate\":\"https:\/\/cbbenicarlo.com\/?s={search_term_string}\"},\"query-input\":\"required name=search_term_string\"}],\"inLanguage\":\"es\"},{\"@type\":\"Organization\",\"@id\":\"https:\/\/cbbenicarlo.com\/#organization\",\"name\":\"Club B\u00e0squet Benicarl\u00f3\",\"url\":\"https:\/\/cbbenicarlo.com\/\",\"logo\":{\"@type\":\"ImageObject\",\"inLanguage\":\"es\",\"@id\":\"https:\/\/cbbenicarlo.com\/#\/schema\/logo\/image\/\",\"url\":\"https:\/\/cbbenicarlo.com\/wp-content\/uploads\/2022\/05\/cropped-cropped-cropped-CBBENICARLO2021-22-2.png\",\"contentUrl\":\"https:\/\/cbbenicarlo.com\/wp-content\/uploads\/2022\/05\/cropped-cropped-cropped-CBBENICARLO2021-22-2.png\",\"width\":512,\"height\":512,\"caption\":\"Club B\u00e0squet Benicarl\u00f3\"},\"image\":{\"@id\":\"https:\/\/cbbenicarlo.com\/#\/schema\/logo\/image\/\"}},{\"@type\":\"Person\",\"@id\":\"https:\/\/cbbenicarlo.com\/#\/schema\/person\/200a6bea92870b7adeb1a5c755a793f2\",\"name\":\"Club B\u00e0squet Benicarl\u00f3\",\"image\":{\"@type\":\"ImageObject\",\"inLanguage\":\"es\",\"@id\":\"https:\/\/cbbenicarlo.com\/#\/schema\/person\/image\/\",\"url\":\"https:\/\/secure.gravatar.com\/avatar\/8aed305f961a70f8934d4ba794f3527a?s=96&d=mm&r=g\",\"contentUrl\":\"https:\/\/secure.gravatar.com\/avatar\/8aed305f961a70f8934d4ba794f3527a?s=96&d=mm&r=g\",\"caption\":\"Club B\u00e0squet Benicarl\u00f3\"},\"url\":\"https:\/\/cbbenicarlo.com\/?author=1\"}]}<\/script>\n<!-- \/ Yoast SEO plugin. -->","yoast_head_json":{"title":"FICHAJE | FERNANDO REVILLA | Club Basquet Benicarl\u00f3","robots":{"index":"index","follow":"follow","max-snippet":"max-snippet:-1","max-image-preview":"max-image-preview:large","max-video-preview":"max-video-preview:-1"},"canonical":"https:\/\/cbbenicarlo.com\/?p=2472","og_locale":"es_ES","og_type":"article","og_title":"FICHAJE | FERNANDO REVILLA | Club Basquet Benicarl\u00f3","og_description":"El p\u00edvot burgal\u00e9s y el Maderas Sorl\u00ed Benicarl\u00f3 unen sus caminos para la temporada 2024\/2025. Primer p\u00edvot confirmado, con experiencia en Primera y Segunda FEB. Revilla aportar\u00e1 mucho rebote, defensa y energ\u00eda para el equipo. Procedente del Damex Udea Algeciras, de Segunda FEB, donde fue uno de los p\u00edvots con un mejor ratio de rebotes por minuto de toda la LEB Plata. Sus cualidades hicieron que algunos medios, como Zona de Basket, le eligieran como uno de los 10 jugadores nacionales a seguir durante la pasada campa\u00f1a. Tambi\u00e9n estuvo dos temporadas en Primera FEB (LEB Oro) con Tizona Burgos y Valladolid. Sus estad\u00edsticas medias en Segunda FEB con el Algeciras son: 14 min por partido.5\u20195 puntos.4\u20195 rebotes.7\u20191 de valoraci\u00f3n media. Desde el Maderas Sorl\u00ed Benicarl\u00f3 estamos muy contentos de recibir a Revilla, y esperamos que \ud835\uddf0\ud835\uddff\ud835\uddf2\ud835\ude07\ud835\uddf0\ud835\uddee mucho con nosotros y \ud835\uddf1\ud835\uddf6\ud835\ude00\ud835\uddf3\ud835\uddff\ud835\ude02\ud835\ude01\ud835\uddf2\u0301\ud835\uddf6\ud835\ude00 de su juego en el pabell\u00f3n municipal.","og_url":"https:\/\/cbbenicarlo.com\/?p=2472","og_site_name":"Club Basquet Benicarl\u00f3","article_published_time":"2024-08-06T14:00:00+00:00","article_modified_time":"2024-08-06T13:57:33+00:00","og_image":[{"width":1080,"height":1080,"url":"https:\/\/cbbenicarlo.com\/wp-content\/uploads\/2024\/08\/fitx-fernando-1-1.jpg","type":"image\/jpeg"}],"author":"Club B\u00e0squet Benicarl\u00f3","twitter_card":"summary_large_image","twitter_misc":{"Escrito por":"Club B\u00e0squet Benicarl\u00f3","Tiempo de lectura":"1 minuto"},"schema":{"@context":"https:\/\/schema.org","@graph":[{"@type":"Article","@id":"https:\/\/cbbenicarlo.com\/?p=2472#article","isPartOf":{"@id":"https:\/\/cbbenicarlo.com\/?p=2472"},"author":{"name":"Club B\u00e0squet Benicarl\u00f3","@id":"https:\/\/cbbenicarlo.com\/#\/schema\/person\/200a6bea92870b7adeb1a5c755a793f2"},"headline":"FICHAJE | FERNANDO REVILLA","datePublished":"2024-08-06T14:00:00+00:00","dateModified":"2024-08-06T13:57:33+00:00","mainEntityOfPage":{"@id":"https:\/\/cbbenicarlo.com\/?p=2472"},"wordCount":156,"publisher":{"@id":"https:\/\/cbbenicarlo.com\/#organization"},"articleSection":["Noticias","Primer Equipo"],"inLanguage":"es"},{"@type":"WebPage","@id":"https:\/\/cbbenicarlo.com\/?p=2472","url":"https:\/\/cbbenicarlo.com\/?p=2472","name":"FICHAJE | FERNANDO REVILLA | Club Basquet Benicarl\u00f3","isPartOf":{"@id":"https:\/\/cbbenicarlo.com\/#website"},"datePublished":"2024-08-06T14:00:00+00:00","dateModified":"2024-08-06T13:57:33+00:00","breadcrumb":{"@id":"https:\/\/cbbenicarlo.com\/?p=2472#breadcrumb"},"inLanguage":"es","potentialAction":[{"@type":"ReadAction","target":["https:\/\/cbbenicarlo.com\/?p=2472"]}]},{"@type":"BreadcrumbList","@id":"https:\/\/cbbenicarlo.com\/?p=2472#breadcrumb","itemListElement":[{"@type":"ListItem","position":1,"name":"Portada","item":"https:\/\/cbbenicarlo.com\/"},{"@type":"ListItem","position":2,"name":"FICHAJE | FERNANDO REVILLA"}]},{"@type":"WebSite","@id":"https:\/\/cbbenicarlo.com\/#website","url":"https:\/\/cbbenicarlo.com\/","name":"Club Basquet Benicarl\u00f3","description":"P\u00e1gina Web Oficial","publisher":{"@id":"https:\/\/cbbenicarlo.com\/#organization"},"potentialAction":[{"@type":"SearchAction","target":{"@type":"EntryPoint","urlTemplate":"https:\/\/cbbenicarlo.com\/?s={search_term_string}"},"query-input":"required name=search_term_string"}],"inLanguage":"es"},{"@type":"Organization","@id":"https:\/\/cbbenicarlo.com\/#organization","name":"Club B\u00e0squet Benicarl\u00f3","url":"https:\/\/cbbenicarlo.com\/","logo":{"@type":"ImageObject","inLanguage":"es","@id":"https:\/\/cbbenicarlo.com\/#\/schema\/logo\/image\/","url":"https:\/\/cbbenicarlo.com\/wp-content\/uploads\/2022\/05\/cropped-cropped-cropped-CBBENICARLO2021-22-2.png","contentUrl":"https:\/\/cbbenicarlo.com\/wp-content\/uploads\/2022\/05\/cropped-cropped-cropped-CBBENICARLO2021-22-2.png","width":512,"height":512,"caption":"Club B\u00e0squet Benicarl\u00f3"},"image":{"@id":"https:\/\/cbbenicarlo.com\/#\/schema\/logo\/image\/"}},{"@type":"Person","@id":"https:\/\/cbbenicarlo.com\/#\/schema\/person\/200a6bea92870b7adeb1a5c755a793f2","name":"Club B\u00e0squet Benicarl\u00f3","image":{"@type":"ImageObject","inLanguage":"es","@id":"https:\/\/cbbenicarlo.com\/#\/schema\/person\/image\/","url":"https:\/\/secure.gravatar.com\/avatar\/8aed305f961a70f8934d4ba794f3527a?s=96&d=mm&r=g","contentUrl":"https:\/\/secure.gravatar.com\/avatar\/8aed305f961a70f8934d4ba794f3527a?s=96&d=mm&r=g","caption":"Club B\u00e0squet Benicarl\u00f3"},"url":"https:\/\/cbbenicarlo.com\/?author=1"}]}},"_links":{"self":[{"href":"https:\/\/cbbenicarlo.com\/index.php?rest_route=\/wp\/v2\/posts\/2472"}],"collection":[{"href":"https:\/\/cbbenicarlo.com\/index.php?rest_route=\/wp\/v2\/posts"}],"about":[{"href":"https:\/\/cbbenicarlo.com\/index.php?rest_route=\/wp\/v2\/types\/post"}],"author":[{"embeddable":true,"href":"https:\/\/cbbenicarlo.com\/index.php?rest_route=\/wp\/v2\/users\/1"}],"replies":[{"embeddable":true,"href":"https:\/\/cbbenicarlo.com\/index.php?rest_route=%2Fwp%2Fv2%2Fcomments&post=2472"}],"version-history":[{"count":3,"href":"https:\/\/cbbenicarlo.com\/index.php?rest_route=\/wp\/v2\/posts\/2472\/revisions"}],"predecessor-version":[{"id":2476,"href":"https:\/\/cbbenicarlo.com\/index.php?rest_route=\/wp\/v2\/posts\/2472\/revisions\/2476"}],"wp:featuredmedia":[{"embeddable":true,"href":"https:\/\/cbbenicarlo.com\/index.php?rest_route=\/wp\/v2\/media\/2473"}],"wp:attachment":[{"href":"https:\/\/cbbenicarlo.com\/index.php?rest_route=%2Fwp%2Fv2%2Fmedia&parent=2472"}],"wp:term":[{"taxonomy":"category","embeddable":true,"href":"https:\/\/cbbenicarlo.com\/index.php?rest_route=%2Fwp%2Fv2%2Fcategories&post=2472"},{"taxonomy":"post_tag","embeddable":true,"href":"https:\/\/cbbenicarlo.com\/index.php?rest_route=%2Fwp%2Fv2%2Ftags&post=2472"}],"curies":[{"name":"wp","href":"https:\/\/api.w.org\/{rel}","templated":true}]}}