{"id":2405,"date":"2024-07-23T16:08:52","date_gmt":"2024-07-23T14:08:52","guid":{"rendered":"https:\/\/cbbenicarlo.com\/?p=2405"},"modified":"2024-07-23T16:08:54","modified_gmt":"2024-07-23T14:08:54","slug":"anthony-libroia-renovado","status":"publish","type":"post","link":"https:\/\/cbbenicarlo.com\/?p=2405","title":{"rendered":"ANTHONY LIBROIA, RENOVADO"},"content":{"rendered":"\n<p>Uno de los mejores bases de la Segunda FEB, y el que fue el MVP de nuestro equipo la temporada pasada, renueva el compromiso con el Maderas Sorl\u00ed Benicarl\u00f3 por tercera temporada consecutiva.<\/p>\n\n\n\n<p>Libroia se ha convertido en una de las piezas clave de nuestro proyecto, y su renovaci\u00f3n ha sido una prioridad tanto para el staff como para la directiva, junto a la del ya renovado Fausto Ruesga.<\/p>\n\n\n\n<p>Anthony cumplir\u00e1 la novena temporada en Segunda FEB. Su liderazgo y experiencia en el campo ha sido indispensable a la hora de disputar cada uno de los encuentros. Destaca por su explosividad, verticalidad al aro y su manejo de bal\u00f3n.<\/p>\n\n\n\n<p>Las estad\u00edsticas medias de Libroia las \u00faltimas 2 temporasas con el @cbbenicarlo son las siguientes:<\/p>\n\n\n\n<ul>\n<li>54 partidos oficiales.<\/li>\n\n\n\n<li>27 minutos por partido<\/li>\n\n\n\n<li>12\u20192 puntos.<\/li>\n\n\n\n<li>6\u20193 asistencias<\/li>\n\n\n\n<li>15\u20195 de valoraci\u00f3n media<\/li>\n<\/ul>\n\n\n\n<p>\u00a1Volveremos a disfrutar de la calidad de nuestro Libroia una temporada mas! \u00a1Gracias por la confianza depositada en el proyecto!<\/p>\n\n\n<figure class=\"wp-block-post-featured-image\"><img loading=\"lazy\" width=\"1080\" height=\"1080\" src=\"https:\/\/cbbenicarlo.com\/wp-content\/uploads\/2024\/07\/Copia-de-RENOV-LIBROIA-2-1.jpg\" class=\"attachment-post-thumbnail size-post-thumbnail wp-post-image\" alt=\"\" decoding=\"async\" loading=\"lazy\" srcset=\"https:\/\/cbbenicarlo.com\/wp-content\/uploads\/2024\/07\/Copia-de-RENOV-LIBROIA-2-1.jpg 1080w, https:\/\/cbbenicarlo.com\/wp-content\/uploads\/2024\/07\/Copia-de-RENOV-LIBROIA-2-1-300x300.jpg 300w, https:\/\/cbbenicarlo.com\/wp-content\/uploads\/2024\/07\/Copia-de-RENOV-LIBROIA-2-1-1024x1024.jpg 1024w, https:\/\/cbbenicarlo.com\/wp-content\/uploads\/2024\/07\/Copia-de-RENOV-LIBROIA-2-1-150x150.jpg 150w, https:\/\/cbbenicarlo.com\/wp-content\/uploads\/2024\/07\/Copia-de-RENOV-LIBROIA-2-1-768x768.jpg 768w, https:\/\/cbbenicarlo.com\/wp-content\/uploads\/2024\/07\/Copia-de-RENOV-LIBROIA-2-1-600x600.jpg 600w, https:\/\/cbbenicarlo.com\/wp-content\/uploads\/2024\/07\/Copia-de-RENOV-LIBROIA-2-1-128x128.jpg 128w, https:\/\/cbbenicarlo.com\/wp-content\/uploads\/2024\/07\/Copia-de-RENOV-LIBROIA-2-1-32x32.jpg 32w\" sizes=\"(max-width: 1080px) 100vw, 1080px\" \/><\/figure>","protected":false},"excerpt":{"rendered":"<p>Uno de los mejores bases de la Segunda FEB, y el que fue el MVP de nuestro equipo la temporada pasada, renueva el compromiso con el Maderas Sorl\u00ed Benicarl\u00f3 por tercera temporada consecutiva. Libroia se ha convertido en una de las piezas clave de nuestro proyecto, y su renovaci\u00f3n ha sido una prioridad tanto para el staff como para la directiva, junto a la del ya renovado Fausto Ruesga. Anthony cumplir\u00e1 la novena temporada en Segunda FEB. Su liderazgo y experiencia en el campo ha sido indispensable a la hora de disputar cada uno de los encuentros. Destaca por su explosividad, verticalidad al aro y su manejo de bal\u00f3n. Las estad\u00edsticas medias de Libroia las \u00faltimas 2 temporasas con el @cbbenicarlo son las siguientes: \u00a1Volveremos a disfrutar de la calidad de nuestro Libroia una temporada mas! \u00a1Gracias por la confianza depositada en el proyecto!<\/p>\n","protected":false},"author":1,"featured_media":2406,"comment_status":"closed","ping_status":"closed","sticky":false,"template":"","format":"standard","meta":{"_eb_attr":""},"categories":[65,1],"tags":[],"yoast_head":"<!-- This site is optimized with the Yoast SEO plugin v21.1 - https:\/\/yoast.com\/wordpress\/plugins\/seo\/ -->\n<title>ANTHONY LIBROIA, RENOVADO | Club Basquet Benicarl\u00f3<\/title>\n<meta name=\"robots\" content=\"index, follow, max-snippet:-1, max-image-preview:large, max-video-preview:-1\" \/>\n<link rel=\"canonical\" href=\"https:\/\/cbbenicarlo.com\/?p=2405\" \/>\n<meta property=\"og:locale\" content=\"es_ES\" \/>\n<meta property=\"og:type\" content=\"article\" \/>\n<meta property=\"og:title\" content=\"ANTHONY LIBROIA, RENOVADO | Club Basquet Benicarl\u00f3\" \/>\n<meta property=\"og:description\" content=\"Uno de los mejores bases de la Segunda FEB, y el que fue el MVP de nuestro equipo la temporada pasada, renueva el compromiso con el Maderas Sorl\u00ed Benicarl\u00f3 por tercera temporada consecutiva. Libroia se ha convertido en una de las piezas clave de nuestro proyecto, y su renovaci\u00f3n ha sido una prioridad tanto para el staff como para la directiva, junto a la del ya renovado Fausto Ruesga. Anthony cumplir\u00e1 la novena temporada en Segunda FEB. Su liderazgo y experiencia en el campo ha sido indispensable a la hora de disputar cada uno de los encuentros. Destaca por su explosividad, verticalidad al aro y su manejo de bal\u00f3n. Las estad\u00edsticas medias de Libroia las \u00faltimas 2 temporasas con el @cbbenicarlo son las siguientes: \u00a1Volveremos a disfrutar de la calidad de nuestro Libroia una temporada mas! \u00a1Gracias por la confianza depositada en el proyecto!\" \/>\n<meta property=\"og:url\" content=\"https:\/\/cbbenicarlo.com\/?p=2405\" \/>\n<meta property=\"og:site_name\" content=\"Club Basquet Benicarl\u00f3\" \/>\n<meta property=\"article:published_time\" content=\"2024-07-23T14:08:52+00:00\" \/>\n<meta property=\"article:modified_time\" content=\"2024-07-23T14:08:54+00:00\" \/>\n<meta property=\"og:image\" content=\"https:\/\/cbbenicarlo.com\/wp-content\/uploads\/2024\/07\/Copia-de-RENOV-LIBROIA-2-1.jpg\" \/>\n\t<meta property=\"og:image:width\" content=\"1080\" \/>\n\t<meta property=\"og:image:height\" content=\"1080\" \/>\n\t<meta property=\"og:image:type\" content=\"image\/jpeg\" \/>\n<meta name=\"author\" content=\"Club B\u00e0squet Benicarl\u00f3\" \/>\n<meta name=\"twitter:card\" content=\"summary_large_image\" \/>\n<meta name=\"twitter:label1\" content=\"Escrito por\" \/>\n\t<meta name=\"twitter:data1\" content=\"Club B\u00e0squet Benicarl\u00f3\" \/>\n\t<meta name=\"twitter:label2\" content=\"Tiempo de lectura\" \/>\n\t<meta name=\"twitter:data2\" content=\"1 minuto\" \/>\n<script type=\"application\/ld+json\" class=\"yoast-schema-graph\">{\"@context\":\"https:\/\/schema.org\",\"@graph\":[{\"@type\":\"Article\",\"@id\":\"https:\/\/cbbenicarlo.com\/?p=2405#article\",\"isPartOf\":{\"@id\":\"https:\/\/cbbenicarlo.com\/?p=2405\"},\"author\":{\"name\":\"Club B\u00e0squet Benicarl\u00f3\",\"@id\":\"https:\/\/cbbenicarlo.com\/#\/schema\/person\/200a6bea92870b7adeb1a5c755a793f2\"},\"headline\":\"ANTHONY LIBROIA, RENOVADO\",\"datePublished\":\"2024-07-23T14:08:52+00:00\",\"dateModified\":\"2024-07-23T14:08:54+00:00\",\"mainEntityOfPage\":{\"@id\":\"https:\/\/cbbenicarlo.com\/?p=2405\"},\"wordCount\":160,\"publisher\":{\"@id\":\"https:\/\/cbbenicarlo.com\/#organization\"},\"articleSection\":[\"Noticias\",\"Primer Equipo\"],\"inLanguage\":\"es\"},{\"@type\":\"WebPage\",\"@id\":\"https:\/\/cbbenicarlo.com\/?p=2405\",\"url\":\"https:\/\/cbbenicarlo.com\/?p=2405\",\"name\":\"ANTHONY LIBROIA, RENOVADO | Club Basquet Benicarl\u00f3\",\"isPartOf\":{\"@id\":\"https:\/\/cbbenicarlo.com\/#website\"},\"datePublished\":\"2024-07-23T14:08:52+00:00\",\"dateModified\":\"2024-07-23T14:08:54+00:00\",\"breadcrumb\":{\"@id\":\"https:\/\/cbbenicarlo.com\/?p=2405#breadcrumb\"},\"inLanguage\":\"es\",\"potentialAction\":[{\"@type\":\"ReadAction\",\"target\":[\"https:\/\/cbbenicarlo.com\/?p=2405\"]}]},{\"@type\":\"BreadcrumbList\",\"@id\":\"https:\/\/cbbenicarlo.com\/?p=2405#breadcrumb\",\"itemListElement\":[{\"@type\":\"ListItem\",\"position\":1,\"name\":\"Portada\",\"item\":\"https:\/\/cbbenicarlo.com\/\"},{\"@type\":\"ListItem\",\"position\":2,\"name\":\"ANTHONY LIBROIA, RENOVADO\"}]},{\"@type\":\"WebSite\",\"@id\":\"https:\/\/cbbenicarlo.com\/#website\",\"url\":\"https:\/\/cbbenicarlo.com\/\",\"name\":\"Club Basquet Benicarl\u00f3\",\"description\":\"P\u00e1gina Web Oficial\",\"publisher\":{\"@id\":\"https:\/\/cbbenicarlo.com\/#organization\"},\"potentialAction\":[{\"@type\":\"SearchAction\",\"target\":{\"@type\":\"EntryPoint\",\"urlTemplate\":\"https:\/\/cbbenicarlo.com\/?s={search_term_string}\"},\"query-input\":\"required name=search_term_string\"}],\"inLanguage\":\"es\"},{\"@type\":\"Organization\",\"@id\":\"https:\/\/cbbenicarlo.com\/#organization\",\"name\":\"Club B\u00e0squet Benicarl\u00f3\",\"url\":\"https:\/\/cbbenicarlo.com\/\",\"logo\":{\"@type\":\"ImageObject\",\"inLanguage\":\"es\",\"@id\":\"https:\/\/cbbenicarlo.com\/#\/schema\/logo\/image\/\",\"url\":\"https:\/\/cbbenicarlo.com\/wp-content\/uploads\/2022\/05\/cropped-cropped-cropped-CBBENICARLO2021-22-2.png\",\"contentUrl\":\"https:\/\/cbbenicarlo.com\/wp-content\/uploads\/2022\/05\/cropped-cropped-cropped-CBBENICARLO2021-22-2.png\",\"width\":512,\"height\":512,\"caption\":\"Club B\u00e0squet Benicarl\u00f3\"},\"image\":{\"@id\":\"https:\/\/cbbenicarlo.com\/#\/schema\/logo\/image\/\"}},{\"@type\":\"Person\",\"@id\":\"https:\/\/cbbenicarlo.com\/#\/schema\/person\/200a6bea92870b7adeb1a5c755a793f2\",\"name\":\"Club B\u00e0squet Benicarl\u00f3\",\"image\":{\"@type\":\"ImageObject\",\"inLanguage\":\"es\",\"@id\":\"https:\/\/cbbenicarlo.com\/#\/schema\/person\/image\/\",\"url\":\"https:\/\/secure.gravatar.com\/avatar\/8aed305f961a70f8934d4ba794f3527a?s=96&d=mm&r=g\",\"contentUrl\":\"https:\/\/secure.gravatar.com\/avatar\/8aed305f961a70f8934d4ba794f3527a?s=96&d=mm&r=g\",\"caption\":\"Club B\u00e0squet Benicarl\u00f3\"},\"url\":\"https:\/\/cbbenicarlo.com\/?author=1\"}]}<\/script>\n<!-- \/ Yoast SEO plugin. -->","yoast_head_json":{"title":"ANTHONY LIBROIA, RENOVADO | Club Basquet Benicarl\u00f3","robots":{"index":"index","follow":"follow","max-snippet":"max-snippet:-1","max-image-preview":"max-image-preview:large","max-video-preview":"max-video-preview:-1"},"canonical":"https:\/\/cbbenicarlo.com\/?p=2405","og_locale":"es_ES","og_type":"article","og_title":"ANTHONY LIBROIA, RENOVADO | Club Basquet Benicarl\u00f3","og_description":"Uno de los mejores bases de la Segunda FEB, y el que fue el MVP de nuestro equipo la temporada pasada, renueva el compromiso con el Maderas Sorl\u00ed Benicarl\u00f3 por tercera temporada consecutiva. Libroia se ha convertido en una de las piezas clave de nuestro proyecto, y su renovaci\u00f3n ha sido una prioridad tanto para el staff como para la directiva, junto a la del ya renovado Fausto Ruesga. Anthony cumplir\u00e1 la novena temporada en Segunda FEB. Su liderazgo y experiencia en el campo ha sido indispensable a la hora de disputar cada uno de los encuentros. Destaca por su explosividad, verticalidad al aro y su manejo de bal\u00f3n. Las estad\u00edsticas medias de Libroia las \u00faltimas 2 temporasas con el @cbbenicarlo son las siguientes: \u00a1Volveremos a disfrutar de la calidad de nuestro Libroia una temporada mas! \u00a1Gracias por la confianza depositada en el proyecto!","og_url":"https:\/\/cbbenicarlo.com\/?p=2405","og_site_name":"Club Basquet Benicarl\u00f3","article_published_time":"2024-07-23T14:08:52+00:00","article_modified_time":"2024-07-23T14:08:54+00:00","og_image":[{"width":1080,"height":1080,"url":"https:\/\/cbbenicarlo.com\/wp-content\/uploads\/2024\/07\/Copia-de-RENOV-LIBROIA-2-1.jpg","type":"image\/jpeg"}],"author":"Club B\u00e0squet Benicarl\u00f3","twitter_card":"summary_large_image","twitter_misc":{"Escrito por":"Club B\u00e0squet Benicarl\u00f3","Tiempo de lectura":"1 minuto"},"schema":{"@context":"https:\/\/schema.org","@graph":[{"@type":"Article","@id":"https:\/\/cbbenicarlo.com\/?p=2405#article","isPartOf":{"@id":"https:\/\/cbbenicarlo.com\/?p=2405"},"author":{"name":"Club B\u00e0squet Benicarl\u00f3","@id":"https:\/\/cbbenicarlo.com\/#\/schema\/person\/200a6bea92870b7adeb1a5c755a793f2"},"headline":"ANTHONY LIBROIA, RENOVADO","datePublished":"2024-07-23T14:08:52+00:00","dateModified":"2024-07-23T14:08:54+00:00","mainEntityOfPage":{"@id":"https:\/\/cbbenicarlo.com\/?p=2405"},"wordCount":160,"publisher":{"@id":"https:\/\/cbbenicarlo.com\/#organization"},"articleSection":["Noticias","Primer Equipo"],"inLanguage":"es"},{"@type":"WebPage","@id":"https:\/\/cbbenicarlo.com\/?p=2405","url":"https:\/\/cbbenicarlo.com\/?p=2405","name":"ANTHONY LIBROIA, RENOVADO | Club Basquet Benicarl\u00f3","isPartOf":{"@id":"https:\/\/cbbenicarlo.com\/#website"},"datePublished":"2024-07-23T14:08:52+00:00","dateModified":"2024-07-23T14:08:54+00:00","breadcrumb":{"@id":"https:\/\/cbbenicarlo.com\/?p=2405#breadcrumb"},"inLanguage":"es","potentialAction":[{"@type":"ReadAction","target":["https:\/\/cbbenicarlo.com\/?p=2405"]}]},{"@type":"BreadcrumbList","@id":"https:\/\/cbbenicarlo.com\/?p=2405#breadcrumb","itemListElement":[{"@type":"ListItem","position":1,"name":"Portada","item":"https:\/\/cbbenicarlo.com\/"},{"@type":"ListItem","position":2,"name":"ANTHONY LIBROIA, RENOVADO"}]},{"@type":"WebSite","@id":"https:\/\/cbbenicarlo.com\/#website","url":"https:\/\/cbbenicarlo.com\/","name":"Club Basquet Benicarl\u00f3","description":"P\u00e1gina Web Oficial","publisher":{"@id":"https:\/\/cbbenicarlo.com\/#organization"},"potentialAction":[{"@type":"SearchAction","target":{"@type":"EntryPoint","urlTemplate":"https:\/\/cbbenicarlo.com\/?s={search_term_string}"},"query-input":"required name=search_term_string"}],"inLanguage":"es"},{"@type":"Organization","@id":"https:\/\/cbbenicarlo.com\/#organization","name":"Club B\u00e0squet Benicarl\u00f3","url":"https:\/\/cbbenicarlo.com\/","logo":{"@type":"ImageObject","inLanguage":"es","@id":"https:\/\/cbbenicarlo.com\/#\/schema\/logo\/image\/","url":"https:\/\/cbbenicarlo.com\/wp-content\/uploads\/2022\/05\/cropped-cropped-cropped-CBBENICARLO2021-22-2.png","contentUrl":"https:\/\/cbbenicarlo.com\/wp-content\/uploads\/2022\/05\/cropped-cropped-cropped-CBBENICARLO2021-22-2.png","width":512,"height":512,"caption":"Club B\u00e0squet Benicarl\u00f3"},"image":{"@id":"https:\/\/cbbenicarlo.com\/#\/schema\/logo\/image\/"}},{"@type":"Person","@id":"https:\/\/cbbenicarlo.com\/#\/schema\/person\/200a6bea92870b7adeb1a5c755a793f2","name":"Club B\u00e0squet Benicarl\u00f3","image":{"@type":"ImageObject","inLanguage":"es","@id":"https:\/\/cbbenicarlo.com\/#\/schema\/person\/image\/","url":"https:\/\/secure.gravatar.com\/avatar\/8aed305f961a70f8934d4ba794f3527a?s=96&d=mm&r=g","contentUrl":"https:\/\/secure.gravatar.com\/avatar\/8aed305f961a70f8934d4ba794f3527a?s=96&d=mm&r=g","caption":"Club B\u00e0squet Benicarl\u00f3"},"url":"https:\/\/cbbenicarlo.com\/?author=1"}]}},"_links":{"self":[{"href":"https:\/\/cbbenicarlo.com\/index.php?rest_route=\/wp\/v2\/posts\/2405"}],"collection":[{"href":"https:\/\/cbbenicarlo.com\/index.php?rest_route=\/wp\/v2\/posts"}],"about":[{"href":"https:\/\/cbbenicarlo.com\/index.php?rest_route=\/wp\/v2\/types\/post"}],"author":[{"embeddable":true,"href":"https:\/\/cbbenicarlo.com\/index.php?rest_route=\/wp\/v2\/users\/1"}],"replies":[{"embeddable":true,"href":"https:\/\/cbbenicarlo.com\/index.php?rest_route=%2Fwp%2Fv2%2Fcomments&post=2405"}],"version-history":[{"count":1,"href":"https:\/\/cbbenicarlo.com\/index.php?rest_route=\/wp\/v2\/posts\/2405\/revisions"}],"predecessor-version":[{"id":2407,"href":"https:\/\/cbbenicarlo.com\/index.php?rest_route=\/wp\/v2\/posts\/2405\/revisions\/2407"}],"wp:featuredmedia":[{"embeddable":true,"href":"https:\/\/cbbenicarlo.com\/index.php?rest_route=\/wp\/v2\/media\/2406"}],"wp:attachment":[{"href":"https:\/\/cbbenicarlo.com\/index.php?rest_route=%2Fwp%2Fv2%2Fmedia&parent=2405"}],"wp:term":[{"taxonomy":"category","embeddable":true,"href":"https:\/\/cbbenicarlo.com\/index.php?rest_route=%2Fwp%2Fv2%2Fcategories&post=2405"},{"taxonomy":"post_tag","embeddable":true,"href":"https:\/\/cbbenicarlo.com\/index.php?rest_route=%2Fwp%2Fv2%2Ftags&post=2405"}],"curies":[{"name":"wp","href":"https:\/\/api.w.org\/{rel}","templated":true}]}}