{"id":2355,"date":"2024-06-07T15:07:38","date_gmt":"2024-06-07T13:07:38","guid":{"rendered":"https:\/\/cbbenicarlo.com\/?p=2355"},"modified":"2024-06-07T15:07:39","modified_gmt":"2024-06-07T13:07:39","slug":"%e2%9c%8d%ef%b8%8f-%f0%9d%97%99%f0%9d%97%94%f0%9d%97%a8%f0%9d%97%a6%f0%9d%97%a7%f0%9d%97%a2-%f0%9d%97%a5%f0%9d%97%a8%f0%9d%97%98%f0%9d%97%a6%f0%9d%97%9a%f0%9d%97%94-%f0%9d%97%a5%f0%9d%97%98","status":"publish","type":"post","link":"https:\/\/cbbenicarlo.com\/?p=2355","title":{"rendered":"\u270d\ufe0f \ud835\uddd9\ud835\uddd4\ud835\udde8\ud835\udde6\ud835\udde7\ud835\udde2 \ud835\udde5\ud835\udde8\ud835\uddd8\ud835\udde6\ud835\uddda\ud835\uddd4, \ud835\udde5\ud835\uddd8\ud835\udde1\ud835\udde2\ud835\udde9\ud835\uddd4\ud835\uddd7\ud835\udde2"},"content":{"rendered":"\n<p>\u2705 El alero argentino seguir\u00e1, \ud835\uddfd\ud835\uddfc\ud835\uddff \ud835\udde7\ud835\uddd8\ud835\udde5\ud835\uddd6\ud835\uddd8\ud835\udde5\ud835\uddd4 \ud835\udde7\ud835\uddd8\ud835\udde0\ud835\udde3\ud835\udde2\ud835\udde5\ud835\uddd4\ud835\uddd7\ud835\uddd4 \ud835\uddd6\ud835\udde2\ud835\udde1\ud835\udde6\ud835\uddd8\ud835\uddd6\ud835\udde8\ud835\udde7\ud835\udddc\ud835\udde9\ud835\uddd4, en el proyecto del\u00a0Maderas Sorl\u00ed Benicarl\u00f3.<\/p>\n\n\n\n<p>\u27a1\ufe0f Desde la direcci\u00f3n del club estamos muy \ud835\uddf0\ud835\uddfc\ud835\uddfb\ud835\ude01\ud835\uddf2\ud835\uddfb\ud835\ude01\ud835\uddfc\ud835\ude00 de presentar la renovaci\u00f3n de Fausto para la temporada 24-25. Fausto es, sin duda, uno de los mejores \ud835\uddf7\ud835\ude02\ud835\uddf4\ud835\uddee\ud835\uddf1\ud835\uddfc\ud835\uddff\ud835\uddf2\ud835\ude00 del equipo, siendo una pieza fundamental para la confecci\u00f3n de nuestra \ud835\uddfd\ud835\uddf9\ud835\uddee\ud835\uddfb\ud835\ude01\ud835\uddf6\ud835\uddf9\ud835\uddf9\ud835\uddee.<\/p>\n\n\n\n<p>\ud83d\udd25Ruesga ha sido, esta pasada temporada, el \ud835\ude00\ud835\uddf2\ud835\uddf4\ud835\ude02\ud835\uddfb\ud835\uddf1\ud835\uddfc \ud835\uddf7\ud835\ude02\ud835\uddf4\ud835\uddee\ud835\uddf1\ud835\uddfc\ud835\uddff \ud835\uddfa\ud835\uddee\u0301\ud835\ude00 \ud835\ude03\ud835\uddee\ud835\uddf9\ud835\uddfc\ud835\uddff\ud835\uddee\ud835\uddf1\ud835\uddfc del equipo por detr\u00e1s de Anthony Libroia. En la temporada 22-23 fue el jugador m\u00e1s valorado del equipo.<\/p>\n\n\n\n<p>Las \ud835\uddf2\ud835\ude00\ud835\ude01\ud835\uddee\ud835\uddf1\ud835\uddf6\ud835\ude00\ud835\ude01\ud835\uddf6\ud835\uddf0\ud835\uddee\ud835\ude00 medias de Fausto con el\u00a0equipo durante estas dos temporadas son:<\/p>\n\n\n<figure class=\"wp-block-post-featured-image\"><img loading=\"lazy\" width=\"1080\" height=\"1080\" src=\"https:\/\/cbbenicarlo.com\/wp-content\/uploads\/2024\/06\/prova-renovat-3-3.jpg\" class=\"attachment-post-thumbnail size-post-thumbnail wp-post-image\" alt=\"\" decoding=\"async\" loading=\"lazy\" srcset=\"https:\/\/cbbenicarlo.com\/wp-content\/uploads\/2024\/06\/prova-renovat-3-3.jpg 1080w, https:\/\/cbbenicarlo.com\/wp-content\/uploads\/2024\/06\/prova-renovat-3-3-300x300.jpg 300w, https:\/\/cbbenicarlo.com\/wp-content\/uploads\/2024\/06\/prova-renovat-3-3-1024x1024.jpg 1024w, https:\/\/cbbenicarlo.com\/wp-content\/uploads\/2024\/06\/prova-renovat-3-3-150x150.jpg 150w, https:\/\/cbbenicarlo.com\/wp-content\/uploads\/2024\/06\/prova-renovat-3-3-768x768.jpg 768w, https:\/\/cbbenicarlo.com\/wp-content\/uploads\/2024\/06\/prova-renovat-3-3-600x600.jpg 600w, https:\/\/cbbenicarlo.com\/wp-content\/uploads\/2024\/06\/prova-renovat-3-3-128x128.jpg 128w, https:\/\/cbbenicarlo.com\/wp-content\/uploads\/2024\/06\/prova-renovat-3-3-32x32.jpg 32w\" sizes=\"(max-width: 1080px) 100vw, 1080px\" \/><\/figure>\n\n\n<p>\ud83c\udfc0 \ud835\udff1\ud835\udfef \ud835\uddfd\ud835\uddee\ud835\uddff\ud835\ude01\ud835\uddf6\ud835\uddf1\ud835\uddfc\ud835\ude00 \ud835\uddfc\ud835\uddf3\ud835\uddf6\ud835\uddf0\ud835\uddf6\ud835\uddee\ud835\uddf9\ud835\uddf2\ud835\ude00 \ud835\uddf7\ud835\ude02\ud835\uddf4\ud835\uddee\ud835\uddf1\ud835\uddfc\ud835\ude00.<br>\ud83c\udfc0 \ud835\udfee\ud835\udff2 \ud835\uddfa\ud835\uddf6\ud835\uddfb\ud835\ude02\ud835\ude01\ud835\uddfc\ud835\ude00 \ud835\uddfd\ud835\uddfc\ud835\uddff \ud835\uddfd\ud835\uddee\ud835\uddff\ud835\ude01\ud835\uddf6\ud835\uddf1\ud835\uddfc.<br>\ud83c\udfc0 \ud835\udfed\ud835\udfee&#8217;\ud835\udff1 \ud835\uddfd\ud835\ude02\ud835\uddfb\ud835\ude01\ud835\uddfc\ud835\ude00 \ud835\uddfd\ud835\uddfc\ud835\uddff \ud835\uddfd\ud835\uddee\ud835\uddff\ud835\ude01\ud835\uddf6\ud835\uddf1\ud835\uddfc.<br>\ud83c\udfc0 \ud835\udff1&#8217;\ud835\udff3 \ud835\uddff\ud835\uddf2\ud835\uddef\ud835\uddfc\ud835\ude01\ud835\uddf2\ud835\ude00 \ud835\uddfd\ud835\uddfc\ud835\uddff \ud835\uddfd\ud835\uddee\ud835\uddff\ud835\ude01\ud835\uddf6\ud835\uddf1\ud835\uddfc.<br>\ud83c\udfc0 \ud835\udfed\ud835\udff0&#8217;\ud835\udfee \ud835\ude03\ud835\uddee\ud835\uddf9\ud835\uddfc\ud835\uddff\ud835\uddee\ud835\uddf0\ud835\uddf6\ud835\uddfc\ud835\uddfb\ud835\uddf2\ud835\ude00 \ud835\uddf1\ud835\uddf2 \ud835\uddfa\ud835\uddf2\ud835\uddf1\ud835\uddf6\ud835\uddee.<\/p>\n\n\n\n<p>\ud83d\ude09 \u00a1Volveremos a disfrutar de la calidad de nuestro argentino \ud835\uddf3\ud835\uddee\ud835\ude03\ud835\uddfc\ud835\uddff\ud835\uddf6\ud835\ude01\ud835\uddfc una temporada mas! \u00a1Gracias por la confianza depositada en el proyecto, Fausto! \ud83e\uddc9<\/p>\n\n\n\n<p><a href=\"https:\/\/www.instagram.com\/explore\/tags\/todoalrojo\/\">#TodoAlRojo<\/a>&nbsp;\ud83d\udd34<\/p>\n","protected":false},"excerpt":{"rendered":"<p>\u2705 El alero argentino seguir\u00e1, \ud835\uddfd\ud835\uddfc\ud835\uddff \ud835\udde7\ud835\uddd8\ud835\udde5\ud835\uddd6\ud835\uddd8\ud835\udde5\ud835\uddd4 \ud835\udde7\ud835\uddd8\ud835\udde0\ud835\udde3\ud835\udde2\ud835\udde5\ud835\uddd4\ud835\uddd7\ud835\uddd4 \ud835\uddd6\ud835\udde2\ud835\udde1\ud835\udde6\ud835\uddd8\ud835\uddd6\ud835\udde8\ud835\udde7\ud835\udddc\ud835\udde9\ud835\uddd4, en el proyecto del\u00a0Maderas Sorl\u00ed Benicarl\u00f3. \u27a1\ufe0f Desde la direcci\u00f3n del club estamos muy \ud835\uddf0\ud835\uddfc\ud835\uddfb\ud835\ude01\ud835\uddf2\ud835\uddfb\ud835\ude01\ud835\uddfc\ud835\ude00 de presentar la renovaci\u00f3n de Fausto para la temporada 24-25. Fausto es, sin duda, uno de los mejores \ud835\uddf7\ud835\ude02\ud835\uddf4\ud835\uddee\ud835\uddf1\ud835\uddfc\ud835\uddff\ud835\uddf2\ud835\ude00 del equipo, siendo una pieza fundamental para la confecci\u00f3n de nuestra \ud835\uddfd\ud835\uddf9\ud835\uddee\ud835\uddfb\ud835\ude01\ud835\uddf6\ud835\uddf9\ud835\uddf9\ud835\uddee. \ud83d\udd25Ruesga ha sido, esta pasada temporada, el \ud835\ude00\ud835\uddf2\ud835\uddf4\ud835\ude02\ud835\uddfb\ud835\uddf1\ud835\uddfc \ud835\uddf7\ud835\ude02\ud835\uddf4\ud835\uddee\ud835\uddf1\ud835\uddfc\ud835\uddff \ud835\uddfa\ud835\uddee\u0301\ud835\ude00 \ud835\ude03\ud835\uddee\ud835\uddf9\ud835\uddfc\ud835\uddff\ud835\uddee\ud835\uddf1\ud835\uddfc del equipo por detr\u00e1s de Anthony Libroia. En la temporada 22-23 fue el jugador m\u00e1s valorado del equipo. Las \ud835\uddf2\ud835\ude00\ud835\ude01\ud835\uddee\ud835\uddf1\ud835\uddf6\ud835\ude00\ud835\ude01\ud835\uddf6\ud835\uddf0\ud835\uddee\ud835\ude00 medias de Fausto con el\u00a0equipo durante estas dos temporadas son: \ud83c\udfc0 \ud835\udff1\ud835\udfef \ud835\uddfd\ud835\uddee\ud835\uddff\ud835\ude01\ud835\uddf6\ud835\uddf1\ud835\uddfc\ud835\ude00 \ud835\uddfc\ud835\uddf3\ud835\uddf6\ud835\uddf0\ud835\uddf6\ud835\uddee\ud835\uddf9\ud835\uddf2\ud835\ude00 \ud835\uddf7\ud835\ude02\ud835\uddf4\ud835\uddee\ud835\uddf1\ud835\uddfc\ud835\ude00.\ud83c\udfc0 \ud835\udfee\ud835\udff2 \ud835\uddfa\ud835\uddf6\ud835\uddfb\ud835\ude02\ud835\ude01\ud835\uddfc\ud835\ude00 \ud835\uddfd\ud835\uddfc\ud835\uddff \ud835\uddfd\ud835\uddee\ud835\uddff\ud835\ude01\ud835\uddf6\ud835\uddf1\ud835\uddfc.\ud83c\udfc0 \ud835\udfed\ud835\udfee&#8217;\ud835\udff1 \ud835\uddfd\ud835\ude02\ud835\uddfb\ud835\ude01\ud835\uddfc\ud835\ude00 \ud835\uddfd\ud835\uddfc\ud835\uddff \ud835\uddfd\ud835\uddee\ud835\uddff\ud835\ude01\ud835\uddf6\ud835\uddf1\ud835\uddfc.\ud83c\udfc0 \ud835\udff1&#8217;\ud835\udff3 \ud835\uddff\ud835\uddf2\ud835\uddef\ud835\uddfc\ud835\ude01\ud835\uddf2\ud835\ude00 \ud835\uddfd\ud835\uddfc\ud835\uddff \ud835\uddfd\ud835\uddee\ud835\uddff\ud835\ude01\ud835\uddf6\ud835\uddf1\ud835\uddfc.\ud83c\udfc0 \ud835\udfed\ud835\udff0&#8217;\ud835\udfee \ud835\ude03\ud835\uddee\ud835\uddf9\ud835\uddfc\ud835\uddff\ud835\uddee\ud835\uddf0\ud835\uddf6\ud835\uddfc\ud835\uddfb\ud835\uddf2\ud835\ude00 \ud835\uddf1\ud835\uddf2 \ud835\uddfa\ud835\uddf2\ud835\uddf1\ud835\uddf6\ud835\uddee. \ud83d\ude09 \u00a1Volveremos a disfrutar de la calidad de nuestro argentino \ud835\uddf3\ud835\uddee\ud835\ude03\ud835\uddfc\ud835\uddff\ud835\uddf6\ud835\ude01\ud835\uddfc una temporada mas! \u00a1Gracias por la confianza depositada en el proyecto, Fausto! \ud83e\uddc9 #TodoAlRojo&nbsp;\ud83d\udd34<\/p>\n","protected":false},"author":1,"featured_media":2356,"comment_status":"closed","ping_status":"closed","sticky":false,"template":"","format":"standard","meta":{"_eb_attr":""},"categories":[16,65,1],"tags":[],"yoast_head":"<!-- This site is optimized with the Yoast SEO plugin v21.1 - https:\/\/yoast.com\/wordpress\/plugins\/seo\/ -->\n<title>\u270d\ufe0f \ud835\uddd9\ud835\uddd4\ud835\udde8\ud835\udde6\ud835\udde7\ud835\udde2 \ud835\udde5\ud835\udde8\ud835\uddd8\ud835\udde6\ud835\uddda\ud835\uddd4, \ud835\udde5\ud835\uddd8\ud835\udde1\ud835\udde2\ud835\udde9\ud835\uddd4\ud835\uddd7\ud835\udde2 | Club Basquet Benicarl\u00f3<\/title>\n<meta name=\"robots\" content=\"index, follow, max-snippet:-1, max-image-preview:large, max-video-preview:-1\" \/>\n<link rel=\"canonical\" href=\"https:\/\/cbbenicarlo.com\/?p=2355\" \/>\n<meta property=\"og:locale\" content=\"es_ES\" \/>\n<meta property=\"og:type\" content=\"article\" \/>\n<meta property=\"og:title\" content=\"\u270d\ufe0f \ud835\uddd9\ud835\uddd4\ud835\udde8\ud835\udde6\ud835\udde7\ud835\udde2 \ud835\udde5\ud835\udde8\ud835\uddd8\ud835\udde6\ud835\uddda\ud835\uddd4, \ud835\udde5\ud835\uddd8\ud835\udde1\ud835\udde2\ud835\udde9\ud835\uddd4\ud835\uddd7\ud835\udde2 | Club Basquet Benicarl\u00f3\" \/>\n<meta property=\"og:description\" content=\"\u2705 El alero argentino seguir\u00e1, \ud835\uddfd\ud835\uddfc\ud835\uddff \ud835\udde7\ud835\uddd8\ud835\udde5\ud835\uddd6\ud835\uddd8\ud835\udde5\ud835\uddd4 \ud835\udde7\ud835\uddd8\ud835\udde0\ud835\udde3\ud835\udde2\ud835\udde5\ud835\uddd4\ud835\uddd7\ud835\uddd4 \ud835\uddd6\ud835\udde2\ud835\udde1\ud835\udde6\ud835\uddd8\ud835\uddd6\ud835\udde8\ud835\udde7\ud835\udddc\ud835\udde9\ud835\uddd4, en el proyecto del\u00a0Maderas Sorl\u00ed Benicarl\u00f3. \u27a1\ufe0f Desde la direcci\u00f3n del club estamos muy \ud835\uddf0\ud835\uddfc\ud835\uddfb\ud835\ude01\ud835\uddf2\ud835\uddfb\ud835\ude01\ud835\uddfc\ud835\ude00 de presentar la renovaci\u00f3n de Fausto para la temporada 24-25. Fausto es, sin duda, uno de los mejores \ud835\uddf7\ud835\ude02\ud835\uddf4\ud835\uddee\ud835\uddf1\ud835\uddfc\ud835\uddff\ud835\uddf2\ud835\ude00 del equipo, siendo una pieza fundamental para la confecci\u00f3n de nuestra \ud835\uddfd\ud835\uddf9\ud835\uddee\ud835\uddfb\ud835\ude01\ud835\uddf6\ud835\uddf9\ud835\uddf9\ud835\uddee. \ud83d\udd25Ruesga ha sido, esta pasada temporada, el \ud835\ude00\ud835\uddf2\ud835\uddf4\ud835\ude02\ud835\uddfb\ud835\uddf1\ud835\uddfc \ud835\uddf7\ud835\ude02\ud835\uddf4\ud835\uddee\ud835\uddf1\ud835\uddfc\ud835\uddff \ud835\uddfa\ud835\uddee\u0301\ud835\ude00 \ud835\ude03\ud835\uddee\ud835\uddf9\ud835\uddfc\ud835\uddff\ud835\uddee\ud835\uddf1\ud835\uddfc del equipo por detr\u00e1s de Anthony Libroia. En la temporada 22-23 fue el jugador m\u00e1s valorado del equipo. Las \ud835\uddf2\ud835\ude00\ud835\ude01\ud835\uddee\ud835\uddf1\ud835\uddf6\ud835\ude00\ud835\ude01\ud835\uddf6\ud835\uddf0\ud835\uddee\ud835\ude00 medias de Fausto con el\u00a0equipo durante estas dos temporadas son: \ud83c\udfc0 \ud835\udff1\ud835\udfef \ud835\uddfd\ud835\uddee\ud835\uddff\ud835\ude01\ud835\uddf6\ud835\uddf1\ud835\uddfc\ud835\ude00 \ud835\uddfc\ud835\uddf3\ud835\uddf6\ud835\uddf0\ud835\uddf6\ud835\uddee\ud835\uddf9\ud835\uddf2\ud835\ude00 \ud835\uddf7\ud835\ude02\ud835\uddf4\ud835\uddee\ud835\uddf1\ud835\uddfc\ud835\ude00.\ud83c\udfc0 \ud835\udfee\ud835\udff2 \ud835\uddfa\ud835\uddf6\ud835\uddfb\ud835\ude02\ud835\ude01\ud835\uddfc\ud835\ude00 \ud835\uddfd\ud835\uddfc\ud835\uddff \ud835\uddfd\ud835\uddee\ud835\uddff\ud835\ude01\ud835\uddf6\ud835\uddf1\ud835\uddfc.\ud83c\udfc0 \ud835\udfed\ud835\udfee&#8217;\ud835\udff1 \ud835\uddfd\ud835\ude02\ud835\uddfb\ud835\ude01\ud835\uddfc\ud835\ude00 \ud835\uddfd\ud835\uddfc\ud835\uddff \ud835\uddfd\ud835\uddee\ud835\uddff\ud835\ude01\ud835\uddf6\ud835\uddf1\ud835\uddfc.\ud83c\udfc0 \ud835\udff1&#8217;\ud835\udff3 \ud835\uddff\ud835\uddf2\ud835\uddef\ud835\uddfc\ud835\ude01\ud835\uddf2\ud835\ude00 \ud835\uddfd\ud835\uddfc\ud835\uddff \ud835\uddfd\ud835\uddee\ud835\uddff\ud835\ude01\ud835\uddf6\ud835\uddf1\ud835\uddfc.\ud83c\udfc0 \ud835\udfed\ud835\udff0&#8217;\ud835\udfee \ud835\ude03\ud835\uddee\ud835\uddf9\ud835\uddfc\ud835\uddff\ud835\uddee\ud835\uddf0\ud835\uddf6\ud835\uddfc\ud835\uddfb\ud835\uddf2\ud835\ude00 \ud835\uddf1\ud835\uddf2 \ud835\uddfa\ud835\uddf2\ud835\uddf1\ud835\uddf6\ud835\uddee. \ud83d\ude09 \u00a1Volveremos a disfrutar de la calidad de nuestro argentino \ud835\uddf3\ud835\uddee\ud835\ude03\ud835\uddfc\ud835\uddff\ud835\uddf6\ud835\ude01\ud835\uddfc una temporada mas! \u00a1Gracias por la confianza depositada en el proyecto, Fausto! \ud83e\uddc9 #TodoAlRojo&nbsp;\ud83d\udd34\" \/>\n<meta property=\"og:url\" content=\"https:\/\/cbbenicarlo.com\/?p=2355\" \/>\n<meta property=\"og:site_name\" content=\"Club Basquet Benicarl\u00f3\" \/>\n<meta property=\"article:published_time\" content=\"2024-06-07T13:07:38+00:00\" \/>\n<meta property=\"article:modified_time\" content=\"2024-06-07T13:07:39+00:00\" \/>\n<meta property=\"og:image\" content=\"https:\/\/cbbenicarlo.com\/wp-content\/uploads\/2024\/06\/prova-renovat-3-3.jpg\" \/>\n\t<meta property=\"og:image:width\" content=\"1080\" \/>\n\t<meta property=\"og:image:height\" content=\"1080\" \/>\n\t<meta property=\"og:image:type\" content=\"image\/jpeg\" \/>\n<meta name=\"author\" content=\"Club B\u00e0squet Benicarl\u00f3\" \/>\n<meta name=\"twitter:card\" content=\"summary_large_image\" \/>\n<meta name=\"twitter:label1\" content=\"Escrito por\" \/>\n\t<meta name=\"twitter:data1\" content=\"Club B\u00e0squet Benicarl\u00f3\" \/>\n\t<meta name=\"twitter:label2\" content=\"Tiempo de lectura\" \/>\n\t<meta name=\"twitter:data2\" content=\"1 minuto\" \/>\n<script type=\"application\/ld+json\" class=\"yoast-schema-graph\">{\"@context\":\"https:\/\/schema.org\",\"@graph\":[{\"@type\":\"Article\",\"@id\":\"https:\/\/cbbenicarlo.com\/?p=2355#article\",\"isPartOf\":{\"@id\":\"https:\/\/cbbenicarlo.com\/?p=2355\"},\"author\":{\"name\":\"Club B\u00e0squet Benicarl\u00f3\",\"@id\":\"https:\/\/cbbenicarlo.com\/#\/schema\/person\/200a6bea92870b7adeb1a5c755a793f2\"},\"headline\":\"\u270d\ufe0f \ud835\uddd9\ud835\uddd4\ud835\udde8\ud835\udde6\ud835\udde7\ud835\udde2 \ud835\udde5\ud835\udde8\ud835\uddd8\ud835\udde6\ud835\uddda\ud835\uddd4, \ud835\udde5\ud835\uddd8\ud835\udde1\ud835\udde2\ud835\udde9\ud835\uddd4\ud835\uddd7\ud835\udde2\",\"datePublished\":\"2024-06-07T13:07:38+00:00\",\"dateModified\":\"2024-06-07T13:07:39+00:00\",\"mainEntityOfPage\":{\"@id\":\"https:\/\/cbbenicarlo.com\/?p=2355\"},\"wordCount\":112,\"publisher\":{\"@id\":\"https:\/\/cbbenicarlo.com\/#organization\"},\"articleSection\":[\"Club\",\"Noticias\",\"Primer Equipo\"],\"inLanguage\":\"es\"},{\"@type\":\"WebPage\",\"@id\":\"https:\/\/cbbenicarlo.com\/?p=2355\",\"url\":\"https:\/\/cbbenicarlo.com\/?p=2355\",\"name\":\"\u270d\ufe0f \ud835\uddd9\ud835\uddd4\ud835\udde8\ud835\udde6\ud835\udde7\ud835\udde2 \ud835\udde5\ud835\udde8\ud835\uddd8\ud835\udde6\ud835\uddda\ud835\uddd4, \ud835\udde5\ud835\uddd8\ud835\udde1\ud835\udde2\ud835\udde9\ud835\uddd4\ud835\uddd7\ud835\udde2 | Club Basquet Benicarl\u00f3\",\"isPartOf\":{\"@id\":\"https:\/\/cbbenicarlo.com\/#website\"},\"datePublished\":\"2024-06-07T13:07:38+00:00\",\"dateModified\":\"2024-06-07T13:07:39+00:00\",\"breadcrumb\":{\"@id\":\"https:\/\/cbbenicarlo.com\/?p=2355#breadcrumb\"},\"inLanguage\":\"es\",\"potentialAction\":[{\"@type\":\"ReadAction\",\"target\":[\"https:\/\/cbbenicarlo.com\/?p=2355\"]}]},{\"@type\":\"BreadcrumbList\",\"@id\":\"https:\/\/cbbenicarlo.com\/?p=2355#breadcrumb\",\"itemListElement\":[{\"@type\":\"ListItem\",\"position\":1,\"name\":\"Portada\",\"item\":\"https:\/\/cbbenicarlo.com\/\"},{\"@type\":\"ListItem\",\"position\":2,\"name\":\"\u270d\ufe0f \ud835\uddd9\ud835\uddd4\ud835\udde8\ud835\udde6\ud835\udde7\ud835\udde2 \ud835\udde5\ud835\udde8\ud835\uddd8\ud835\udde6\ud835\uddda\ud835\uddd4, \ud835\udde5\ud835\uddd8\ud835\udde1\ud835\udde2\ud835\udde9\ud835\uddd4\ud835\uddd7\ud835\udde2\"}]},{\"@type\":\"WebSite\",\"@id\":\"https:\/\/cbbenicarlo.com\/#website\",\"url\":\"https:\/\/cbbenicarlo.com\/\",\"name\":\"Club Basquet Benicarl\u00f3\",\"description\":\"P\u00e1gina Web Oficial\",\"publisher\":{\"@id\":\"https:\/\/cbbenicarlo.com\/#organization\"},\"potentialAction\":[{\"@type\":\"SearchAction\",\"target\":{\"@type\":\"EntryPoint\",\"urlTemplate\":\"https:\/\/cbbenicarlo.com\/?s={search_term_string}\"},\"query-input\":\"required name=search_term_string\"}],\"inLanguage\":\"es\"},{\"@type\":\"Organization\",\"@id\":\"https:\/\/cbbenicarlo.com\/#organization\",\"name\":\"Club B\u00e0squet Benicarl\u00f3\",\"url\":\"https:\/\/cbbenicarlo.com\/\",\"logo\":{\"@type\":\"ImageObject\",\"inLanguage\":\"es\",\"@id\":\"https:\/\/cbbenicarlo.com\/#\/schema\/logo\/image\/\",\"url\":\"https:\/\/cbbenicarlo.com\/wp-content\/uploads\/2022\/05\/cropped-cropped-cropped-CBBENICARLO2021-22-2.png\",\"contentUrl\":\"https:\/\/cbbenicarlo.com\/wp-content\/uploads\/2022\/05\/cropped-cropped-cropped-CBBENICARLO2021-22-2.png\",\"width\":512,\"height\":512,\"caption\":\"Club B\u00e0squet Benicarl\u00f3\"},\"image\":{\"@id\":\"https:\/\/cbbenicarlo.com\/#\/schema\/logo\/image\/\"}},{\"@type\":\"Person\",\"@id\":\"https:\/\/cbbenicarlo.com\/#\/schema\/person\/200a6bea92870b7adeb1a5c755a793f2\",\"name\":\"Club B\u00e0squet Benicarl\u00f3\",\"image\":{\"@type\":\"ImageObject\",\"inLanguage\":\"es\",\"@id\":\"https:\/\/cbbenicarlo.com\/#\/schema\/person\/image\/\",\"url\":\"https:\/\/secure.gravatar.com\/avatar\/8aed305f961a70f8934d4ba794f3527a?s=96&d=mm&r=g\",\"contentUrl\":\"https:\/\/secure.gravatar.com\/avatar\/8aed305f961a70f8934d4ba794f3527a?s=96&d=mm&r=g\",\"caption\":\"Club B\u00e0squet Benicarl\u00f3\"},\"url\":\"https:\/\/cbbenicarlo.com\/?author=1\"}]}<\/script>\n<!-- \/ Yoast SEO plugin. -->","yoast_head_json":{"title":"\u270d\ufe0f \ud835\uddd9\ud835\uddd4\ud835\udde8\ud835\udde6\ud835\udde7\ud835\udde2 \ud835\udde5\ud835\udde8\ud835\uddd8\ud835\udde6\ud835\uddda\ud835\uddd4, \ud835\udde5\ud835\uddd8\ud835\udde1\ud835\udde2\ud835\udde9\ud835\uddd4\ud835\uddd7\ud835\udde2 | Club Basquet Benicarl\u00f3","robots":{"index":"index","follow":"follow","max-snippet":"max-snippet:-1","max-image-preview":"max-image-preview:large","max-video-preview":"max-video-preview:-1"},"canonical":"https:\/\/cbbenicarlo.com\/?p=2355","og_locale":"es_ES","og_type":"article","og_title":"\u270d\ufe0f \ud835\uddd9\ud835\uddd4\ud835\udde8\ud835\udde6\ud835\udde7\ud835\udde2 \ud835\udde5\ud835\udde8\ud835\uddd8\ud835\udde6\ud835\uddda\ud835\uddd4, \ud835\udde5\ud835\uddd8\ud835\udde1\ud835\udde2\ud835\udde9\ud835\uddd4\ud835\uddd7\ud835\udde2 | Club Basquet Benicarl\u00f3","og_description":"\u2705 El alero argentino seguir\u00e1, \ud835\uddfd\ud835\uddfc\ud835\uddff \ud835\udde7\ud835\uddd8\ud835\udde5\ud835\uddd6\ud835\uddd8\ud835\udde5\ud835\uddd4 \ud835\udde7\ud835\uddd8\ud835\udde0\ud835\udde3\ud835\udde2\ud835\udde5\ud835\uddd4\ud835\uddd7\ud835\uddd4 \ud835\uddd6\ud835\udde2\ud835\udde1\ud835\udde6\ud835\uddd8\ud835\uddd6\ud835\udde8\ud835\udde7\ud835\udddc\ud835\udde9\ud835\uddd4, en el proyecto del\u00a0Maderas Sorl\u00ed Benicarl\u00f3. \u27a1\ufe0f Desde la direcci\u00f3n del club estamos muy \ud835\uddf0\ud835\uddfc\ud835\uddfb\ud835\ude01\ud835\uddf2\ud835\uddfb\ud835\ude01\ud835\uddfc\ud835\ude00 de presentar la renovaci\u00f3n de Fausto para la temporada 24-25. Fausto es, sin duda, uno de los mejores \ud835\uddf7\ud835\ude02\ud835\uddf4\ud835\uddee\ud835\uddf1\ud835\uddfc\ud835\uddff\ud835\uddf2\ud835\ude00 del equipo, siendo una pieza fundamental para la confecci\u00f3n de nuestra \ud835\uddfd\ud835\uddf9\ud835\uddee\ud835\uddfb\ud835\ude01\ud835\uddf6\ud835\uddf9\ud835\uddf9\ud835\uddee. \ud83d\udd25Ruesga ha sido, esta pasada temporada, el \ud835\ude00\ud835\uddf2\ud835\uddf4\ud835\ude02\ud835\uddfb\ud835\uddf1\ud835\uddfc \ud835\uddf7\ud835\ude02\ud835\uddf4\ud835\uddee\ud835\uddf1\ud835\uddfc\ud835\uddff \ud835\uddfa\ud835\uddee\u0301\ud835\ude00 \ud835\ude03\ud835\uddee\ud835\uddf9\ud835\uddfc\ud835\uddff\ud835\uddee\ud835\uddf1\ud835\uddfc del equipo por detr\u00e1s de Anthony Libroia. En la temporada 22-23 fue el jugador m\u00e1s valorado del equipo. Las \ud835\uddf2\ud835\ude00\ud835\ude01\ud835\uddee\ud835\uddf1\ud835\uddf6\ud835\ude00\ud835\ude01\ud835\uddf6\ud835\uddf0\ud835\uddee\ud835\ude00 medias de Fausto con el\u00a0equipo durante estas dos temporadas son: \ud83c\udfc0 \ud835\udff1\ud835\udfef \ud835\uddfd\ud835\uddee\ud835\uddff\ud835\ude01\ud835\uddf6\ud835\uddf1\ud835\uddfc\ud835\ude00 \ud835\uddfc\ud835\uddf3\ud835\uddf6\ud835\uddf0\ud835\uddf6\ud835\uddee\ud835\uddf9\ud835\uddf2\ud835\ude00 \ud835\uddf7\ud835\ude02\ud835\uddf4\ud835\uddee\ud835\uddf1\ud835\uddfc\ud835\ude00.\ud83c\udfc0 \ud835\udfee\ud835\udff2 \ud835\uddfa\ud835\uddf6\ud835\uddfb\ud835\ude02\ud835\ude01\ud835\uddfc\ud835\ude00 \ud835\uddfd\ud835\uddfc\ud835\uddff \ud835\uddfd\ud835\uddee\ud835\uddff\ud835\ude01\ud835\uddf6\ud835\uddf1\ud835\uddfc.\ud83c\udfc0 \ud835\udfed\ud835\udfee&#8217;\ud835\udff1 \ud835\uddfd\ud835\ude02\ud835\uddfb\ud835\ude01\ud835\uddfc\ud835\ude00 \ud835\uddfd\ud835\uddfc\ud835\uddff \ud835\uddfd\ud835\uddee\ud835\uddff\ud835\ude01\ud835\uddf6\ud835\uddf1\ud835\uddfc.\ud83c\udfc0 \ud835\udff1&#8217;\ud835\udff3 \ud835\uddff\ud835\uddf2\ud835\uddef\ud835\uddfc\ud835\ude01\ud835\uddf2\ud835\ude00 \ud835\uddfd\ud835\uddfc\ud835\uddff \ud835\uddfd\ud835\uddee\ud835\uddff\ud835\ude01\ud835\uddf6\ud835\uddf1\ud835\uddfc.\ud83c\udfc0 \ud835\udfed\ud835\udff0&#8217;\ud835\udfee \ud835\ude03\ud835\uddee\ud835\uddf9\ud835\uddfc\ud835\uddff\ud835\uddee\ud835\uddf0\ud835\uddf6\ud835\uddfc\ud835\uddfb\ud835\uddf2\ud835\ude00 \ud835\uddf1\ud835\uddf2 \ud835\uddfa\ud835\uddf2\ud835\uddf1\ud835\uddf6\ud835\uddee. \ud83d\ude09 \u00a1Volveremos a disfrutar de la calidad de nuestro argentino \ud835\uddf3\ud835\uddee\ud835\ude03\ud835\uddfc\ud835\uddff\ud835\uddf6\ud835\ude01\ud835\uddfc una temporada mas! \u00a1Gracias por la confianza depositada en el proyecto, Fausto! \ud83e\uddc9 #TodoAlRojo&nbsp;\ud83d\udd34","og_url":"https:\/\/cbbenicarlo.com\/?p=2355","og_site_name":"Club Basquet Benicarl\u00f3","article_published_time":"2024-06-07T13:07:38+00:00","article_modified_time":"2024-06-07T13:07:39+00:00","og_image":[{"width":1080,"height":1080,"url":"https:\/\/cbbenicarlo.com\/wp-content\/uploads\/2024\/06\/prova-renovat-3-3.jpg","type":"image\/jpeg"}],"author":"Club B\u00e0squet Benicarl\u00f3","twitter_card":"summary_large_image","twitter_misc":{"Escrito por":"Club B\u00e0squet Benicarl\u00f3","Tiempo de lectura":"1 minuto"},"schema":{"@context":"https:\/\/schema.org","@graph":[{"@type":"Article","@id":"https:\/\/cbbenicarlo.com\/?p=2355#article","isPartOf":{"@id":"https:\/\/cbbenicarlo.com\/?p=2355"},"author":{"name":"Club B\u00e0squet Benicarl\u00f3","@id":"https:\/\/cbbenicarlo.com\/#\/schema\/person\/200a6bea92870b7adeb1a5c755a793f2"},"headline":"\u270d\ufe0f \ud835\uddd9\ud835\uddd4\ud835\udde8\ud835\udde6\ud835\udde7\ud835\udde2 \ud835\udde5\ud835\udde8\ud835\uddd8\ud835\udde6\ud835\uddda\ud835\uddd4, \ud835\udde5\ud835\uddd8\ud835\udde1\ud835\udde2\ud835\udde9\ud835\uddd4\ud835\uddd7\ud835\udde2","datePublished":"2024-06-07T13:07:38+00:00","dateModified":"2024-06-07T13:07:39+00:00","mainEntityOfPage":{"@id":"https:\/\/cbbenicarlo.com\/?p=2355"},"wordCount":112,"publisher":{"@id":"https:\/\/cbbenicarlo.com\/#organization"},"articleSection":["Club","Noticias","Primer Equipo"],"inLanguage":"es"},{"@type":"WebPage","@id":"https:\/\/cbbenicarlo.com\/?p=2355","url":"https:\/\/cbbenicarlo.com\/?p=2355","name":"\u270d\ufe0f \ud835\uddd9\ud835\uddd4\ud835\udde8\ud835\udde6\ud835\udde7\ud835\udde2 \ud835\udde5\ud835\udde8\ud835\uddd8\ud835\udde6\ud835\uddda\ud835\uddd4, \ud835\udde5\ud835\uddd8\ud835\udde1\ud835\udde2\ud835\udde9\ud835\uddd4\ud835\uddd7\ud835\udde2 | Club Basquet Benicarl\u00f3","isPartOf":{"@id":"https:\/\/cbbenicarlo.com\/#website"},"datePublished":"2024-06-07T13:07:38+00:00","dateModified":"2024-06-07T13:07:39+00:00","breadcrumb":{"@id":"https:\/\/cbbenicarlo.com\/?p=2355#breadcrumb"},"inLanguage":"es","potentialAction":[{"@type":"ReadAction","target":["https:\/\/cbbenicarlo.com\/?p=2355"]}]},{"@type":"BreadcrumbList","@id":"https:\/\/cbbenicarlo.com\/?p=2355#breadcrumb","itemListElement":[{"@type":"ListItem","position":1,"name":"Portada","item":"https:\/\/cbbenicarlo.com\/"},{"@type":"ListItem","position":2,"name":"\u270d\ufe0f \ud835\uddd9\ud835\uddd4\ud835\udde8\ud835\udde6\ud835\udde7\ud835\udde2 \ud835\udde5\ud835\udde8\ud835\uddd8\ud835\udde6\ud835\uddda\ud835\uddd4, \ud835\udde5\ud835\uddd8\ud835\udde1\ud835\udde2\ud835\udde9\ud835\uddd4\ud835\uddd7\ud835\udde2"}]},{"@type":"WebSite","@id":"https:\/\/cbbenicarlo.com\/#website","url":"https:\/\/cbbenicarlo.com\/","name":"Club Basquet Benicarl\u00f3","description":"P\u00e1gina Web Oficial","publisher":{"@id":"https:\/\/cbbenicarlo.com\/#organization"},"potentialAction":[{"@type":"SearchAction","target":{"@type":"EntryPoint","urlTemplate":"https:\/\/cbbenicarlo.com\/?s={search_term_string}"},"query-input":"required name=search_term_string"}],"inLanguage":"es"},{"@type":"Organization","@id":"https:\/\/cbbenicarlo.com\/#organization","name":"Club B\u00e0squet Benicarl\u00f3","url":"https:\/\/cbbenicarlo.com\/","logo":{"@type":"ImageObject","inLanguage":"es","@id":"https:\/\/cbbenicarlo.com\/#\/schema\/logo\/image\/","url":"https:\/\/cbbenicarlo.com\/wp-content\/uploads\/2022\/05\/cropped-cropped-cropped-CBBENICARLO2021-22-2.png","contentUrl":"https:\/\/cbbenicarlo.com\/wp-content\/uploads\/2022\/05\/cropped-cropped-cropped-CBBENICARLO2021-22-2.png","width":512,"height":512,"caption":"Club B\u00e0squet Benicarl\u00f3"},"image":{"@id":"https:\/\/cbbenicarlo.com\/#\/schema\/logo\/image\/"}},{"@type":"Person","@id":"https:\/\/cbbenicarlo.com\/#\/schema\/person\/200a6bea92870b7adeb1a5c755a793f2","name":"Club B\u00e0squet Benicarl\u00f3","image":{"@type":"ImageObject","inLanguage":"es","@id":"https:\/\/cbbenicarlo.com\/#\/schema\/person\/image\/","url":"https:\/\/secure.gravatar.com\/avatar\/8aed305f961a70f8934d4ba794f3527a?s=96&d=mm&r=g","contentUrl":"https:\/\/secure.gravatar.com\/avatar\/8aed305f961a70f8934d4ba794f3527a?s=96&d=mm&r=g","caption":"Club B\u00e0squet Benicarl\u00f3"},"url":"https:\/\/cbbenicarlo.com\/?author=1"}]}},"_links":{"self":[{"href":"https:\/\/cbbenicarlo.com\/index.php?rest_route=\/wp\/v2\/posts\/2355"}],"collection":[{"href":"https:\/\/cbbenicarlo.com\/index.php?rest_route=\/wp\/v2\/posts"}],"about":[{"href":"https:\/\/cbbenicarlo.com\/index.php?rest_route=\/wp\/v2\/types\/post"}],"author":[{"embeddable":true,"href":"https:\/\/cbbenicarlo.com\/index.php?rest_route=\/wp\/v2\/users\/1"}],"replies":[{"embeddable":true,"href":"https:\/\/cbbenicarlo.com\/index.php?rest_route=%2Fwp%2Fv2%2Fcomments&post=2355"}],"version-history":[{"count":1,"href":"https:\/\/cbbenicarlo.com\/index.php?rest_route=\/wp\/v2\/posts\/2355\/revisions"}],"predecessor-version":[{"id":2357,"href":"https:\/\/cbbenicarlo.com\/index.php?rest_route=\/wp\/v2\/posts\/2355\/revisions\/2357"}],"wp:featuredmedia":[{"embeddable":true,"href":"https:\/\/cbbenicarlo.com\/index.php?rest_route=\/wp\/v2\/media\/2356"}],"wp:attachment":[{"href":"https:\/\/cbbenicarlo.com\/index.php?rest_route=%2Fwp%2Fv2%2Fmedia&parent=2355"}],"wp:term":[{"taxonomy":"category","embeddable":true,"href":"https:\/\/cbbenicarlo.com\/index.php?rest_route=%2Fwp%2Fv2%2Fcategories&post=2355"},{"taxonomy":"post_tag","embeddable":true,"href":"https:\/\/cbbenicarlo.com\/index.php?rest_route=%2Fwp%2Fv2%2Ftags&post=2355"}],"curies":[{"name":"wp","href":"https:\/\/api.w.org\/{rel}","templated":true}]}}