{"id":2320,"date":"2024-04-23T17:00:31","date_gmt":"2024-04-23T15:00:31","guid":{"rendered":"https:\/\/cbbenicarlo.com\/?p=2320"},"modified":"2024-04-23T17:00:32","modified_gmt":"2024-04-23T15:00:32","slug":"adria-alonso-y-el-maderas-sorli-benicarlo-separan-sus-caminos-tras-tres-anos-y-medio-del-tecnico-liderando-el-proyecto","status":"publish","type":"post","link":"https:\/\/cbbenicarlo.com\/?p=2320","title":{"rendered":"<strong>ADRI\u00c0 ALONSO Y EL MADERAS SORL\u00cd BENICARL\u00d3 SEPARAN SUS CAMINOS TRAS TRES A\u00d1OS Y MEDIO DEL T\u00c9CNICO LIDERANDO EL PROYECTO<\/strong>"},"content":{"rendered":"\n<h2><strong>Durante la ma\u00f1ana del lunes el propio Alonso comunic\u00f3 a la direcci\u00f3n del club su decisi\u00f3n de no continuar una temporada m\u00e1s en el proyecto benicarlando<\/strong>.<\/h2>\n\n\n\n<p>Adri\u00e1 Alonso Fern\u00e1ndez lleg\u00f3 al Mi Arquitecto CB Benicarl\u00f3 en Diciembre del 2020 cuando el equipo estaba en puestos de descenso. En Abril del 2024, ha comunicado al club su decisi\u00f3n de no continuar en el proyecto dejando al equipo por tercera temporada consecutiva en los playoffs de ascenso a la liga LEB Oro, todo un hito hist\u00f3rico en la trayectoria del club. Vamos a hacer un peque\u00f1o resumen del que ha sido el recorrido de Adri\u00e0 Alonso por el Club Baloncesto Benicarl\u00f3.&nbsp;<\/p>\n\n\n\n<p><em><strong>Temporada 2020-2021, segunda temporada del Club Baloncesto Benicarl\u00f3 en LEB Plata.\u00a0<\/strong><\/em><\/p>\n\n\n\n<p>Era la jornada 9 de la liga regular. El equipo estaba con 3 victorias y 6 derrotas y con una sensaci\u00f3n agridulce. No quer\u00edamos repetir los resultados de la temporada anterior, la temporada del debut, en el que solo el par\u00f3n por el Covid nos hizo salvar la categor\u00eda. Derrota ante CB Cornell\u00e0, en casa, en jornada intersemanal (partido aplazado por el Covid) por tan solo 62-64. La directiva decide buscar nuevo entrenador en el mercado y aparece la figura de Adri\u00e0 Alonso.&nbsp;<\/p>\n\n\n\n<p>Adri\u00e0 debuta en casa contra Hozono Global Jairis. Victoria por 73-71 con buenas sensaciones del equipo en un partido muy ajustado. Con la llegada de Adri\u00e1 se realizan varios cambios de jugadores en el equipo. Llega Samu Rodr\u00edguez, jugador que estuvo con Adri\u00e0 en el junior del Joventut de Badalona. Esto pinta bien. Acabamos la liga regular con 12 victorias y 14 derrotas, a tan solo un partido del playoff. El balance del equipo con Adri\u00e0 durante esa temporada fue de 9 victorias y 6 derrotas. El m\u00edster y el club renuevan el contrato con 1+1 para las dos pr\u00f3ximas temporadas.&nbsp;&nbsp;<\/p>\n\n\n\n<p><em><strong>Temporada 2021-2022, primera temporada jugando los Playoffs a LEB Oro<\/strong><\/em><\/p>\n\n\n\n<p>Confecci\u00f3n de la plantilla por parte de Adri\u00e0. Fichamos jugadores contrastados en la categor\u00eda: Vladi Orlov, Maxim Esteban, Jon Aramburu\u2026 sumado a un talentoso Deshaun Cooper. Era la jornada 21 y nos encontr\u00e1bamos l\u00edderes de la LEB Plata con 15 victorias y 6 derrotas. Incre\u00edble e impensable para todos hac\u00eda apenas 1 a\u00f1o. Con los \u00faltimos resultados, el equipo queda segundo clasificado, luchando durante toda la liga regular por quedar primeros.&nbsp;<\/p>\n\n\n\n<p>Llegan los Playoffs, primera experiencia para el club. El rival: Melilla. No hab\u00edamos perdido ning\u00fan partido en casa en toda la liga regular (13-0). Desplazamiento muy largo, al que no est\u00e1bamos acostumbrados. Tercer periodo, 23 abajo. Se pon\u00eda la eliminatoria complicada. El equipo sac\u00f3 car\u00e1cter y consigui\u00f3 reducir la diferencia a tan solo 9 puntos. Llegaba el partido de vuelta en Benicarl\u00f3 donde el objetivo era reducir esos 9 puntos. En la media parte: 19 puntos arriba. Parec\u00eda hecho, pero finalmente, en una \u00faltima jugada con un +7 en el marcador, no conseguimos igualarlo y Melilla se clasifica para las semifinales. Temporada hist\u00f3rica.&nbsp;<\/p>\n\n\n\n<p><em><strong>Temporada 2022-2023, tercera temporada de Adri\u00e0 en Benicarl\u00f3<\/strong><\/em><\/p>\n\n\n\n<p>Nueva confecci\u00f3n de la plantilla. Renovaciones de dos pilares en el equipo: Vladi Orlov y M\u00e0xim Esteban, sumando nuevos jugadores contrastados: Anthony Libroia, Pedro Garc\u00eda, Alejandro Rivas o Fausto Ruesga. Gran primera vuelta del equipo, luchando hasta la \u00faltima jornada con opciones de clasificarse para la Copa LEB Plata.&nbsp;<\/p>\n\n\n\n<p>Clasificaci\u00f3n para los Playoffs por segunda temporada consecutiva y con factor cancha a favor. Terceros clasificados y nuestro rival el Zamora. Tras un gran partido en la ida donde conseguimos quedar empate (66-66) se nos escapa la clasificaci\u00f3n para las semifinales en un partido muy igualado en casa delante de nuestra afici\u00f3n. Nuevamente, una temporada fant\u00e1stica para el ya Maderas Sorl\u00ed Benicarl\u00f3.&nbsp;<\/p>\n\n\n\n<p><em><strong>Temporada 2023-2024, inicio arrollador del equipo con un nuevo r\u00e9cord: 9-0 para empezar la competici\u00f3n<\/strong><\/em><\/p>\n\n\n\n<p>Renovaci\u00f3n de 5 de los 6 pilares fundamentales del equipo para dar una gran continuidad, as\u00ed como renovaci\u00f3n de pr\u00e1cticamente todos los miembros del staff. Inicio perfecto: 9-0 y nuevamente con opciones de poder jugar la Copa LEB Plata por tercera temporada consecutiva. Una nueva temporada asegurando la clasificaci\u00f3n para los playoffs, objetivo cumplido.&nbsp;<\/p>\n\n\n\n<p>No fue el final que todos esper\u00e1bamos en esta temporada. Gran partido de ida en casa (ganando por 1 punto) dejando a uno de los mejores ataques de la liga con tan solo 64 puntos. \u00cdbamos a Amorebieta, un campo siempre dif\u00edcil. No conseguimos competir el partido y ca\u00edmos eliminados. Pero nuevamente, temporada fant\u00e1stica quedando entre los mejores equipos de una liga profesional como es la LEB Plata. Si nos lo dicen hace 5 a\u00f1os, no lo creemos.&nbsp;<\/p>\n\n\n<figure class=\"wp-block-post-featured-image\"><img loading=\"lazy\" width=\"2560\" height=\"1707\" src=\"https:\/\/cbbenicarlo.com\/wp-content\/uploads\/2024\/04\/DSCF2528-1-scaled.jpg\" class=\"attachment-post-thumbnail size-post-thumbnail wp-post-image\" alt=\"\" decoding=\"async\" loading=\"lazy\" srcset=\"https:\/\/cbbenicarlo.com\/wp-content\/uploads\/2024\/04\/DSCF2528-1-scaled.jpg 2560w, https:\/\/cbbenicarlo.com\/wp-content\/uploads\/2024\/04\/DSCF2528-1-300x200.jpg 300w, https:\/\/cbbenicarlo.com\/wp-content\/uploads\/2024\/04\/DSCF2528-1-1024x683.jpg 1024w, https:\/\/cbbenicarlo.com\/wp-content\/uploads\/2024\/04\/DSCF2528-1-768x512.jpg 768w, https:\/\/cbbenicarlo.com\/wp-content\/uploads\/2024\/04\/DSCF2528-1-1536x1024.jpg 1536w, https:\/\/cbbenicarlo.com\/wp-content\/uploads\/2024\/04\/DSCF2528-1-2048x1365.jpg 2048w, https:\/\/cbbenicarlo.com\/wp-content\/uploads\/2024\/04\/DSCF2528-1-128x85.jpg 128w, https:\/\/cbbenicarlo.com\/wp-content\/uploads\/2024\/04\/DSCF2528-1-32x21.jpg 32w\" sizes=\"(max-width: 2560px) 100vw, 2560px\" \/><\/figure>\n\n\n<figure class=\"is-layout-flex wp-block-gallery-1 wp-block-gallery has-nested-images columns-default is-cropped\">\n<figure class=\"wp-block-image size-large\"><img fetchpriority=\"high\" decoding=\"async\" width=\"1024\" height=\"683\" data-id=\"2322\"  src=\"https:\/\/cbbenicarlo.com\/wp-content\/uploads\/2024\/04\/DSCF2695-xxxx-1024x683.jpg\" alt=\"\" class=\"wp-image-2322\" srcset=\"https:\/\/cbbenicarlo.com\/wp-content\/uploads\/2024\/04\/DSCF2695-xxxx-1024x683.jpg 1024w, https:\/\/cbbenicarlo.com\/wp-content\/uploads\/2024\/04\/DSCF2695-xxxx-300x200.jpg 300w, https:\/\/cbbenicarlo.com\/wp-content\/uploads\/2024\/04\/DSCF2695-xxxx-768x512.jpg 768w, https:\/\/cbbenicarlo.com\/wp-content\/uploads\/2024\/04\/DSCF2695-xxxx-1536x1024.jpg 1536w, https:\/\/cbbenicarlo.com\/wp-content\/uploads\/2024\/04\/DSCF2695-xxxx-2048x1365.jpg 2048w, https:\/\/cbbenicarlo.com\/wp-content\/uploads\/2024\/04\/DSCF2695-xxxx-128x85.jpg 128w, https:\/\/cbbenicarlo.com\/wp-content\/uploads\/2024\/04\/DSCF2695-xxxx-32x21.jpg 32w\" sizes=\"(max-width: 1024px) 100vw, 1024px\" \/><\/figure>\n<\/figure>\n\n\n\n<figure class=\"wp-block-image size-large\"><img decoding=\"async\" width=\"1024\" height=\"683\" src=\"https:\/\/cbbenicarlo.com\/wp-content\/uploads\/2024\/04\/DSCF1750-1024x683.jpg\" alt=\"\" class=\"wp-image-2324\" srcset=\"https:\/\/cbbenicarlo.com\/wp-content\/uploads\/2024\/04\/DSCF1750-1024x683.jpg 1024w, https:\/\/cbbenicarlo.com\/wp-content\/uploads\/2024\/04\/DSCF1750-300x200.jpg 300w, https:\/\/cbbenicarlo.com\/wp-content\/uploads\/2024\/04\/DSCF1750-768x512.jpg 768w, https:\/\/cbbenicarlo.com\/wp-content\/uploads\/2024\/04\/DSCF1750-1536x1024.jpg 1536w, https:\/\/cbbenicarlo.com\/wp-content\/uploads\/2024\/04\/DSCF1750-2048x1365.jpg 2048w, https:\/\/cbbenicarlo.com\/wp-content\/uploads\/2024\/04\/DSCF1750-128x85.jpg 128w, https:\/\/cbbenicarlo.com\/wp-content\/uploads\/2024\/04\/DSCF1750-32x21.jpg 32w\" sizes=\"(max-width: 1024px) 100vw, 1024px\" \/><\/figure>\n\n\n\n<figure class=\"is-layout-flex wp-block-gallery-3 wp-block-gallery has-nested-images columns-default is-cropped\">\n<figure class=\"wp-block-image size-large\"><img decoding=\"async\" width=\"1024\" height=\"683\" data-id=\"2323\"  src=\"https:\/\/cbbenicarlo.com\/wp-content\/uploads\/2024\/04\/DSCF1233-1024x683.jpg\" alt=\"\" class=\"wp-image-2323\" srcset=\"https:\/\/cbbenicarlo.com\/wp-content\/uploads\/2024\/04\/DSCF1233-1024x683.jpg 1024w, https:\/\/cbbenicarlo.com\/wp-content\/uploads\/2024\/04\/DSCF1233-300x200.jpg 300w, https:\/\/cbbenicarlo.com\/wp-content\/uploads\/2024\/04\/DSCF1233-768x512.jpg 768w, https:\/\/cbbenicarlo.com\/wp-content\/uploads\/2024\/04\/DSCF1233-1536x1024.jpg 1536w, https:\/\/cbbenicarlo.com\/wp-content\/uploads\/2024\/04\/DSCF1233-2048x1365.jpg 2048w, https:\/\/cbbenicarlo.com\/wp-content\/uploads\/2024\/04\/DSCF1233-128x85.jpg 128w, https:\/\/cbbenicarlo.com\/wp-content\/uploads\/2024\/04\/DSCF1233-32x21.jpg 32w\" sizes=\"(max-width: 1024px) 100vw, 1024px\" \/><\/figure>\n<\/figure>\n\n\n\n<p><strong>MUCHAS GRACIAS, ADRI\u00c0<\/strong><\/p>\n\n\n\n<p>Adri\u00e0 Alonso y Club Baloncesto Benicarl\u00f3. \u00a1C\u00f3mo hemos crecido juntos! Adri\u00e0 ha significado mucho para el club, siendo el l\u00edder para colocar al Maderas Sorl\u00ed Benicarl\u00f3 en el mapa del baloncesto nacional. Miramos el proyecto cuando llegaste y lo miramos cuando te vas. Hemos conseguido que un proyecto humilde como Benicarl\u00f3 sea uno de los referentes de la LEB Plata.&nbsp;<\/p>\n\n\n\n<p>Adri\u00e0 deja el equipo con un balance en partidos oficiales de 60 victorias y 41 derrotas. Un gran porcentaje de victorias del 60% para un equipo como Benicarl\u00f3, en la exigente categor\u00eda profesional de la LEB Plata.&nbsp;<\/p>\n\n\n\n<p>El viernes 26 de Abril a las 19:30h tendr\u00e1 lugar una rueda de prensa de despedida del club y Adri\u00e0 abierta a todos los p\u00fablicos para darle la despedida a Adri\u00e0 que se merece. De nuevo, muchas gracias Adri\u00e0 por todos estos a\u00f1os. Estamos convencidos que no va a ser un \u201cadi\u00f3s\u201d, si no un \u201chasta pronto\u201d.&nbsp;<\/p>\n","protected":false},"excerpt":{"rendered":"<p>Durante la ma\u00f1ana del lunes el propio Alonso comunic\u00f3 a la direcci\u00f3n del club su decisi\u00f3n de no continuar una temporada m\u00e1s en el proyecto benicarlando. Adri\u00e1 Alonso Fern\u00e1ndez lleg\u00f3 al Mi Arquitecto CB Benicarl\u00f3 en Diciembre del 2020 cuando el equipo estaba en puestos de descenso. En Abril del 2024, ha comunicado al club su decisi\u00f3n de no continuar en el proyecto dejando al equipo por tercera temporada consecutiva en los playoffs de ascenso a la liga LEB Oro, todo un hito hist\u00f3rico en la trayectoria del club. Vamos a hacer un peque\u00f1o resumen del que ha sido el recorrido de Adri\u00e0 Alonso por el Club Baloncesto Benicarl\u00f3.&nbsp; Temporada 2020-2021, segunda temporada del Club Baloncesto Benicarl\u00f3 en LEB Plata.\u00a0 Era la jornada 9 de la liga regular. El equipo estaba con 3 victorias y 6 derrotas y con una sensaci\u00f3n agridulce. No quer\u00edamos repetir los resultados de la temporada anterior, la temporada del debut, en el que solo el par\u00f3n por el Covid nos hizo salvar la categor\u00eda. Derrota ante CB Cornell\u00e0, en casa, en jornada intersemanal (partido aplazado por el Covid) por tan solo 62-64. La directiva decide buscar nuevo entrenador en el mercado y aparece la figura de Adri\u00e0 Alonso.&nbsp; Adri\u00e0 debuta en casa contra Hozono Global Jairis. Victoria por 73-71 con buenas sensaciones del equipo en un partido muy ajustado. Con la llegada de Adri\u00e1 se realizan varios cambios de jugadores en el equipo. Llega Samu Rodr\u00edguez, jugador que estuvo con Adri\u00e0 en el junior del Joventut de Badalona. Esto pinta bien. Acabamos la liga regular con 12 victorias y 14 derrotas, a tan solo un partido del playoff. El balance del equipo con Adri\u00e0 durante esa temporada fue de 9 victorias y 6 derrotas. El m\u00edster y el club renuevan el contrato con 1+1 para las dos pr\u00f3ximas temporadas.&nbsp;&nbsp; Temporada 2021-2022, primera temporada jugando los Playoffs a LEB Oro Confecci\u00f3n de la plantilla por parte de Adri\u00e0. Fichamos jugadores contrastados en la categor\u00eda: Vladi Orlov, Maxim Esteban, Jon Aramburu\u2026 sumado a un talentoso Deshaun Cooper. Era la jornada 21 y nos encontr\u00e1bamos l\u00edderes de la LEB Plata con 15 victorias y 6 derrotas. Incre\u00edble e impensable para todos hac\u00eda apenas 1 a\u00f1o. Con los \u00faltimos resultados, el equipo queda segundo clasificado, luchando durante toda la liga regular por quedar primeros.&nbsp; Llegan los Playoffs, primera experiencia para el club. El rival: Melilla. No hab\u00edamos perdido ning\u00fan partido en casa en toda la liga regular (13-0). Desplazamiento muy largo, al que no est\u00e1bamos acostumbrados. Tercer periodo, 23 abajo. Se pon\u00eda la eliminatoria complicada. El equipo sac\u00f3 car\u00e1cter y consigui\u00f3 reducir la diferencia a tan solo 9 puntos. Llegaba el partido de vuelta en Benicarl\u00f3 donde el objetivo era reducir esos 9 puntos. En la media parte: 19 puntos arriba. Parec\u00eda hecho, pero finalmente, en una \u00faltima jugada con un +7 en el marcador, no conseguimos igualarlo y Melilla se clasifica para las semifinales. Temporada hist\u00f3rica.&nbsp; Temporada 2022-2023, tercera temporada de Adri\u00e0 en Benicarl\u00f3 Nueva confecci\u00f3n de la plantilla. Renovaciones de dos pilares en el equipo: Vladi Orlov y M\u00e0xim Esteban, sumando nuevos jugadores contrastados: Anthony Libroia, Pedro Garc\u00eda, Alejandro Rivas o Fausto Ruesga. Gran primera vuelta del equipo, luchando hasta la \u00faltima jornada con opciones de clasificarse para la Copa LEB Plata.&nbsp; Clasificaci\u00f3n para los Playoffs por segunda temporada consecutiva y con factor cancha a favor. Terceros clasificados y nuestro rival el Zamora. Tras un gran partido en la ida donde conseguimos quedar empate (66-66) se nos escapa la clasificaci\u00f3n para las semifinales en un partido muy igualado en casa delante de nuestra afici\u00f3n. Nuevamente, una temporada fant\u00e1stica para el ya Maderas Sorl\u00ed Benicarl\u00f3.&nbsp; Temporada 2023-2024, inicio arrollador del equipo con un nuevo r\u00e9cord: 9-0 para empezar la competici\u00f3n Renovaci\u00f3n de 5 de los 6 pilares fundamentales del equipo para dar una gran continuidad, as\u00ed como renovaci\u00f3n de pr\u00e1cticamente todos los miembros del staff. Inicio perfecto: 9-0 y nuevamente con opciones de poder jugar la Copa LEB Plata por tercera temporada consecutiva. Una nueva temporada asegurando la clasificaci\u00f3n para los playoffs, objetivo cumplido.&nbsp; No fue el final que todos esper\u00e1bamos en esta temporada. Gran partido de ida en casa (ganando por 1 punto) dejando a uno de los mejores ataques de la liga con tan solo 64 puntos. \u00cdbamos a Amorebieta, un campo siempre dif\u00edcil. No conseguimos competir el partido y ca\u00edmos eliminados. Pero nuevamente, temporada fant\u00e1stica quedando entre los mejores equipos de una liga profesional como es la LEB Plata. Si nos lo dicen hace 5 a\u00f1os, no lo creemos.&nbsp; MUCHAS GRACIAS, ADRI\u00c0 Adri\u00e0 Alonso y Club Baloncesto Benicarl\u00f3. \u00a1C\u00f3mo hemos crecido juntos! Adri\u00e0 ha significado mucho para el club, siendo el l\u00edder para colocar al Maderas Sorl\u00ed Benicarl\u00f3 en el mapa del baloncesto nacional. Miramos el proyecto cuando llegaste y lo miramos cuando te vas. Hemos conseguido que un proyecto humilde como Benicarl\u00f3 sea uno de los referentes de la LEB Plata.&nbsp; Adri\u00e0 deja el equipo con un balance en partidos oficiales de 60 victorias y 41 derrotas. Un gran porcentaje de victorias del 60% para un equipo como Benicarl\u00f3, en la exigente categor\u00eda profesional de la LEB Plata.&nbsp; El viernes 26 de Abril a las 19:30h tendr\u00e1 lugar una rueda de prensa de despedida del club y Adri\u00e0 abierta a todos los p\u00fablicos para darle la despedida a Adri\u00e0 que se merece. De nuevo, muchas gracias Adri\u00e0 por todos estos a\u00f1os. Estamos convencidos que no va a ser un \u201cadi\u00f3s\u201d, si no un \u201chasta pronto\u201d.&nbsp;<\/p>\n","protected":false},"author":1,"featured_media":2321,"comment_status":"closed","ping_status":"closed","sticky":false,"template":"","format":"standard","meta":{"_eb_attr":""},"categories":[1],"tags":[],"yoast_head":"<!-- This site is optimized with the Yoast SEO plugin v21.1 - https:\/\/yoast.com\/wordpress\/plugins\/seo\/ -->\n<title>ADRI\u00c0 ALONSO Y EL MADERAS SORL\u00cd BENICARL\u00d3 SEPARAN SUS CAMINOS TRAS TRES A\u00d1OS Y MEDIO DEL T\u00c9CNICO LIDERANDO EL PROYECTO | Club Basquet Benicarl\u00f3<\/title>\n<meta name=\"robots\" content=\"index, follow, max-snippet:-1, max-image-preview:large, max-video-preview:-1\" \/>\n<link rel=\"canonical\" href=\"https:\/\/cbbenicarlo.com\/?p=2320\" \/>\n<meta property=\"og:locale\" content=\"es_ES\" \/>\n<meta property=\"og:type\" content=\"article\" \/>\n<meta property=\"og:title\" content=\"ADRI\u00c0 ALONSO Y EL MADERAS SORL\u00cd BENICARL\u00d3 SEPARAN SUS CAMINOS TRAS TRES A\u00d1OS Y MEDIO DEL T\u00c9CNICO LIDERANDO EL PROYECTO | Club Basquet Benicarl\u00f3\" \/>\n<meta property=\"og:description\" content=\"Durante la ma\u00f1ana del lunes el propio Alonso comunic\u00f3 a la direcci\u00f3n del club su decisi\u00f3n de no continuar una temporada m\u00e1s en el proyecto benicarlando. Adri\u00e1 Alonso Fern\u00e1ndez lleg\u00f3 al Mi Arquitecto CB Benicarl\u00f3 en Diciembre del 2020 cuando el equipo estaba en puestos de descenso. En Abril del 2024, ha comunicado al club su decisi\u00f3n de no continuar en el proyecto dejando al equipo por tercera temporada consecutiva en los playoffs de ascenso a la liga LEB Oro, todo un hito hist\u00f3rico en la trayectoria del club. Vamos a hacer un peque\u00f1o resumen del que ha sido el recorrido de Adri\u00e0 Alonso por el Club Baloncesto Benicarl\u00f3.&nbsp; Temporada 2020-2021, segunda temporada del Club Baloncesto Benicarl\u00f3 en LEB Plata.\u00a0 Era la jornada 9 de la liga regular. El equipo estaba con 3 victorias y 6 derrotas y con una sensaci\u00f3n agridulce. No quer\u00edamos repetir los resultados de la temporada anterior, la temporada del debut, en el que solo el par\u00f3n por el Covid nos hizo salvar la categor\u00eda. Derrota ante CB Cornell\u00e0, en casa, en jornada intersemanal (partido aplazado por el Covid) por tan solo 62-64. La directiva decide buscar nuevo entrenador en el mercado y aparece la figura de Adri\u00e0 Alonso.&nbsp; Adri\u00e0 debuta en casa contra Hozono Global Jairis. Victoria por 73-71 con buenas sensaciones del equipo en un partido muy ajustado. Con la llegada de Adri\u00e1 se realizan varios cambios de jugadores en el equipo. Llega Samu Rodr\u00edguez, jugador que estuvo con Adri\u00e0 en el junior del Joventut de Badalona. Esto pinta bien. Acabamos la liga regular con 12 victorias y 14 derrotas, a tan solo un partido del playoff. El balance del equipo con Adri\u00e0 durante esa temporada fue de 9 victorias y 6 derrotas. El m\u00edster y el club renuevan el contrato con 1+1 para las dos pr\u00f3ximas temporadas.&nbsp;&nbsp; Temporada 2021-2022, primera temporada jugando los Playoffs a LEB Oro Confecci\u00f3n de la plantilla por parte de Adri\u00e0. Fichamos jugadores contrastados en la categor\u00eda: Vladi Orlov, Maxim Esteban, Jon Aramburu\u2026 sumado a un talentoso Deshaun Cooper. Era la jornada 21 y nos encontr\u00e1bamos l\u00edderes de la LEB Plata con 15 victorias y 6 derrotas. Incre\u00edble e impensable para todos hac\u00eda apenas 1 a\u00f1o. Con los \u00faltimos resultados, el equipo queda segundo clasificado, luchando durante toda la liga regular por quedar primeros.&nbsp; Llegan los Playoffs, primera experiencia para el club. El rival: Melilla. No hab\u00edamos perdido ning\u00fan partido en casa en toda la liga regular (13-0). Desplazamiento muy largo, al que no est\u00e1bamos acostumbrados. Tercer periodo, 23 abajo. Se pon\u00eda la eliminatoria complicada. El equipo sac\u00f3 car\u00e1cter y consigui\u00f3 reducir la diferencia a tan solo 9 puntos. Llegaba el partido de vuelta en Benicarl\u00f3 donde el objetivo era reducir esos 9 puntos. En la media parte: 19 puntos arriba. Parec\u00eda hecho, pero finalmente, en una \u00faltima jugada con un +7 en el marcador, no conseguimos igualarlo y Melilla se clasifica para las semifinales. Temporada hist\u00f3rica.&nbsp; Temporada 2022-2023, tercera temporada de Adri\u00e0 en Benicarl\u00f3 Nueva confecci\u00f3n de la plantilla. Renovaciones de dos pilares en el equipo: Vladi Orlov y M\u00e0xim Esteban, sumando nuevos jugadores contrastados: Anthony Libroia, Pedro Garc\u00eda, Alejandro Rivas o Fausto Ruesga. Gran primera vuelta del equipo, luchando hasta la \u00faltima jornada con opciones de clasificarse para la Copa LEB Plata.&nbsp; Clasificaci\u00f3n para los Playoffs por segunda temporada consecutiva y con factor cancha a favor. Terceros clasificados y nuestro rival el Zamora. Tras un gran partido en la ida donde conseguimos quedar empate (66-66) se nos escapa la clasificaci\u00f3n para las semifinales en un partido muy igualado en casa delante de nuestra afici\u00f3n. Nuevamente, una temporada fant\u00e1stica para el ya Maderas Sorl\u00ed Benicarl\u00f3.&nbsp; Temporada 2023-2024, inicio arrollador del equipo con un nuevo r\u00e9cord: 9-0 para empezar la competici\u00f3n Renovaci\u00f3n de 5 de los 6 pilares fundamentales del equipo para dar una gran continuidad, as\u00ed como renovaci\u00f3n de pr\u00e1cticamente todos los miembros del staff. Inicio perfecto: 9-0 y nuevamente con opciones de poder jugar la Copa LEB Plata por tercera temporada consecutiva. Una nueva temporada asegurando la clasificaci\u00f3n para los playoffs, objetivo cumplido.&nbsp; No fue el final que todos esper\u00e1bamos en esta temporada. Gran partido de ida en casa (ganando por 1 punto) dejando a uno de los mejores ataques de la liga con tan solo 64 puntos. \u00cdbamos a Amorebieta, un campo siempre dif\u00edcil. No conseguimos competir el partido y ca\u00edmos eliminados. Pero nuevamente, temporada fant\u00e1stica quedando entre los mejores equipos de una liga profesional como es la LEB Plata. Si nos lo dicen hace 5 a\u00f1os, no lo creemos.&nbsp; MUCHAS GRACIAS, ADRI\u00c0 Adri\u00e0 Alonso y Club Baloncesto Benicarl\u00f3. \u00a1C\u00f3mo hemos crecido juntos! Adri\u00e0 ha significado mucho para el club, siendo el l\u00edder para colocar al Maderas Sorl\u00ed Benicarl\u00f3 en el mapa del baloncesto nacional. Miramos el proyecto cuando llegaste y lo miramos cuando te vas. Hemos conseguido que un proyecto humilde como Benicarl\u00f3 sea uno de los referentes de la LEB Plata.&nbsp; Adri\u00e0 deja el equipo con un balance en partidos oficiales de 60 victorias y 41 derrotas. Un gran porcentaje de victorias del 60% para un equipo como Benicarl\u00f3, en la exigente categor\u00eda profesional de la LEB Plata.&nbsp; El viernes 26 de Abril a las 19:30h tendr\u00e1 lugar una rueda de prensa de despedida del club y Adri\u00e0 abierta a todos los p\u00fablicos para darle la despedida a Adri\u00e0 que se merece. De nuevo, muchas gracias Adri\u00e0 por todos estos a\u00f1os. Estamos convencidos que no va a ser un \u201cadi\u00f3s\u201d, si no un \u201chasta pronto\u201d.&nbsp;\" \/>\n<meta property=\"og:url\" content=\"https:\/\/cbbenicarlo.com\/?p=2320\" \/>\n<meta property=\"og:site_name\" content=\"Club Basquet Benicarl\u00f3\" \/>\n<meta property=\"article:published_time\" content=\"2024-04-23T15:00:31+00:00\" \/>\n<meta property=\"article:modified_time\" content=\"2024-04-23T15:00:32+00:00\" \/>\n<meta property=\"og:image\" content=\"https:\/\/cbbenicarlo.com\/wp-content\/uploads\/2024\/04\/DSCF2528-1-scaled.jpg\" \/>\n\t<meta property=\"og:image:width\" content=\"2560\" \/>\n\t<meta property=\"og:image:height\" content=\"1707\" \/>\n\t<meta property=\"og:image:type\" content=\"image\/jpeg\" \/>\n<meta name=\"author\" content=\"Club B\u00e0squet Benicarl\u00f3\" \/>\n<meta name=\"twitter:card\" content=\"summary_large_image\" \/>\n<meta name=\"twitter:label1\" content=\"Escrito por\" \/>\n\t<meta name=\"twitter:data1\" content=\"Club B\u00e0squet Benicarl\u00f3\" \/>\n\t<meta name=\"twitter:label2\" content=\"Tiempo de lectura\" \/>\n\t<meta name=\"twitter:data2\" content=\"5 minutos\" \/>\n<script type=\"application\/ld+json\" class=\"yoast-schema-graph\">{\"@context\":\"https:\/\/schema.org\",\"@graph\":[{\"@type\":\"Article\",\"@id\":\"https:\/\/cbbenicarlo.com\/?p=2320#article\",\"isPartOf\":{\"@id\":\"https:\/\/cbbenicarlo.com\/?p=2320\"},\"author\":{\"name\":\"Club B\u00e0squet Benicarl\u00f3\",\"@id\":\"https:\/\/cbbenicarlo.com\/#\/schema\/person\/200a6bea92870b7adeb1a5c755a793f2\"},\"headline\":\"ADRI\u00c0 ALONSO Y EL MADERAS SORL\u00cd BENICARL\u00d3 SEPARAN SUS CAMINOS TRAS TRES A\u00d1OS Y MEDIO DEL T\u00c9CNICO LIDERANDO EL PROYECTO\",\"datePublished\":\"2024-04-23T15:00:31+00:00\",\"dateModified\":\"2024-04-23T15:00:32+00:00\",\"mainEntityOfPage\":{\"@id\":\"https:\/\/cbbenicarlo.com\/?p=2320\"},\"wordCount\":971,\"publisher\":{\"@id\":\"https:\/\/cbbenicarlo.com\/#organization\"},\"articleSection\":[\"Primer Equipo\"],\"inLanguage\":\"es\"},{\"@type\":\"WebPage\",\"@id\":\"https:\/\/cbbenicarlo.com\/?p=2320\",\"url\":\"https:\/\/cbbenicarlo.com\/?p=2320\",\"name\":\"ADRI\u00c0 ALONSO Y EL MADERAS SORL\u00cd BENICARL\u00d3 SEPARAN SUS CAMINOS TRAS TRES A\u00d1OS Y MEDIO DEL T\u00c9CNICO LIDERANDO EL PROYECTO | Club Basquet Benicarl\u00f3\",\"isPartOf\":{\"@id\":\"https:\/\/cbbenicarlo.com\/#website\"},\"datePublished\":\"2024-04-23T15:00:31+00:00\",\"dateModified\":\"2024-04-23T15:00:32+00:00\",\"breadcrumb\":{\"@id\":\"https:\/\/cbbenicarlo.com\/?p=2320#breadcrumb\"},\"inLanguage\":\"es\",\"potentialAction\":[{\"@type\":\"ReadAction\",\"target\":[\"https:\/\/cbbenicarlo.com\/?p=2320\"]}]},{\"@type\":\"BreadcrumbList\",\"@id\":\"https:\/\/cbbenicarlo.com\/?p=2320#breadcrumb\",\"itemListElement\":[{\"@type\":\"ListItem\",\"position\":1,\"name\":\"Portada\",\"item\":\"https:\/\/cbbenicarlo.com\/\"},{\"@type\":\"ListItem\",\"position\":2,\"name\":\"ADRI\u00c0 ALONSO Y EL MADERAS SORL\u00cd BENICARL\u00d3 SEPARAN SUS CAMINOS TRAS TRES A\u00d1OS Y MEDIO DEL T\u00c9CNICO LIDERANDO EL PROYECTO\"}]},{\"@type\":\"WebSite\",\"@id\":\"https:\/\/cbbenicarlo.com\/#website\",\"url\":\"https:\/\/cbbenicarlo.com\/\",\"name\":\"Club Basquet Benicarl\u00f3\",\"description\":\"P\u00e1gina Web Oficial\",\"publisher\":{\"@id\":\"https:\/\/cbbenicarlo.com\/#organization\"},\"potentialAction\":[{\"@type\":\"SearchAction\",\"target\":{\"@type\":\"EntryPoint\",\"urlTemplate\":\"https:\/\/cbbenicarlo.com\/?s={search_term_string}\"},\"query-input\":\"required name=search_term_string\"}],\"inLanguage\":\"es\"},{\"@type\":\"Organization\",\"@id\":\"https:\/\/cbbenicarlo.com\/#organization\",\"name\":\"Club B\u00e0squet Benicarl\u00f3\",\"url\":\"https:\/\/cbbenicarlo.com\/\",\"logo\":{\"@type\":\"ImageObject\",\"inLanguage\":\"es\",\"@id\":\"https:\/\/cbbenicarlo.com\/#\/schema\/logo\/image\/\",\"url\":\"https:\/\/cbbenicarlo.com\/wp-content\/uploads\/2022\/05\/cropped-cropped-cropped-CBBENICARLO2021-22-2.png\",\"contentUrl\":\"https:\/\/cbbenicarlo.com\/wp-content\/uploads\/2022\/05\/cropped-cropped-cropped-CBBENICARLO2021-22-2.png\",\"width\":512,\"height\":512,\"caption\":\"Club B\u00e0squet Benicarl\u00f3\"},\"image\":{\"@id\":\"https:\/\/cbbenicarlo.com\/#\/schema\/logo\/image\/\"}},{\"@type\":\"Person\",\"@id\":\"https:\/\/cbbenicarlo.com\/#\/schema\/person\/200a6bea92870b7adeb1a5c755a793f2\",\"name\":\"Club B\u00e0squet Benicarl\u00f3\",\"image\":{\"@type\":\"ImageObject\",\"inLanguage\":\"es\",\"@id\":\"https:\/\/cbbenicarlo.com\/#\/schema\/person\/image\/\",\"url\":\"https:\/\/secure.gravatar.com\/avatar\/8aed305f961a70f8934d4ba794f3527a?s=96&d=mm&r=g\",\"contentUrl\":\"https:\/\/secure.gravatar.com\/avatar\/8aed305f961a70f8934d4ba794f3527a?s=96&d=mm&r=g\",\"caption\":\"Club B\u00e0squet Benicarl\u00f3\"},\"url\":\"https:\/\/cbbenicarlo.com\/?author=1\"}]}<\/script>\n<!-- \/ Yoast SEO plugin. -->","yoast_head_json":{"title":"ADRI\u00c0 ALONSO Y EL MADERAS SORL\u00cd BENICARL\u00d3 SEPARAN SUS CAMINOS TRAS TRES A\u00d1OS Y MEDIO DEL T\u00c9CNICO LIDERANDO EL PROYECTO | Club Basquet Benicarl\u00f3","robots":{"index":"index","follow":"follow","max-snippet":"max-snippet:-1","max-image-preview":"max-image-preview:large","max-video-preview":"max-video-preview:-1"},"canonical":"https:\/\/cbbenicarlo.com\/?p=2320","og_locale":"es_ES","og_type":"article","og_title":"ADRI\u00c0 ALONSO Y EL MADERAS SORL\u00cd BENICARL\u00d3 SEPARAN SUS CAMINOS TRAS TRES A\u00d1OS Y MEDIO DEL T\u00c9CNICO LIDERANDO EL PROYECTO | Club Basquet Benicarl\u00f3","og_description":"Durante la ma\u00f1ana del lunes el propio Alonso comunic\u00f3 a la direcci\u00f3n del club su decisi\u00f3n de no continuar una temporada m\u00e1s en el proyecto benicarlando. Adri\u00e1 Alonso Fern\u00e1ndez lleg\u00f3 al Mi Arquitecto CB Benicarl\u00f3 en Diciembre del 2020 cuando el equipo estaba en puestos de descenso. En Abril del 2024, ha comunicado al club su decisi\u00f3n de no continuar en el proyecto dejando al equipo por tercera temporada consecutiva en los playoffs de ascenso a la liga LEB Oro, todo un hito hist\u00f3rico en la trayectoria del club. Vamos a hacer un peque\u00f1o resumen del que ha sido el recorrido de Adri\u00e0 Alonso por el Club Baloncesto Benicarl\u00f3.&nbsp; Temporada 2020-2021, segunda temporada del Club Baloncesto Benicarl\u00f3 en LEB Plata.\u00a0 Era la jornada 9 de la liga regular. El equipo estaba con 3 victorias y 6 derrotas y con una sensaci\u00f3n agridulce. No quer\u00edamos repetir los resultados de la temporada anterior, la temporada del debut, en el que solo el par\u00f3n por el Covid nos hizo salvar la categor\u00eda. Derrota ante CB Cornell\u00e0, en casa, en jornada intersemanal (partido aplazado por el Covid) por tan solo 62-64. La directiva decide buscar nuevo entrenador en el mercado y aparece la figura de Adri\u00e0 Alonso.&nbsp; Adri\u00e0 debuta en casa contra Hozono Global Jairis. Victoria por 73-71 con buenas sensaciones del equipo en un partido muy ajustado. Con la llegada de Adri\u00e1 se realizan varios cambios de jugadores en el equipo. Llega Samu Rodr\u00edguez, jugador que estuvo con Adri\u00e0 en el junior del Joventut de Badalona. Esto pinta bien. Acabamos la liga regular con 12 victorias y 14 derrotas, a tan solo un partido del playoff. El balance del equipo con Adri\u00e0 durante esa temporada fue de 9 victorias y 6 derrotas. El m\u00edster y el club renuevan el contrato con 1+1 para las dos pr\u00f3ximas temporadas.&nbsp;&nbsp; Temporada 2021-2022, primera temporada jugando los Playoffs a LEB Oro Confecci\u00f3n de la plantilla por parte de Adri\u00e0. Fichamos jugadores contrastados en la categor\u00eda: Vladi Orlov, Maxim Esteban, Jon Aramburu\u2026 sumado a un talentoso Deshaun Cooper. Era la jornada 21 y nos encontr\u00e1bamos l\u00edderes de la LEB Plata con 15 victorias y 6 derrotas. Incre\u00edble e impensable para todos hac\u00eda apenas 1 a\u00f1o. Con los \u00faltimos resultados, el equipo queda segundo clasificado, luchando durante toda la liga regular por quedar primeros.&nbsp; Llegan los Playoffs, primera experiencia para el club. El rival: Melilla. No hab\u00edamos perdido ning\u00fan partido en casa en toda la liga regular (13-0). Desplazamiento muy largo, al que no est\u00e1bamos acostumbrados. Tercer periodo, 23 abajo. Se pon\u00eda la eliminatoria complicada. El equipo sac\u00f3 car\u00e1cter y consigui\u00f3 reducir la diferencia a tan solo 9 puntos. Llegaba el partido de vuelta en Benicarl\u00f3 donde el objetivo era reducir esos 9 puntos. En la media parte: 19 puntos arriba. Parec\u00eda hecho, pero finalmente, en una \u00faltima jugada con un +7 en el marcador, no conseguimos igualarlo y Melilla se clasifica para las semifinales. Temporada hist\u00f3rica.&nbsp; Temporada 2022-2023, tercera temporada de Adri\u00e0 en Benicarl\u00f3 Nueva confecci\u00f3n de la plantilla. Renovaciones de dos pilares en el equipo: Vladi Orlov y M\u00e0xim Esteban, sumando nuevos jugadores contrastados: Anthony Libroia, Pedro Garc\u00eda, Alejandro Rivas o Fausto Ruesga. Gran primera vuelta del equipo, luchando hasta la \u00faltima jornada con opciones de clasificarse para la Copa LEB Plata.&nbsp; Clasificaci\u00f3n para los Playoffs por segunda temporada consecutiva y con factor cancha a favor. Terceros clasificados y nuestro rival el Zamora. Tras un gran partido en la ida donde conseguimos quedar empate (66-66) se nos escapa la clasificaci\u00f3n para las semifinales en un partido muy igualado en casa delante de nuestra afici\u00f3n. Nuevamente, una temporada fant\u00e1stica para el ya Maderas Sorl\u00ed Benicarl\u00f3.&nbsp; Temporada 2023-2024, inicio arrollador del equipo con un nuevo r\u00e9cord: 9-0 para empezar la competici\u00f3n Renovaci\u00f3n de 5 de los 6 pilares fundamentales del equipo para dar una gran continuidad, as\u00ed como renovaci\u00f3n de pr\u00e1cticamente todos los miembros del staff. Inicio perfecto: 9-0 y nuevamente con opciones de poder jugar la Copa LEB Plata por tercera temporada consecutiva. Una nueva temporada asegurando la clasificaci\u00f3n para los playoffs, objetivo cumplido.&nbsp; No fue el final que todos esper\u00e1bamos en esta temporada. Gran partido de ida en casa (ganando por 1 punto) dejando a uno de los mejores ataques de la liga con tan solo 64 puntos. \u00cdbamos a Amorebieta, un campo siempre dif\u00edcil. No conseguimos competir el partido y ca\u00edmos eliminados. Pero nuevamente, temporada fant\u00e1stica quedando entre los mejores equipos de una liga profesional como es la LEB Plata. Si nos lo dicen hace 5 a\u00f1os, no lo creemos.&nbsp; MUCHAS GRACIAS, ADRI\u00c0 Adri\u00e0 Alonso y Club Baloncesto Benicarl\u00f3. \u00a1C\u00f3mo hemos crecido juntos! Adri\u00e0 ha significado mucho para el club, siendo el l\u00edder para colocar al Maderas Sorl\u00ed Benicarl\u00f3 en el mapa del baloncesto nacional. Miramos el proyecto cuando llegaste y lo miramos cuando te vas. Hemos conseguido que un proyecto humilde como Benicarl\u00f3 sea uno de los referentes de la LEB Plata.&nbsp; Adri\u00e0 deja el equipo con un balance en partidos oficiales de 60 victorias y 41 derrotas. Un gran porcentaje de victorias del 60% para un equipo como Benicarl\u00f3, en la exigente categor\u00eda profesional de la LEB Plata.&nbsp; El viernes 26 de Abril a las 19:30h tendr\u00e1 lugar una rueda de prensa de despedida del club y Adri\u00e0 abierta a todos los p\u00fablicos para darle la despedida a Adri\u00e0 que se merece. De nuevo, muchas gracias Adri\u00e0 por todos estos a\u00f1os. Estamos convencidos que no va a ser un \u201cadi\u00f3s\u201d, si no un \u201chasta pronto\u201d.&nbsp;","og_url":"https:\/\/cbbenicarlo.com\/?p=2320","og_site_name":"Club Basquet Benicarl\u00f3","article_published_time":"2024-04-23T15:00:31+00:00","article_modified_time":"2024-04-23T15:00:32+00:00","og_image":[{"width":2560,"height":1707,"url":"https:\/\/cbbenicarlo.com\/wp-content\/uploads\/2024\/04\/DSCF2528-1-scaled.jpg","type":"image\/jpeg"}],"author":"Club B\u00e0squet Benicarl\u00f3","twitter_card":"summary_large_image","twitter_misc":{"Escrito por":"Club B\u00e0squet Benicarl\u00f3","Tiempo de lectura":"5 minutos"},"schema":{"@context":"https:\/\/schema.org","@graph":[{"@type":"Article","@id":"https:\/\/cbbenicarlo.com\/?p=2320#article","isPartOf":{"@id":"https:\/\/cbbenicarlo.com\/?p=2320"},"author":{"name":"Club B\u00e0squet Benicarl\u00f3","@id":"https:\/\/cbbenicarlo.com\/#\/schema\/person\/200a6bea92870b7adeb1a5c755a793f2"},"headline":"ADRI\u00c0 ALONSO Y EL MADERAS SORL\u00cd BENICARL\u00d3 SEPARAN SUS CAMINOS TRAS TRES A\u00d1OS Y MEDIO DEL T\u00c9CNICO LIDERANDO EL PROYECTO","datePublished":"2024-04-23T15:00:31+00:00","dateModified":"2024-04-23T15:00:32+00:00","mainEntityOfPage":{"@id":"https:\/\/cbbenicarlo.com\/?p=2320"},"wordCount":971,"publisher":{"@id":"https:\/\/cbbenicarlo.com\/#organization"},"articleSection":["Primer Equipo"],"inLanguage":"es"},{"@type":"WebPage","@id":"https:\/\/cbbenicarlo.com\/?p=2320","url":"https:\/\/cbbenicarlo.com\/?p=2320","name":"ADRI\u00c0 ALONSO Y EL MADERAS SORL\u00cd BENICARL\u00d3 SEPARAN SUS CAMINOS TRAS TRES A\u00d1OS Y MEDIO DEL T\u00c9CNICO LIDERANDO EL PROYECTO | Club Basquet Benicarl\u00f3","isPartOf":{"@id":"https:\/\/cbbenicarlo.com\/#website"},"datePublished":"2024-04-23T15:00:31+00:00","dateModified":"2024-04-23T15:00:32+00:00","breadcrumb":{"@id":"https:\/\/cbbenicarlo.com\/?p=2320#breadcrumb"},"inLanguage":"es","potentialAction":[{"@type":"ReadAction","target":["https:\/\/cbbenicarlo.com\/?p=2320"]}]},{"@type":"BreadcrumbList","@id":"https:\/\/cbbenicarlo.com\/?p=2320#breadcrumb","itemListElement":[{"@type":"ListItem","position":1,"name":"Portada","item":"https:\/\/cbbenicarlo.com\/"},{"@type":"ListItem","position":2,"name":"ADRI\u00c0 ALONSO Y EL MADERAS SORL\u00cd BENICARL\u00d3 SEPARAN SUS CAMINOS TRAS TRES A\u00d1OS Y MEDIO DEL T\u00c9CNICO LIDERANDO EL PROYECTO"}]},{"@type":"WebSite","@id":"https:\/\/cbbenicarlo.com\/#website","url":"https:\/\/cbbenicarlo.com\/","name":"Club Basquet Benicarl\u00f3","description":"P\u00e1gina Web Oficial","publisher":{"@id":"https:\/\/cbbenicarlo.com\/#organization"},"potentialAction":[{"@type":"SearchAction","target":{"@type":"EntryPoint","urlTemplate":"https:\/\/cbbenicarlo.com\/?s={search_term_string}"},"query-input":"required name=search_term_string"}],"inLanguage":"es"},{"@type":"Organization","@id":"https:\/\/cbbenicarlo.com\/#organization","name":"Club B\u00e0squet Benicarl\u00f3","url":"https:\/\/cbbenicarlo.com\/","logo":{"@type":"ImageObject","inLanguage":"es","@id":"https:\/\/cbbenicarlo.com\/#\/schema\/logo\/image\/","url":"https:\/\/cbbenicarlo.com\/wp-content\/uploads\/2022\/05\/cropped-cropped-cropped-CBBENICARLO2021-22-2.png","contentUrl":"https:\/\/cbbenicarlo.com\/wp-content\/uploads\/2022\/05\/cropped-cropped-cropped-CBBENICARLO2021-22-2.png","width":512,"height":512,"caption":"Club B\u00e0squet Benicarl\u00f3"},"image":{"@id":"https:\/\/cbbenicarlo.com\/#\/schema\/logo\/image\/"}},{"@type":"Person","@id":"https:\/\/cbbenicarlo.com\/#\/schema\/person\/200a6bea92870b7adeb1a5c755a793f2","name":"Club B\u00e0squet Benicarl\u00f3","image":{"@type":"ImageObject","inLanguage":"es","@id":"https:\/\/cbbenicarlo.com\/#\/schema\/person\/image\/","url":"https:\/\/secure.gravatar.com\/avatar\/8aed305f961a70f8934d4ba794f3527a?s=96&d=mm&r=g","contentUrl":"https:\/\/secure.gravatar.com\/avatar\/8aed305f961a70f8934d4ba794f3527a?s=96&d=mm&r=g","caption":"Club B\u00e0squet Benicarl\u00f3"},"url":"https:\/\/cbbenicarlo.com\/?author=1"}]}},"_links":{"self":[{"href":"https:\/\/cbbenicarlo.com\/index.php?rest_route=\/wp\/v2\/posts\/2320"}],"collection":[{"href":"https:\/\/cbbenicarlo.com\/index.php?rest_route=\/wp\/v2\/posts"}],"about":[{"href":"https:\/\/cbbenicarlo.com\/index.php?rest_route=\/wp\/v2\/types\/post"}],"author":[{"embeddable":true,"href":"https:\/\/cbbenicarlo.com\/index.php?rest_route=\/wp\/v2\/users\/1"}],"replies":[{"embeddable":true,"href":"https:\/\/cbbenicarlo.com\/index.php?rest_route=%2Fwp%2Fv2%2Fcomments&post=2320"}],"version-history":[{"count":1,"href":"https:\/\/cbbenicarlo.com\/index.php?rest_route=\/wp\/v2\/posts\/2320\/revisions"}],"predecessor-version":[{"id":2325,"href":"https:\/\/cbbenicarlo.com\/index.php?rest_route=\/wp\/v2\/posts\/2320\/revisions\/2325"}],"wp:featuredmedia":[{"embeddable":true,"href":"https:\/\/cbbenicarlo.com\/index.php?rest_route=\/wp\/v2\/media\/2321"}],"wp:attachment":[{"href":"https:\/\/cbbenicarlo.com\/index.php?rest_route=%2Fwp%2Fv2%2Fmedia&parent=2320"}],"wp:term":[{"taxonomy":"category","embeddable":true,"href":"https:\/\/cbbenicarlo.com\/index.php?rest_route=%2Fwp%2Fv2%2Fcategories&post=2320"},{"taxonomy":"post_tag","embeddable":true,"href":"https:\/\/cbbenicarlo.com\/index.php?rest_route=%2Fwp%2Fv2%2Ftags&post=2320"}],"curies":[{"name":"wp","href":"https:\/\/api.w.org\/{rel}","templated":true}]}}