{"id":2307,"date":"2024-04-10T15:32:44","date_gmt":"2024-04-10T13:32:44","guid":{"rendered":"https:\/\/cbbenicarlo.com\/?p=2307"},"modified":"2024-04-10T15:32:45","modified_gmt":"2024-04-10T13:32:45","slug":"a-la-tercera-va-la-vencida","status":"publish","type":"post","link":"https:\/\/cbbenicarlo.com\/?p=2307","title":{"rendered":"<strong>\u201cA LA TERCERA VA LA VENCIDA\u201d<\/strong>"},"content":{"rendered":"\n<p class=\"has-medium-font-size\"><strong>El Maderas Sorl\u00ed Benicarl\u00f3 est\u00e1 preparado para jugar el playoff de ascenso a la liga LEB Oro<\/strong>.<\/p>\n\n\n\n<p class=\"has-medium-font-size\">\u00a1Ha llegado el momento! Dicen que a la tercera va la vencida y tambi\u00e9n dicen que cuando a veces las cosas m\u00e1s complicadas se ponen, hay equipos que se unen, hacen fuerza y sacan grandes resultados juntos. Este equipo no solo lo forman los jugadores y el staff t\u00e9cnico, sino que tambi\u00e9n lo forman nuestra gran afici\u00f3n, patrocinadores, sponsors, socios, Ayuntamiento de Benicarl\u00f3, Diputaci\u00f3n de Castell\u00f3n, jugadores de cantera, junta directiva, etc. Y <strong>es el momento de unirnos todos juntos por un mismo objetivo<\/strong>, el momento en el que m\u00e1s necesitamos esa fuerza de todo el equipo.&nbsp;<\/p>\n\n\n\n<p class=\"has-medium-font-size\">FC Cartagena, Sant Antoni Ibiza, Oca Global Salou y CB L\u2019Horta Godella. Estos 4 grandes equipos y proyectos han sido el primero, segundo, cuarto y quinto clasificado respectivamente, acabando la liga regular mejor clasificados que nosotros. Pero, en nuestro fort\u00edn, con todo el EQUIPO del que habl\u00e1bamos anteriormente (JUGADORES + STAFF + AFICI\u00d3N) apretando JUNTOS por conseguir la victoria, hemos conseguido derrotarlos a todos esta temporada 2023-2024 en el Pabell\u00f3n de Benicarl\u00f3.\u00a0<\/p>\n\n\n\n<p class=\"has-medium-font-size\">Esta es la tercera vez de forma consecutiva que disputaremos unos Playoffs de Ascenso a la LEB Oro. A\u00fan cuando lo escribo pienso si estoy en lo cierto o estoy so\u00f1ando. Una humilde poblaci\u00f3n como Benicarl\u00f3, con apenas 30.000 habitantes, que est\u00e1 <strong>compitiendo por ascender a la segunda categor\u00eda a nivel nacional, solo por detr\u00e1s de la ACB<\/strong>, y por tercera temporada consecutiva. \u00a1Vamos a disfrutar de este gran privilegio!<\/p>\n\n\n\n<p class=\"has-medium-font-size\">Venimos con experiencia en estos playoffs. En las 2 temporadas anteriores no hemos conseguido superar esta primera eliminatoria. <strong>Y queremos este a\u00f1o superar esa barrera<\/strong>. Circunstancias completamente distintas que nos pueden venir muy bien para afrontar desde otra mentalidad esta primera ronda. Pero insisto: <strong>necesitamos ese EQUIPO unido, ese EQUIPO con ilusi\u00f3n, ese EQUIPO con ganas del domingo.&nbsp;<\/strong><\/p>\n\n\n\n<p class=\"has-medium-font-size\"><strong>Mensaje para la AFICI\u00d3N:<\/strong> Hab\u00e9is demostrado ser una de las mejores aficiones de la LEB Plata, en las buenas y en la no tan buenas, en el Pabell\u00f3n Municipal de Benicarl\u00f3 y en otros pabellones de todo el pa\u00eds. <strong>Ahora es el momento<\/strong>, es el momento de juntarnos todos, es el momento de convertir el Pabell\u00f3n Municipal de Benicarl\u00f3 en una bombonera de color rojo, <strong>es nuestro momento<\/strong>. Os necesitamos el domingo a las 18:00h m\u00e1s que nunca en el Pabell\u00f3n Municipal de Benicarl\u00f3 para conseguir el objetivo <strong>TODOS JUNTOS.\u00a0<\/strong><\/p>\n\n\n<figure class=\"wp-block-post-featured-image\"><img loading=\"lazy\" width=\"1080\" height=\"1080\" src=\"https:\/\/cbbenicarlo.com\/wp-content\/uploads\/2024\/04\/Imagen-de-WhatsApp-2024-04-10-a-las-14.26.22_b5e2ad81.jpg\" class=\"attachment-post-thumbnail size-post-thumbnail wp-post-image\" alt=\"\" decoding=\"async\" loading=\"lazy\" srcset=\"https:\/\/cbbenicarlo.com\/wp-content\/uploads\/2024\/04\/Imagen-de-WhatsApp-2024-04-10-a-las-14.26.22_b5e2ad81.jpg 1080w, https:\/\/cbbenicarlo.com\/wp-content\/uploads\/2024\/04\/Imagen-de-WhatsApp-2024-04-10-a-las-14.26.22_b5e2ad81-300x300.jpg 300w, https:\/\/cbbenicarlo.com\/wp-content\/uploads\/2024\/04\/Imagen-de-WhatsApp-2024-04-10-a-las-14.26.22_b5e2ad81-1024x1024.jpg 1024w, https:\/\/cbbenicarlo.com\/wp-content\/uploads\/2024\/04\/Imagen-de-WhatsApp-2024-04-10-a-las-14.26.22_b5e2ad81-150x150.jpg 150w, https:\/\/cbbenicarlo.com\/wp-content\/uploads\/2024\/04\/Imagen-de-WhatsApp-2024-04-10-a-las-14.26.22_b5e2ad81-768x768.jpg 768w, https:\/\/cbbenicarlo.com\/wp-content\/uploads\/2024\/04\/Imagen-de-WhatsApp-2024-04-10-a-las-14.26.22_b5e2ad81-600x600.jpg 600w, https:\/\/cbbenicarlo.com\/wp-content\/uploads\/2024\/04\/Imagen-de-WhatsApp-2024-04-10-a-las-14.26.22_b5e2ad81-128x128.jpg 128w, https:\/\/cbbenicarlo.com\/wp-content\/uploads\/2024\/04\/Imagen-de-WhatsApp-2024-04-10-a-las-14.26.22_b5e2ad81-32x32.jpg 32w\" sizes=\"(max-width: 1080px) 100vw, 1080px\" \/><\/figure>","protected":false},"excerpt":{"rendered":"<p>El Maderas Sorl\u00ed Benicarl\u00f3 est\u00e1 preparado para jugar el playoff de ascenso a la liga LEB Oro. \u00a1Ha llegado el momento! Dicen que a la tercera va la vencida y tambi\u00e9n dicen que cuando a veces las cosas m\u00e1s complicadas se ponen, hay equipos que se unen, hacen fuerza y sacan grandes resultados juntos. Este equipo no solo lo forman los jugadores y el staff t\u00e9cnico, sino que tambi\u00e9n lo forman nuestra gran afici\u00f3n, patrocinadores, sponsors, socios, Ayuntamiento de Benicarl\u00f3, Diputaci\u00f3n de Castell\u00f3n, jugadores de cantera, junta directiva, etc. Y es el momento de unirnos todos juntos por un mismo objetivo, el momento en el que m\u00e1s necesitamos esa fuerza de todo el equipo.&nbsp; FC Cartagena, Sant Antoni Ibiza, Oca Global Salou y CB L\u2019Horta Godella. Estos 4 grandes equipos y proyectos han sido el primero, segundo, cuarto y quinto clasificado respectivamente, acabando la liga regular mejor clasificados que nosotros. Pero, en nuestro fort\u00edn, con todo el EQUIPO del que habl\u00e1bamos anteriormente (JUGADORES + STAFF + AFICI\u00d3N) apretando JUNTOS por conseguir la victoria, hemos conseguido derrotarlos a todos esta temporada 2023-2024 en el Pabell\u00f3n de Benicarl\u00f3.\u00a0 Esta es la tercera vez de forma consecutiva que disputaremos unos Playoffs de Ascenso a la LEB Oro. A\u00fan cuando lo escribo pienso si estoy en lo cierto o estoy so\u00f1ando. Una humilde poblaci\u00f3n como Benicarl\u00f3, con apenas 30.000 habitantes, que est\u00e1 compitiendo por ascender a la segunda categor\u00eda a nivel nacional, solo por detr\u00e1s de la ACB, y por tercera temporada consecutiva. \u00a1Vamos a disfrutar de este gran privilegio! Venimos con experiencia en estos playoffs. En las 2 temporadas anteriores no hemos conseguido superar esta primera eliminatoria. Y queremos este a\u00f1o superar esa barrera. Circunstancias completamente distintas que nos pueden venir muy bien para afrontar desde otra mentalidad esta primera ronda. Pero insisto: necesitamos ese EQUIPO unido, ese EQUIPO con ilusi\u00f3n, ese EQUIPO con ganas del domingo.&nbsp; Mensaje para la AFICI\u00d3N: Hab\u00e9is demostrado ser una de las mejores aficiones de la LEB Plata, en las buenas y en la no tan buenas, en el Pabell\u00f3n Municipal de Benicarl\u00f3 y en otros pabellones de todo el pa\u00eds. Ahora es el momento, es el momento de juntarnos todos, es el momento de convertir el Pabell\u00f3n Municipal de Benicarl\u00f3 en una bombonera de color rojo, es nuestro momento. Os necesitamos el domingo a las 18:00h m\u00e1s que nunca en el Pabell\u00f3n Municipal de Benicarl\u00f3 para conseguir el objetivo TODOS JUNTOS.\u00a0<\/p>\n","protected":false},"author":1,"featured_media":2308,"comment_status":"closed","ping_status":"closed","sticky":false,"template":"","format":"standard","meta":{"_eb_attr":""},"categories":[1],"tags":[],"yoast_head":"<!-- This site is optimized with the Yoast SEO plugin v21.1 - https:\/\/yoast.com\/wordpress\/plugins\/seo\/ -->\n<title>\u201cA LA TERCERA VA LA VENCIDA\u201d | Club Basquet Benicarl\u00f3<\/title>\n<meta name=\"robots\" content=\"index, follow, max-snippet:-1, max-image-preview:large, max-video-preview:-1\" \/>\n<link rel=\"canonical\" href=\"https:\/\/cbbenicarlo.com\/?p=2307\" \/>\n<meta property=\"og:locale\" content=\"es_ES\" \/>\n<meta property=\"og:type\" content=\"article\" \/>\n<meta property=\"og:title\" content=\"\u201cA LA TERCERA VA LA VENCIDA\u201d | Club Basquet Benicarl\u00f3\" \/>\n<meta property=\"og:description\" content=\"El Maderas Sorl\u00ed Benicarl\u00f3 est\u00e1 preparado para jugar el playoff de ascenso a la liga LEB Oro. \u00a1Ha llegado el momento! Dicen que a la tercera va la vencida y tambi\u00e9n dicen que cuando a veces las cosas m\u00e1s complicadas se ponen, hay equipos que se unen, hacen fuerza y sacan grandes resultados juntos. Este equipo no solo lo forman los jugadores y el staff t\u00e9cnico, sino que tambi\u00e9n lo forman nuestra gran afici\u00f3n, patrocinadores, sponsors, socios, Ayuntamiento de Benicarl\u00f3, Diputaci\u00f3n de Castell\u00f3n, jugadores de cantera, junta directiva, etc. Y es el momento de unirnos todos juntos por un mismo objetivo, el momento en el que m\u00e1s necesitamos esa fuerza de todo el equipo.&nbsp; FC Cartagena, Sant Antoni Ibiza, Oca Global Salou y CB L\u2019Horta Godella. Estos 4 grandes equipos y proyectos han sido el primero, segundo, cuarto y quinto clasificado respectivamente, acabando la liga regular mejor clasificados que nosotros. Pero, en nuestro fort\u00edn, con todo el EQUIPO del que habl\u00e1bamos anteriormente (JUGADORES + STAFF + AFICI\u00d3N) apretando JUNTOS por conseguir la victoria, hemos conseguido derrotarlos a todos esta temporada 2023-2024 en el Pabell\u00f3n de Benicarl\u00f3.\u00a0 Esta es la tercera vez de forma consecutiva que disputaremos unos Playoffs de Ascenso a la LEB Oro. A\u00fan cuando lo escribo pienso si estoy en lo cierto o estoy so\u00f1ando. Una humilde poblaci\u00f3n como Benicarl\u00f3, con apenas 30.000 habitantes, que est\u00e1 compitiendo por ascender a la segunda categor\u00eda a nivel nacional, solo por detr\u00e1s de la ACB, y por tercera temporada consecutiva. \u00a1Vamos a disfrutar de este gran privilegio! Venimos con experiencia en estos playoffs. En las 2 temporadas anteriores no hemos conseguido superar esta primera eliminatoria. Y queremos este a\u00f1o superar esa barrera. Circunstancias completamente distintas que nos pueden venir muy bien para afrontar desde otra mentalidad esta primera ronda. Pero insisto: necesitamos ese EQUIPO unido, ese EQUIPO con ilusi\u00f3n, ese EQUIPO con ganas del domingo.&nbsp; Mensaje para la AFICI\u00d3N: Hab\u00e9is demostrado ser una de las mejores aficiones de la LEB Plata, en las buenas y en la no tan buenas, en el Pabell\u00f3n Municipal de Benicarl\u00f3 y en otros pabellones de todo el pa\u00eds. Ahora es el momento, es el momento de juntarnos todos, es el momento de convertir el Pabell\u00f3n Municipal de Benicarl\u00f3 en una bombonera de color rojo, es nuestro momento. Os necesitamos el domingo a las 18:00h m\u00e1s que nunca en el Pabell\u00f3n Municipal de Benicarl\u00f3 para conseguir el objetivo TODOS JUNTOS.\u00a0\" \/>\n<meta property=\"og:url\" content=\"https:\/\/cbbenicarlo.com\/?p=2307\" \/>\n<meta property=\"og:site_name\" content=\"Club Basquet Benicarl\u00f3\" \/>\n<meta property=\"article:published_time\" content=\"2024-04-10T13:32:44+00:00\" \/>\n<meta property=\"article:modified_time\" content=\"2024-04-10T13:32:45+00:00\" \/>\n<meta property=\"og:image\" content=\"https:\/\/cbbenicarlo.com\/wp-content\/uploads\/2024\/04\/Imagen-de-WhatsApp-2024-04-10-a-las-14.26.22_b5e2ad81.jpg\" \/>\n\t<meta property=\"og:image:width\" content=\"1080\" \/>\n\t<meta property=\"og:image:height\" content=\"1080\" \/>\n\t<meta property=\"og:image:type\" content=\"image\/jpeg\" \/>\n<meta name=\"author\" content=\"Club B\u00e0squet Benicarl\u00f3\" \/>\n<meta name=\"twitter:card\" content=\"summary_large_image\" \/>\n<meta name=\"twitter:label1\" content=\"Escrito por\" \/>\n\t<meta name=\"twitter:data1\" content=\"Club B\u00e0squet Benicarl\u00f3\" \/>\n\t<meta name=\"twitter:label2\" content=\"Tiempo de lectura\" \/>\n\t<meta name=\"twitter:data2\" content=\"2 minutos\" \/>\n<script type=\"application\/ld+json\" class=\"yoast-schema-graph\">{\"@context\":\"https:\/\/schema.org\",\"@graph\":[{\"@type\":\"Article\",\"@id\":\"https:\/\/cbbenicarlo.com\/?p=2307#article\",\"isPartOf\":{\"@id\":\"https:\/\/cbbenicarlo.com\/?p=2307\"},\"author\":{\"name\":\"Club B\u00e0squet Benicarl\u00f3\",\"@id\":\"https:\/\/cbbenicarlo.com\/#\/schema\/person\/200a6bea92870b7adeb1a5c755a793f2\"},\"headline\":\"\u201cA LA TERCERA VA LA VENCIDA\u201d\",\"datePublished\":\"2024-04-10T13:32:44+00:00\",\"dateModified\":\"2024-04-10T13:32:45+00:00\",\"mainEntityOfPage\":{\"@id\":\"https:\/\/cbbenicarlo.com\/?p=2307\"},\"wordCount\":434,\"publisher\":{\"@id\":\"https:\/\/cbbenicarlo.com\/#organization\"},\"articleSection\":[\"Primer Equipo\"],\"inLanguage\":\"es\"},{\"@type\":\"WebPage\",\"@id\":\"https:\/\/cbbenicarlo.com\/?p=2307\",\"url\":\"https:\/\/cbbenicarlo.com\/?p=2307\",\"name\":\"\u201cA LA TERCERA VA LA VENCIDA\u201d | Club Basquet Benicarl\u00f3\",\"isPartOf\":{\"@id\":\"https:\/\/cbbenicarlo.com\/#website\"},\"datePublished\":\"2024-04-10T13:32:44+00:00\",\"dateModified\":\"2024-04-10T13:32:45+00:00\",\"breadcrumb\":{\"@id\":\"https:\/\/cbbenicarlo.com\/?p=2307#breadcrumb\"},\"inLanguage\":\"es\",\"potentialAction\":[{\"@type\":\"ReadAction\",\"target\":[\"https:\/\/cbbenicarlo.com\/?p=2307\"]}]},{\"@type\":\"BreadcrumbList\",\"@id\":\"https:\/\/cbbenicarlo.com\/?p=2307#breadcrumb\",\"itemListElement\":[{\"@type\":\"ListItem\",\"position\":1,\"name\":\"Portada\",\"item\":\"https:\/\/cbbenicarlo.com\/\"},{\"@type\":\"ListItem\",\"position\":2,\"name\":\"\u201cA LA TERCERA VA LA VENCIDA\u201d\"}]},{\"@type\":\"WebSite\",\"@id\":\"https:\/\/cbbenicarlo.com\/#website\",\"url\":\"https:\/\/cbbenicarlo.com\/\",\"name\":\"Club Basquet Benicarl\u00f3\",\"description\":\"P\u00e1gina Web Oficial\",\"publisher\":{\"@id\":\"https:\/\/cbbenicarlo.com\/#organization\"},\"potentialAction\":[{\"@type\":\"SearchAction\",\"target\":{\"@type\":\"EntryPoint\",\"urlTemplate\":\"https:\/\/cbbenicarlo.com\/?s={search_term_string}\"},\"query-input\":\"required name=search_term_string\"}],\"inLanguage\":\"es\"},{\"@type\":\"Organization\",\"@id\":\"https:\/\/cbbenicarlo.com\/#organization\",\"name\":\"Club B\u00e0squet Benicarl\u00f3\",\"url\":\"https:\/\/cbbenicarlo.com\/\",\"logo\":{\"@type\":\"ImageObject\",\"inLanguage\":\"es\",\"@id\":\"https:\/\/cbbenicarlo.com\/#\/schema\/logo\/image\/\",\"url\":\"https:\/\/cbbenicarlo.com\/wp-content\/uploads\/2022\/05\/cropped-cropped-cropped-CBBENICARLO2021-22-2.png\",\"contentUrl\":\"https:\/\/cbbenicarlo.com\/wp-content\/uploads\/2022\/05\/cropped-cropped-cropped-CBBENICARLO2021-22-2.png\",\"width\":512,\"height\":512,\"caption\":\"Club B\u00e0squet Benicarl\u00f3\"},\"image\":{\"@id\":\"https:\/\/cbbenicarlo.com\/#\/schema\/logo\/image\/\"}},{\"@type\":\"Person\",\"@id\":\"https:\/\/cbbenicarlo.com\/#\/schema\/person\/200a6bea92870b7adeb1a5c755a793f2\",\"name\":\"Club B\u00e0squet Benicarl\u00f3\",\"image\":{\"@type\":\"ImageObject\",\"inLanguage\":\"es\",\"@id\":\"https:\/\/cbbenicarlo.com\/#\/schema\/person\/image\/\",\"url\":\"https:\/\/secure.gravatar.com\/avatar\/8aed305f961a70f8934d4ba794f3527a?s=96&d=mm&r=g\",\"contentUrl\":\"https:\/\/secure.gravatar.com\/avatar\/8aed305f961a70f8934d4ba794f3527a?s=96&d=mm&r=g\",\"caption\":\"Club B\u00e0squet Benicarl\u00f3\"},\"url\":\"https:\/\/cbbenicarlo.com\/?author=1\"}]}<\/script>\n<!-- \/ Yoast SEO plugin. -->","yoast_head_json":{"title":"\u201cA LA TERCERA VA LA VENCIDA\u201d | Club Basquet Benicarl\u00f3","robots":{"index":"index","follow":"follow","max-snippet":"max-snippet:-1","max-image-preview":"max-image-preview:large","max-video-preview":"max-video-preview:-1"},"canonical":"https:\/\/cbbenicarlo.com\/?p=2307","og_locale":"es_ES","og_type":"article","og_title":"\u201cA LA TERCERA VA LA VENCIDA\u201d | Club Basquet Benicarl\u00f3","og_description":"El Maderas Sorl\u00ed Benicarl\u00f3 est\u00e1 preparado para jugar el playoff de ascenso a la liga LEB Oro. \u00a1Ha llegado el momento! Dicen que a la tercera va la vencida y tambi\u00e9n dicen que cuando a veces las cosas m\u00e1s complicadas se ponen, hay equipos que se unen, hacen fuerza y sacan grandes resultados juntos. Este equipo no solo lo forman los jugadores y el staff t\u00e9cnico, sino que tambi\u00e9n lo forman nuestra gran afici\u00f3n, patrocinadores, sponsors, socios, Ayuntamiento de Benicarl\u00f3, Diputaci\u00f3n de Castell\u00f3n, jugadores de cantera, junta directiva, etc. Y es el momento de unirnos todos juntos por un mismo objetivo, el momento en el que m\u00e1s necesitamos esa fuerza de todo el equipo.&nbsp; FC Cartagena, Sant Antoni Ibiza, Oca Global Salou y CB L\u2019Horta Godella. Estos 4 grandes equipos y proyectos han sido el primero, segundo, cuarto y quinto clasificado respectivamente, acabando la liga regular mejor clasificados que nosotros. Pero, en nuestro fort\u00edn, con todo el EQUIPO del que habl\u00e1bamos anteriormente (JUGADORES + STAFF + AFICI\u00d3N) apretando JUNTOS por conseguir la victoria, hemos conseguido derrotarlos a todos esta temporada 2023-2024 en el Pabell\u00f3n de Benicarl\u00f3.\u00a0 Esta es la tercera vez de forma consecutiva que disputaremos unos Playoffs de Ascenso a la LEB Oro. A\u00fan cuando lo escribo pienso si estoy en lo cierto o estoy so\u00f1ando. Una humilde poblaci\u00f3n como Benicarl\u00f3, con apenas 30.000 habitantes, que est\u00e1 compitiendo por ascender a la segunda categor\u00eda a nivel nacional, solo por detr\u00e1s de la ACB, y por tercera temporada consecutiva. \u00a1Vamos a disfrutar de este gran privilegio! Venimos con experiencia en estos playoffs. En las 2 temporadas anteriores no hemos conseguido superar esta primera eliminatoria. Y queremos este a\u00f1o superar esa barrera. Circunstancias completamente distintas que nos pueden venir muy bien para afrontar desde otra mentalidad esta primera ronda. Pero insisto: necesitamos ese EQUIPO unido, ese EQUIPO con ilusi\u00f3n, ese EQUIPO con ganas del domingo.&nbsp; Mensaje para la AFICI\u00d3N: Hab\u00e9is demostrado ser una de las mejores aficiones de la LEB Plata, en las buenas y en la no tan buenas, en el Pabell\u00f3n Municipal de Benicarl\u00f3 y en otros pabellones de todo el pa\u00eds. Ahora es el momento, es el momento de juntarnos todos, es el momento de convertir el Pabell\u00f3n Municipal de Benicarl\u00f3 en una bombonera de color rojo, es nuestro momento. Os necesitamos el domingo a las 18:00h m\u00e1s que nunca en el Pabell\u00f3n Municipal de Benicarl\u00f3 para conseguir el objetivo TODOS JUNTOS.\u00a0","og_url":"https:\/\/cbbenicarlo.com\/?p=2307","og_site_name":"Club Basquet Benicarl\u00f3","article_published_time":"2024-04-10T13:32:44+00:00","article_modified_time":"2024-04-10T13:32:45+00:00","og_image":[{"width":1080,"height":1080,"url":"https:\/\/cbbenicarlo.com\/wp-content\/uploads\/2024\/04\/Imagen-de-WhatsApp-2024-04-10-a-las-14.26.22_b5e2ad81.jpg","type":"image\/jpeg"}],"author":"Club B\u00e0squet Benicarl\u00f3","twitter_card":"summary_large_image","twitter_misc":{"Escrito por":"Club B\u00e0squet Benicarl\u00f3","Tiempo de lectura":"2 minutos"},"schema":{"@context":"https:\/\/schema.org","@graph":[{"@type":"Article","@id":"https:\/\/cbbenicarlo.com\/?p=2307#article","isPartOf":{"@id":"https:\/\/cbbenicarlo.com\/?p=2307"},"author":{"name":"Club B\u00e0squet Benicarl\u00f3","@id":"https:\/\/cbbenicarlo.com\/#\/schema\/person\/200a6bea92870b7adeb1a5c755a793f2"},"headline":"\u201cA LA TERCERA VA LA VENCIDA\u201d","datePublished":"2024-04-10T13:32:44+00:00","dateModified":"2024-04-10T13:32:45+00:00","mainEntityOfPage":{"@id":"https:\/\/cbbenicarlo.com\/?p=2307"},"wordCount":434,"publisher":{"@id":"https:\/\/cbbenicarlo.com\/#organization"},"articleSection":["Primer Equipo"],"inLanguage":"es"},{"@type":"WebPage","@id":"https:\/\/cbbenicarlo.com\/?p=2307","url":"https:\/\/cbbenicarlo.com\/?p=2307","name":"\u201cA LA TERCERA VA LA VENCIDA\u201d | Club Basquet Benicarl\u00f3","isPartOf":{"@id":"https:\/\/cbbenicarlo.com\/#website"},"datePublished":"2024-04-10T13:32:44+00:00","dateModified":"2024-04-10T13:32:45+00:00","breadcrumb":{"@id":"https:\/\/cbbenicarlo.com\/?p=2307#breadcrumb"},"inLanguage":"es","potentialAction":[{"@type":"ReadAction","target":["https:\/\/cbbenicarlo.com\/?p=2307"]}]},{"@type":"BreadcrumbList","@id":"https:\/\/cbbenicarlo.com\/?p=2307#breadcrumb","itemListElement":[{"@type":"ListItem","position":1,"name":"Portada","item":"https:\/\/cbbenicarlo.com\/"},{"@type":"ListItem","position":2,"name":"\u201cA LA TERCERA VA LA VENCIDA\u201d"}]},{"@type":"WebSite","@id":"https:\/\/cbbenicarlo.com\/#website","url":"https:\/\/cbbenicarlo.com\/","name":"Club Basquet Benicarl\u00f3","description":"P\u00e1gina Web Oficial","publisher":{"@id":"https:\/\/cbbenicarlo.com\/#organization"},"potentialAction":[{"@type":"SearchAction","target":{"@type":"EntryPoint","urlTemplate":"https:\/\/cbbenicarlo.com\/?s={search_term_string}"},"query-input":"required name=search_term_string"}],"inLanguage":"es"},{"@type":"Organization","@id":"https:\/\/cbbenicarlo.com\/#organization","name":"Club B\u00e0squet Benicarl\u00f3","url":"https:\/\/cbbenicarlo.com\/","logo":{"@type":"ImageObject","inLanguage":"es","@id":"https:\/\/cbbenicarlo.com\/#\/schema\/logo\/image\/","url":"https:\/\/cbbenicarlo.com\/wp-content\/uploads\/2022\/05\/cropped-cropped-cropped-CBBENICARLO2021-22-2.png","contentUrl":"https:\/\/cbbenicarlo.com\/wp-content\/uploads\/2022\/05\/cropped-cropped-cropped-CBBENICARLO2021-22-2.png","width":512,"height":512,"caption":"Club B\u00e0squet Benicarl\u00f3"},"image":{"@id":"https:\/\/cbbenicarlo.com\/#\/schema\/logo\/image\/"}},{"@type":"Person","@id":"https:\/\/cbbenicarlo.com\/#\/schema\/person\/200a6bea92870b7adeb1a5c755a793f2","name":"Club B\u00e0squet Benicarl\u00f3","image":{"@type":"ImageObject","inLanguage":"es","@id":"https:\/\/cbbenicarlo.com\/#\/schema\/person\/image\/","url":"https:\/\/secure.gravatar.com\/avatar\/8aed305f961a70f8934d4ba794f3527a?s=96&d=mm&r=g","contentUrl":"https:\/\/secure.gravatar.com\/avatar\/8aed305f961a70f8934d4ba794f3527a?s=96&d=mm&r=g","caption":"Club B\u00e0squet Benicarl\u00f3"},"url":"https:\/\/cbbenicarlo.com\/?author=1"}]}},"_links":{"self":[{"href":"https:\/\/cbbenicarlo.com\/index.php?rest_route=\/wp\/v2\/posts\/2307"}],"collection":[{"href":"https:\/\/cbbenicarlo.com\/index.php?rest_route=\/wp\/v2\/posts"}],"about":[{"href":"https:\/\/cbbenicarlo.com\/index.php?rest_route=\/wp\/v2\/types\/post"}],"author":[{"embeddable":true,"href":"https:\/\/cbbenicarlo.com\/index.php?rest_route=\/wp\/v2\/users\/1"}],"replies":[{"embeddable":true,"href":"https:\/\/cbbenicarlo.com\/index.php?rest_route=%2Fwp%2Fv2%2Fcomments&post=2307"}],"version-history":[{"count":1,"href":"https:\/\/cbbenicarlo.com\/index.php?rest_route=\/wp\/v2\/posts\/2307\/revisions"}],"predecessor-version":[{"id":2309,"href":"https:\/\/cbbenicarlo.com\/index.php?rest_route=\/wp\/v2\/posts\/2307\/revisions\/2309"}],"wp:featuredmedia":[{"embeddable":true,"href":"https:\/\/cbbenicarlo.com\/index.php?rest_route=\/wp\/v2\/media\/2308"}],"wp:attachment":[{"href":"https:\/\/cbbenicarlo.com\/index.php?rest_route=%2Fwp%2Fv2%2Fmedia&parent=2307"}],"wp:term":[{"taxonomy":"category","embeddable":true,"href":"https:\/\/cbbenicarlo.com\/index.php?rest_route=%2Fwp%2Fv2%2Fcategories&post=2307"},{"taxonomy":"post_tag","embeddable":true,"href":"https:\/\/cbbenicarlo.com\/index.php?rest_route=%2Fwp%2Fv2%2Ftags&post=2307"}],"curies":[{"name":"wp","href":"https:\/\/api.w.org\/{rel}","templated":true}]}}