{"id":2299,"date":"2024-02-27T20:04:23","date_gmt":"2024-02-27T19:04:23","guid":{"rendered":"https:\/\/cbbenicarlo.com\/?p=2299"},"modified":"2024-02-27T20:04:24","modified_gmt":"2024-02-27T19:04:24","slug":"el-maderas-sorli-benicarlo-incorpora-al-pivot-frances-maxime-yomi","status":"publish","type":"post","link":"https:\/\/cbbenicarlo.com\/?p=2299","title":{"rendered":"EL MADERAS SORL\u00cd BENICARL\u00d3 INCORPORA AL P\u00cdVOT FRANC\u00c9S MAXIME YOMI"},"content":{"rendered":"\n<h2>El jugador ha llegado a Benicarl\u00f3 hoy martes 27 de Febrero. Ma\u00f1ana se incorporar\u00e1 a los entrenamientos del equipo y el s\u00e1bado debutar\u00e1 en Ibiza.<\/h2>\n\n\n\n<p>Tras la salida de Vladi Orlov, y a tan solo 7 dias de cerrar el mercado de fichajes, el Maderas Sorl\u00ed Benicarl\u00f3 se ha movido r\u00e1pido y ha incorporado al p\u00edvot Maxime Yomi.<\/p>\n\n\n<figure class=\"wp-block-post-featured-image\"><img loading=\"lazy\" width=\"874\" height=\"620\" src=\"https:\/\/cbbenicarlo.com\/wp-content\/uploads\/2024\/02\/yomi-3.jpg\" class=\"attachment-post-thumbnail size-post-thumbnail wp-post-image\" alt=\"\" decoding=\"async\" loading=\"lazy\" srcset=\"https:\/\/cbbenicarlo.com\/wp-content\/uploads\/2024\/02\/yomi-3.jpg 874w, https:\/\/cbbenicarlo.com\/wp-content\/uploads\/2024\/02\/yomi-3-300x213.jpg 300w, https:\/\/cbbenicarlo.com\/wp-content\/uploads\/2024\/02\/yomi-3-768x545.jpg 768w, https:\/\/cbbenicarlo.com\/wp-content\/uploads\/2024\/02\/yomi-3-128x91.jpg 128w, https:\/\/cbbenicarlo.com\/wp-content\/uploads\/2024\/02\/yomi-3-32x23.jpg 32w\" sizes=\"(max-width: 874px) 100vw, 874px\" \/><\/figure>\n\n\n<p>Maxime Yomi es un p\u00edvot joven franc\u00e9s que militaba en la liga LEB Oro con el Hestia Menorca, equipo con el que consigui\u00f3 el a\u00f1o pasado el ascenso a dicha categor\u00eda. En la temporada 21-22 lleg\u00f3 a debutar en Eurocup con el Levallois Metropolitans, equipo donde se ha formado en las categor\u00edas inferiores.<\/p>\n\n\n\n<p>Jugador de 204 cm, muy f\u00edsico que dar\u00e1 al equipo energia, entrega y rapidez al juego. Se espera de \u00e9l mucha intensidad defensiva, rebote, juego por encima del aro e intimidaci\u00f3n en defensa.<\/p>\n\n\n\n<p>Desde el club valoran muy positivamente la incorporaci\u00f3n de Maxime Yomi para disputar los \u00faltimos 6 partidos de liga regular y los posterior playoffs de ascenso a LEB Oro, donde el equipo benicarlando esta virtualmente clasificado por tercera temporada consecutiva.<\/p>\n\n\n\n<p>\u00a1Bienvenido, Maxime! \u00a1Deseando verte&nbsp;en&nbsp;la&nbsp;pista!<\/p>\n","protected":false},"excerpt":{"rendered":"<p>El jugador ha llegado a Benicarl\u00f3 hoy martes 27 de Febrero. Ma\u00f1ana se incorporar\u00e1 a los entrenamientos del equipo y el s\u00e1bado debutar\u00e1 en Ibiza. Tras la salida de Vladi Orlov, y a tan solo 7 dias de cerrar el mercado de fichajes, el Maderas Sorl\u00ed Benicarl\u00f3 se ha movido r\u00e1pido y ha incorporado al p\u00edvot Maxime Yomi. Maxime Yomi es un p\u00edvot joven franc\u00e9s que militaba en la liga LEB Oro con el Hestia Menorca, equipo con el que consigui\u00f3 el a\u00f1o pasado el ascenso a dicha categor\u00eda. En la temporada 21-22 lleg\u00f3 a debutar en Eurocup con el Levallois Metropolitans, equipo donde se ha formado en las categor\u00edas inferiores. Jugador de 204 cm, muy f\u00edsico que dar\u00e1 al equipo energia, entrega y rapidez al juego. Se espera de \u00e9l mucha intensidad defensiva, rebote, juego por encima del aro e intimidaci\u00f3n en defensa. Desde el club valoran muy positivamente la incorporaci\u00f3n de Maxime Yomi para disputar los \u00faltimos 6 partidos de liga regular y los posterior playoffs de ascenso a LEB Oro, donde el equipo benicarlando esta virtualmente clasificado por tercera temporada consecutiva. \u00a1Bienvenido, Maxime! \u00a1Deseando verte&nbsp;en&nbsp;la&nbsp;pista!<\/p>\n","protected":false},"author":1,"featured_media":2300,"comment_status":"closed","ping_status":"closed","sticky":false,"template":"","format":"standard","meta":{"_eb_attr":""},"categories":[16,65],"tags":[],"yoast_head":"<!-- This site is optimized with the Yoast SEO plugin v21.1 - https:\/\/yoast.com\/wordpress\/plugins\/seo\/ -->\n<title>EL MADERAS SORL\u00cd BENICARL\u00d3 INCORPORA AL P\u00cdVOT FRANC\u00c9S MAXIME YOMI | Club Basquet Benicarl\u00f3<\/title>\n<meta name=\"robots\" content=\"index, follow, max-snippet:-1, max-image-preview:large, max-video-preview:-1\" \/>\n<link rel=\"canonical\" href=\"https:\/\/cbbenicarlo.com\/?p=2299\" \/>\n<meta property=\"og:locale\" content=\"es_ES\" \/>\n<meta property=\"og:type\" content=\"article\" \/>\n<meta property=\"og:title\" content=\"EL MADERAS SORL\u00cd BENICARL\u00d3 INCORPORA AL P\u00cdVOT FRANC\u00c9S MAXIME YOMI | Club Basquet Benicarl\u00f3\" \/>\n<meta property=\"og:description\" content=\"El jugador ha llegado a Benicarl\u00f3 hoy martes 27 de Febrero. Ma\u00f1ana se incorporar\u00e1 a los entrenamientos del equipo y el s\u00e1bado debutar\u00e1 en Ibiza. Tras la salida de Vladi Orlov, y a tan solo 7 dias de cerrar el mercado de fichajes, el Maderas Sorl\u00ed Benicarl\u00f3 se ha movido r\u00e1pido y ha incorporado al p\u00edvot Maxime Yomi. Maxime Yomi es un p\u00edvot joven franc\u00e9s que militaba en la liga LEB Oro con el Hestia Menorca, equipo con el que consigui\u00f3 el a\u00f1o pasado el ascenso a dicha categor\u00eda. En la temporada 21-22 lleg\u00f3 a debutar en Eurocup con el Levallois Metropolitans, equipo donde se ha formado en las categor\u00edas inferiores. Jugador de 204 cm, muy f\u00edsico que dar\u00e1 al equipo energia, entrega y rapidez al juego. Se espera de \u00e9l mucha intensidad defensiva, rebote, juego por encima del aro e intimidaci\u00f3n en defensa. Desde el club valoran muy positivamente la incorporaci\u00f3n de Maxime Yomi para disputar los \u00faltimos 6 partidos de liga regular y los posterior playoffs de ascenso a LEB Oro, donde el equipo benicarlando esta virtualmente clasificado por tercera temporada consecutiva. \u00a1Bienvenido, Maxime! \u00a1Deseando verte&nbsp;en&nbsp;la&nbsp;pista!\" \/>\n<meta property=\"og:url\" content=\"https:\/\/cbbenicarlo.com\/?p=2299\" \/>\n<meta property=\"og:site_name\" content=\"Club Basquet Benicarl\u00f3\" \/>\n<meta property=\"article:published_time\" content=\"2024-02-27T19:04:23+00:00\" \/>\n<meta property=\"article:modified_time\" content=\"2024-02-27T19:04:24+00:00\" \/>\n<meta property=\"og:image\" content=\"https:\/\/cbbenicarlo.com\/wp-content\/uploads\/2024\/02\/yomi-3.jpg\" \/>\n\t<meta property=\"og:image:width\" content=\"874\" \/>\n\t<meta property=\"og:image:height\" content=\"620\" \/>\n\t<meta property=\"og:image:type\" content=\"image\/jpeg\" \/>\n<meta name=\"author\" content=\"Club B\u00e0squet Benicarl\u00f3\" \/>\n<meta name=\"twitter:card\" content=\"summary_large_image\" \/>\n<meta name=\"twitter:label1\" content=\"Escrito por\" \/>\n\t<meta name=\"twitter:data1\" content=\"Club B\u00e0squet Benicarl\u00f3\" \/>\n\t<meta name=\"twitter:label2\" content=\"Tiempo de lectura\" \/>\n\t<meta name=\"twitter:data2\" content=\"1 minuto\" \/>\n<script type=\"application\/ld+json\" class=\"yoast-schema-graph\">{\"@context\":\"https:\/\/schema.org\",\"@graph\":[{\"@type\":\"Article\",\"@id\":\"https:\/\/cbbenicarlo.com\/?p=2299#article\",\"isPartOf\":{\"@id\":\"https:\/\/cbbenicarlo.com\/?p=2299\"},\"author\":{\"name\":\"Club B\u00e0squet Benicarl\u00f3\",\"@id\":\"https:\/\/cbbenicarlo.com\/#\/schema\/person\/200a6bea92870b7adeb1a5c755a793f2\"},\"headline\":\"EL MADERAS SORL\u00cd BENICARL\u00d3 INCORPORA AL P\u00cdVOT FRANC\u00c9S MAXIME YOMI\",\"datePublished\":\"2024-02-27T19:04:23+00:00\",\"dateModified\":\"2024-02-27T19:04:24+00:00\",\"mainEntityOfPage\":{\"@id\":\"https:\/\/cbbenicarlo.com\/?p=2299\"},\"wordCount\":214,\"publisher\":{\"@id\":\"https:\/\/cbbenicarlo.com\/#organization\"},\"articleSection\":[\"Club\",\"Noticias\"],\"inLanguage\":\"es\"},{\"@type\":\"WebPage\",\"@id\":\"https:\/\/cbbenicarlo.com\/?p=2299\",\"url\":\"https:\/\/cbbenicarlo.com\/?p=2299\",\"name\":\"EL MADERAS SORL\u00cd BENICARL\u00d3 INCORPORA AL P\u00cdVOT FRANC\u00c9S MAXIME YOMI | Club Basquet Benicarl\u00f3\",\"isPartOf\":{\"@id\":\"https:\/\/cbbenicarlo.com\/#website\"},\"datePublished\":\"2024-02-27T19:04:23+00:00\",\"dateModified\":\"2024-02-27T19:04:24+00:00\",\"breadcrumb\":{\"@id\":\"https:\/\/cbbenicarlo.com\/?p=2299#breadcrumb\"},\"inLanguage\":\"es\",\"potentialAction\":[{\"@type\":\"ReadAction\",\"target\":[\"https:\/\/cbbenicarlo.com\/?p=2299\"]}]},{\"@type\":\"BreadcrumbList\",\"@id\":\"https:\/\/cbbenicarlo.com\/?p=2299#breadcrumb\",\"itemListElement\":[{\"@type\":\"ListItem\",\"position\":1,\"name\":\"Portada\",\"item\":\"https:\/\/cbbenicarlo.com\/\"},{\"@type\":\"ListItem\",\"position\":2,\"name\":\"EL MADERAS SORL\u00cd BENICARL\u00d3 INCORPORA AL P\u00cdVOT FRANC\u00c9S MAXIME YOMI\"}]},{\"@type\":\"WebSite\",\"@id\":\"https:\/\/cbbenicarlo.com\/#website\",\"url\":\"https:\/\/cbbenicarlo.com\/\",\"name\":\"Club Basquet Benicarl\u00f3\",\"description\":\"P\u00e1gina Web Oficial\",\"publisher\":{\"@id\":\"https:\/\/cbbenicarlo.com\/#organization\"},\"potentialAction\":[{\"@type\":\"SearchAction\",\"target\":{\"@type\":\"EntryPoint\",\"urlTemplate\":\"https:\/\/cbbenicarlo.com\/?s={search_term_string}\"},\"query-input\":\"required name=search_term_string\"}],\"inLanguage\":\"es\"},{\"@type\":\"Organization\",\"@id\":\"https:\/\/cbbenicarlo.com\/#organization\",\"name\":\"Club B\u00e0squet Benicarl\u00f3\",\"url\":\"https:\/\/cbbenicarlo.com\/\",\"logo\":{\"@type\":\"ImageObject\",\"inLanguage\":\"es\",\"@id\":\"https:\/\/cbbenicarlo.com\/#\/schema\/logo\/image\/\",\"url\":\"https:\/\/cbbenicarlo.com\/wp-content\/uploads\/2022\/05\/cropped-cropped-cropped-CBBENICARLO2021-22-2.png\",\"contentUrl\":\"https:\/\/cbbenicarlo.com\/wp-content\/uploads\/2022\/05\/cropped-cropped-cropped-CBBENICARLO2021-22-2.png\",\"width\":512,\"height\":512,\"caption\":\"Club B\u00e0squet Benicarl\u00f3\"},\"image\":{\"@id\":\"https:\/\/cbbenicarlo.com\/#\/schema\/logo\/image\/\"}},{\"@type\":\"Person\",\"@id\":\"https:\/\/cbbenicarlo.com\/#\/schema\/person\/200a6bea92870b7adeb1a5c755a793f2\",\"name\":\"Club B\u00e0squet Benicarl\u00f3\",\"image\":{\"@type\":\"ImageObject\",\"inLanguage\":\"es\",\"@id\":\"https:\/\/cbbenicarlo.com\/#\/schema\/person\/image\/\",\"url\":\"https:\/\/secure.gravatar.com\/avatar\/8aed305f961a70f8934d4ba794f3527a?s=96&d=mm&r=g\",\"contentUrl\":\"https:\/\/secure.gravatar.com\/avatar\/8aed305f961a70f8934d4ba794f3527a?s=96&d=mm&r=g\",\"caption\":\"Club B\u00e0squet Benicarl\u00f3\"},\"url\":\"https:\/\/cbbenicarlo.com\/?author=1\"}]}<\/script>\n<!-- \/ Yoast SEO plugin. -->","yoast_head_json":{"title":"EL MADERAS SORL\u00cd BENICARL\u00d3 INCORPORA AL P\u00cdVOT FRANC\u00c9S MAXIME YOMI | Club Basquet Benicarl\u00f3","robots":{"index":"index","follow":"follow","max-snippet":"max-snippet:-1","max-image-preview":"max-image-preview:large","max-video-preview":"max-video-preview:-1"},"canonical":"https:\/\/cbbenicarlo.com\/?p=2299","og_locale":"es_ES","og_type":"article","og_title":"EL MADERAS SORL\u00cd BENICARL\u00d3 INCORPORA AL P\u00cdVOT FRANC\u00c9S MAXIME YOMI | Club Basquet Benicarl\u00f3","og_description":"El jugador ha llegado a Benicarl\u00f3 hoy martes 27 de Febrero. Ma\u00f1ana se incorporar\u00e1 a los entrenamientos del equipo y el s\u00e1bado debutar\u00e1 en Ibiza. Tras la salida de Vladi Orlov, y a tan solo 7 dias de cerrar el mercado de fichajes, el Maderas Sorl\u00ed Benicarl\u00f3 se ha movido r\u00e1pido y ha incorporado al p\u00edvot Maxime Yomi. Maxime Yomi es un p\u00edvot joven franc\u00e9s que militaba en la liga LEB Oro con el Hestia Menorca, equipo con el que consigui\u00f3 el a\u00f1o pasado el ascenso a dicha categor\u00eda. En la temporada 21-22 lleg\u00f3 a debutar en Eurocup con el Levallois Metropolitans, equipo donde se ha formado en las categor\u00edas inferiores. Jugador de 204 cm, muy f\u00edsico que dar\u00e1 al equipo energia, entrega y rapidez al juego. Se espera de \u00e9l mucha intensidad defensiva, rebote, juego por encima del aro e intimidaci\u00f3n en defensa. Desde el club valoran muy positivamente la incorporaci\u00f3n de Maxime Yomi para disputar los \u00faltimos 6 partidos de liga regular y los posterior playoffs de ascenso a LEB Oro, donde el equipo benicarlando esta virtualmente clasificado por tercera temporada consecutiva. \u00a1Bienvenido, Maxime! \u00a1Deseando verte&nbsp;en&nbsp;la&nbsp;pista!","og_url":"https:\/\/cbbenicarlo.com\/?p=2299","og_site_name":"Club Basquet Benicarl\u00f3","article_published_time":"2024-02-27T19:04:23+00:00","article_modified_time":"2024-02-27T19:04:24+00:00","og_image":[{"width":874,"height":620,"url":"https:\/\/cbbenicarlo.com\/wp-content\/uploads\/2024\/02\/yomi-3.jpg","type":"image\/jpeg"}],"author":"Club B\u00e0squet Benicarl\u00f3","twitter_card":"summary_large_image","twitter_misc":{"Escrito por":"Club B\u00e0squet Benicarl\u00f3","Tiempo de lectura":"1 minuto"},"schema":{"@context":"https:\/\/schema.org","@graph":[{"@type":"Article","@id":"https:\/\/cbbenicarlo.com\/?p=2299#article","isPartOf":{"@id":"https:\/\/cbbenicarlo.com\/?p=2299"},"author":{"name":"Club B\u00e0squet Benicarl\u00f3","@id":"https:\/\/cbbenicarlo.com\/#\/schema\/person\/200a6bea92870b7adeb1a5c755a793f2"},"headline":"EL MADERAS SORL\u00cd BENICARL\u00d3 INCORPORA AL P\u00cdVOT FRANC\u00c9S MAXIME YOMI","datePublished":"2024-02-27T19:04:23+00:00","dateModified":"2024-02-27T19:04:24+00:00","mainEntityOfPage":{"@id":"https:\/\/cbbenicarlo.com\/?p=2299"},"wordCount":214,"publisher":{"@id":"https:\/\/cbbenicarlo.com\/#organization"},"articleSection":["Club","Noticias"],"inLanguage":"es"},{"@type":"WebPage","@id":"https:\/\/cbbenicarlo.com\/?p=2299","url":"https:\/\/cbbenicarlo.com\/?p=2299","name":"EL MADERAS SORL\u00cd BENICARL\u00d3 INCORPORA AL P\u00cdVOT FRANC\u00c9S MAXIME YOMI | Club Basquet Benicarl\u00f3","isPartOf":{"@id":"https:\/\/cbbenicarlo.com\/#website"},"datePublished":"2024-02-27T19:04:23+00:00","dateModified":"2024-02-27T19:04:24+00:00","breadcrumb":{"@id":"https:\/\/cbbenicarlo.com\/?p=2299#breadcrumb"},"inLanguage":"es","potentialAction":[{"@type":"ReadAction","target":["https:\/\/cbbenicarlo.com\/?p=2299"]}]},{"@type":"BreadcrumbList","@id":"https:\/\/cbbenicarlo.com\/?p=2299#breadcrumb","itemListElement":[{"@type":"ListItem","position":1,"name":"Portada","item":"https:\/\/cbbenicarlo.com\/"},{"@type":"ListItem","position":2,"name":"EL MADERAS SORL\u00cd BENICARL\u00d3 INCORPORA AL P\u00cdVOT FRANC\u00c9S MAXIME YOMI"}]},{"@type":"WebSite","@id":"https:\/\/cbbenicarlo.com\/#website","url":"https:\/\/cbbenicarlo.com\/","name":"Club Basquet Benicarl\u00f3","description":"P\u00e1gina Web Oficial","publisher":{"@id":"https:\/\/cbbenicarlo.com\/#organization"},"potentialAction":[{"@type":"SearchAction","target":{"@type":"EntryPoint","urlTemplate":"https:\/\/cbbenicarlo.com\/?s={search_term_string}"},"query-input":"required name=search_term_string"}],"inLanguage":"es"},{"@type":"Organization","@id":"https:\/\/cbbenicarlo.com\/#organization","name":"Club B\u00e0squet Benicarl\u00f3","url":"https:\/\/cbbenicarlo.com\/","logo":{"@type":"ImageObject","inLanguage":"es","@id":"https:\/\/cbbenicarlo.com\/#\/schema\/logo\/image\/","url":"https:\/\/cbbenicarlo.com\/wp-content\/uploads\/2022\/05\/cropped-cropped-cropped-CBBENICARLO2021-22-2.png","contentUrl":"https:\/\/cbbenicarlo.com\/wp-content\/uploads\/2022\/05\/cropped-cropped-cropped-CBBENICARLO2021-22-2.png","width":512,"height":512,"caption":"Club B\u00e0squet Benicarl\u00f3"},"image":{"@id":"https:\/\/cbbenicarlo.com\/#\/schema\/logo\/image\/"}},{"@type":"Person","@id":"https:\/\/cbbenicarlo.com\/#\/schema\/person\/200a6bea92870b7adeb1a5c755a793f2","name":"Club B\u00e0squet Benicarl\u00f3","image":{"@type":"ImageObject","inLanguage":"es","@id":"https:\/\/cbbenicarlo.com\/#\/schema\/person\/image\/","url":"https:\/\/secure.gravatar.com\/avatar\/8aed305f961a70f8934d4ba794f3527a?s=96&d=mm&r=g","contentUrl":"https:\/\/secure.gravatar.com\/avatar\/8aed305f961a70f8934d4ba794f3527a?s=96&d=mm&r=g","caption":"Club B\u00e0squet Benicarl\u00f3"},"url":"https:\/\/cbbenicarlo.com\/?author=1"}]}},"_links":{"self":[{"href":"https:\/\/cbbenicarlo.com\/index.php?rest_route=\/wp\/v2\/posts\/2299"}],"collection":[{"href":"https:\/\/cbbenicarlo.com\/index.php?rest_route=\/wp\/v2\/posts"}],"about":[{"href":"https:\/\/cbbenicarlo.com\/index.php?rest_route=\/wp\/v2\/types\/post"}],"author":[{"embeddable":true,"href":"https:\/\/cbbenicarlo.com\/index.php?rest_route=\/wp\/v2\/users\/1"}],"replies":[{"embeddable":true,"href":"https:\/\/cbbenicarlo.com\/index.php?rest_route=%2Fwp%2Fv2%2Fcomments&post=2299"}],"version-history":[{"count":1,"href":"https:\/\/cbbenicarlo.com\/index.php?rest_route=\/wp\/v2\/posts\/2299\/revisions"}],"predecessor-version":[{"id":2301,"href":"https:\/\/cbbenicarlo.com\/index.php?rest_route=\/wp\/v2\/posts\/2299\/revisions\/2301"}],"wp:featuredmedia":[{"embeddable":true,"href":"https:\/\/cbbenicarlo.com\/index.php?rest_route=\/wp\/v2\/media\/2300"}],"wp:attachment":[{"href":"https:\/\/cbbenicarlo.com\/index.php?rest_route=%2Fwp%2Fv2%2Fmedia&parent=2299"}],"wp:term":[{"taxonomy":"category","embeddable":true,"href":"https:\/\/cbbenicarlo.com\/index.php?rest_route=%2Fwp%2Fv2%2Fcategories&post=2299"},{"taxonomy":"post_tag","embeddable":true,"href":"https:\/\/cbbenicarlo.com\/index.php?rest_route=%2Fwp%2Fv2%2Ftags&post=2299"}],"curies":[{"name":"wp","href":"https:\/\/api.w.org\/{rel}","templated":true}]}}