{"id":2272,"date":"2024-01-10T16:40:54","date_gmt":"2024-01-10T15:40:54","guid":{"rendered":"https:\/\/cbbenicarlo.com\/?p=2272"},"modified":"2024-01-10T16:42:41","modified_gmt":"2024-01-10T15:42:41","slug":"el-maderas-sorli-benicarlo-incorpora-a-victor-moreno","status":"publish","type":"post","link":"https:\/\/cbbenicarlo.com\/?p=2272","title":{"rendered":"EL MADERAS SORL\u00cd BENICARL\u00d3 INCORPORA A V\u00cdCTOR MORENO"},"content":{"rendered":"\n<h2>El Maderas Sorl\u00ed Benicarl\u00f3 se refuerza a mitad temporada con uno de los mejores escoltas nacionales de la LEB Plata.<\/h2>\n\n\n\n<p>V\u00edctor Moreno Martin juega de escolta. Mide 1\u201992cm de altura, es nacido en Alcorc\u00f3n en enero de 1998 y tiene una amplia experiencia en competiciones FEB; ya que con 25 a\u00f1os ya ha estado 4 temporadas en LEB Oro y 4 temporadas en LEB Plata con diferentes equipos punteros (Ourense, Basquet Girona, Hestia Menorca, Palmer Basket, Albacete Basket y Fuenlabrada).<\/p>\n\n\n\n<p>Actualmente, proviene del Baloncesto Fuenlabrada de LEB Oro, donde ha estado estos \u00faltimos 2 meses bajo los mandos de Toni Ten.<\/p>\n\n\n\n<p>Victor Moreno ha sido siempre un cl\u00e1sico de la selecci\u00f3n espa\u00f1ola en categor\u00edas de formaci\u00f3n, participando en los Europeos U16 y U18 y sumando un bronce com el primero de ellos.<\/p>\n\n\n\n<p>Debut\u00f3 en ACB con el Baloncesto Fuenlabrada en la temporada 2015-2016, donde alternaba los entrenamientos del filial con los del primer equipo.<\/p>\n\n\n\n<p>En LEB Plata siempre ha estado en equipos destacados de la liga: B\u00e0squet Girona, Hestia Menorca, Albacete Basket\u2026 con los que conseguir\u00eda el ascenso a LEB Oro con Girona y Albacete; y se qued\u00f3 a las puertas de hacerlo tambi\u00e9n con el Hestia Menorca.<\/p>\n\n\n\n<p>De este modo, el Maderas Sorl\u00ed Benicarl\u00f3 sigue tomando forma de cara a esta segunda vuelta con el objetivo de llegar a los Playoffs de Ascenso a LEB Oro de la mejor forma posible.<\/p>\n\n\n\n<p>Moreno debutar\u00e1 este domingo a las 18:00h en Benicarl\u00f3, en el partido de la jornada 16 de liga regular contra\u00a0el\u00a0Fibwi\u00a0Palma.<\/p>\n\n\n<figure class=\"wp-block-post-featured-image\"><img loading=\"lazy\" width=\"1962\" height=\"1489\" src=\"https:\/\/cbbenicarlo.com\/wp-content\/uploads\/2024\/01\/victor_moreno.jpg\" class=\"attachment-post-thumbnail size-post-thumbnail wp-post-image\" alt=\"\" decoding=\"async\" loading=\"lazy\" srcset=\"https:\/\/cbbenicarlo.com\/wp-content\/uploads\/2024\/01\/victor_moreno.jpg 1962w, https:\/\/cbbenicarlo.com\/wp-content\/uploads\/2024\/01\/victor_moreno-300x228.jpg 300w, https:\/\/cbbenicarlo.com\/wp-content\/uploads\/2024\/01\/victor_moreno-1024x777.jpg 1024w, https:\/\/cbbenicarlo.com\/wp-content\/uploads\/2024\/01\/victor_moreno-768x583.jpg 768w, https:\/\/cbbenicarlo.com\/wp-content\/uploads\/2024\/01\/victor_moreno-1536x1166.jpg 1536w, https:\/\/cbbenicarlo.com\/wp-content\/uploads\/2024\/01\/victor_moreno-128x97.jpg 128w, https:\/\/cbbenicarlo.com\/wp-content\/uploads\/2024\/01\/victor_moreno-32x24.jpg 32w\" sizes=\"(max-width: 1962px) 100vw, 1962px\" \/><\/figure>","protected":false},"excerpt":{"rendered":"<p>El Maderas Sorl\u00ed Benicarl\u00f3 se refuerza a mitad temporada con uno de los mejores escoltas nacionales de la LEB Plata. V\u00edctor Moreno Martin juega de escolta. Mide 1\u201992cm de altura, es nacido en Alcorc\u00f3n en enero de 1998 y tiene una amplia experiencia en competiciones FEB; ya que con 25 a\u00f1os ya ha estado 4 temporadas en LEB Oro y 4 temporadas en LEB Plata con diferentes equipos punteros (Ourense, Basquet Girona, Hestia Menorca, Palmer Basket, Albacete Basket y Fuenlabrada). Actualmente, proviene del Baloncesto Fuenlabrada de LEB Oro, donde ha estado estos \u00faltimos 2 meses bajo los mandos de Toni Ten. Victor Moreno ha sido siempre un cl\u00e1sico de la selecci\u00f3n espa\u00f1ola en categor\u00edas de formaci\u00f3n, participando en los Europeos U16 y U18 y sumando un bronce com el primero de ellos. Debut\u00f3 en ACB con el Baloncesto Fuenlabrada en la temporada 2015-2016, donde alternaba los entrenamientos del filial con los del primer equipo. En LEB Plata siempre ha estado en equipos destacados de la liga: B\u00e0squet Girona, Hestia Menorca, Albacete Basket\u2026 con los que conseguir\u00eda el ascenso a LEB Oro con Girona y Albacete; y se qued\u00f3 a las puertas de hacerlo tambi\u00e9n con el Hestia Menorca. De este modo, el Maderas Sorl\u00ed Benicarl\u00f3 sigue tomando forma de cara a esta segunda vuelta con el objetivo de llegar a los Playoffs de Ascenso a LEB Oro de la mejor forma posible. Moreno debutar\u00e1 este domingo a las 18:00h en Benicarl\u00f3, en el partido de la jornada 16 de liga regular contra\u00a0el\u00a0Fibwi\u00a0Palma.<\/p>\n","protected":false},"author":1,"featured_media":2277,"comment_status":"closed","ping_status":"closed","sticky":false,"template":"","format":"standard","meta":{"_eb_attr":""},"categories":[65,1],"tags":[],"yoast_head":"<!-- This site is optimized with the Yoast SEO plugin v21.1 - https:\/\/yoast.com\/wordpress\/plugins\/seo\/ -->\n<title>EL MADERAS SORL\u00cd BENICARL\u00d3 INCORPORA A V\u00cdCTOR MORENO | Club Basquet Benicarl\u00f3<\/title>\n<meta name=\"robots\" content=\"index, follow, max-snippet:-1, max-image-preview:large, max-video-preview:-1\" \/>\n<link rel=\"canonical\" href=\"https:\/\/cbbenicarlo.com\/?p=2272\" \/>\n<meta property=\"og:locale\" content=\"es_ES\" \/>\n<meta property=\"og:type\" content=\"article\" \/>\n<meta property=\"og:title\" content=\"EL MADERAS SORL\u00cd BENICARL\u00d3 INCORPORA A V\u00cdCTOR MORENO | Club Basquet Benicarl\u00f3\" \/>\n<meta property=\"og:description\" content=\"El Maderas Sorl\u00ed Benicarl\u00f3 se refuerza a mitad temporada con uno de los mejores escoltas nacionales de la LEB Plata. V\u00edctor Moreno Martin juega de escolta. Mide 1\u201992cm de altura, es nacido en Alcorc\u00f3n en enero de 1998 y tiene una amplia experiencia en competiciones FEB; ya que con 25 a\u00f1os ya ha estado 4 temporadas en LEB Oro y 4 temporadas en LEB Plata con diferentes equipos punteros (Ourense, Basquet Girona, Hestia Menorca, Palmer Basket, Albacete Basket y Fuenlabrada). Actualmente, proviene del Baloncesto Fuenlabrada de LEB Oro, donde ha estado estos \u00faltimos 2 meses bajo los mandos de Toni Ten. Victor Moreno ha sido siempre un cl\u00e1sico de la selecci\u00f3n espa\u00f1ola en categor\u00edas de formaci\u00f3n, participando en los Europeos U16 y U18 y sumando un bronce com el primero de ellos. Debut\u00f3 en ACB con el Baloncesto Fuenlabrada en la temporada 2015-2016, donde alternaba los entrenamientos del filial con los del primer equipo. En LEB Plata siempre ha estado en equipos destacados de la liga: B\u00e0squet Girona, Hestia Menorca, Albacete Basket\u2026 con los que conseguir\u00eda el ascenso a LEB Oro con Girona y Albacete; y se qued\u00f3 a las puertas de hacerlo tambi\u00e9n con el Hestia Menorca. De este modo, el Maderas Sorl\u00ed Benicarl\u00f3 sigue tomando forma de cara a esta segunda vuelta con el objetivo de llegar a los Playoffs de Ascenso a LEB Oro de la mejor forma posible. Moreno debutar\u00e1 este domingo a las 18:00h en Benicarl\u00f3, en el partido de la jornada 16 de liga regular contra\u00a0el\u00a0Fibwi\u00a0Palma.\" \/>\n<meta property=\"og:url\" content=\"https:\/\/cbbenicarlo.com\/?p=2272\" \/>\n<meta property=\"og:site_name\" content=\"Club Basquet Benicarl\u00f3\" \/>\n<meta property=\"article:published_time\" content=\"2024-01-10T15:40:54+00:00\" \/>\n<meta property=\"article:modified_time\" content=\"2024-01-10T15:42:41+00:00\" \/>\n<meta property=\"og:image\" content=\"https:\/\/cbbenicarlo.com\/wp-content\/uploads\/2024\/01\/victor_moreno.jpg\" \/>\n\t<meta property=\"og:image:width\" content=\"1962\" \/>\n\t<meta property=\"og:image:height\" content=\"1489\" \/>\n\t<meta property=\"og:image:type\" content=\"image\/jpeg\" \/>\n<meta name=\"author\" content=\"Club B\u00e0squet Benicarl\u00f3\" \/>\n<meta name=\"twitter:card\" content=\"summary_large_image\" \/>\n<meta name=\"twitter:label1\" content=\"Escrito por\" \/>\n\t<meta name=\"twitter:data1\" content=\"Club B\u00e0squet Benicarl\u00f3\" \/>\n\t<meta name=\"twitter:label2\" content=\"Tiempo de lectura\" \/>\n\t<meta name=\"twitter:data2\" content=\"2 minutos\" \/>\n<script type=\"application\/ld+json\" class=\"yoast-schema-graph\">{\"@context\":\"https:\/\/schema.org\",\"@graph\":[{\"@type\":\"Article\",\"@id\":\"https:\/\/cbbenicarlo.com\/?p=2272#article\",\"isPartOf\":{\"@id\":\"https:\/\/cbbenicarlo.com\/?p=2272\"},\"author\":{\"name\":\"Club B\u00e0squet Benicarl\u00f3\",\"@id\":\"https:\/\/cbbenicarlo.com\/#\/schema\/person\/200a6bea92870b7adeb1a5c755a793f2\"},\"headline\":\"EL MADERAS SORL\u00cd BENICARL\u00d3 INCORPORA A V\u00cdCTOR MORENO\",\"datePublished\":\"2024-01-10T15:40:54+00:00\",\"dateModified\":\"2024-01-10T15:42:41+00:00\",\"mainEntityOfPage\":{\"@id\":\"https:\/\/cbbenicarlo.com\/?p=2272\"},\"wordCount\":269,\"publisher\":{\"@id\":\"https:\/\/cbbenicarlo.com\/#organization\"},\"articleSection\":[\"Noticias\",\"Primer Equipo\"],\"inLanguage\":\"es\"},{\"@type\":\"WebPage\",\"@id\":\"https:\/\/cbbenicarlo.com\/?p=2272\",\"url\":\"https:\/\/cbbenicarlo.com\/?p=2272\",\"name\":\"EL MADERAS SORL\u00cd BENICARL\u00d3 INCORPORA A V\u00cdCTOR MORENO | Club Basquet Benicarl\u00f3\",\"isPartOf\":{\"@id\":\"https:\/\/cbbenicarlo.com\/#website\"},\"datePublished\":\"2024-01-10T15:40:54+00:00\",\"dateModified\":\"2024-01-10T15:42:41+00:00\",\"breadcrumb\":{\"@id\":\"https:\/\/cbbenicarlo.com\/?p=2272#breadcrumb\"},\"inLanguage\":\"es\",\"potentialAction\":[{\"@type\":\"ReadAction\",\"target\":[\"https:\/\/cbbenicarlo.com\/?p=2272\"]}]},{\"@type\":\"BreadcrumbList\",\"@id\":\"https:\/\/cbbenicarlo.com\/?p=2272#breadcrumb\",\"itemListElement\":[{\"@type\":\"ListItem\",\"position\":1,\"name\":\"Portada\",\"item\":\"https:\/\/cbbenicarlo.com\/\"},{\"@type\":\"ListItem\",\"position\":2,\"name\":\"EL MADERAS SORL\u00cd BENICARL\u00d3 INCORPORA A V\u00cdCTOR MORENO\"}]},{\"@type\":\"WebSite\",\"@id\":\"https:\/\/cbbenicarlo.com\/#website\",\"url\":\"https:\/\/cbbenicarlo.com\/\",\"name\":\"Club Basquet Benicarl\u00f3\",\"description\":\"P\u00e1gina Web Oficial\",\"publisher\":{\"@id\":\"https:\/\/cbbenicarlo.com\/#organization\"},\"potentialAction\":[{\"@type\":\"SearchAction\",\"target\":{\"@type\":\"EntryPoint\",\"urlTemplate\":\"https:\/\/cbbenicarlo.com\/?s={search_term_string}\"},\"query-input\":\"required name=search_term_string\"}],\"inLanguage\":\"es\"},{\"@type\":\"Organization\",\"@id\":\"https:\/\/cbbenicarlo.com\/#organization\",\"name\":\"Club B\u00e0squet Benicarl\u00f3\",\"url\":\"https:\/\/cbbenicarlo.com\/\",\"logo\":{\"@type\":\"ImageObject\",\"inLanguage\":\"es\",\"@id\":\"https:\/\/cbbenicarlo.com\/#\/schema\/logo\/image\/\",\"url\":\"https:\/\/cbbenicarlo.com\/wp-content\/uploads\/2022\/05\/cropped-cropped-cropped-CBBENICARLO2021-22-2.png\",\"contentUrl\":\"https:\/\/cbbenicarlo.com\/wp-content\/uploads\/2022\/05\/cropped-cropped-cropped-CBBENICARLO2021-22-2.png\",\"width\":512,\"height\":512,\"caption\":\"Club B\u00e0squet Benicarl\u00f3\"},\"image\":{\"@id\":\"https:\/\/cbbenicarlo.com\/#\/schema\/logo\/image\/\"}},{\"@type\":\"Person\",\"@id\":\"https:\/\/cbbenicarlo.com\/#\/schema\/person\/200a6bea92870b7adeb1a5c755a793f2\",\"name\":\"Club B\u00e0squet Benicarl\u00f3\",\"image\":{\"@type\":\"ImageObject\",\"inLanguage\":\"es\",\"@id\":\"https:\/\/cbbenicarlo.com\/#\/schema\/person\/image\/\",\"url\":\"https:\/\/secure.gravatar.com\/avatar\/8aed305f961a70f8934d4ba794f3527a?s=96&d=mm&r=g\",\"contentUrl\":\"https:\/\/secure.gravatar.com\/avatar\/8aed305f961a70f8934d4ba794f3527a?s=96&d=mm&r=g\",\"caption\":\"Club B\u00e0squet Benicarl\u00f3\"},\"url\":\"https:\/\/cbbenicarlo.com\/?author=1\"}]}<\/script>\n<!-- \/ Yoast SEO plugin. -->","yoast_head_json":{"title":"EL MADERAS SORL\u00cd BENICARL\u00d3 INCORPORA A V\u00cdCTOR MORENO | Club Basquet Benicarl\u00f3","robots":{"index":"index","follow":"follow","max-snippet":"max-snippet:-1","max-image-preview":"max-image-preview:large","max-video-preview":"max-video-preview:-1"},"canonical":"https:\/\/cbbenicarlo.com\/?p=2272","og_locale":"es_ES","og_type":"article","og_title":"EL MADERAS SORL\u00cd BENICARL\u00d3 INCORPORA A V\u00cdCTOR MORENO | Club Basquet Benicarl\u00f3","og_description":"El Maderas Sorl\u00ed Benicarl\u00f3 se refuerza a mitad temporada con uno de los mejores escoltas nacionales de la LEB Plata. V\u00edctor Moreno Martin juega de escolta. Mide 1\u201992cm de altura, es nacido en Alcorc\u00f3n en enero de 1998 y tiene una amplia experiencia en competiciones FEB; ya que con 25 a\u00f1os ya ha estado 4 temporadas en LEB Oro y 4 temporadas en LEB Plata con diferentes equipos punteros (Ourense, Basquet Girona, Hestia Menorca, Palmer Basket, Albacete Basket y Fuenlabrada). Actualmente, proviene del Baloncesto Fuenlabrada de LEB Oro, donde ha estado estos \u00faltimos 2 meses bajo los mandos de Toni Ten. Victor Moreno ha sido siempre un cl\u00e1sico de la selecci\u00f3n espa\u00f1ola en categor\u00edas de formaci\u00f3n, participando en los Europeos U16 y U18 y sumando un bronce com el primero de ellos. Debut\u00f3 en ACB con el Baloncesto Fuenlabrada en la temporada 2015-2016, donde alternaba los entrenamientos del filial con los del primer equipo. En LEB Plata siempre ha estado en equipos destacados de la liga: B\u00e0squet Girona, Hestia Menorca, Albacete Basket\u2026 con los que conseguir\u00eda el ascenso a LEB Oro con Girona y Albacete; y se qued\u00f3 a las puertas de hacerlo tambi\u00e9n con el Hestia Menorca. De este modo, el Maderas Sorl\u00ed Benicarl\u00f3 sigue tomando forma de cara a esta segunda vuelta con el objetivo de llegar a los Playoffs de Ascenso a LEB Oro de la mejor forma posible. Moreno debutar\u00e1 este domingo a las 18:00h en Benicarl\u00f3, en el partido de la jornada 16 de liga regular contra\u00a0el\u00a0Fibwi\u00a0Palma.","og_url":"https:\/\/cbbenicarlo.com\/?p=2272","og_site_name":"Club Basquet Benicarl\u00f3","article_published_time":"2024-01-10T15:40:54+00:00","article_modified_time":"2024-01-10T15:42:41+00:00","og_image":[{"width":1962,"height":1489,"url":"https:\/\/cbbenicarlo.com\/wp-content\/uploads\/2024\/01\/victor_moreno.jpg","type":"image\/jpeg"}],"author":"Club B\u00e0squet Benicarl\u00f3","twitter_card":"summary_large_image","twitter_misc":{"Escrito por":"Club B\u00e0squet Benicarl\u00f3","Tiempo de lectura":"2 minutos"},"schema":{"@context":"https:\/\/schema.org","@graph":[{"@type":"Article","@id":"https:\/\/cbbenicarlo.com\/?p=2272#article","isPartOf":{"@id":"https:\/\/cbbenicarlo.com\/?p=2272"},"author":{"name":"Club B\u00e0squet Benicarl\u00f3","@id":"https:\/\/cbbenicarlo.com\/#\/schema\/person\/200a6bea92870b7adeb1a5c755a793f2"},"headline":"EL MADERAS SORL\u00cd BENICARL\u00d3 INCORPORA A V\u00cdCTOR MORENO","datePublished":"2024-01-10T15:40:54+00:00","dateModified":"2024-01-10T15:42:41+00:00","mainEntityOfPage":{"@id":"https:\/\/cbbenicarlo.com\/?p=2272"},"wordCount":269,"publisher":{"@id":"https:\/\/cbbenicarlo.com\/#organization"},"articleSection":["Noticias","Primer Equipo"],"inLanguage":"es"},{"@type":"WebPage","@id":"https:\/\/cbbenicarlo.com\/?p=2272","url":"https:\/\/cbbenicarlo.com\/?p=2272","name":"EL MADERAS SORL\u00cd BENICARL\u00d3 INCORPORA A V\u00cdCTOR MORENO | Club Basquet Benicarl\u00f3","isPartOf":{"@id":"https:\/\/cbbenicarlo.com\/#website"},"datePublished":"2024-01-10T15:40:54+00:00","dateModified":"2024-01-10T15:42:41+00:00","breadcrumb":{"@id":"https:\/\/cbbenicarlo.com\/?p=2272#breadcrumb"},"inLanguage":"es","potentialAction":[{"@type":"ReadAction","target":["https:\/\/cbbenicarlo.com\/?p=2272"]}]},{"@type":"BreadcrumbList","@id":"https:\/\/cbbenicarlo.com\/?p=2272#breadcrumb","itemListElement":[{"@type":"ListItem","position":1,"name":"Portada","item":"https:\/\/cbbenicarlo.com\/"},{"@type":"ListItem","position":2,"name":"EL MADERAS SORL\u00cd BENICARL\u00d3 INCORPORA A V\u00cdCTOR MORENO"}]},{"@type":"WebSite","@id":"https:\/\/cbbenicarlo.com\/#website","url":"https:\/\/cbbenicarlo.com\/","name":"Club Basquet Benicarl\u00f3","description":"P\u00e1gina Web Oficial","publisher":{"@id":"https:\/\/cbbenicarlo.com\/#organization"},"potentialAction":[{"@type":"SearchAction","target":{"@type":"EntryPoint","urlTemplate":"https:\/\/cbbenicarlo.com\/?s={search_term_string}"},"query-input":"required name=search_term_string"}],"inLanguage":"es"},{"@type":"Organization","@id":"https:\/\/cbbenicarlo.com\/#organization","name":"Club B\u00e0squet Benicarl\u00f3","url":"https:\/\/cbbenicarlo.com\/","logo":{"@type":"ImageObject","inLanguage":"es","@id":"https:\/\/cbbenicarlo.com\/#\/schema\/logo\/image\/","url":"https:\/\/cbbenicarlo.com\/wp-content\/uploads\/2022\/05\/cropped-cropped-cropped-CBBENICARLO2021-22-2.png","contentUrl":"https:\/\/cbbenicarlo.com\/wp-content\/uploads\/2022\/05\/cropped-cropped-cropped-CBBENICARLO2021-22-2.png","width":512,"height":512,"caption":"Club B\u00e0squet Benicarl\u00f3"},"image":{"@id":"https:\/\/cbbenicarlo.com\/#\/schema\/logo\/image\/"}},{"@type":"Person","@id":"https:\/\/cbbenicarlo.com\/#\/schema\/person\/200a6bea92870b7adeb1a5c755a793f2","name":"Club B\u00e0squet Benicarl\u00f3","image":{"@type":"ImageObject","inLanguage":"es","@id":"https:\/\/cbbenicarlo.com\/#\/schema\/person\/image\/","url":"https:\/\/secure.gravatar.com\/avatar\/8aed305f961a70f8934d4ba794f3527a?s=96&d=mm&r=g","contentUrl":"https:\/\/secure.gravatar.com\/avatar\/8aed305f961a70f8934d4ba794f3527a?s=96&d=mm&r=g","caption":"Club B\u00e0squet Benicarl\u00f3"},"url":"https:\/\/cbbenicarlo.com\/?author=1"}]}},"_links":{"self":[{"href":"https:\/\/cbbenicarlo.com\/index.php?rest_route=\/wp\/v2\/posts\/2272"}],"collection":[{"href":"https:\/\/cbbenicarlo.com\/index.php?rest_route=\/wp\/v2\/posts"}],"about":[{"href":"https:\/\/cbbenicarlo.com\/index.php?rest_route=\/wp\/v2\/types\/post"}],"author":[{"embeddable":true,"href":"https:\/\/cbbenicarlo.com\/index.php?rest_route=\/wp\/v2\/users\/1"}],"replies":[{"embeddable":true,"href":"https:\/\/cbbenicarlo.com\/index.php?rest_route=%2Fwp%2Fv2%2Fcomments&post=2272"}],"version-history":[{"count":2,"href":"https:\/\/cbbenicarlo.com\/index.php?rest_route=\/wp\/v2\/posts\/2272\/revisions"}],"predecessor-version":[{"id":2279,"href":"https:\/\/cbbenicarlo.com\/index.php?rest_route=\/wp\/v2\/posts\/2272\/revisions\/2279"}],"wp:featuredmedia":[{"embeddable":true,"href":"https:\/\/cbbenicarlo.com\/index.php?rest_route=\/wp\/v2\/media\/2277"}],"wp:attachment":[{"href":"https:\/\/cbbenicarlo.com\/index.php?rest_route=%2Fwp%2Fv2%2Fmedia&parent=2272"}],"wp:term":[{"taxonomy":"category","embeddable":true,"href":"https:\/\/cbbenicarlo.com\/index.php?rest_route=%2Fwp%2Fv2%2Fcategories&post=2272"},{"taxonomy":"post_tag","embeddable":true,"href":"https:\/\/cbbenicarlo.com\/index.php?rest_route=%2Fwp%2Fv2%2Ftags&post=2272"}],"curies":[{"name":"wp","href":"https:\/\/api.w.org\/{rel}","templated":true}]}}