{"id":2257,"date":"2023-11-30T16:30:00","date_gmt":"2023-11-30T15:30:00","guid":{"rendered":"https:\/\/cbbenicarlo.com\/?p=2257"},"modified":"2023-11-30T16:07:01","modified_gmt":"2023-11-30T15:07:01","slug":"inscripcion-campus-navidad","status":"publish","type":"post","link":"https:\/\/cbbenicarlo.com\/?p=2257","title":{"rendered":"INSCRIPCI\u00d3N CAMPUS NAVIDAD"},"content":{"rendered":"\n<p>\u00a1Ya est\u00e1n abiertas las inscripciones para el <strong>Campus de Navidad<\/strong>!<\/p>\n\n\n\n<p>\ud83d\udcc5 Del 26 al 29 de Diciembre y del 2 al 5 de Enero<\/p>\n\n\n\n<p>\ud83e\uddd2\ud83d\udc76 Nacidos entre 2012 y 2020<\/p>\n\n\n\n<p>\u27a1 1 semana: 40\u20ac<br>\u27a1 Totalidad del campus: 70\u20ac<\/p>\n\n\n\n<p>\ud83d\udccdPabell\u00f3n Municipal de Benicarl\u00f3<\/p>\n\n\n\n<p>\ud83c\udfc0 Todo tipo de actividades, deportes, manualidades\u2026 y, sobretodo, mucho baloncesto.<\/p>\n\n\n\n<p>\u2705 Para hacer la inscripci\u00f3n, se tiene que rellenar el <strong>PDF <\/strong>y entregarlo junto con el <strong>justificante <\/strong>de pago del banco en:<\/p>\n\n\n\n<ul>\n<li>Don Caramelo (Carrer de Sant Joan, 14)<\/li>\n\n\n\n<li>Art Estudi Bayarri (Pla\u00e7a Mestre de Montesa, 25B)<\/li>\n\n\n\n<li>Por correo electr\u00f3nico al basquetbenicarlo@hotmail.com<\/li>\n<\/ul>\n\n\n\n<p>\u26a0 <strong>Fecha l\u00edmite de inscripci\u00f3n: Mi\u00e9rcoles 20 de Diciembre.<\/strong><\/p>\n\n\n\n<p>\u260e Para m\u00e1s informaci\u00f3n: 653 28\u00a044\u00a098\u00a0(Quique)<\/p>\n\n\n\n<p>PDF PARA LA INSCRIPCI\u00d3N: <a href=\"http:\/\/bit.ly\/FORMULARIO-CAMPUS-NAVIDAD\">http:\/\/bit.ly\/FORMULARIO-CAMPUS-NAVIDAD<\/a><\/p>\n","protected":false},"excerpt":{"rendered":"<p>\u00a1Ya est\u00e1n abiertas las inscripciones para el Campus de Navidad! \ud83d\udcc5 Del 26 al 29 de Diciembre y del 2 al 5 de Enero \ud83e\uddd2\ud83d\udc76 Nacidos entre 2012 y 2020 \u27a1 1 semana: 40\u20ac\u27a1 Totalidad del campus: 70\u20ac \ud83d\udccdPabell\u00f3n Municipal de Benicarl\u00f3 \ud83c\udfc0 Todo tipo de actividades, deportes, manualidades\u2026 y, sobretodo, mucho baloncesto. \u2705 Para hacer la inscripci\u00f3n, se tiene que rellenar el PDF y entregarlo junto con el justificante de pago del banco en: \u26a0 Fecha l\u00edmite de inscripci\u00f3n: Mi\u00e9rcoles 20 de Diciembre. \u260e Para m\u00e1s informaci\u00f3n: 653 28\u00a044\u00a098\u00a0(Quique) PDF PARA LA INSCRIPCI\u00d3N: http:\/\/bit.ly\/FORMULARIO-CAMPUS-NAVIDAD<\/p>\n","protected":false},"author":1,"featured_media":2259,"comment_status":"closed","ping_status":"closed","sticky":false,"template":"","format":"standard","meta":{"_eb_attr":""},"categories":[4,65],"tags":[],"yoast_head":"<!-- This site is optimized with the Yoast SEO plugin v21.1 - https:\/\/yoast.com\/wordpress\/plugins\/seo\/ -->\n<title>INSCRIPCI\u00d3N CAMPUS NAVIDAD | Club Basquet Benicarl\u00f3<\/title>\n<meta name=\"robots\" content=\"index, follow, max-snippet:-1, max-image-preview:large, max-video-preview:-1\" \/>\n<link rel=\"canonical\" href=\"https:\/\/cbbenicarlo.com\/?p=2257\" \/>\n<meta property=\"og:locale\" content=\"es_ES\" \/>\n<meta property=\"og:type\" content=\"article\" \/>\n<meta property=\"og:title\" content=\"INSCRIPCI\u00d3N CAMPUS NAVIDAD | Club Basquet Benicarl\u00f3\" \/>\n<meta property=\"og:description\" content=\"\u00a1Ya est\u00e1n abiertas las inscripciones para el Campus de Navidad! \ud83d\udcc5 Del 26 al 29 de Diciembre y del 2 al 5 de Enero \ud83e\uddd2\ud83d\udc76 Nacidos entre 2012 y 2020 \u27a1 1 semana: 40\u20ac\u27a1 Totalidad del campus: 70\u20ac \ud83d\udccdPabell\u00f3n Municipal de Benicarl\u00f3 \ud83c\udfc0 Todo tipo de actividades, deportes, manualidades\u2026 y, sobretodo, mucho baloncesto. \u2705 Para hacer la inscripci\u00f3n, se tiene que rellenar el PDF y entregarlo junto con el justificante de pago del banco en: \u26a0 Fecha l\u00edmite de inscripci\u00f3n: Mi\u00e9rcoles 20 de Diciembre. \u260e Para m\u00e1s informaci\u00f3n: 653 28\u00a044\u00a098\u00a0(Quique) PDF PARA LA INSCRIPCI\u00d3N: http:\/\/bit.ly\/FORMULARIO-CAMPUS-NAVIDAD\" \/>\n<meta property=\"og:url\" content=\"https:\/\/cbbenicarlo.com\/?p=2257\" \/>\n<meta property=\"og:site_name\" content=\"Club Basquet Benicarl\u00f3\" \/>\n<meta property=\"article:published_time\" content=\"2023-11-30T15:30:00+00:00\" \/>\n<meta property=\"article:modified_time\" content=\"2023-11-30T15:07:01+00:00\" \/>\n<meta property=\"og:image\" content=\"https:\/\/cbbenicarlo.com\/wp-content\/uploads\/2023\/11\/CBBENICARLOCAMPUSNADAL20231-1.jpg\" \/>\n\t<meta property=\"og:image:width\" content=\"1080\" \/>\n\t<meta property=\"og:image:height\" content=\"1350\" \/>\n\t<meta property=\"og:image:type\" content=\"image\/jpeg\" \/>\n<meta name=\"author\" content=\"Club B\u00e0squet Benicarl\u00f3\" \/>\n<meta name=\"twitter:card\" content=\"summary_large_image\" \/>\n<meta name=\"twitter:label1\" content=\"Escrito por\" \/>\n\t<meta name=\"twitter:data1\" content=\"Club B\u00e0squet Benicarl\u00f3\" \/>\n\t<meta name=\"twitter:label2\" content=\"Tiempo de lectura\" \/>\n\t<meta name=\"twitter:data2\" content=\"1 minuto\" \/>\n<script type=\"application\/ld+json\" class=\"yoast-schema-graph\">{\"@context\":\"https:\/\/schema.org\",\"@graph\":[{\"@type\":\"Article\",\"@id\":\"https:\/\/cbbenicarlo.com\/?p=2257#article\",\"isPartOf\":{\"@id\":\"https:\/\/cbbenicarlo.com\/?p=2257\"},\"author\":{\"name\":\"Club B\u00e0squet Benicarl\u00f3\",\"@id\":\"https:\/\/cbbenicarlo.com\/#\/schema\/person\/200a6bea92870b7adeb1a5c755a793f2\"},\"headline\":\"INSCRIPCI\u00d3N CAMPUS NAVIDAD\",\"datePublished\":\"2023-11-30T15:30:00+00:00\",\"dateModified\":\"2023-11-30T15:07:01+00:00\",\"mainEntityOfPage\":{\"@id\":\"https:\/\/cbbenicarlo.com\/?p=2257\"},\"wordCount\":116,\"publisher\":{\"@id\":\"https:\/\/cbbenicarlo.com\/#organization\"},\"articleSection\":[\"Equipos Base\",\"Noticias\"],\"inLanguage\":\"es\"},{\"@type\":\"WebPage\",\"@id\":\"https:\/\/cbbenicarlo.com\/?p=2257\",\"url\":\"https:\/\/cbbenicarlo.com\/?p=2257\",\"name\":\"INSCRIPCI\u00d3N CAMPUS NAVIDAD | Club Basquet Benicarl\u00f3\",\"isPartOf\":{\"@id\":\"https:\/\/cbbenicarlo.com\/#website\"},\"datePublished\":\"2023-11-30T15:30:00+00:00\",\"dateModified\":\"2023-11-30T15:07:01+00:00\",\"breadcrumb\":{\"@id\":\"https:\/\/cbbenicarlo.com\/?p=2257#breadcrumb\"},\"inLanguage\":\"es\",\"potentialAction\":[{\"@type\":\"ReadAction\",\"target\":[\"https:\/\/cbbenicarlo.com\/?p=2257\"]}]},{\"@type\":\"BreadcrumbList\",\"@id\":\"https:\/\/cbbenicarlo.com\/?p=2257#breadcrumb\",\"itemListElement\":[{\"@type\":\"ListItem\",\"position\":1,\"name\":\"Portada\",\"item\":\"https:\/\/cbbenicarlo.com\/\"},{\"@type\":\"ListItem\",\"position\":2,\"name\":\"INSCRIPCI\u00d3N CAMPUS NAVIDAD\"}]},{\"@type\":\"WebSite\",\"@id\":\"https:\/\/cbbenicarlo.com\/#website\",\"url\":\"https:\/\/cbbenicarlo.com\/\",\"name\":\"Club Basquet Benicarl\u00f3\",\"description\":\"P\u00e1gina Web Oficial\",\"publisher\":{\"@id\":\"https:\/\/cbbenicarlo.com\/#organization\"},\"potentialAction\":[{\"@type\":\"SearchAction\",\"target\":{\"@type\":\"EntryPoint\",\"urlTemplate\":\"https:\/\/cbbenicarlo.com\/?s={search_term_string}\"},\"query-input\":\"required name=search_term_string\"}],\"inLanguage\":\"es\"},{\"@type\":\"Organization\",\"@id\":\"https:\/\/cbbenicarlo.com\/#organization\",\"name\":\"Club B\u00e0squet Benicarl\u00f3\",\"url\":\"https:\/\/cbbenicarlo.com\/\",\"logo\":{\"@type\":\"ImageObject\",\"inLanguage\":\"es\",\"@id\":\"https:\/\/cbbenicarlo.com\/#\/schema\/logo\/image\/\",\"url\":\"https:\/\/cbbenicarlo.com\/wp-content\/uploads\/2022\/05\/cropped-cropped-cropped-CBBENICARLO2021-22-2.png\",\"contentUrl\":\"https:\/\/cbbenicarlo.com\/wp-content\/uploads\/2022\/05\/cropped-cropped-cropped-CBBENICARLO2021-22-2.png\",\"width\":512,\"height\":512,\"caption\":\"Club B\u00e0squet Benicarl\u00f3\"},\"image\":{\"@id\":\"https:\/\/cbbenicarlo.com\/#\/schema\/logo\/image\/\"}},{\"@type\":\"Person\",\"@id\":\"https:\/\/cbbenicarlo.com\/#\/schema\/person\/200a6bea92870b7adeb1a5c755a793f2\",\"name\":\"Club B\u00e0squet Benicarl\u00f3\",\"image\":{\"@type\":\"ImageObject\",\"inLanguage\":\"es\",\"@id\":\"https:\/\/cbbenicarlo.com\/#\/schema\/person\/image\/\",\"url\":\"https:\/\/secure.gravatar.com\/avatar\/8aed305f961a70f8934d4ba794f3527a?s=96&d=mm&r=g\",\"contentUrl\":\"https:\/\/secure.gravatar.com\/avatar\/8aed305f961a70f8934d4ba794f3527a?s=96&d=mm&r=g\",\"caption\":\"Club B\u00e0squet Benicarl\u00f3\"},\"url\":\"https:\/\/cbbenicarlo.com\/?author=1\"}]}<\/script>\n<!-- \/ Yoast SEO plugin. -->","yoast_head_json":{"title":"INSCRIPCI\u00d3N CAMPUS NAVIDAD | Club Basquet Benicarl\u00f3","robots":{"index":"index","follow":"follow","max-snippet":"max-snippet:-1","max-image-preview":"max-image-preview:large","max-video-preview":"max-video-preview:-1"},"canonical":"https:\/\/cbbenicarlo.com\/?p=2257","og_locale":"es_ES","og_type":"article","og_title":"INSCRIPCI\u00d3N CAMPUS NAVIDAD | Club Basquet Benicarl\u00f3","og_description":"\u00a1Ya est\u00e1n abiertas las inscripciones para el Campus de Navidad! \ud83d\udcc5 Del 26 al 29 de Diciembre y del 2 al 5 de Enero \ud83e\uddd2\ud83d\udc76 Nacidos entre 2012 y 2020 \u27a1 1 semana: 40\u20ac\u27a1 Totalidad del campus: 70\u20ac \ud83d\udccdPabell\u00f3n Municipal de Benicarl\u00f3 \ud83c\udfc0 Todo tipo de actividades, deportes, manualidades\u2026 y, sobretodo, mucho baloncesto. \u2705 Para hacer la inscripci\u00f3n, se tiene que rellenar el PDF y entregarlo junto con el justificante de pago del banco en: \u26a0 Fecha l\u00edmite de inscripci\u00f3n: Mi\u00e9rcoles 20 de Diciembre. \u260e Para m\u00e1s informaci\u00f3n: 653 28\u00a044\u00a098\u00a0(Quique) PDF PARA LA INSCRIPCI\u00d3N: http:\/\/bit.ly\/FORMULARIO-CAMPUS-NAVIDAD","og_url":"https:\/\/cbbenicarlo.com\/?p=2257","og_site_name":"Club Basquet Benicarl\u00f3","article_published_time":"2023-11-30T15:30:00+00:00","article_modified_time":"2023-11-30T15:07:01+00:00","og_image":[{"width":1080,"height":1350,"url":"https:\/\/cbbenicarlo.com\/wp-content\/uploads\/2023\/11\/CBBENICARLOCAMPUSNADAL20231-1.jpg","type":"image\/jpeg"}],"author":"Club B\u00e0squet Benicarl\u00f3","twitter_card":"summary_large_image","twitter_misc":{"Escrito por":"Club B\u00e0squet Benicarl\u00f3","Tiempo de lectura":"1 minuto"},"schema":{"@context":"https:\/\/schema.org","@graph":[{"@type":"Article","@id":"https:\/\/cbbenicarlo.com\/?p=2257#article","isPartOf":{"@id":"https:\/\/cbbenicarlo.com\/?p=2257"},"author":{"name":"Club B\u00e0squet Benicarl\u00f3","@id":"https:\/\/cbbenicarlo.com\/#\/schema\/person\/200a6bea92870b7adeb1a5c755a793f2"},"headline":"INSCRIPCI\u00d3N CAMPUS NAVIDAD","datePublished":"2023-11-30T15:30:00+00:00","dateModified":"2023-11-30T15:07:01+00:00","mainEntityOfPage":{"@id":"https:\/\/cbbenicarlo.com\/?p=2257"},"wordCount":116,"publisher":{"@id":"https:\/\/cbbenicarlo.com\/#organization"},"articleSection":["Equipos Base","Noticias"],"inLanguage":"es"},{"@type":"WebPage","@id":"https:\/\/cbbenicarlo.com\/?p=2257","url":"https:\/\/cbbenicarlo.com\/?p=2257","name":"INSCRIPCI\u00d3N CAMPUS NAVIDAD | Club Basquet Benicarl\u00f3","isPartOf":{"@id":"https:\/\/cbbenicarlo.com\/#website"},"datePublished":"2023-11-30T15:30:00+00:00","dateModified":"2023-11-30T15:07:01+00:00","breadcrumb":{"@id":"https:\/\/cbbenicarlo.com\/?p=2257#breadcrumb"},"inLanguage":"es","potentialAction":[{"@type":"ReadAction","target":["https:\/\/cbbenicarlo.com\/?p=2257"]}]},{"@type":"BreadcrumbList","@id":"https:\/\/cbbenicarlo.com\/?p=2257#breadcrumb","itemListElement":[{"@type":"ListItem","position":1,"name":"Portada","item":"https:\/\/cbbenicarlo.com\/"},{"@type":"ListItem","position":2,"name":"INSCRIPCI\u00d3N CAMPUS NAVIDAD"}]},{"@type":"WebSite","@id":"https:\/\/cbbenicarlo.com\/#website","url":"https:\/\/cbbenicarlo.com\/","name":"Club Basquet Benicarl\u00f3","description":"P\u00e1gina Web Oficial","publisher":{"@id":"https:\/\/cbbenicarlo.com\/#organization"},"potentialAction":[{"@type":"SearchAction","target":{"@type":"EntryPoint","urlTemplate":"https:\/\/cbbenicarlo.com\/?s={search_term_string}"},"query-input":"required name=search_term_string"}],"inLanguage":"es"},{"@type":"Organization","@id":"https:\/\/cbbenicarlo.com\/#organization","name":"Club B\u00e0squet Benicarl\u00f3","url":"https:\/\/cbbenicarlo.com\/","logo":{"@type":"ImageObject","inLanguage":"es","@id":"https:\/\/cbbenicarlo.com\/#\/schema\/logo\/image\/","url":"https:\/\/cbbenicarlo.com\/wp-content\/uploads\/2022\/05\/cropped-cropped-cropped-CBBENICARLO2021-22-2.png","contentUrl":"https:\/\/cbbenicarlo.com\/wp-content\/uploads\/2022\/05\/cropped-cropped-cropped-CBBENICARLO2021-22-2.png","width":512,"height":512,"caption":"Club B\u00e0squet Benicarl\u00f3"},"image":{"@id":"https:\/\/cbbenicarlo.com\/#\/schema\/logo\/image\/"}},{"@type":"Person","@id":"https:\/\/cbbenicarlo.com\/#\/schema\/person\/200a6bea92870b7adeb1a5c755a793f2","name":"Club B\u00e0squet Benicarl\u00f3","image":{"@type":"ImageObject","inLanguage":"es","@id":"https:\/\/cbbenicarlo.com\/#\/schema\/person\/image\/","url":"https:\/\/secure.gravatar.com\/avatar\/8aed305f961a70f8934d4ba794f3527a?s=96&d=mm&r=g","contentUrl":"https:\/\/secure.gravatar.com\/avatar\/8aed305f961a70f8934d4ba794f3527a?s=96&d=mm&r=g","caption":"Club B\u00e0squet Benicarl\u00f3"},"url":"https:\/\/cbbenicarlo.com\/?author=1"}]}},"_links":{"self":[{"href":"https:\/\/cbbenicarlo.com\/index.php?rest_route=\/wp\/v2\/posts\/2257"}],"collection":[{"href":"https:\/\/cbbenicarlo.com\/index.php?rest_route=\/wp\/v2\/posts"}],"about":[{"href":"https:\/\/cbbenicarlo.com\/index.php?rest_route=\/wp\/v2\/types\/post"}],"author":[{"embeddable":true,"href":"https:\/\/cbbenicarlo.com\/index.php?rest_route=\/wp\/v2\/users\/1"}],"replies":[{"embeddable":true,"href":"https:\/\/cbbenicarlo.com\/index.php?rest_route=%2Fwp%2Fv2%2Fcomments&post=2257"}],"version-history":[{"count":2,"href":"https:\/\/cbbenicarlo.com\/index.php?rest_route=\/wp\/v2\/posts\/2257\/revisions"}],"predecessor-version":[{"id":2811,"href":"https:\/\/cbbenicarlo.com\/index.php?rest_route=\/wp\/v2\/posts\/2257\/revisions\/2811"}],"wp:featuredmedia":[{"embeddable":true,"href":"https:\/\/cbbenicarlo.com\/index.php?rest_route=\/wp\/v2\/media\/2259"}],"wp:attachment":[{"href":"https:\/\/cbbenicarlo.com\/index.php?rest_route=%2Fwp%2Fv2%2Fmedia&parent=2257"}],"wp:term":[{"taxonomy":"category","embeddable":true,"href":"https:\/\/cbbenicarlo.com\/index.php?rest_route=%2Fwp%2Fv2%2Fcategories&post=2257"},{"taxonomy":"post_tag","embeddable":true,"href":"https:\/\/cbbenicarlo.com\/index.php?rest_route=%2Fwp%2Fv2%2Ftags&post=2257"}],"curies":[{"name":"wp","href":"https:\/\/api.w.org\/{rel}","templated":true}]}}