{"id":2217,"date":"2023-10-11T20:42:22","date_gmt":"2023-10-11T18:42:22","guid":{"rendered":"https:\/\/cbbenicarlo.com\/?p=2217"},"modified":"2023-10-19T20:09:51","modified_gmt":"2023-10-19T18:09:51","slug":"enrique-besalduch-deja-la-presidencia-del-club-baloncesto-benicarlo-tras-quince-anos","status":"publish","type":"post","link":"https:\/\/cbbenicarlo.com\/?p=2217","title":{"rendered":"<strong>ENRIQUE BESALDUCH DEJA LA PRESIDENCIA DEL CLUB BALONCESTO BENICARL\u00d3 TRAS QUINCE A\u00d1OS<\/strong>"},"content":{"rendered":"\n<p><strong>Jos\u00e9 Miguel Cornelles ser\u00e1 su sustituto<\/strong><\/p>\n\n\n\n<p>Besalduch ha decidido dimitir como presidente del Club Baloncesto Benicarl\u00f3 por motivos \u00e9ticos y haciendo un ejercicio de responsabilidad tras la posesi\u00f3n de su nuevo cargo como concejal de deportes del Ayuntamiento de Benicarl\u00f3.&nbsp;<\/p>\n\n\n\n<p>En la rueda de prensa que ha tenido lugar hoy mi\u00e9rcoles a las 19:30h en la sala de prensa del Pabell\u00f3n Municipal de Benicarl\u00f3, Besalduch ha se\u00f1alado que: \u201cHa sido una decisi\u00f3n muy dif\u00edcil para m\u00ed, totalmente premeditada y siendo consciente de que es la mejor decisi\u00f3n para todos\u201d. Asimismo, ha se\u00f1alado estar orgulloso de todo el trabajo realizado durante 15 a\u00f1os junto con todos sus compa\u00f1eros de la junta directiva, donde han pasado de 77 jugadores y 5 equipos de cantera a m\u00e1s de 300 jugadores y 21 equipos. Y, evidentemente, con un orgullo enorme de llevar el nombre de Benicarl\u00f3 por todo el territorio nacional con el primer equipo compitiendo por quinta temporada consecutiva en la tercera categor\u00eda a nivel nacional (LEB Plata).&nbsp;<\/p>\n\n\n\n<p>El ya ex presidente del club ha hecho una menci\u00f3n especial a Fernando Salvador, el que ha sido su mano derecha durante 15 a\u00f1os siendo el vicepresidente. Salvador seguir\u00e1 dentro de la junta directiva como vocal y en su sustituci\u00f3n Eloy Bayarri ocupar\u00e1 el cargo de vicepresidente.&nbsp;<\/p>\n\n\n\n<p>Jos\u00e9 Miguel Cornelles, nuevo presidente del club, ha agradecido a Besalduch el gran trabajo realizado durante estos a\u00f1os y se ha instado a seguir trabajando para conseguir tener el mejor baloncesto de calidad en la ciudad de Benicarl\u00f3. Por su parte, ha se\u00f1alado qui\u00e9nes formar\u00e1n la junta directiva actual, compuesta por:&nbsp;<\/p>\n\n\n\n<p><strong>Presidente:<\/strong> Jos\u00e9 Miguel Cornelles<\/p>\n\n\n\n<p><strong>Vicepresidente:<\/strong> Eloy Bayarri<\/p>\n\n\n\n<p><strong>Secretario:<\/strong> Jes\u00fas Balagu\u00e9<\/p>\n\n\n\n<p><strong>Tesorero:<\/strong> Andr\u00e9s Esbri<\/p>\n\n\n\n<p><strong>Vocales:<\/strong> David Marzal, Vanessa Vilanova, Alejandro Peraire, Dami\u00e1n Pi\u00f1ana, Francisco Esteller y Fernando Salvador<\/p>\n\n\n\n<p>Siempre agradecidos por todo, Enrique y Fernando. Y mucha suerte a la nueva c\u00fapula encabezada por Cornelles y Bayarri. \u00a1A seguir trabajando con el buen trabajo realizado!<\/p>\n","protected":false},"excerpt":{"rendered":"<p>Jos\u00e9 Miguel Cornelles ser\u00e1 su sustituto Besalduch ha decidido dimitir como presidente del Club Baloncesto Benicarl\u00f3 por motivos \u00e9ticos y haciendo un ejercicio de responsabilidad tras la posesi\u00f3n de su nuevo cargo como concejal de deportes del Ayuntamiento de Benicarl\u00f3.&nbsp; En la rueda de prensa que ha tenido lugar hoy mi\u00e9rcoles a las 19:30h en la sala de prensa del Pabell\u00f3n Municipal de Benicarl\u00f3, Besalduch ha se\u00f1alado que: \u201cHa sido una decisi\u00f3n muy dif\u00edcil para m\u00ed, totalmente premeditada y siendo consciente de que es la mejor decisi\u00f3n para todos\u201d. Asimismo, ha se\u00f1alado estar orgulloso de todo el trabajo realizado durante 15 a\u00f1os junto con todos sus compa\u00f1eros de la junta directiva, donde han pasado de 77 jugadores y 5 equipos de cantera a m\u00e1s de 300 jugadores y 21 equipos. Y, evidentemente, con un orgullo enorme de llevar el nombre de Benicarl\u00f3 por todo el territorio nacional con el primer equipo compitiendo por quinta temporada consecutiva en la tercera categor\u00eda a nivel nacional (LEB Plata).&nbsp; El ya ex presidente del club ha hecho una menci\u00f3n especial a Fernando Salvador, el que ha sido su mano derecha durante 15 a\u00f1os siendo el vicepresidente. Salvador seguir\u00e1 dentro de la junta directiva como vocal y en su sustituci\u00f3n Eloy Bayarri ocupar\u00e1 el cargo de vicepresidente.&nbsp; Jos\u00e9 Miguel Cornelles, nuevo presidente del club, ha agradecido a Besalduch el gran trabajo realizado durante estos a\u00f1os y se ha instado a seguir trabajando para conseguir tener el mejor baloncesto de calidad en la ciudad de Benicarl\u00f3. Por su parte, ha se\u00f1alado qui\u00e9nes formar\u00e1n la junta directiva actual, compuesta por:&nbsp; Presidente: Jos\u00e9 Miguel Cornelles Vicepresidente: Eloy Bayarri Secretario: Jes\u00fas Balagu\u00e9 Tesorero: Andr\u00e9s Esbri Vocales: David Marzal, Vanessa Vilanova, Alejandro Peraire, Dami\u00e1n Pi\u00f1ana, Francisco Esteller y Fernando Salvador Siempre agradecidos por todo, Enrique y Fernando. Y mucha suerte a la nueva c\u00fapula encabezada por Cornelles y Bayarri. \u00a1A seguir trabajando con el buen trabajo realizado!<\/p>\n","protected":false},"author":1,"featured_media":2218,"comment_status":"closed","ping_status":"closed","sticky":false,"template":"","format":"standard","meta":{"_eb_attr":""},"categories":[16,65],"tags":[],"yoast_head":"<!-- This site is optimized with the Yoast SEO plugin v21.1 - https:\/\/yoast.com\/wordpress\/plugins\/seo\/ -->\n<title>ENRIQUE BESALDUCH DEJA LA PRESIDENCIA DEL CLUB BALONCESTO BENICARL\u00d3 TRAS QUINCE A\u00d1OS | Club Basquet Benicarl\u00f3<\/title>\n<meta name=\"robots\" content=\"index, follow, max-snippet:-1, max-image-preview:large, max-video-preview:-1\" \/>\n<link rel=\"canonical\" href=\"https:\/\/cbbenicarlo.com\/?p=2217\" \/>\n<meta property=\"og:locale\" content=\"es_ES\" \/>\n<meta property=\"og:type\" content=\"article\" \/>\n<meta property=\"og:title\" content=\"ENRIQUE BESALDUCH DEJA LA PRESIDENCIA DEL CLUB BALONCESTO BENICARL\u00d3 TRAS QUINCE A\u00d1OS | Club Basquet Benicarl\u00f3\" \/>\n<meta property=\"og:description\" content=\"Jos\u00e9 Miguel Cornelles ser\u00e1 su sustituto Besalduch ha decidido dimitir como presidente del Club Baloncesto Benicarl\u00f3 por motivos \u00e9ticos y haciendo un ejercicio de responsabilidad tras la posesi\u00f3n de su nuevo cargo como concejal de deportes del Ayuntamiento de Benicarl\u00f3.&nbsp; En la rueda de prensa que ha tenido lugar hoy mi\u00e9rcoles a las 19:30h en la sala de prensa del Pabell\u00f3n Municipal de Benicarl\u00f3, Besalduch ha se\u00f1alado que: \u201cHa sido una decisi\u00f3n muy dif\u00edcil para m\u00ed, totalmente premeditada y siendo consciente de que es la mejor decisi\u00f3n para todos\u201d. Asimismo, ha se\u00f1alado estar orgulloso de todo el trabajo realizado durante 15 a\u00f1os junto con todos sus compa\u00f1eros de la junta directiva, donde han pasado de 77 jugadores y 5 equipos de cantera a m\u00e1s de 300 jugadores y 21 equipos. Y, evidentemente, con un orgullo enorme de llevar el nombre de Benicarl\u00f3 por todo el territorio nacional con el primer equipo compitiendo por quinta temporada consecutiva en la tercera categor\u00eda a nivel nacional (LEB Plata).&nbsp; El ya ex presidente del club ha hecho una menci\u00f3n especial a Fernando Salvador, el que ha sido su mano derecha durante 15 a\u00f1os siendo el vicepresidente. Salvador seguir\u00e1 dentro de la junta directiva como vocal y en su sustituci\u00f3n Eloy Bayarri ocupar\u00e1 el cargo de vicepresidente.&nbsp; Jos\u00e9 Miguel Cornelles, nuevo presidente del club, ha agradecido a Besalduch el gran trabajo realizado durante estos a\u00f1os y se ha instado a seguir trabajando para conseguir tener el mejor baloncesto de calidad en la ciudad de Benicarl\u00f3. Por su parte, ha se\u00f1alado qui\u00e9nes formar\u00e1n la junta directiva actual, compuesta por:&nbsp; Presidente: Jos\u00e9 Miguel Cornelles Vicepresidente: Eloy Bayarri Secretario: Jes\u00fas Balagu\u00e9 Tesorero: Andr\u00e9s Esbri Vocales: David Marzal, Vanessa Vilanova, Alejandro Peraire, Dami\u00e1n Pi\u00f1ana, Francisco Esteller y Fernando Salvador Siempre agradecidos por todo, Enrique y Fernando. Y mucha suerte a la nueva c\u00fapula encabezada por Cornelles y Bayarri. \u00a1A seguir trabajando con el buen trabajo realizado!\" \/>\n<meta property=\"og:url\" content=\"https:\/\/cbbenicarlo.com\/?p=2217\" \/>\n<meta property=\"og:site_name\" content=\"Club Basquet Benicarl\u00f3\" \/>\n<meta property=\"article:published_time\" content=\"2023-10-11T18:42:22+00:00\" \/>\n<meta property=\"article:modified_time\" content=\"2023-10-19T18:09:51+00:00\" \/>\n<meta property=\"og:image\" content=\"https:\/\/cbbenicarlo.com\/wp-content\/uploads\/2023\/10\/1-scaled.jpg\" \/>\n\t<meta property=\"og:image:width\" content=\"2560\" \/>\n\t<meta property=\"og:image:height\" content=\"1863\" \/>\n\t<meta property=\"og:image:type\" content=\"image\/jpeg\" \/>\n<meta name=\"author\" content=\"Club B\u00e0squet Benicarl\u00f3\" \/>\n<meta name=\"twitter:card\" content=\"summary_large_image\" \/>\n<meta name=\"twitter:label1\" content=\"Escrito por\" \/>\n\t<meta name=\"twitter:data1\" content=\"Club B\u00e0squet Benicarl\u00f3\" \/>\n\t<meta name=\"twitter:label2\" content=\"Tiempo de lectura\" \/>\n\t<meta name=\"twitter:data2\" content=\"2 minutos\" \/>\n<script type=\"application\/ld+json\" class=\"yoast-schema-graph\">{\"@context\":\"https:\/\/schema.org\",\"@graph\":[{\"@type\":\"Article\",\"@id\":\"https:\/\/cbbenicarlo.com\/?p=2217#article\",\"isPartOf\":{\"@id\":\"https:\/\/cbbenicarlo.com\/?p=2217\"},\"author\":{\"name\":\"Club B\u00e0squet Benicarl\u00f3\",\"@id\":\"https:\/\/cbbenicarlo.com\/#\/schema\/person\/200a6bea92870b7adeb1a5c755a793f2\"},\"headline\":\"ENRIQUE BESALDUCH DEJA LA PRESIDENCIA DEL CLUB BALONCESTO BENICARL\u00d3 TRAS QUINCE A\u00d1OS\",\"datePublished\":\"2023-10-11T18:42:22+00:00\",\"dateModified\":\"2023-10-19T18:09:51+00:00\",\"mainEntityOfPage\":{\"@id\":\"https:\/\/cbbenicarlo.com\/?p=2217\"},\"wordCount\":352,\"publisher\":{\"@id\":\"https:\/\/cbbenicarlo.com\/#organization\"},\"articleSection\":[\"Club\",\"Noticias\"],\"inLanguage\":\"es\"},{\"@type\":\"WebPage\",\"@id\":\"https:\/\/cbbenicarlo.com\/?p=2217\",\"url\":\"https:\/\/cbbenicarlo.com\/?p=2217\",\"name\":\"ENRIQUE BESALDUCH DEJA LA PRESIDENCIA DEL CLUB BALONCESTO BENICARL\u00d3 TRAS QUINCE A\u00d1OS | Club Basquet Benicarl\u00f3\",\"isPartOf\":{\"@id\":\"https:\/\/cbbenicarlo.com\/#website\"},\"datePublished\":\"2023-10-11T18:42:22+00:00\",\"dateModified\":\"2023-10-19T18:09:51+00:00\",\"breadcrumb\":{\"@id\":\"https:\/\/cbbenicarlo.com\/?p=2217#breadcrumb\"},\"inLanguage\":\"es\",\"potentialAction\":[{\"@type\":\"ReadAction\",\"target\":[\"https:\/\/cbbenicarlo.com\/?p=2217\"]}]},{\"@type\":\"BreadcrumbList\",\"@id\":\"https:\/\/cbbenicarlo.com\/?p=2217#breadcrumb\",\"itemListElement\":[{\"@type\":\"ListItem\",\"position\":1,\"name\":\"Portada\",\"item\":\"https:\/\/cbbenicarlo.com\/\"},{\"@type\":\"ListItem\",\"position\":2,\"name\":\"ENRIQUE BESALDUCH DEJA LA PRESIDENCIA DEL CLUB BALONCESTO BENICARL\u00d3 TRAS QUINCE A\u00d1OS\"}]},{\"@type\":\"WebSite\",\"@id\":\"https:\/\/cbbenicarlo.com\/#website\",\"url\":\"https:\/\/cbbenicarlo.com\/\",\"name\":\"Club Basquet Benicarl\u00f3\",\"description\":\"P\u00e1gina Web Oficial\",\"publisher\":{\"@id\":\"https:\/\/cbbenicarlo.com\/#organization\"},\"potentialAction\":[{\"@type\":\"SearchAction\",\"target\":{\"@type\":\"EntryPoint\",\"urlTemplate\":\"https:\/\/cbbenicarlo.com\/?s={search_term_string}\"},\"query-input\":\"required name=search_term_string\"}],\"inLanguage\":\"es\"},{\"@type\":\"Organization\",\"@id\":\"https:\/\/cbbenicarlo.com\/#organization\",\"name\":\"Club B\u00e0squet Benicarl\u00f3\",\"url\":\"https:\/\/cbbenicarlo.com\/\",\"logo\":{\"@type\":\"ImageObject\",\"inLanguage\":\"es\",\"@id\":\"https:\/\/cbbenicarlo.com\/#\/schema\/logo\/image\/\",\"url\":\"https:\/\/cbbenicarlo.com\/wp-content\/uploads\/2022\/05\/cropped-cropped-cropped-CBBENICARLO2021-22-2.png\",\"contentUrl\":\"https:\/\/cbbenicarlo.com\/wp-content\/uploads\/2022\/05\/cropped-cropped-cropped-CBBENICARLO2021-22-2.png\",\"width\":512,\"height\":512,\"caption\":\"Club B\u00e0squet Benicarl\u00f3\"},\"image\":{\"@id\":\"https:\/\/cbbenicarlo.com\/#\/schema\/logo\/image\/\"}},{\"@type\":\"Person\",\"@id\":\"https:\/\/cbbenicarlo.com\/#\/schema\/person\/200a6bea92870b7adeb1a5c755a793f2\",\"name\":\"Club B\u00e0squet Benicarl\u00f3\",\"image\":{\"@type\":\"ImageObject\",\"inLanguage\":\"es\",\"@id\":\"https:\/\/cbbenicarlo.com\/#\/schema\/person\/image\/\",\"url\":\"https:\/\/secure.gravatar.com\/avatar\/8aed305f961a70f8934d4ba794f3527a?s=96&d=mm&r=g\",\"contentUrl\":\"https:\/\/secure.gravatar.com\/avatar\/8aed305f961a70f8934d4ba794f3527a?s=96&d=mm&r=g\",\"caption\":\"Club B\u00e0squet Benicarl\u00f3\"},\"url\":\"https:\/\/cbbenicarlo.com\/?author=1\"}]}<\/script>\n<!-- \/ Yoast SEO plugin. -->","yoast_head_json":{"title":"ENRIQUE BESALDUCH DEJA LA PRESIDENCIA DEL CLUB BALONCESTO BENICARL\u00d3 TRAS QUINCE A\u00d1OS | Club Basquet Benicarl\u00f3","robots":{"index":"index","follow":"follow","max-snippet":"max-snippet:-1","max-image-preview":"max-image-preview:large","max-video-preview":"max-video-preview:-1"},"canonical":"https:\/\/cbbenicarlo.com\/?p=2217","og_locale":"es_ES","og_type":"article","og_title":"ENRIQUE BESALDUCH DEJA LA PRESIDENCIA DEL CLUB BALONCESTO BENICARL\u00d3 TRAS QUINCE A\u00d1OS | Club Basquet Benicarl\u00f3","og_description":"Jos\u00e9 Miguel Cornelles ser\u00e1 su sustituto Besalduch ha decidido dimitir como presidente del Club Baloncesto Benicarl\u00f3 por motivos \u00e9ticos y haciendo un ejercicio de responsabilidad tras la posesi\u00f3n de su nuevo cargo como concejal de deportes del Ayuntamiento de Benicarl\u00f3.&nbsp; En la rueda de prensa que ha tenido lugar hoy mi\u00e9rcoles a las 19:30h en la sala de prensa del Pabell\u00f3n Municipal de Benicarl\u00f3, Besalduch ha se\u00f1alado que: \u201cHa sido una decisi\u00f3n muy dif\u00edcil para m\u00ed, totalmente premeditada y siendo consciente de que es la mejor decisi\u00f3n para todos\u201d. Asimismo, ha se\u00f1alado estar orgulloso de todo el trabajo realizado durante 15 a\u00f1os junto con todos sus compa\u00f1eros de la junta directiva, donde han pasado de 77 jugadores y 5 equipos de cantera a m\u00e1s de 300 jugadores y 21 equipos. Y, evidentemente, con un orgullo enorme de llevar el nombre de Benicarl\u00f3 por todo el territorio nacional con el primer equipo compitiendo por quinta temporada consecutiva en la tercera categor\u00eda a nivel nacional (LEB Plata).&nbsp; El ya ex presidente del club ha hecho una menci\u00f3n especial a Fernando Salvador, el que ha sido su mano derecha durante 15 a\u00f1os siendo el vicepresidente. Salvador seguir\u00e1 dentro de la junta directiva como vocal y en su sustituci\u00f3n Eloy Bayarri ocupar\u00e1 el cargo de vicepresidente.&nbsp; Jos\u00e9 Miguel Cornelles, nuevo presidente del club, ha agradecido a Besalduch el gran trabajo realizado durante estos a\u00f1os y se ha instado a seguir trabajando para conseguir tener el mejor baloncesto de calidad en la ciudad de Benicarl\u00f3. Por su parte, ha se\u00f1alado qui\u00e9nes formar\u00e1n la junta directiva actual, compuesta por:&nbsp; Presidente: Jos\u00e9 Miguel Cornelles Vicepresidente: Eloy Bayarri Secretario: Jes\u00fas Balagu\u00e9 Tesorero: Andr\u00e9s Esbri Vocales: David Marzal, Vanessa Vilanova, Alejandro Peraire, Dami\u00e1n Pi\u00f1ana, Francisco Esteller y Fernando Salvador Siempre agradecidos por todo, Enrique y Fernando. Y mucha suerte a la nueva c\u00fapula encabezada por Cornelles y Bayarri. \u00a1A seguir trabajando con el buen trabajo realizado!","og_url":"https:\/\/cbbenicarlo.com\/?p=2217","og_site_name":"Club Basquet Benicarl\u00f3","article_published_time":"2023-10-11T18:42:22+00:00","article_modified_time":"2023-10-19T18:09:51+00:00","og_image":[{"width":2560,"height":1863,"url":"https:\/\/cbbenicarlo.com\/wp-content\/uploads\/2023\/10\/1-scaled.jpg","type":"image\/jpeg"}],"author":"Club B\u00e0squet Benicarl\u00f3","twitter_card":"summary_large_image","twitter_misc":{"Escrito por":"Club B\u00e0squet Benicarl\u00f3","Tiempo de lectura":"2 minutos"},"schema":{"@context":"https:\/\/schema.org","@graph":[{"@type":"Article","@id":"https:\/\/cbbenicarlo.com\/?p=2217#article","isPartOf":{"@id":"https:\/\/cbbenicarlo.com\/?p=2217"},"author":{"name":"Club B\u00e0squet Benicarl\u00f3","@id":"https:\/\/cbbenicarlo.com\/#\/schema\/person\/200a6bea92870b7adeb1a5c755a793f2"},"headline":"ENRIQUE BESALDUCH DEJA LA PRESIDENCIA DEL CLUB BALONCESTO BENICARL\u00d3 TRAS QUINCE A\u00d1OS","datePublished":"2023-10-11T18:42:22+00:00","dateModified":"2023-10-19T18:09:51+00:00","mainEntityOfPage":{"@id":"https:\/\/cbbenicarlo.com\/?p=2217"},"wordCount":352,"publisher":{"@id":"https:\/\/cbbenicarlo.com\/#organization"},"articleSection":["Club","Noticias"],"inLanguage":"es"},{"@type":"WebPage","@id":"https:\/\/cbbenicarlo.com\/?p=2217","url":"https:\/\/cbbenicarlo.com\/?p=2217","name":"ENRIQUE BESALDUCH DEJA LA PRESIDENCIA DEL CLUB BALONCESTO BENICARL\u00d3 TRAS QUINCE A\u00d1OS | Club Basquet Benicarl\u00f3","isPartOf":{"@id":"https:\/\/cbbenicarlo.com\/#website"},"datePublished":"2023-10-11T18:42:22+00:00","dateModified":"2023-10-19T18:09:51+00:00","breadcrumb":{"@id":"https:\/\/cbbenicarlo.com\/?p=2217#breadcrumb"},"inLanguage":"es","potentialAction":[{"@type":"ReadAction","target":["https:\/\/cbbenicarlo.com\/?p=2217"]}]},{"@type":"BreadcrumbList","@id":"https:\/\/cbbenicarlo.com\/?p=2217#breadcrumb","itemListElement":[{"@type":"ListItem","position":1,"name":"Portada","item":"https:\/\/cbbenicarlo.com\/"},{"@type":"ListItem","position":2,"name":"ENRIQUE BESALDUCH DEJA LA PRESIDENCIA DEL CLUB BALONCESTO BENICARL\u00d3 TRAS QUINCE A\u00d1OS"}]},{"@type":"WebSite","@id":"https:\/\/cbbenicarlo.com\/#website","url":"https:\/\/cbbenicarlo.com\/","name":"Club Basquet Benicarl\u00f3","description":"P\u00e1gina Web Oficial","publisher":{"@id":"https:\/\/cbbenicarlo.com\/#organization"},"potentialAction":[{"@type":"SearchAction","target":{"@type":"EntryPoint","urlTemplate":"https:\/\/cbbenicarlo.com\/?s={search_term_string}"},"query-input":"required name=search_term_string"}],"inLanguage":"es"},{"@type":"Organization","@id":"https:\/\/cbbenicarlo.com\/#organization","name":"Club B\u00e0squet Benicarl\u00f3","url":"https:\/\/cbbenicarlo.com\/","logo":{"@type":"ImageObject","inLanguage":"es","@id":"https:\/\/cbbenicarlo.com\/#\/schema\/logo\/image\/","url":"https:\/\/cbbenicarlo.com\/wp-content\/uploads\/2022\/05\/cropped-cropped-cropped-CBBENICARLO2021-22-2.png","contentUrl":"https:\/\/cbbenicarlo.com\/wp-content\/uploads\/2022\/05\/cropped-cropped-cropped-CBBENICARLO2021-22-2.png","width":512,"height":512,"caption":"Club B\u00e0squet Benicarl\u00f3"},"image":{"@id":"https:\/\/cbbenicarlo.com\/#\/schema\/logo\/image\/"}},{"@type":"Person","@id":"https:\/\/cbbenicarlo.com\/#\/schema\/person\/200a6bea92870b7adeb1a5c755a793f2","name":"Club B\u00e0squet Benicarl\u00f3","image":{"@type":"ImageObject","inLanguage":"es","@id":"https:\/\/cbbenicarlo.com\/#\/schema\/person\/image\/","url":"https:\/\/secure.gravatar.com\/avatar\/8aed305f961a70f8934d4ba794f3527a?s=96&d=mm&r=g","contentUrl":"https:\/\/secure.gravatar.com\/avatar\/8aed305f961a70f8934d4ba794f3527a?s=96&d=mm&r=g","caption":"Club B\u00e0squet Benicarl\u00f3"},"url":"https:\/\/cbbenicarlo.com\/?author=1"}]}},"_links":{"self":[{"href":"https:\/\/cbbenicarlo.com\/index.php?rest_route=\/wp\/v2\/posts\/2217"}],"collection":[{"href":"https:\/\/cbbenicarlo.com\/index.php?rest_route=\/wp\/v2\/posts"}],"about":[{"href":"https:\/\/cbbenicarlo.com\/index.php?rest_route=\/wp\/v2\/types\/post"}],"author":[{"embeddable":true,"href":"https:\/\/cbbenicarlo.com\/index.php?rest_route=\/wp\/v2\/users\/1"}],"replies":[{"embeddable":true,"href":"https:\/\/cbbenicarlo.com\/index.php?rest_route=%2Fwp%2Fv2%2Fcomments&post=2217"}],"version-history":[{"count":1,"href":"https:\/\/cbbenicarlo.com\/index.php?rest_route=\/wp\/v2\/posts\/2217\/revisions"}],"predecessor-version":[{"id":2219,"href":"https:\/\/cbbenicarlo.com\/index.php?rest_route=\/wp\/v2\/posts\/2217\/revisions\/2219"}],"wp:featuredmedia":[{"embeddable":true,"href":"https:\/\/cbbenicarlo.com\/index.php?rest_route=\/wp\/v2\/media\/2218"}],"wp:attachment":[{"href":"https:\/\/cbbenicarlo.com\/index.php?rest_route=%2Fwp%2Fv2%2Fmedia&parent=2217"}],"wp:term":[{"taxonomy":"category","embeddable":true,"href":"https:\/\/cbbenicarlo.com\/index.php?rest_route=%2Fwp%2Fv2%2Fcategories&post=2217"},{"taxonomy":"post_tag","embeddable":true,"href":"https:\/\/cbbenicarlo.com\/index.php?rest_route=%2Fwp%2Fv2%2Ftags&post=2217"}],"curies":[{"name":"wp","href":"https:\/\/api.w.org\/{rel}","templated":true}]}}