{"id":2208,"date":"2023-09-06T20:57:04","date_gmt":"2023-09-06T18:57:04","guid":{"rendered":"https:\/\/cbbenicarlo.com\/?p=2208"},"modified":"2023-09-06T20:57:05","modified_gmt":"2023-09-06T18:57:05","slug":"fichaje-alvaro-mena","status":"publish","type":"post","link":"https:\/\/cbbenicarlo.com\/?p=2208","title":{"rendered":"FICHAJE | \u00c1LVARO MENA"},"content":{"rendered":"\n<p>\u00c1lvaro Fern\u00e1ndez \u201cMena\u201d llega cedido del <strong>Unicaja de M\u00e1laga<\/strong> para ponerse a las \u00f3rdenes de Adri\u00e0 Alonso, y seguir desarrollando su talento en la LEB Plata.<\/p>\n\n\n\n<p>A pesar de su edad, tiene experiencia en la <strong>Liga EBA<\/strong> y en el primer equipo del Unicaja, realizando una temporada 22-23 realmente notable.<\/p>\n\n\n\n<p>\ud83d\udde3\ufe0f <strong>\u00c1LVARO MENA:<\/strong> Esta cesi\u00f3n para m\u00ed es un gran paso, ya que doy un salto a categor\u00eda profesional y tengo muchas ganas de empezar. Por otro lado llego aqu\u00ed a Benicarl\u00f3 para dar el m\u00e1ximo de m\u00ed, mejorar como jugador y poder hacer disfrutar a la afici\u00f3n de mi baloncesto. Estoy muy agradecido al Club, al staff y al Unicaja. \u00a1Vamos afici\u00f3n!<\/p>\n\n\n\n<p>\ud83d\udde3\ufe0f <strong>ADRI\u00c0 ALONSO:<\/strong> Incorporamos a un jugador con mucha progresi\u00f3n y talento. Tiene un gran desparpajo, que hace que genere un baloncesto muy atractivo. De los mejores de su generaci\u00f3n, y ya con experiencia en EBA y el primer equipo en Unicaja. Muy contento y agradecido al club malague\u00f1o por la oportunidad de hacer crecer a un jugador que promete darnos muchas alegr\u00edas. \u00a1Vamos con\u00a0todo, Mena!<\/p>\n\n\n\n<p>#TodoAlRojo <\/p>\n","protected":false},"excerpt":{"rendered":"<p>\u00c1lvaro Fern\u00e1ndez \u201cMena\u201d llega cedido del Unicaja de M\u00e1laga para ponerse a las \u00f3rdenes de Adri\u00e0 Alonso, y seguir desarrollando su talento en la LEB Plata. A pesar de su edad, tiene experiencia en la Liga EBA y en el primer equipo del Unicaja, realizando una temporada 22-23 realmente notable. \ud83d\udde3\ufe0f \u00c1LVARO MENA: Esta cesi\u00f3n para m\u00ed es un gran paso, ya que doy un salto a categor\u00eda profesional y tengo muchas ganas de empezar. Por otro lado llego aqu\u00ed a Benicarl\u00f3 para dar el m\u00e1ximo de m\u00ed, mejorar como jugador y poder hacer disfrutar a la afici\u00f3n de mi baloncesto. Estoy muy agradecido al Club, al staff y al Unicaja. \u00a1Vamos afici\u00f3n! \ud83d\udde3\ufe0f ADRI\u00c0 ALONSO: Incorporamos a un jugador con mucha progresi\u00f3n y talento. Tiene un gran desparpajo, que hace que genere un baloncesto muy atractivo. De los mejores de su generaci\u00f3n, y ya con experiencia en EBA y el primer equipo en Unicaja. Muy contento y agradecido al club malague\u00f1o por la oportunidad de hacer crecer a un jugador que promete darnos muchas alegr\u00edas. \u00a1Vamos con\u00a0todo, Mena! #TodoAlRojo<\/p>\n","protected":false},"author":1,"featured_media":2211,"comment_status":"closed","ping_status":"closed","sticky":false,"template":"","format":"standard","meta":{"_eb_attr":""},"categories":[65,1],"tags":[],"yoast_head":"<!-- This site is optimized with the Yoast SEO plugin v21.1 - https:\/\/yoast.com\/wordpress\/plugins\/seo\/ -->\n<title>FICHAJE | \u00c1LVARO MENA | Club Basquet Benicarl\u00f3<\/title>\n<meta name=\"robots\" content=\"index, follow, max-snippet:-1, max-image-preview:large, max-video-preview:-1\" \/>\n<link rel=\"canonical\" href=\"https:\/\/cbbenicarlo.com\/?p=2208\" \/>\n<meta property=\"og:locale\" content=\"es_ES\" \/>\n<meta property=\"og:type\" content=\"article\" \/>\n<meta property=\"og:title\" content=\"FICHAJE | \u00c1LVARO MENA | Club Basquet Benicarl\u00f3\" \/>\n<meta property=\"og:description\" content=\"\u00c1lvaro Fern\u00e1ndez \u201cMena\u201d llega cedido del Unicaja de M\u00e1laga para ponerse a las \u00f3rdenes de Adri\u00e0 Alonso, y seguir desarrollando su talento en la LEB Plata. A pesar de su edad, tiene experiencia en la Liga EBA y en el primer equipo del Unicaja, realizando una temporada 22-23 realmente notable. \ud83d\udde3\ufe0f \u00c1LVARO MENA: Esta cesi\u00f3n para m\u00ed es un gran paso, ya que doy un salto a categor\u00eda profesional y tengo muchas ganas de empezar. Por otro lado llego aqu\u00ed a Benicarl\u00f3 para dar el m\u00e1ximo de m\u00ed, mejorar como jugador y poder hacer disfrutar a la afici\u00f3n de mi baloncesto. Estoy muy agradecido al Club, al staff y al Unicaja. \u00a1Vamos afici\u00f3n! \ud83d\udde3\ufe0f ADRI\u00c0 ALONSO: Incorporamos a un jugador con mucha progresi\u00f3n y talento. Tiene un gran desparpajo, que hace que genere un baloncesto muy atractivo. De los mejores de su generaci\u00f3n, y ya con experiencia en EBA y el primer equipo en Unicaja. Muy contento y agradecido al club malague\u00f1o por la oportunidad de hacer crecer a un jugador que promete darnos muchas alegr\u00edas. \u00a1Vamos con\u00a0todo, Mena! #TodoAlRojo\" \/>\n<meta property=\"og:url\" content=\"https:\/\/cbbenicarlo.com\/?p=2208\" \/>\n<meta property=\"og:site_name\" content=\"Club Basquet Benicarl\u00f3\" \/>\n<meta property=\"article:published_time\" content=\"2023-09-06T18:57:04+00:00\" \/>\n<meta property=\"article:modified_time\" content=\"2023-09-06T18:57:05+00:00\" \/>\n<meta property=\"og:image\" content=\"https:\/\/cbbenicarlo.com\/wp-content\/uploads\/2023\/09\/prueba-alvaro-mena-1-1.png\" \/>\n\t<meta property=\"og:image:width\" content=\"1080\" \/>\n\t<meta property=\"og:image:height\" content=\"1080\" \/>\n\t<meta property=\"og:image:type\" content=\"image\/png\" \/>\n<meta name=\"author\" content=\"Club B\u00e0squet Benicarl\u00f3\" \/>\n<meta name=\"twitter:card\" content=\"summary_large_image\" \/>\n<meta name=\"twitter:label1\" content=\"Escrito por\" \/>\n\t<meta name=\"twitter:data1\" content=\"Club B\u00e0squet Benicarl\u00f3\" \/>\n\t<meta name=\"twitter:label2\" content=\"Tiempo de lectura\" \/>\n\t<meta name=\"twitter:data2\" content=\"1 minuto\" \/>\n<script type=\"application\/ld+json\" class=\"yoast-schema-graph\">{\"@context\":\"https:\/\/schema.org\",\"@graph\":[{\"@type\":\"Article\",\"@id\":\"https:\/\/cbbenicarlo.com\/?p=2208#article\",\"isPartOf\":{\"@id\":\"https:\/\/cbbenicarlo.com\/?p=2208\"},\"author\":{\"name\":\"Club B\u00e0squet Benicarl\u00f3\",\"@id\":\"https:\/\/cbbenicarlo.com\/#\/schema\/person\/200a6bea92870b7adeb1a5c755a793f2\"},\"headline\":\"FICHAJE | \u00c1LVARO MENA\",\"datePublished\":\"2023-09-06T18:57:04+00:00\",\"dateModified\":\"2023-09-06T18:57:05+00:00\",\"mainEntityOfPage\":{\"@id\":\"https:\/\/cbbenicarlo.com\/?p=2208\"},\"wordCount\":193,\"publisher\":{\"@id\":\"https:\/\/cbbenicarlo.com\/#organization\"},\"articleSection\":[\"Noticias\",\"Primer Equipo\"],\"inLanguage\":\"es\"},{\"@type\":\"WebPage\",\"@id\":\"https:\/\/cbbenicarlo.com\/?p=2208\",\"url\":\"https:\/\/cbbenicarlo.com\/?p=2208\",\"name\":\"FICHAJE | \u00c1LVARO MENA | Club Basquet Benicarl\u00f3\",\"isPartOf\":{\"@id\":\"https:\/\/cbbenicarlo.com\/#website\"},\"datePublished\":\"2023-09-06T18:57:04+00:00\",\"dateModified\":\"2023-09-06T18:57:05+00:00\",\"breadcrumb\":{\"@id\":\"https:\/\/cbbenicarlo.com\/?p=2208#breadcrumb\"},\"inLanguage\":\"es\",\"potentialAction\":[{\"@type\":\"ReadAction\",\"target\":[\"https:\/\/cbbenicarlo.com\/?p=2208\"]}]},{\"@type\":\"BreadcrumbList\",\"@id\":\"https:\/\/cbbenicarlo.com\/?p=2208#breadcrumb\",\"itemListElement\":[{\"@type\":\"ListItem\",\"position\":1,\"name\":\"Portada\",\"item\":\"https:\/\/cbbenicarlo.com\/\"},{\"@type\":\"ListItem\",\"position\":2,\"name\":\"FICHAJE | \u00c1LVARO MENA\"}]},{\"@type\":\"WebSite\",\"@id\":\"https:\/\/cbbenicarlo.com\/#website\",\"url\":\"https:\/\/cbbenicarlo.com\/\",\"name\":\"Club Basquet Benicarl\u00f3\",\"description\":\"P\u00e1gina Web Oficial\",\"publisher\":{\"@id\":\"https:\/\/cbbenicarlo.com\/#organization\"},\"potentialAction\":[{\"@type\":\"SearchAction\",\"target\":{\"@type\":\"EntryPoint\",\"urlTemplate\":\"https:\/\/cbbenicarlo.com\/?s={search_term_string}\"},\"query-input\":\"required name=search_term_string\"}],\"inLanguage\":\"es\"},{\"@type\":\"Organization\",\"@id\":\"https:\/\/cbbenicarlo.com\/#organization\",\"name\":\"Club B\u00e0squet Benicarl\u00f3\",\"url\":\"https:\/\/cbbenicarlo.com\/\",\"logo\":{\"@type\":\"ImageObject\",\"inLanguage\":\"es\",\"@id\":\"https:\/\/cbbenicarlo.com\/#\/schema\/logo\/image\/\",\"url\":\"https:\/\/cbbenicarlo.com\/wp-content\/uploads\/2022\/05\/cropped-cropped-cropped-CBBENICARLO2021-22-2.png\",\"contentUrl\":\"https:\/\/cbbenicarlo.com\/wp-content\/uploads\/2022\/05\/cropped-cropped-cropped-CBBENICARLO2021-22-2.png\",\"width\":512,\"height\":512,\"caption\":\"Club B\u00e0squet Benicarl\u00f3\"},\"image\":{\"@id\":\"https:\/\/cbbenicarlo.com\/#\/schema\/logo\/image\/\"}},{\"@type\":\"Person\",\"@id\":\"https:\/\/cbbenicarlo.com\/#\/schema\/person\/200a6bea92870b7adeb1a5c755a793f2\",\"name\":\"Club B\u00e0squet Benicarl\u00f3\",\"image\":{\"@type\":\"ImageObject\",\"inLanguage\":\"es\",\"@id\":\"https:\/\/cbbenicarlo.com\/#\/schema\/person\/image\/\",\"url\":\"https:\/\/secure.gravatar.com\/avatar\/8aed305f961a70f8934d4ba794f3527a?s=96&d=mm&r=g\",\"contentUrl\":\"https:\/\/secure.gravatar.com\/avatar\/8aed305f961a70f8934d4ba794f3527a?s=96&d=mm&r=g\",\"caption\":\"Club B\u00e0squet Benicarl\u00f3\"},\"url\":\"https:\/\/cbbenicarlo.com\/?author=1\"}]}<\/script>\n<!-- \/ Yoast SEO plugin. -->","yoast_head_json":{"title":"FICHAJE | \u00c1LVARO MENA | Club Basquet Benicarl\u00f3","robots":{"index":"index","follow":"follow","max-snippet":"max-snippet:-1","max-image-preview":"max-image-preview:large","max-video-preview":"max-video-preview:-1"},"canonical":"https:\/\/cbbenicarlo.com\/?p=2208","og_locale":"es_ES","og_type":"article","og_title":"FICHAJE | \u00c1LVARO MENA | Club Basquet Benicarl\u00f3","og_description":"\u00c1lvaro Fern\u00e1ndez \u201cMena\u201d llega cedido del Unicaja de M\u00e1laga para ponerse a las \u00f3rdenes de Adri\u00e0 Alonso, y seguir desarrollando su talento en la LEB Plata. A pesar de su edad, tiene experiencia en la Liga EBA y en el primer equipo del Unicaja, realizando una temporada 22-23 realmente notable. \ud83d\udde3\ufe0f \u00c1LVARO MENA: Esta cesi\u00f3n para m\u00ed es un gran paso, ya que doy un salto a categor\u00eda profesional y tengo muchas ganas de empezar. Por otro lado llego aqu\u00ed a Benicarl\u00f3 para dar el m\u00e1ximo de m\u00ed, mejorar como jugador y poder hacer disfrutar a la afici\u00f3n de mi baloncesto. Estoy muy agradecido al Club, al staff y al Unicaja. \u00a1Vamos afici\u00f3n! \ud83d\udde3\ufe0f ADRI\u00c0 ALONSO: Incorporamos a un jugador con mucha progresi\u00f3n y talento. Tiene un gran desparpajo, que hace que genere un baloncesto muy atractivo. De los mejores de su generaci\u00f3n, y ya con experiencia en EBA y el primer equipo en Unicaja. Muy contento y agradecido al club malague\u00f1o por la oportunidad de hacer crecer a un jugador que promete darnos muchas alegr\u00edas. \u00a1Vamos con\u00a0todo, Mena! #TodoAlRojo","og_url":"https:\/\/cbbenicarlo.com\/?p=2208","og_site_name":"Club Basquet Benicarl\u00f3","article_published_time":"2023-09-06T18:57:04+00:00","article_modified_time":"2023-09-06T18:57:05+00:00","og_image":[{"width":1080,"height":1080,"url":"https:\/\/cbbenicarlo.com\/wp-content\/uploads\/2023\/09\/prueba-alvaro-mena-1-1.png","type":"image\/png"}],"author":"Club B\u00e0squet Benicarl\u00f3","twitter_card":"summary_large_image","twitter_misc":{"Escrito por":"Club B\u00e0squet Benicarl\u00f3","Tiempo de lectura":"1 minuto"},"schema":{"@context":"https:\/\/schema.org","@graph":[{"@type":"Article","@id":"https:\/\/cbbenicarlo.com\/?p=2208#article","isPartOf":{"@id":"https:\/\/cbbenicarlo.com\/?p=2208"},"author":{"name":"Club B\u00e0squet Benicarl\u00f3","@id":"https:\/\/cbbenicarlo.com\/#\/schema\/person\/200a6bea92870b7adeb1a5c755a793f2"},"headline":"FICHAJE | \u00c1LVARO MENA","datePublished":"2023-09-06T18:57:04+00:00","dateModified":"2023-09-06T18:57:05+00:00","mainEntityOfPage":{"@id":"https:\/\/cbbenicarlo.com\/?p=2208"},"wordCount":193,"publisher":{"@id":"https:\/\/cbbenicarlo.com\/#organization"},"articleSection":["Noticias","Primer Equipo"],"inLanguage":"es"},{"@type":"WebPage","@id":"https:\/\/cbbenicarlo.com\/?p=2208","url":"https:\/\/cbbenicarlo.com\/?p=2208","name":"FICHAJE | \u00c1LVARO MENA | Club Basquet Benicarl\u00f3","isPartOf":{"@id":"https:\/\/cbbenicarlo.com\/#website"},"datePublished":"2023-09-06T18:57:04+00:00","dateModified":"2023-09-06T18:57:05+00:00","breadcrumb":{"@id":"https:\/\/cbbenicarlo.com\/?p=2208#breadcrumb"},"inLanguage":"es","potentialAction":[{"@type":"ReadAction","target":["https:\/\/cbbenicarlo.com\/?p=2208"]}]},{"@type":"BreadcrumbList","@id":"https:\/\/cbbenicarlo.com\/?p=2208#breadcrumb","itemListElement":[{"@type":"ListItem","position":1,"name":"Portada","item":"https:\/\/cbbenicarlo.com\/"},{"@type":"ListItem","position":2,"name":"FICHAJE | \u00c1LVARO MENA"}]},{"@type":"WebSite","@id":"https:\/\/cbbenicarlo.com\/#website","url":"https:\/\/cbbenicarlo.com\/","name":"Club Basquet Benicarl\u00f3","description":"P\u00e1gina Web Oficial","publisher":{"@id":"https:\/\/cbbenicarlo.com\/#organization"},"potentialAction":[{"@type":"SearchAction","target":{"@type":"EntryPoint","urlTemplate":"https:\/\/cbbenicarlo.com\/?s={search_term_string}"},"query-input":"required name=search_term_string"}],"inLanguage":"es"},{"@type":"Organization","@id":"https:\/\/cbbenicarlo.com\/#organization","name":"Club B\u00e0squet Benicarl\u00f3","url":"https:\/\/cbbenicarlo.com\/","logo":{"@type":"ImageObject","inLanguage":"es","@id":"https:\/\/cbbenicarlo.com\/#\/schema\/logo\/image\/","url":"https:\/\/cbbenicarlo.com\/wp-content\/uploads\/2022\/05\/cropped-cropped-cropped-CBBENICARLO2021-22-2.png","contentUrl":"https:\/\/cbbenicarlo.com\/wp-content\/uploads\/2022\/05\/cropped-cropped-cropped-CBBENICARLO2021-22-2.png","width":512,"height":512,"caption":"Club B\u00e0squet Benicarl\u00f3"},"image":{"@id":"https:\/\/cbbenicarlo.com\/#\/schema\/logo\/image\/"}},{"@type":"Person","@id":"https:\/\/cbbenicarlo.com\/#\/schema\/person\/200a6bea92870b7adeb1a5c755a793f2","name":"Club B\u00e0squet Benicarl\u00f3","image":{"@type":"ImageObject","inLanguage":"es","@id":"https:\/\/cbbenicarlo.com\/#\/schema\/person\/image\/","url":"https:\/\/secure.gravatar.com\/avatar\/8aed305f961a70f8934d4ba794f3527a?s=96&d=mm&r=g","contentUrl":"https:\/\/secure.gravatar.com\/avatar\/8aed305f961a70f8934d4ba794f3527a?s=96&d=mm&r=g","caption":"Club B\u00e0squet Benicarl\u00f3"},"url":"https:\/\/cbbenicarlo.com\/?author=1"}]}},"_links":{"self":[{"href":"https:\/\/cbbenicarlo.com\/index.php?rest_route=\/wp\/v2\/posts\/2208"}],"collection":[{"href":"https:\/\/cbbenicarlo.com\/index.php?rest_route=\/wp\/v2\/posts"}],"about":[{"href":"https:\/\/cbbenicarlo.com\/index.php?rest_route=\/wp\/v2\/types\/post"}],"author":[{"embeddable":true,"href":"https:\/\/cbbenicarlo.com\/index.php?rest_route=\/wp\/v2\/users\/1"}],"replies":[{"embeddable":true,"href":"https:\/\/cbbenicarlo.com\/index.php?rest_route=%2Fwp%2Fv2%2Fcomments&post=2208"}],"version-history":[{"count":3,"href":"https:\/\/cbbenicarlo.com\/index.php?rest_route=\/wp\/v2\/posts\/2208\/revisions"}],"predecessor-version":[{"id":2212,"href":"https:\/\/cbbenicarlo.com\/index.php?rest_route=\/wp\/v2\/posts\/2208\/revisions\/2212"}],"wp:featuredmedia":[{"embeddable":true,"href":"https:\/\/cbbenicarlo.com\/index.php?rest_route=\/wp\/v2\/media\/2211"}],"wp:attachment":[{"href":"https:\/\/cbbenicarlo.com\/index.php?rest_route=%2Fwp%2Fv2%2Fmedia&parent=2208"}],"wp:term":[{"taxonomy":"category","embeddable":true,"href":"https:\/\/cbbenicarlo.com\/index.php?rest_route=%2Fwp%2Fv2%2Fcategories&post=2208"},{"taxonomy":"post_tag","embeddable":true,"href":"https:\/\/cbbenicarlo.com\/index.php?rest_route=%2Fwp%2Fv2%2Ftags&post=2208"}],"curies":[{"name":"wp","href":"https:\/\/api.w.org\/{rel}","templated":true}]}}