{"id":2202,"date":"2023-08-30T21:57:52","date_gmt":"2023-08-30T19:57:52","guid":{"rendered":"https:\/\/cbbenicarlo.com\/?p=2202"},"modified":"2023-08-30T22:07:14","modified_gmt":"2023-08-30T20:07:14","slug":"%e2%80%bc%ef%b8%8f-%f0%9d%97%99%f0%9d%97%9c%f0%9d%97%96%f0%9d%97%9b%f0%9d%97%94%f0%9d%97%9d%f0%9d%97%98-%f0%9d%97%94%f0%9d%97%94%f0%9d%97%a5%f0%9d%97%a2%f0%9d%97%a1-%f0%9d%97%9a%f0%9d%97%94","status":"publish","type":"post","link":"https:\/\/cbbenicarlo.com\/?p=2202","title":{"rendered":"\u203c\ufe0f \ud835\uddd9\ud835\udddc\ud835\uddd6\ud835\udddb\ud835\uddd4\ud835\udddd\ud835\uddd8 | \ud835\uddd4\ud835\uddd4\ud835\udde5\ud835\udde2\ud835\udde1 \ud835\uddda\ud835\uddd4\ud835\udde1\ud835\uddd4\ud835\udddf"},"content":{"rendered":"\n<p>\ud83e\udee1 El joven base &#8211; escolta se suma al proyecto del Maderas Sorl\u00ed Benicarl\u00f3, cedido por el equipo de \ud835\uddd4\ud835\uddd6\ud835\uddd5 <strong>Morabanc Andorra<\/strong>.<\/p>\n\n\n\n<p>\ud83c\udfc0 Tambi\u00e9n ha pasado por las filas del Bar\u00e7a y el Talavera , y ha sido \ud835\uddf6\ud835\uddfb\ud835\ude01\ud835\uddf2\ud835\uddff\ud835\uddfb\ud835\uddee\ud835\uddf0\ud835\uddf6\ud835\uddfc\ud835\uddfb\ud835\uddee\ud835\uddf9 con la Selecci\u00f3n Espa\u00f1ola en las categor\u00edas de formaci\u00f3n.<\/p>\n\n\n\n<p>\ud83d\udde3\ufe0f <strong>AARON GANAL<\/strong>: \u201cPrimero de todo, agradecer la <strong>confianza <\/strong>de Adria y del Maderas Sorl\u00ed por esta oportunidad. Estoy muy contento por el fichaje significa mucho para m\u00ed. Hablando con Adri\u00e0 sobre el equipo, llegu\u00e9 a la conclusi\u00f3n de que podr\u00edamos hacer muchas cosas. Adem\u00e1s, tengo muchas ganas de empezar y conocer la <strong>afici\u00f3n<\/strong>\u00ab.<\/p>\n\n\n\n<p>\ud83d\udde3\ufe0f <strong>ADRI\u00c0 ALONSO<\/strong>: \u00abEstoy muy agradecido por la confianza de Aaron, su entorno y el Morabanc Andorra en esta cesi\u00f3n. Es un jugador que conozco perfectamente por su etapa en Bar\u00e7a. Con \u00e9l, aportamos puntos, talento, trabajo y ambici\u00f3n a un proyecto muy ilusionante. Sin duda, para nosotros, un gran movimiento de otro jugador joven con un enorme <strong>potencial<\/strong>. Esperamos que \u00e9ste salga a relucir\u00bb.<\/p>\n\n\n\n<p><strong>\u00a1BIENVENIDO, AARON!<\/strong> #TodoAlRojo<\/p>\n","protected":false},"excerpt":{"rendered":"<p>\ud83e\udee1 El joven base &#8211; escolta se suma al proyecto del Maderas Sorl\u00ed Benicarl\u00f3, cedido por el equipo de \ud835\uddd4\ud835\uddd6\ud835\uddd5 Morabanc Andorra. \ud83c\udfc0 Tambi\u00e9n ha pasado por las filas del Bar\u00e7a y el Talavera , y ha sido \ud835\uddf6\ud835\uddfb\ud835\ude01\ud835\uddf2\ud835\uddff\ud835\uddfb\ud835\uddee\ud835\uddf0\ud835\uddf6\ud835\uddfc\ud835\uddfb\ud835\uddee\ud835\uddf9 con la Selecci\u00f3n Espa\u00f1ola en las categor\u00edas de formaci\u00f3n. \ud83d\udde3\ufe0f AARON GANAL: \u201cPrimero de todo, agradecer la confianza de Adria y del Maderas Sorl\u00ed por esta oportunidad. Estoy muy contento por el fichaje significa mucho para m\u00ed. Hablando con Adri\u00e0 sobre el equipo, llegu\u00e9 a la conclusi\u00f3n de que podr\u00edamos hacer muchas cosas. Adem\u00e1s, tengo muchas ganas de empezar y conocer la afici\u00f3n\u00ab. \ud83d\udde3\ufe0f ADRI\u00c0 ALONSO: \u00abEstoy muy agradecido por la confianza de Aaron, su entorno y el Morabanc Andorra en esta cesi\u00f3n. Es un jugador que conozco perfectamente por su etapa en Bar\u00e7a. Con \u00e9l, aportamos puntos, talento, trabajo y ambici\u00f3n a un proyecto muy ilusionante. Sin duda, para nosotros, un gran movimiento de otro jugador joven con un enorme potencial. Esperamos que \u00e9ste salga a relucir\u00bb. \u00a1BIENVENIDO, AARON! #TodoAlRojo<\/p>\n","protected":false},"author":1,"featured_media":2203,"comment_status":"closed","ping_status":"closed","sticky":false,"template":"","format":"standard","meta":{"_eb_attr":""},"categories":[65,1],"tags":[],"yoast_head":"<!-- This site is optimized with the Yoast SEO plugin v21.1 - https:\/\/yoast.com\/wordpress\/plugins\/seo\/ -->\n<title>\u203c\ufe0f \ud835\uddd9\ud835\udddc\ud835\uddd6\ud835\udddb\ud835\uddd4\ud835\udddd\ud835\uddd8 | \ud835\uddd4\ud835\uddd4\ud835\udde5\ud835\udde2\ud835\udde1 \ud835\uddda\ud835\uddd4\ud835\udde1\ud835\uddd4\ud835\udddf | Club Basquet Benicarl\u00f3<\/title>\n<meta name=\"robots\" content=\"index, follow, max-snippet:-1, max-image-preview:large, max-video-preview:-1\" \/>\n<link rel=\"canonical\" href=\"https:\/\/cbbenicarlo.com\/?p=2202\" \/>\n<meta property=\"og:locale\" content=\"es_ES\" \/>\n<meta property=\"og:type\" content=\"article\" \/>\n<meta property=\"og:title\" content=\"\u203c\ufe0f \ud835\uddd9\ud835\udddc\ud835\uddd6\ud835\udddb\ud835\uddd4\ud835\udddd\ud835\uddd8 | \ud835\uddd4\ud835\uddd4\ud835\udde5\ud835\udde2\ud835\udde1 \ud835\uddda\ud835\uddd4\ud835\udde1\ud835\uddd4\ud835\udddf | Club Basquet Benicarl\u00f3\" \/>\n<meta property=\"og:description\" content=\"\ud83e\udee1 El joven base &#8211; escolta se suma al proyecto del Maderas Sorl\u00ed Benicarl\u00f3, cedido por el equipo de \ud835\uddd4\ud835\uddd6\ud835\uddd5 Morabanc Andorra. \ud83c\udfc0 Tambi\u00e9n ha pasado por las filas del Bar\u00e7a y el Talavera , y ha sido \ud835\uddf6\ud835\uddfb\ud835\ude01\ud835\uddf2\ud835\uddff\ud835\uddfb\ud835\uddee\ud835\uddf0\ud835\uddf6\ud835\uddfc\ud835\uddfb\ud835\uddee\ud835\uddf9 con la Selecci\u00f3n Espa\u00f1ola en las categor\u00edas de formaci\u00f3n. \ud83d\udde3\ufe0f AARON GANAL: \u201cPrimero de todo, agradecer la confianza de Adria y del Maderas Sorl\u00ed por esta oportunidad. Estoy muy contento por el fichaje significa mucho para m\u00ed. Hablando con Adri\u00e0 sobre el equipo, llegu\u00e9 a la conclusi\u00f3n de que podr\u00edamos hacer muchas cosas. Adem\u00e1s, tengo muchas ganas de empezar y conocer la afici\u00f3n\u00ab. \ud83d\udde3\ufe0f ADRI\u00c0 ALONSO: \u00abEstoy muy agradecido por la confianza de Aaron, su entorno y el Morabanc Andorra en esta cesi\u00f3n. Es un jugador que conozco perfectamente por su etapa en Bar\u00e7a. Con \u00e9l, aportamos puntos, talento, trabajo y ambici\u00f3n a un proyecto muy ilusionante. Sin duda, para nosotros, un gran movimiento de otro jugador joven con un enorme potencial. Esperamos que \u00e9ste salga a relucir\u00bb. \u00a1BIENVENIDO, AARON! #TodoAlRojo\" \/>\n<meta property=\"og:url\" content=\"https:\/\/cbbenicarlo.com\/?p=2202\" \/>\n<meta property=\"og:site_name\" content=\"Club Basquet Benicarl\u00f3\" \/>\n<meta property=\"article:published_time\" content=\"2023-08-30T19:57:52+00:00\" \/>\n<meta property=\"article:modified_time\" content=\"2023-08-30T20:07:14+00:00\" \/>\n<meta property=\"og:image\" content=\"https:\/\/cbbenicarlo.com\/wp-content\/uploads\/2023\/08\/Imagen-de-WhatsApp-2023-08-30-a-las-11.08.06.jpg\" \/>\n\t<meta property=\"og:image:width\" content=\"1080\" \/>\n\t<meta property=\"og:image:height\" content=\"1080\" \/>\n\t<meta property=\"og:image:type\" content=\"image\/jpeg\" \/>\n<meta name=\"author\" content=\"Club B\u00e0squet Benicarl\u00f3\" \/>\n<meta name=\"twitter:card\" content=\"summary_large_image\" \/>\n<meta name=\"twitter:label1\" content=\"Escrito por\" \/>\n\t<meta name=\"twitter:data1\" content=\"Club B\u00e0squet Benicarl\u00f3\" \/>\n\t<meta name=\"twitter:label2\" content=\"Tiempo de lectura\" \/>\n\t<meta name=\"twitter:data2\" content=\"1 minuto\" \/>\n<script type=\"application\/ld+json\" class=\"yoast-schema-graph\">{\"@context\":\"https:\/\/schema.org\",\"@graph\":[{\"@type\":\"Article\",\"@id\":\"https:\/\/cbbenicarlo.com\/?p=2202#article\",\"isPartOf\":{\"@id\":\"https:\/\/cbbenicarlo.com\/?p=2202\"},\"author\":{\"name\":\"Club B\u00e0squet Benicarl\u00f3\",\"@id\":\"https:\/\/cbbenicarlo.com\/#\/schema\/person\/200a6bea92870b7adeb1a5c755a793f2\"},\"headline\":\"\u203c\ufe0f \ud835\uddd9\ud835\udddc\ud835\uddd6\ud835\udddb\ud835\uddd4\ud835\udddd\ud835\uddd8 | \ud835\uddd4\ud835\uddd4\ud835\udde5\ud835\udde2\ud835\udde1 \ud835\uddda\ud835\uddd4\ud835\udde1\ud835\uddd4\ud835\udddf\",\"datePublished\":\"2023-08-30T19:57:52+00:00\",\"dateModified\":\"2023-08-30T20:07:14+00:00\",\"mainEntityOfPage\":{\"@id\":\"https:\/\/cbbenicarlo.com\/?p=2202\"},\"wordCount\":176,\"publisher\":{\"@id\":\"https:\/\/cbbenicarlo.com\/#organization\"},\"articleSection\":[\"Noticias\",\"Primer Equipo\"],\"inLanguage\":\"es\"},{\"@type\":\"WebPage\",\"@id\":\"https:\/\/cbbenicarlo.com\/?p=2202\",\"url\":\"https:\/\/cbbenicarlo.com\/?p=2202\",\"name\":\"\u203c\ufe0f \ud835\uddd9\ud835\udddc\ud835\uddd6\ud835\udddb\ud835\uddd4\ud835\udddd\ud835\uddd8 | \ud835\uddd4\ud835\uddd4\ud835\udde5\ud835\udde2\ud835\udde1 \ud835\uddda\ud835\uddd4\ud835\udde1\ud835\uddd4\ud835\udddf | Club Basquet Benicarl\u00f3\",\"isPartOf\":{\"@id\":\"https:\/\/cbbenicarlo.com\/#website\"},\"datePublished\":\"2023-08-30T19:57:52+00:00\",\"dateModified\":\"2023-08-30T20:07:14+00:00\",\"breadcrumb\":{\"@id\":\"https:\/\/cbbenicarlo.com\/?p=2202#breadcrumb\"},\"inLanguage\":\"es\",\"potentialAction\":[{\"@type\":\"ReadAction\",\"target\":[\"https:\/\/cbbenicarlo.com\/?p=2202\"]}]},{\"@type\":\"BreadcrumbList\",\"@id\":\"https:\/\/cbbenicarlo.com\/?p=2202#breadcrumb\",\"itemListElement\":[{\"@type\":\"ListItem\",\"position\":1,\"name\":\"Portada\",\"item\":\"https:\/\/cbbenicarlo.com\/\"},{\"@type\":\"ListItem\",\"position\":2,\"name\":\"\u203c\ufe0f \ud835\uddd9\ud835\udddc\ud835\uddd6\ud835\udddb\ud835\uddd4\ud835\udddd\ud835\uddd8 | \ud835\uddd4\ud835\uddd4\ud835\udde5\ud835\udde2\ud835\udde1 \ud835\uddda\ud835\uddd4\ud835\udde1\ud835\uddd4\ud835\udddf\"}]},{\"@type\":\"WebSite\",\"@id\":\"https:\/\/cbbenicarlo.com\/#website\",\"url\":\"https:\/\/cbbenicarlo.com\/\",\"name\":\"Club Basquet Benicarl\u00f3\",\"description\":\"P\u00e1gina Web Oficial\",\"publisher\":{\"@id\":\"https:\/\/cbbenicarlo.com\/#organization\"},\"potentialAction\":[{\"@type\":\"SearchAction\",\"target\":{\"@type\":\"EntryPoint\",\"urlTemplate\":\"https:\/\/cbbenicarlo.com\/?s={search_term_string}\"},\"query-input\":\"required name=search_term_string\"}],\"inLanguage\":\"es\"},{\"@type\":\"Organization\",\"@id\":\"https:\/\/cbbenicarlo.com\/#organization\",\"name\":\"Club B\u00e0squet Benicarl\u00f3\",\"url\":\"https:\/\/cbbenicarlo.com\/\",\"logo\":{\"@type\":\"ImageObject\",\"inLanguage\":\"es\",\"@id\":\"https:\/\/cbbenicarlo.com\/#\/schema\/logo\/image\/\",\"url\":\"https:\/\/cbbenicarlo.com\/wp-content\/uploads\/2022\/05\/cropped-cropped-cropped-CBBENICARLO2021-22-2.png\",\"contentUrl\":\"https:\/\/cbbenicarlo.com\/wp-content\/uploads\/2022\/05\/cropped-cropped-cropped-CBBENICARLO2021-22-2.png\",\"width\":512,\"height\":512,\"caption\":\"Club B\u00e0squet Benicarl\u00f3\"},\"image\":{\"@id\":\"https:\/\/cbbenicarlo.com\/#\/schema\/logo\/image\/\"}},{\"@type\":\"Person\",\"@id\":\"https:\/\/cbbenicarlo.com\/#\/schema\/person\/200a6bea92870b7adeb1a5c755a793f2\",\"name\":\"Club B\u00e0squet Benicarl\u00f3\",\"image\":{\"@type\":\"ImageObject\",\"inLanguage\":\"es\",\"@id\":\"https:\/\/cbbenicarlo.com\/#\/schema\/person\/image\/\",\"url\":\"https:\/\/secure.gravatar.com\/avatar\/8aed305f961a70f8934d4ba794f3527a?s=96&d=mm&r=g\",\"contentUrl\":\"https:\/\/secure.gravatar.com\/avatar\/8aed305f961a70f8934d4ba794f3527a?s=96&d=mm&r=g\",\"caption\":\"Club B\u00e0squet Benicarl\u00f3\"},\"url\":\"https:\/\/cbbenicarlo.com\/?author=1\"}]}<\/script>\n<!-- \/ Yoast SEO plugin. -->","yoast_head_json":{"title":"\u203c\ufe0f \ud835\uddd9\ud835\udddc\ud835\uddd6\ud835\udddb\ud835\uddd4\ud835\udddd\ud835\uddd8 | \ud835\uddd4\ud835\uddd4\ud835\udde5\ud835\udde2\ud835\udde1 \ud835\uddda\ud835\uddd4\ud835\udde1\ud835\uddd4\ud835\udddf | Club Basquet Benicarl\u00f3","robots":{"index":"index","follow":"follow","max-snippet":"max-snippet:-1","max-image-preview":"max-image-preview:large","max-video-preview":"max-video-preview:-1"},"canonical":"https:\/\/cbbenicarlo.com\/?p=2202","og_locale":"es_ES","og_type":"article","og_title":"\u203c\ufe0f \ud835\uddd9\ud835\udddc\ud835\uddd6\ud835\udddb\ud835\uddd4\ud835\udddd\ud835\uddd8 | \ud835\uddd4\ud835\uddd4\ud835\udde5\ud835\udde2\ud835\udde1 \ud835\uddda\ud835\uddd4\ud835\udde1\ud835\uddd4\ud835\udddf | Club Basquet Benicarl\u00f3","og_description":"\ud83e\udee1 El joven base &#8211; escolta se suma al proyecto del Maderas Sorl\u00ed Benicarl\u00f3, cedido por el equipo de \ud835\uddd4\ud835\uddd6\ud835\uddd5 Morabanc Andorra. \ud83c\udfc0 Tambi\u00e9n ha pasado por las filas del Bar\u00e7a y el Talavera , y ha sido \ud835\uddf6\ud835\uddfb\ud835\ude01\ud835\uddf2\ud835\uddff\ud835\uddfb\ud835\uddee\ud835\uddf0\ud835\uddf6\ud835\uddfc\ud835\uddfb\ud835\uddee\ud835\uddf9 con la Selecci\u00f3n Espa\u00f1ola en las categor\u00edas de formaci\u00f3n. \ud83d\udde3\ufe0f AARON GANAL: \u201cPrimero de todo, agradecer la confianza de Adria y del Maderas Sorl\u00ed por esta oportunidad. Estoy muy contento por el fichaje significa mucho para m\u00ed. Hablando con Adri\u00e0 sobre el equipo, llegu\u00e9 a la conclusi\u00f3n de que podr\u00edamos hacer muchas cosas. Adem\u00e1s, tengo muchas ganas de empezar y conocer la afici\u00f3n\u00ab. \ud83d\udde3\ufe0f ADRI\u00c0 ALONSO: \u00abEstoy muy agradecido por la confianza de Aaron, su entorno y el Morabanc Andorra en esta cesi\u00f3n. Es un jugador que conozco perfectamente por su etapa en Bar\u00e7a. Con \u00e9l, aportamos puntos, talento, trabajo y ambici\u00f3n a un proyecto muy ilusionante. Sin duda, para nosotros, un gran movimiento de otro jugador joven con un enorme potencial. Esperamos que \u00e9ste salga a relucir\u00bb. \u00a1BIENVENIDO, AARON! #TodoAlRojo","og_url":"https:\/\/cbbenicarlo.com\/?p=2202","og_site_name":"Club Basquet Benicarl\u00f3","article_published_time":"2023-08-30T19:57:52+00:00","article_modified_time":"2023-08-30T20:07:14+00:00","og_image":[{"width":1080,"height":1080,"url":"https:\/\/cbbenicarlo.com\/wp-content\/uploads\/2023\/08\/Imagen-de-WhatsApp-2023-08-30-a-las-11.08.06.jpg","type":"image\/jpeg"}],"author":"Club B\u00e0squet Benicarl\u00f3","twitter_card":"summary_large_image","twitter_misc":{"Escrito por":"Club B\u00e0squet Benicarl\u00f3","Tiempo de lectura":"1 minuto"},"schema":{"@context":"https:\/\/schema.org","@graph":[{"@type":"Article","@id":"https:\/\/cbbenicarlo.com\/?p=2202#article","isPartOf":{"@id":"https:\/\/cbbenicarlo.com\/?p=2202"},"author":{"name":"Club B\u00e0squet Benicarl\u00f3","@id":"https:\/\/cbbenicarlo.com\/#\/schema\/person\/200a6bea92870b7adeb1a5c755a793f2"},"headline":"\u203c\ufe0f \ud835\uddd9\ud835\udddc\ud835\uddd6\ud835\udddb\ud835\uddd4\ud835\udddd\ud835\uddd8 | \ud835\uddd4\ud835\uddd4\ud835\udde5\ud835\udde2\ud835\udde1 \ud835\uddda\ud835\uddd4\ud835\udde1\ud835\uddd4\ud835\udddf","datePublished":"2023-08-30T19:57:52+00:00","dateModified":"2023-08-30T20:07:14+00:00","mainEntityOfPage":{"@id":"https:\/\/cbbenicarlo.com\/?p=2202"},"wordCount":176,"publisher":{"@id":"https:\/\/cbbenicarlo.com\/#organization"},"articleSection":["Noticias","Primer Equipo"],"inLanguage":"es"},{"@type":"WebPage","@id":"https:\/\/cbbenicarlo.com\/?p=2202","url":"https:\/\/cbbenicarlo.com\/?p=2202","name":"\u203c\ufe0f \ud835\uddd9\ud835\udddc\ud835\uddd6\ud835\udddb\ud835\uddd4\ud835\udddd\ud835\uddd8 | \ud835\uddd4\ud835\uddd4\ud835\udde5\ud835\udde2\ud835\udde1 \ud835\uddda\ud835\uddd4\ud835\udde1\ud835\uddd4\ud835\udddf | Club Basquet Benicarl\u00f3","isPartOf":{"@id":"https:\/\/cbbenicarlo.com\/#website"},"datePublished":"2023-08-30T19:57:52+00:00","dateModified":"2023-08-30T20:07:14+00:00","breadcrumb":{"@id":"https:\/\/cbbenicarlo.com\/?p=2202#breadcrumb"},"inLanguage":"es","potentialAction":[{"@type":"ReadAction","target":["https:\/\/cbbenicarlo.com\/?p=2202"]}]},{"@type":"BreadcrumbList","@id":"https:\/\/cbbenicarlo.com\/?p=2202#breadcrumb","itemListElement":[{"@type":"ListItem","position":1,"name":"Portada","item":"https:\/\/cbbenicarlo.com\/"},{"@type":"ListItem","position":2,"name":"\u203c\ufe0f \ud835\uddd9\ud835\udddc\ud835\uddd6\ud835\udddb\ud835\uddd4\ud835\udddd\ud835\uddd8 | \ud835\uddd4\ud835\uddd4\ud835\udde5\ud835\udde2\ud835\udde1 \ud835\uddda\ud835\uddd4\ud835\udde1\ud835\uddd4\ud835\udddf"}]},{"@type":"WebSite","@id":"https:\/\/cbbenicarlo.com\/#website","url":"https:\/\/cbbenicarlo.com\/","name":"Club Basquet Benicarl\u00f3","description":"P\u00e1gina Web Oficial","publisher":{"@id":"https:\/\/cbbenicarlo.com\/#organization"},"potentialAction":[{"@type":"SearchAction","target":{"@type":"EntryPoint","urlTemplate":"https:\/\/cbbenicarlo.com\/?s={search_term_string}"},"query-input":"required name=search_term_string"}],"inLanguage":"es"},{"@type":"Organization","@id":"https:\/\/cbbenicarlo.com\/#organization","name":"Club B\u00e0squet Benicarl\u00f3","url":"https:\/\/cbbenicarlo.com\/","logo":{"@type":"ImageObject","inLanguage":"es","@id":"https:\/\/cbbenicarlo.com\/#\/schema\/logo\/image\/","url":"https:\/\/cbbenicarlo.com\/wp-content\/uploads\/2022\/05\/cropped-cropped-cropped-CBBENICARLO2021-22-2.png","contentUrl":"https:\/\/cbbenicarlo.com\/wp-content\/uploads\/2022\/05\/cropped-cropped-cropped-CBBENICARLO2021-22-2.png","width":512,"height":512,"caption":"Club B\u00e0squet Benicarl\u00f3"},"image":{"@id":"https:\/\/cbbenicarlo.com\/#\/schema\/logo\/image\/"}},{"@type":"Person","@id":"https:\/\/cbbenicarlo.com\/#\/schema\/person\/200a6bea92870b7adeb1a5c755a793f2","name":"Club B\u00e0squet Benicarl\u00f3","image":{"@type":"ImageObject","inLanguage":"es","@id":"https:\/\/cbbenicarlo.com\/#\/schema\/person\/image\/","url":"https:\/\/secure.gravatar.com\/avatar\/8aed305f961a70f8934d4ba794f3527a?s=96&d=mm&r=g","contentUrl":"https:\/\/secure.gravatar.com\/avatar\/8aed305f961a70f8934d4ba794f3527a?s=96&d=mm&r=g","caption":"Club B\u00e0squet Benicarl\u00f3"},"url":"https:\/\/cbbenicarlo.com\/?author=1"}]}},"_links":{"self":[{"href":"https:\/\/cbbenicarlo.com\/index.php?rest_route=\/wp\/v2\/posts\/2202"}],"collection":[{"href":"https:\/\/cbbenicarlo.com\/index.php?rest_route=\/wp\/v2\/posts"}],"about":[{"href":"https:\/\/cbbenicarlo.com\/index.php?rest_route=\/wp\/v2\/types\/post"}],"author":[{"embeddable":true,"href":"https:\/\/cbbenicarlo.com\/index.php?rest_route=\/wp\/v2\/users\/1"}],"replies":[{"embeddable":true,"href":"https:\/\/cbbenicarlo.com\/index.php?rest_route=%2Fwp%2Fv2%2Fcomments&post=2202"}],"version-history":[{"count":2,"href":"https:\/\/cbbenicarlo.com\/index.php?rest_route=\/wp\/v2\/posts\/2202\/revisions"}],"predecessor-version":[{"id":2206,"href":"https:\/\/cbbenicarlo.com\/index.php?rest_route=\/wp\/v2\/posts\/2202\/revisions\/2206"}],"wp:featuredmedia":[{"embeddable":true,"href":"https:\/\/cbbenicarlo.com\/index.php?rest_route=\/wp\/v2\/media\/2203"}],"wp:attachment":[{"href":"https:\/\/cbbenicarlo.com\/index.php?rest_route=%2Fwp%2Fv2%2Fmedia&parent=2202"}],"wp:term":[{"taxonomy":"category","embeddable":true,"href":"https:\/\/cbbenicarlo.com\/index.php?rest_route=%2Fwp%2Fv2%2Fcategories&post=2202"},{"taxonomy":"post_tag","embeddable":true,"href":"https:\/\/cbbenicarlo.com\/index.php?rest_route=%2Fwp%2Fv2%2Ftags&post=2202"}],"curies":[{"name":"wp","href":"https:\/\/api.w.org\/{rel}","templated":true}]}}