{"id":2158,"date":"2023-07-26T15:58:59","date_gmt":"2023-07-26T13:58:59","guid":{"rendered":"https:\/\/cbbenicarlo.com\/?p=2158"},"modified":"2023-07-26T15:59:00","modified_gmt":"2023-07-26T13:59:00","slug":"vladi-orlov-renovado","status":"publish","type":"post","link":"https:\/\/cbbenicarlo.com\/?p=2158","title":{"rendered":"VLADI ORLOV, RENOVADO"},"content":{"rendered":"\n<p class=\"has-medium-font-size\">Uno de los jugadores referentes de la Liga renueva su compromiso por tercera temporada como rojillo.<\/p>\n\n\n\n<p class=\"has-medium-font-size\">Orlov ten\u00eda pensado marcharse a jugar fuera de Espa\u00f1a esta temporada. El <strong>ambicioso <\/strong>proyecto del @cbbenicarlo para la 2023-2024 ha hecho que quiera quedarse una temporada m\u00e1s para superar los objetivos de las dos temporadas anteriores. <strong>En los dos a\u00f1os de Orlov en Benicarl\u00f3, se ha conseguido la clasificaci\u00f3n para los playoffs de ascenso a la LEB Oro con factor cancha a favor.<\/strong><\/p>\n\n\n\n<p class=\"has-medium-font-size\">\ud83d\udde3 <strong>Orlov<\/strong>: \u201cFormar parte de la plantilla por tercer a\u00f1o consecutivo me hace estar lleno de <strong>ilusi\u00f3n <\/strong>para afrontar nuevos retos, pero sobre todo, me siento convencido de que haremos el trabajo necesario para conseguir llegar a\u00fan m\u00e1s lejos. Estoy con ganas de volver a <strong>casa <\/strong>y sentir el calor de la marea roja\u201d.<\/p>\n\n\n\n<p class=\"has-medium-font-size\">\ud83d\udde3 <strong>Adri\u00e0<\/strong>: \u00abEs una enorme noticia que un jugador como Vladi vaya a vivir una tercera temporada con nosotros. <strong>Es s\u00edntoma de que las cosas se est\u00e1n haciendo bien<\/strong>. Jugador diferencial en la categor\u00eda, ha priorizado cumplir objetivos con nosotros. Confiamos en que nos d\u00e9 el empuje en los dos lados de la pista para elevar el nivel del equipo. Sin duda, es una renovaci\u00f3n de quilates para el equipo y club\u00bb.<\/p>\n\n\n\n<p class=\"has-medium-font-size\"><strong>Vladi Orlov<\/strong> y <strong>David Kristessen<\/strong> formar\u00e1n la pareja interior del equipo, sumado a los ala-pivots <strong>Alejandro Rivas, y otro fichaje que anunciaremos pronto.<\/strong><\/p>\n\n\n\n<p><\/p>\n\n\n\n<p class=\"has-medium-font-size\">Y, adem\u00e1s, os recordamos que, hasta el d\u00eda 31 de julio, tendr\u00e9is un 5% de descuento si os hac\u00e9is socios\/as a trav\u00e9s de la app Cluber a trav\u00e9s de este <a href=\"https:\/\/app.cluber.es\/clubes\/642d3c2cbd12d381903752\/alta\/socios\">enlace<\/a>.<\/p>\n\n\n\n<p class=\"has-medium-font-size\"><strong>\u00a1Bienvenido de nuevo, Vladi! \u00a1Volvamos a so\u00f1ar!\u00a0#TodoAlRojo<\/strong><\/p>\n","protected":false},"excerpt":{"rendered":"<p>Uno de los jugadores referentes de la Liga renueva su compromiso por tercera temporada como rojillo. Orlov ten\u00eda pensado marcharse a jugar fuera de Espa\u00f1a esta temporada. El ambicioso proyecto del @cbbenicarlo para la 2023-2024 ha hecho que quiera quedarse una temporada m\u00e1s para superar los objetivos de las dos temporadas anteriores. En los dos a\u00f1os de Orlov en Benicarl\u00f3, se ha conseguido la clasificaci\u00f3n para los playoffs de ascenso a la LEB Oro con factor cancha a favor. \ud83d\udde3 Orlov: \u201cFormar parte de la plantilla por tercer a\u00f1o consecutivo me hace estar lleno de ilusi\u00f3n para afrontar nuevos retos, pero sobre todo, me siento convencido de que haremos el trabajo necesario para conseguir llegar a\u00fan m\u00e1s lejos. Estoy con ganas de volver a casa y sentir el calor de la marea roja\u201d. \ud83d\udde3 Adri\u00e0: \u00abEs una enorme noticia que un jugador como Vladi vaya a vivir una tercera temporada con nosotros. Es s\u00edntoma de que las cosas se est\u00e1n haciendo bien. Jugador diferencial en la categor\u00eda, ha priorizado cumplir objetivos con nosotros. Confiamos en que nos d\u00e9 el empuje en los dos lados de la pista para elevar el nivel del equipo. Sin duda, es una renovaci\u00f3n de quilates para el equipo y club\u00bb. Vladi Orlov y David Kristessen formar\u00e1n la pareja interior del equipo, sumado a los ala-pivots Alejandro Rivas, y otro fichaje que anunciaremos pronto. Y, adem\u00e1s, os recordamos que, hasta el d\u00eda 31 de julio, tendr\u00e9is un 5% de descuento si os hac\u00e9is socios\/as a trav\u00e9s de la app Cluber a trav\u00e9s de este enlace. \u00a1Bienvenido de nuevo, Vladi! \u00a1Volvamos a so\u00f1ar!\u00a0#TodoAlRojo<\/p>\n","protected":false},"author":1,"featured_media":2159,"comment_status":"closed","ping_status":"closed","sticky":false,"template":"","format":"standard","meta":{"_eb_attr":""},"categories":[16,65,1],"tags":[],"yoast_head":"<!-- This site is optimized with the Yoast SEO plugin v21.1 - https:\/\/yoast.com\/wordpress\/plugins\/seo\/ -->\n<title>VLADI ORLOV, RENOVADO | Club Basquet Benicarl\u00f3<\/title>\n<meta name=\"robots\" content=\"index, follow, max-snippet:-1, max-image-preview:large, max-video-preview:-1\" \/>\n<link rel=\"canonical\" href=\"https:\/\/cbbenicarlo.com\/?p=2158\" \/>\n<meta property=\"og:locale\" content=\"es_ES\" \/>\n<meta property=\"og:type\" content=\"article\" \/>\n<meta property=\"og:title\" content=\"VLADI ORLOV, RENOVADO | Club Basquet Benicarl\u00f3\" \/>\n<meta property=\"og:description\" content=\"Uno de los jugadores referentes de la Liga renueva su compromiso por tercera temporada como rojillo. Orlov ten\u00eda pensado marcharse a jugar fuera de Espa\u00f1a esta temporada. El ambicioso proyecto del @cbbenicarlo para la 2023-2024 ha hecho que quiera quedarse una temporada m\u00e1s para superar los objetivos de las dos temporadas anteriores. En los dos a\u00f1os de Orlov en Benicarl\u00f3, se ha conseguido la clasificaci\u00f3n para los playoffs de ascenso a la LEB Oro con factor cancha a favor. \ud83d\udde3 Orlov: \u201cFormar parte de la plantilla por tercer a\u00f1o consecutivo me hace estar lleno de ilusi\u00f3n para afrontar nuevos retos, pero sobre todo, me siento convencido de que haremos el trabajo necesario para conseguir llegar a\u00fan m\u00e1s lejos. Estoy con ganas de volver a casa y sentir el calor de la marea roja\u201d. \ud83d\udde3 Adri\u00e0: \u00abEs una enorme noticia que un jugador como Vladi vaya a vivir una tercera temporada con nosotros. Es s\u00edntoma de que las cosas se est\u00e1n haciendo bien. Jugador diferencial en la categor\u00eda, ha priorizado cumplir objetivos con nosotros. Confiamos en que nos d\u00e9 el empuje en los dos lados de la pista para elevar el nivel del equipo. Sin duda, es una renovaci\u00f3n de quilates para el equipo y club\u00bb. Vladi Orlov y David Kristessen formar\u00e1n la pareja interior del equipo, sumado a los ala-pivots Alejandro Rivas, y otro fichaje que anunciaremos pronto. Y, adem\u00e1s, os recordamos que, hasta el d\u00eda 31 de julio, tendr\u00e9is un 5% de descuento si os hac\u00e9is socios\/as a trav\u00e9s de la app Cluber a trav\u00e9s de este enlace. \u00a1Bienvenido de nuevo, Vladi! \u00a1Volvamos a so\u00f1ar!\u00a0#TodoAlRojo\" \/>\n<meta property=\"og:url\" content=\"https:\/\/cbbenicarlo.com\/?p=2158\" \/>\n<meta property=\"og:site_name\" content=\"Club Basquet Benicarl\u00f3\" \/>\n<meta property=\"article:published_time\" content=\"2023-07-26T13:58:59+00:00\" \/>\n<meta property=\"article:modified_time\" content=\"2023-07-26T13:59:00+00:00\" \/>\n<meta property=\"og:image\" content=\"https:\/\/cbbenicarlo.com\/wp-content\/uploads\/2023\/07\/Imagen-de-WhatsApp-2023-07-26-a-las-15.44.34.jpg\" \/>\n\t<meta property=\"og:image:width\" content=\"1069\" \/>\n\t<meta property=\"og:image:height\" content=\"1070\" \/>\n\t<meta property=\"og:image:type\" content=\"image\/jpeg\" \/>\n<meta name=\"author\" content=\"Club B\u00e0squet Benicarl\u00f3\" \/>\n<meta name=\"twitter:card\" content=\"summary_large_image\" \/>\n<meta name=\"twitter:label1\" content=\"Escrito por\" \/>\n\t<meta name=\"twitter:data1\" content=\"Club B\u00e0squet Benicarl\u00f3\" \/>\n\t<meta name=\"twitter:label2\" content=\"Tiempo de lectura\" \/>\n\t<meta name=\"twitter:data2\" content=\"2 minutos\" \/>\n<script type=\"application\/ld+json\" class=\"yoast-schema-graph\">{\"@context\":\"https:\/\/schema.org\",\"@graph\":[{\"@type\":\"Article\",\"@id\":\"https:\/\/cbbenicarlo.com\/?p=2158#article\",\"isPartOf\":{\"@id\":\"https:\/\/cbbenicarlo.com\/?p=2158\"},\"author\":{\"name\":\"Club B\u00e0squet Benicarl\u00f3\",\"@id\":\"https:\/\/cbbenicarlo.com\/#\/schema\/person\/200a6bea92870b7adeb1a5c755a793f2\"},\"headline\":\"VLADI ORLOV, RENOVADO\",\"datePublished\":\"2023-07-26T13:58:59+00:00\",\"dateModified\":\"2023-07-26T13:59:00+00:00\",\"mainEntityOfPage\":{\"@id\":\"https:\/\/cbbenicarlo.com\/?p=2158\"},\"wordCount\":288,\"publisher\":{\"@id\":\"https:\/\/cbbenicarlo.com\/#organization\"},\"articleSection\":[\"Club\",\"Noticias\",\"Primer Equipo\"],\"inLanguage\":\"es\"},{\"@type\":\"WebPage\",\"@id\":\"https:\/\/cbbenicarlo.com\/?p=2158\",\"url\":\"https:\/\/cbbenicarlo.com\/?p=2158\",\"name\":\"VLADI ORLOV, RENOVADO | Club Basquet Benicarl\u00f3\",\"isPartOf\":{\"@id\":\"https:\/\/cbbenicarlo.com\/#website\"},\"datePublished\":\"2023-07-26T13:58:59+00:00\",\"dateModified\":\"2023-07-26T13:59:00+00:00\",\"breadcrumb\":{\"@id\":\"https:\/\/cbbenicarlo.com\/?p=2158#breadcrumb\"},\"inLanguage\":\"es\",\"potentialAction\":[{\"@type\":\"ReadAction\",\"target\":[\"https:\/\/cbbenicarlo.com\/?p=2158\"]}]},{\"@type\":\"BreadcrumbList\",\"@id\":\"https:\/\/cbbenicarlo.com\/?p=2158#breadcrumb\",\"itemListElement\":[{\"@type\":\"ListItem\",\"position\":1,\"name\":\"Portada\",\"item\":\"https:\/\/cbbenicarlo.com\/\"},{\"@type\":\"ListItem\",\"position\":2,\"name\":\"VLADI ORLOV, RENOVADO\"}]},{\"@type\":\"WebSite\",\"@id\":\"https:\/\/cbbenicarlo.com\/#website\",\"url\":\"https:\/\/cbbenicarlo.com\/\",\"name\":\"Club Basquet Benicarl\u00f3\",\"description\":\"P\u00e1gina Web Oficial\",\"publisher\":{\"@id\":\"https:\/\/cbbenicarlo.com\/#organization\"},\"potentialAction\":[{\"@type\":\"SearchAction\",\"target\":{\"@type\":\"EntryPoint\",\"urlTemplate\":\"https:\/\/cbbenicarlo.com\/?s={search_term_string}\"},\"query-input\":\"required name=search_term_string\"}],\"inLanguage\":\"es\"},{\"@type\":\"Organization\",\"@id\":\"https:\/\/cbbenicarlo.com\/#organization\",\"name\":\"Club B\u00e0squet Benicarl\u00f3\",\"url\":\"https:\/\/cbbenicarlo.com\/\",\"logo\":{\"@type\":\"ImageObject\",\"inLanguage\":\"es\",\"@id\":\"https:\/\/cbbenicarlo.com\/#\/schema\/logo\/image\/\",\"url\":\"https:\/\/cbbenicarlo.com\/wp-content\/uploads\/2022\/05\/cropped-cropped-cropped-CBBENICARLO2021-22-2.png\",\"contentUrl\":\"https:\/\/cbbenicarlo.com\/wp-content\/uploads\/2022\/05\/cropped-cropped-cropped-CBBENICARLO2021-22-2.png\",\"width\":512,\"height\":512,\"caption\":\"Club B\u00e0squet Benicarl\u00f3\"},\"image\":{\"@id\":\"https:\/\/cbbenicarlo.com\/#\/schema\/logo\/image\/\"}},{\"@type\":\"Person\",\"@id\":\"https:\/\/cbbenicarlo.com\/#\/schema\/person\/200a6bea92870b7adeb1a5c755a793f2\",\"name\":\"Club B\u00e0squet Benicarl\u00f3\",\"image\":{\"@type\":\"ImageObject\",\"inLanguage\":\"es\",\"@id\":\"https:\/\/cbbenicarlo.com\/#\/schema\/person\/image\/\",\"url\":\"https:\/\/secure.gravatar.com\/avatar\/8aed305f961a70f8934d4ba794f3527a?s=96&d=mm&r=g\",\"contentUrl\":\"https:\/\/secure.gravatar.com\/avatar\/8aed305f961a70f8934d4ba794f3527a?s=96&d=mm&r=g\",\"caption\":\"Club B\u00e0squet Benicarl\u00f3\"},\"url\":\"https:\/\/cbbenicarlo.com\/?author=1\"}]}<\/script>\n<!-- \/ Yoast SEO plugin. -->","yoast_head_json":{"title":"VLADI ORLOV, RENOVADO | Club Basquet Benicarl\u00f3","robots":{"index":"index","follow":"follow","max-snippet":"max-snippet:-1","max-image-preview":"max-image-preview:large","max-video-preview":"max-video-preview:-1"},"canonical":"https:\/\/cbbenicarlo.com\/?p=2158","og_locale":"es_ES","og_type":"article","og_title":"VLADI ORLOV, RENOVADO | Club Basquet Benicarl\u00f3","og_description":"Uno de los jugadores referentes de la Liga renueva su compromiso por tercera temporada como rojillo. Orlov ten\u00eda pensado marcharse a jugar fuera de Espa\u00f1a esta temporada. El ambicioso proyecto del @cbbenicarlo para la 2023-2024 ha hecho que quiera quedarse una temporada m\u00e1s para superar los objetivos de las dos temporadas anteriores. En los dos a\u00f1os de Orlov en Benicarl\u00f3, se ha conseguido la clasificaci\u00f3n para los playoffs de ascenso a la LEB Oro con factor cancha a favor. \ud83d\udde3 Orlov: \u201cFormar parte de la plantilla por tercer a\u00f1o consecutivo me hace estar lleno de ilusi\u00f3n para afrontar nuevos retos, pero sobre todo, me siento convencido de que haremos el trabajo necesario para conseguir llegar a\u00fan m\u00e1s lejos. Estoy con ganas de volver a casa y sentir el calor de la marea roja\u201d. \ud83d\udde3 Adri\u00e0: \u00abEs una enorme noticia que un jugador como Vladi vaya a vivir una tercera temporada con nosotros. Es s\u00edntoma de que las cosas se est\u00e1n haciendo bien. Jugador diferencial en la categor\u00eda, ha priorizado cumplir objetivos con nosotros. Confiamos en que nos d\u00e9 el empuje en los dos lados de la pista para elevar el nivel del equipo. Sin duda, es una renovaci\u00f3n de quilates para el equipo y club\u00bb. Vladi Orlov y David Kristessen formar\u00e1n la pareja interior del equipo, sumado a los ala-pivots Alejandro Rivas, y otro fichaje que anunciaremos pronto. Y, adem\u00e1s, os recordamos que, hasta el d\u00eda 31 de julio, tendr\u00e9is un 5% de descuento si os hac\u00e9is socios\/as a trav\u00e9s de la app Cluber a trav\u00e9s de este enlace. \u00a1Bienvenido de nuevo, Vladi! \u00a1Volvamos a so\u00f1ar!\u00a0#TodoAlRojo","og_url":"https:\/\/cbbenicarlo.com\/?p=2158","og_site_name":"Club Basquet Benicarl\u00f3","article_published_time":"2023-07-26T13:58:59+00:00","article_modified_time":"2023-07-26T13:59:00+00:00","og_image":[{"width":1069,"height":1070,"url":"https:\/\/cbbenicarlo.com\/wp-content\/uploads\/2023\/07\/Imagen-de-WhatsApp-2023-07-26-a-las-15.44.34.jpg","type":"image\/jpeg"}],"author":"Club B\u00e0squet Benicarl\u00f3","twitter_card":"summary_large_image","twitter_misc":{"Escrito por":"Club B\u00e0squet Benicarl\u00f3","Tiempo de lectura":"2 minutos"},"schema":{"@context":"https:\/\/schema.org","@graph":[{"@type":"Article","@id":"https:\/\/cbbenicarlo.com\/?p=2158#article","isPartOf":{"@id":"https:\/\/cbbenicarlo.com\/?p=2158"},"author":{"name":"Club B\u00e0squet Benicarl\u00f3","@id":"https:\/\/cbbenicarlo.com\/#\/schema\/person\/200a6bea92870b7adeb1a5c755a793f2"},"headline":"VLADI ORLOV, RENOVADO","datePublished":"2023-07-26T13:58:59+00:00","dateModified":"2023-07-26T13:59:00+00:00","mainEntityOfPage":{"@id":"https:\/\/cbbenicarlo.com\/?p=2158"},"wordCount":288,"publisher":{"@id":"https:\/\/cbbenicarlo.com\/#organization"},"articleSection":["Club","Noticias","Primer Equipo"],"inLanguage":"es"},{"@type":"WebPage","@id":"https:\/\/cbbenicarlo.com\/?p=2158","url":"https:\/\/cbbenicarlo.com\/?p=2158","name":"VLADI ORLOV, RENOVADO | Club Basquet Benicarl\u00f3","isPartOf":{"@id":"https:\/\/cbbenicarlo.com\/#website"},"datePublished":"2023-07-26T13:58:59+00:00","dateModified":"2023-07-26T13:59:00+00:00","breadcrumb":{"@id":"https:\/\/cbbenicarlo.com\/?p=2158#breadcrumb"},"inLanguage":"es","potentialAction":[{"@type":"ReadAction","target":["https:\/\/cbbenicarlo.com\/?p=2158"]}]},{"@type":"BreadcrumbList","@id":"https:\/\/cbbenicarlo.com\/?p=2158#breadcrumb","itemListElement":[{"@type":"ListItem","position":1,"name":"Portada","item":"https:\/\/cbbenicarlo.com\/"},{"@type":"ListItem","position":2,"name":"VLADI ORLOV, RENOVADO"}]},{"@type":"WebSite","@id":"https:\/\/cbbenicarlo.com\/#website","url":"https:\/\/cbbenicarlo.com\/","name":"Club Basquet Benicarl\u00f3","description":"P\u00e1gina Web Oficial","publisher":{"@id":"https:\/\/cbbenicarlo.com\/#organization"},"potentialAction":[{"@type":"SearchAction","target":{"@type":"EntryPoint","urlTemplate":"https:\/\/cbbenicarlo.com\/?s={search_term_string}"},"query-input":"required name=search_term_string"}],"inLanguage":"es"},{"@type":"Organization","@id":"https:\/\/cbbenicarlo.com\/#organization","name":"Club B\u00e0squet Benicarl\u00f3","url":"https:\/\/cbbenicarlo.com\/","logo":{"@type":"ImageObject","inLanguage":"es","@id":"https:\/\/cbbenicarlo.com\/#\/schema\/logo\/image\/","url":"https:\/\/cbbenicarlo.com\/wp-content\/uploads\/2022\/05\/cropped-cropped-cropped-CBBENICARLO2021-22-2.png","contentUrl":"https:\/\/cbbenicarlo.com\/wp-content\/uploads\/2022\/05\/cropped-cropped-cropped-CBBENICARLO2021-22-2.png","width":512,"height":512,"caption":"Club B\u00e0squet Benicarl\u00f3"},"image":{"@id":"https:\/\/cbbenicarlo.com\/#\/schema\/logo\/image\/"}},{"@type":"Person","@id":"https:\/\/cbbenicarlo.com\/#\/schema\/person\/200a6bea92870b7adeb1a5c755a793f2","name":"Club B\u00e0squet Benicarl\u00f3","image":{"@type":"ImageObject","inLanguage":"es","@id":"https:\/\/cbbenicarlo.com\/#\/schema\/person\/image\/","url":"https:\/\/secure.gravatar.com\/avatar\/8aed305f961a70f8934d4ba794f3527a?s=96&d=mm&r=g","contentUrl":"https:\/\/secure.gravatar.com\/avatar\/8aed305f961a70f8934d4ba794f3527a?s=96&d=mm&r=g","caption":"Club B\u00e0squet Benicarl\u00f3"},"url":"https:\/\/cbbenicarlo.com\/?author=1"}]}},"_links":{"self":[{"href":"https:\/\/cbbenicarlo.com\/index.php?rest_route=\/wp\/v2\/posts\/2158"}],"collection":[{"href":"https:\/\/cbbenicarlo.com\/index.php?rest_route=\/wp\/v2\/posts"}],"about":[{"href":"https:\/\/cbbenicarlo.com\/index.php?rest_route=\/wp\/v2\/types\/post"}],"author":[{"embeddable":true,"href":"https:\/\/cbbenicarlo.com\/index.php?rest_route=\/wp\/v2\/users\/1"}],"replies":[{"embeddable":true,"href":"https:\/\/cbbenicarlo.com\/index.php?rest_route=%2Fwp%2Fv2%2Fcomments&post=2158"}],"version-history":[{"count":1,"href":"https:\/\/cbbenicarlo.com\/index.php?rest_route=\/wp\/v2\/posts\/2158\/revisions"}],"predecessor-version":[{"id":2160,"href":"https:\/\/cbbenicarlo.com\/index.php?rest_route=\/wp\/v2\/posts\/2158\/revisions\/2160"}],"wp:featuredmedia":[{"embeddable":true,"href":"https:\/\/cbbenicarlo.com\/index.php?rest_route=\/wp\/v2\/media\/2159"}],"wp:attachment":[{"href":"https:\/\/cbbenicarlo.com\/index.php?rest_route=%2Fwp%2Fv2%2Fmedia&parent=2158"}],"wp:term":[{"taxonomy":"category","embeddable":true,"href":"https:\/\/cbbenicarlo.com\/index.php?rest_route=%2Fwp%2Fv2%2Fcategories&post=2158"},{"taxonomy":"post_tag","embeddable":true,"href":"https:\/\/cbbenicarlo.com\/index.php?rest_route=%2Fwp%2Fv2%2Ftags&post=2158"}],"curies":[{"name":"wp","href":"https:\/\/api.w.org\/{rel}","templated":true}]}}