{"id":2124,"date":"2023-04-25T14:30:54","date_gmt":"2023-04-25T12:30:54","guid":{"rendered":"https:\/\/cbbenicarlo.com\/?p=2124"},"modified":"2023-04-25T14:35:27","modified_gmt":"2023-04-25T12:35:27","slug":"%e2%9d%a4-%f0%9d%97%9a%f0%9d%97%a5%f0%9d%97%94%f0%9d%97%96%f0%9d%97%9c%f0%9d%97%94%f0%9d%97%a6-%f0%9d%97%a3%f0%9d%97%a2%f0%9d%97%a5-%f0%9d%97%9b%f0%9d%97%94%f0%9d%97%96%f0%9d%97%98%f0%9d%97%a5","status":"publish","type":"post","link":"https:\/\/cbbenicarlo.com\/?p=2124","title":{"rendered":"\u2764 \ud835\uddda\ud835\udde5\ud835\uddd4\ud835\uddd6\ud835\udddc\ud835\uddd4\ud835\udde6 \ud835\udde3\ud835\udde2\ud835\udde5 \ud835\udddb\ud835\uddd4\ud835\uddd6\ud835\uddd8\ud835\udde5 \ud835\udddb\ud835\udddc\ud835\udde6\ud835\udde7\ud835\udde2\ud835\udde5\ud835\udddc\ud835\uddd4"},"content":{"rendered":"\n<p>\u2705 R\u00e9cord de victorias del club en LEB Plata<\/p>\n\n\n\n<p>\u2705 R\u00e9cord de anotaci\u00f3n del club en una temporada<\/p>\n\n\n\n<p>\u2705 R\u00e9cord de rebotes totales del club en LEB Plata<\/p>\n\n\n\n<p>\u2705 R\u00e9cord de valoraci\u00f3n total del club en nuestra categor\u00eda<\/p>\n\n\n\n<p>\u2705 R\u00e9cord de asistencia total en todos los partidos disputados en una temporada como locales<\/p>\n\n\n\n<p>Muchas gracias por dejarnos so\u00f1ar y hacer que nuestro proyecto siga batiendo, a\u00f1o tras a\u00f1o, nuevos r\u00e9cords.<\/p>\n\n\n\n<p>\u2764 \ud835\udde0\ud835\uddd4\ud835\uddd7\ud835\uddd8\ud835\udde5\ud835\uddd4\ud835\udde6 \ud835\udde6\ud835\udde2\ud835\udde5\ud835\udddf\u00cd \ud835\uddd5\ud835\uddd8\ud835\udde1\ud835\udddc\ud835\uddd6\ud835\uddd4\ud835\udde5\ud835\udddf\u00d3 \ud835\udfee\ud835\udfec\ud835\udfee\ud835\udfee\/\ud835\udfee\ud835\udfec\ud835\udfee\ud835\udfef\u2764<\/p>\n\n\n\n<p>#TodoAlRojo\ud83d\udd34<\/p>\n\n\n\n<p>#CSEscenarioDeportivo #EndavantEsports #JuntsSomM\u00e9sForts @dipuesport @dipcas @villarrealcf<\/p>\n","protected":false},"excerpt":{"rendered":"<p>\u2705 R\u00e9cord de victorias del club en LEB Plata \u2705 R\u00e9cord de anotaci\u00f3n del club en una temporada \u2705 R\u00e9cord de rebotes totales del club en LEB Plata \u2705 R\u00e9cord de valoraci\u00f3n total del club en nuestra categor\u00eda \u2705 R\u00e9cord de asistencia total en todos los partidos disputados en una temporada como locales Muchas gracias por dejarnos so\u00f1ar y hacer que nuestro proyecto siga batiendo, a\u00f1o tras a\u00f1o, nuevos r\u00e9cords. \u2764 \ud835\udde0\ud835\uddd4\ud835\uddd7\ud835\uddd8\ud835\udde5\ud835\uddd4\ud835\udde6 \ud835\udde6\ud835\udde2\ud835\udde5\ud835\udddf\u00cd \ud835\uddd5\ud835\uddd8\ud835\udde1\ud835\udddc\ud835\uddd6\ud835\uddd4\ud835\udde5\ud835\udddf\u00d3 \ud835\udfee\ud835\udfec\ud835\udfee\ud835\udfee\/\ud835\udfee\ud835\udfec\ud835\udfee\ud835\udfef\u2764 #TodoAlRojo\ud83d\udd34 #CSEscenarioDeportivo #EndavantEsports #JuntsSomM\u00e9sForts @dipuesport @dipcas @villarrealcf<\/p>\n","protected":false},"author":1,"featured_media":2126,"comment_status":"closed","ping_status":"closed","sticky":false,"template":"","format":"standard","meta":{"_eb_attr":""},"categories":[16,1],"tags":[],"yoast_head":"<!-- This site is optimized with the Yoast SEO plugin v21.1 - https:\/\/yoast.com\/wordpress\/plugins\/seo\/ -->\n<title>\u2764 \ud835\uddda\ud835\udde5\ud835\uddd4\ud835\uddd6\ud835\udddc\ud835\uddd4\ud835\udde6 \ud835\udde3\ud835\udde2\ud835\udde5 \ud835\udddb\ud835\uddd4\ud835\uddd6\ud835\uddd8\ud835\udde5 \ud835\udddb\ud835\udddc\ud835\udde6\ud835\udde7\ud835\udde2\ud835\udde5\ud835\udddc\ud835\uddd4 | Club Basquet Benicarl\u00f3<\/title>\n<meta name=\"robots\" content=\"index, follow, max-snippet:-1, max-image-preview:large, max-video-preview:-1\" \/>\n<link rel=\"canonical\" href=\"https:\/\/cbbenicarlo.com\/?p=2124\" \/>\n<meta property=\"og:locale\" content=\"es_ES\" \/>\n<meta property=\"og:type\" content=\"article\" \/>\n<meta property=\"og:title\" content=\"\u2764 \ud835\uddda\ud835\udde5\ud835\uddd4\ud835\uddd6\ud835\udddc\ud835\uddd4\ud835\udde6 \ud835\udde3\ud835\udde2\ud835\udde5 \ud835\udddb\ud835\uddd4\ud835\uddd6\ud835\uddd8\ud835\udde5 \ud835\udddb\ud835\udddc\ud835\udde6\ud835\udde7\ud835\udde2\ud835\udde5\ud835\udddc\ud835\uddd4 | Club Basquet Benicarl\u00f3\" \/>\n<meta property=\"og:description\" content=\"\u2705 R\u00e9cord de victorias del club en LEB Plata \u2705 R\u00e9cord de anotaci\u00f3n del club en una temporada \u2705 R\u00e9cord de rebotes totales del club en LEB Plata \u2705 R\u00e9cord de valoraci\u00f3n total del club en nuestra categor\u00eda \u2705 R\u00e9cord de asistencia total en todos los partidos disputados en una temporada como locales Muchas gracias por dejarnos so\u00f1ar y hacer que nuestro proyecto siga batiendo, a\u00f1o tras a\u00f1o, nuevos r\u00e9cords. \u2764 \ud835\udde0\ud835\uddd4\ud835\uddd7\ud835\uddd8\ud835\udde5\ud835\uddd4\ud835\udde6 \ud835\udde6\ud835\udde2\ud835\udde5\ud835\udddf\u00cd \ud835\uddd5\ud835\uddd8\ud835\udde1\ud835\udddc\ud835\uddd6\ud835\uddd4\ud835\udde5\ud835\udddf\u00d3 \ud835\udfee\ud835\udfec\ud835\udfee\ud835\udfee\/\ud835\udfee\ud835\udfec\ud835\udfee\ud835\udfef\u2764 #TodoAlRojo\ud83d\udd34 #CSEscenarioDeportivo #EndavantEsports #JuntsSomM\u00e9sForts @dipuesport @dipcas @villarrealcf\" \/>\n<meta property=\"og:url\" content=\"https:\/\/cbbenicarlo.com\/?p=2124\" \/>\n<meta property=\"og:site_name\" content=\"Club Basquet Benicarl\u00f3\" \/>\n<meta property=\"article:published_time\" content=\"2023-04-25T12:30:54+00:00\" \/>\n<meta property=\"article:modified_time\" content=\"2023-04-25T12:35:27+00:00\" \/>\n<meta property=\"og:image\" content=\"https:\/\/cbbenicarlo.com\/wp-content\/uploads\/2023\/04\/DSCF9929-scaled.jpg\" \/>\n\t<meta property=\"og:image:width\" content=\"2560\" \/>\n\t<meta property=\"og:image:height\" content=\"1440\" \/>\n\t<meta property=\"og:image:type\" content=\"image\/jpeg\" \/>\n<meta name=\"author\" content=\"Club B\u00e0squet Benicarl\u00f3\" \/>\n<meta name=\"twitter:card\" content=\"summary_large_image\" \/>\n<meta name=\"twitter:title\" content=\"\u2764 \ud835\uddda\ud835\udde5\ud835\uddd4\ud835\uddd6\ud835\udddc\ud835\uddd4\ud835\udde6 \ud835\udde3\ud835\udde2\ud835\udde5 \ud835\udddb\ud835\uddd4\ud835\uddd6\ud835\uddd8\ud835\udde5 \ud835\udddb\ud835\udddc\ud835\udde6\ud835\udde7\ud835\udde2\ud835\udde5\ud835\udddc\ud835\uddd4\" \/>\n<meta name=\"twitter:image\" content=\"https:\/\/cbbenicarlo.com\/wp-content\/uploads\/2023\/04\/DSCF9929-scaled.jpg\" \/>\n<meta name=\"twitter:label1\" content=\"Escrito por\" \/>\n\t<meta name=\"twitter:data1\" content=\"Club B\u00e0squet Benicarl\u00f3\" \/>\n\t<meta name=\"twitter:label2\" content=\"Tiempo de lectura\" \/>\n\t<meta name=\"twitter:data2\" content=\"1 minuto\" \/>\n<script type=\"application\/ld+json\" class=\"yoast-schema-graph\">{\"@context\":\"https:\/\/schema.org\",\"@graph\":[{\"@type\":\"Article\",\"@id\":\"https:\/\/cbbenicarlo.com\/?p=2124#article\",\"isPartOf\":{\"@id\":\"https:\/\/cbbenicarlo.com\/?p=2124\"},\"author\":{\"name\":\"Club B\u00e0squet Benicarl\u00f3\",\"@id\":\"https:\/\/cbbenicarlo.com\/#\/schema\/person\/200a6bea92870b7adeb1a5c755a793f2\"},\"headline\":\"\u2764 \ud835\uddda\ud835\udde5\ud835\uddd4\ud835\uddd6\ud835\udddc\ud835\uddd4\ud835\udde6 \ud835\udde3\ud835\udde2\ud835\udde5 \ud835\udddb\ud835\uddd4\ud835\uddd6\ud835\uddd8\ud835\udde5 \ud835\udddb\ud835\udddc\ud835\udde6\ud835\udde7\ud835\udde2\ud835\udde5\ud835\udddc\ud835\uddd4\",\"datePublished\":\"2023-04-25T12:30:54+00:00\",\"dateModified\":\"2023-04-25T12:35:27+00:00\",\"mainEntityOfPage\":{\"@id\":\"https:\/\/cbbenicarlo.com\/?p=2124\"},\"wordCount\":85,\"publisher\":{\"@id\":\"https:\/\/cbbenicarlo.com\/#organization\"},\"articleSection\":[\"Club\",\"Primer Equipo\"],\"inLanguage\":\"es\"},{\"@type\":\"WebPage\",\"@id\":\"https:\/\/cbbenicarlo.com\/?p=2124\",\"url\":\"https:\/\/cbbenicarlo.com\/?p=2124\",\"name\":\"\u2764 \ud835\uddda\ud835\udde5\ud835\uddd4\ud835\uddd6\ud835\udddc\ud835\uddd4\ud835\udde6 \ud835\udde3\ud835\udde2\ud835\udde5 \ud835\udddb\ud835\uddd4\ud835\uddd6\ud835\uddd8\ud835\udde5 \ud835\udddb\ud835\udddc\ud835\udde6\ud835\udde7\ud835\udde2\ud835\udde5\ud835\udddc\ud835\uddd4 | Club Basquet Benicarl\u00f3\",\"isPartOf\":{\"@id\":\"https:\/\/cbbenicarlo.com\/#website\"},\"datePublished\":\"2023-04-25T12:30:54+00:00\",\"dateModified\":\"2023-04-25T12:35:27+00:00\",\"breadcrumb\":{\"@id\":\"https:\/\/cbbenicarlo.com\/?p=2124#breadcrumb\"},\"inLanguage\":\"es\",\"potentialAction\":[{\"@type\":\"ReadAction\",\"target\":[\"https:\/\/cbbenicarlo.com\/?p=2124\"]}]},{\"@type\":\"BreadcrumbList\",\"@id\":\"https:\/\/cbbenicarlo.com\/?p=2124#breadcrumb\",\"itemListElement\":[{\"@type\":\"ListItem\",\"position\":1,\"name\":\"Portada\",\"item\":\"https:\/\/cbbenicarlo.com\/\"},{\"@type\":\"ListItem\",\"position\":2,\"name\":\"\u2764 \ud835\uddda\ud835\udde5\ud835\uddd4\ud835\uddd6\ud835\udddc\ud835\uddd4\ud835\udde6 \ud835\udde3\ud835\udde2\ud835\udde5 \ud835\udddb\ud835\uddd4\ud835\uddd6\ud835\uddd8\ud835\udde5 \ud835\udddb\ud835\udddc\ud835\udde6\ud835\udde7\ud835\udde2\ud835\udde5\ud835\udddc\ud835\uddd4\"}]},{\"@type\":\"WebSite\",\"@id\":\"https:\/\/cbbenicarlo.com\/#website\",\"url\":\"https:\/\/cbbenicarlo.com\/\",\"name\":\"Club Basquet Benicarl\u00f3\",\"description\":\"P\u00e1gina Web Oficial\",\"publisher\":{\"@id\":\"https:\/\/cbbenicarlo.com\/#organization\"},\"potentialAction\":[{\"@type\":\"SearchAction\",\"target\":{\"@type\":\"EntryPoint\",\"urlTemplate\":\"https:\/\/cbbenicarlo.com\/?s={search_term_string}\"},\"query-input\":\"required name=search_term_string\"}],\"inLanguage\":\"es\"},{\"@type\":\"Organization\",\"@id\":\"https:\/\/cbbenicarlo.com\/#organization\",\"name\":\"Club B\u00e0squet Benicarl\u00f3\",\"url\":\"https:\/\/cbbenicarlo.com\/\",\"logo\":{\"@type\":\"ImageObject\",\"inLanguage\":\"es\",\"@id\":\"https:\/\/cbbenicarlo.com\/#\/schema\/logo\/image\/\",\"url\":\"https:\/\/cbbenicarlo.com\/wp-content\/uploads\/2022\/05\/cropped-cropped-cropped-CBBENICARLO2021-22-2.png\",\"contentUrl\":\"https:\/\/cbbenicarlo.com\/wp-content\/uploads\/2022\/05\/cropped-cropped-cropped-CBBENICARLO2021-22-2.png\",\"width\":512,\"height\":512,\"caption\":\"Club B\u00e0squet Benicarl\u00f3\"},\"image\":{\"@id\":\"https:\/\/cbbenicarlo.com\/#\/schema\/logo\/image\/\"}},{\"@type\":\"Person\",\"@id\":\"https:\/\/cbbenicarlo.com\/#\/schema\/person\/200a6bea92870b7adeb1a5c755a793f2\",\"name\":\"Club B\u00e0squet Benicarl\u00f3\",\"image\":{\"@type\":\"ImageObject\",\"inLanguage\":\"es\",\"@id\":\"https:\/\/cbbenicarlo.com\/#\/schema\/person\/image\/\",\"url\":\"https:\/\/secure.gravatar.com\/avatar\/8aed305f961a70f8934d4ba794f3527a?s=96&d=mm&r=g\",\"contentUrl\":\"https:\/\/secure.gravatar.com\/avatar\/8aed305f961a70f8934d4ba794f3527a?s=96&d=mm&r=g\",\"caption\":\"Club B\u00e0squet Benicarl\u00f3\"},\"url\":\"https:\/\/cbbenicarlo.com\/?author=1\"}]}<\/script>\n<!-- \/ Yoast SEO plugin. -->","yoast_head_json":{"title":"\u2764 \ud835\uddda\ud835\udde5\ud835\uddd4\ud835\uddd6\ud835\udddc\ud835\uddd4\ud835\udde6 \ud835\udde3\ud835\udde2\ud835\udde5 \ud835\udddb\ud835\uddd4\ud835\uddd6\ud835\uddd8\ud835\udde5 \ud835\udddb\ud835\udddc\ud835\udde6\ud835\udde7\ud835\udde2\ud835\udde5\ud835\udddc\ud835\uddd4 | Club Basquet Benicarl\u00f3","robots":{"index":"index","follow":"follow","max-snippet":"max-snippet:-1","max-image-preview":"max-image-preview:large","max-video-preview":"max-video-preview:-1"},"canonical":"https:\/\/cbbenicarlo.com\/?p=2124","og_locale":"es_ES","og_type":"article","og_title":"\u2764 \ud835\uddda\ud835\udde5\ud835\uddd4\ud835\uddd6\ud835\udddc\ud835\uddd4\ud835\udde6 \ud835\udde3\ud835\udde2\ud835\udde5 \ud835\udddb\ud835\uddd4\ud835\uddd6\ud835\uddd8\ud835\udde5 \ud835\udddb\ud835\udddc\ud835\udde6\ud835\udde7\ud835\udde2\ud835\udde5\ud835\udddc\ud835\uddd4 | Club Basquet Benicarl\u00f3","og_description":"\u2705 R\u00e9cord de victorias del club en LEB Plata \u2705 R\u00e9cord de anotaci\u00f3n del club en una temporada \u2705 R\u00e9cord de rebotes totales del club en LEB Plata \u2705 R\u00e9cord de valoraci\u00f3n total del club en nuestra categor\u00eda \u2705 R\u00e9cord de asistencia total en todos los partidos disputados en una temporada como locales Muchas gracias por dejarnos so\u00f1ar y hacer que nuestro proyecto siga batiendo, a\u00f1o tras a\u00f1o, nuevos r\u00e9cords. \u2764 \ud835\udde0\ud835\uddd4\ud835\uddd7\ud835\uddd8\ud835\udde5\ud835\uddd4\ud835\udde6 \ud835\udde6\ud835\udde2\ud835\udde5\ud835\udddf\u00cd \ud835\uddd5\ud835\uddd8\ud835\udde1\ud835\udddc\ud835\uddd6\ud835\uddd4\ud835\udde5\ud835\udddf\u00d3 \ud835\udfee\ud835\udfec\ud835\udfee\ud835\udfee\/\ud835\udfee\ud835\udfec\ud835\udfee\ud835\udfef\u2764 #TodoAlRojo\ud83d\udd34 #CSEscenarioDeportivo #EndavantEsports #JuntsSomM\u00e9sForts @dipuesport @dipcas @villarrealcf","og_url":"https:\/\/cbbenicarlo.com\/?p=2124","og_site_name":"Club Basquet Benicarl\u00f3","article_published_time":"2023-04-25T12:30:54+00:00","article_modified_time":"2023-04-25T12:35:27+00:00","og_image":[{"width":2560,"height":1440,"url":"https:\/\/cbbenicarlo.com\/wp-content\/uploads\/2023\/04\/DSCF9929-scaled.jpg","type":"image\/jpeg"}],"author":"Club B\u00e0squet Benicarl\u00f3","twitter_card":"summary_large_image","twitter_title":"\u2764 \ud835\uddda\ud835\udde5\ud835\uddd4\ud835\uddd6\ud835\udddc\ud835\uddd4\ud835\udde6 \ud835\udde3\ud835\udde2\ud835\udde5 \ud835\udddb\ud835\uddd4\ud835\uddd6\ud835\uddd8\ud835\udde5 \ud835\udddb\ud835\udddc\ud835\udde6\ud835\udde7\ud835\udde2\ud835\udde5\ud835\udddc\ud835\uddd4","twitter_image":"https:\/\/cbbenicarlo.com\/wp-content\/uploads\/2023\/04\/DSCF9929-scaled.jpg","twitter_misc":{"Escrito por":"Club B\u00e0squet Benicarl\u00f3","Tiempo de lectura":"1 minuto"},"schema":{"@context":"https:\/\/schema.org","@graph":[{"@type":"Article","@id":"https:\/\/cbbenicarlo.com\/?p=2124#article","isPartOf":{"@id":"https:\/\/cbbenicarlo.com\/?p=2124"},"author":{"name":"Club B\u00e0squet Benicarl\u00f3","@id":"https:\/\/cbbenicarlo.com\/#\/schema\/person\/200a6bea92870b7adeb1a5c755a793f2"},"headline":"\u2764 \ud835\uddda\ud835\udde5\ud835\uddd4\ud835\uddd6\ud835\udddc\ud835\uddd4\ud835\udde6 \ud835\udde3\ud835\udde2\ud835\udde5 \ud835\udddb\ud835\uddd4\ud835\uddd6\ud835\uddd8\ud835\udde5 \ud835\udddb\ud835\udddc\ud835\udde6\ud835\udde7\ud835\udde2\ud835\udde5\ud835\udddc\ud835\uddd4","datePublished":"2023-04-25T12:30:54+00:00","dateModified":"2023-04-25T12:35:27+00:00","mainEntityOfPage":{"@id":"https:\/\/cbbenicarlo.com\/?p=2124"},"wordCount":85,"publisher":{"@id":"https:\/\/cbbenicarlo.com\/#organization"},"articleSection":["Club","Primer Equipo"],"inLanguage":"es"},{"@type":"WebPage","@id":"https:\/\/cbbenicarlo.com\/?p=2124","url":"https:\/\/cbbenicarlo.com\/?p=2124","name":"\u2764 \ud835\uddda\ud835\udde5\ud835\uddd4\ud835\uddd6\ud835\udddc\ud835\uddd4\ud835\udde6 \ud835\udde3\ud835\udde2\ud835\udde5 \ud835\udddb\ud835\uddd4\ud835\uddd6\ud835\uddd8\ud835\udde5 \ud835\udddb\ud835\udddc\ud835\udde6\ud835\udde7\ud835\udde2\ud835\udde5\ud835\udddc\ud835\uddd4 | Club Basquet Benicarl\u00f3","isPartOf":{"@id":"https:\/\/cbbenicarlo.com\/#website"},"datePublished":"2023-04-25T12:30:54+00:00","dateModified":"2023-04-25T12:35:27+00:00","breadcrumb":{"@id":"https:\/\/cbbenicarlo.com\/?p=2124#breadcrumb"},"inLanguage":"es","potentialAction":[{"@type":"ReadAction","target":["https:\/\/cbbenicarlo.com\/?p=2124"]}]},{"@type":"BreadcrumbList","@id":"https:\/\/cbbenicarlo.com\/?p=2124#breadcrumb","itemListElement":[{"@type":"ListItem","position":1,"name":"Portada","item":"https:\/\/cbbenicarlo.com\/"},{"@type":"ListItem","position":2,"name":"\u2764 \ud835\uddda\ud835\udde5\ud835\uddd4\ud835\uddd6\ud835\udddc\ud835\uddd4\ud835\udde6 \ud835\udde3\ud835\udde2\ud835\udde5 \ud835\udddb\ud835\uddd4\ud835\uddd6\ud835\uddd8\ud835\udde5 \ud835\udddb\ud835\udddc\ud835\udde6\ud835\udde7\ud835\udde2\ud835\udde5\ud835\udddc\ud835\uddd4"}]},{"@type":"WebSite","@id":"https:\/\/cbbenicarlo.com\/#website","url":"https:\/\/cbbenicarlo.com\/","name":"Club Basquet Benicarl\u00f3","description":"P\u00e1gina Web Oficial","publisher":{"@id":"https:\/\/cbbenicarlo.com\/#organization"},"potentialAction":[{"@type":"SearchAction","target":{"@type":"EntryPoint","urlTemplate":"https:\/\/cbbenicarlo.com\/?s={search_term_string}"},"query-input":"required name=search_term_string"}],"inLanguage":"es"},{"@type":"Organization","@id":"https:\/\/cbbenicarlo.com\/#organization","name":"Club B\u00e0squet Benicarl\u00f3","url":"https:\/\/cbbenicarlo.com\/","logo":{"@type":"ImageObject","inLanguage":"es","@id":"https:\/\/cbbenicarlo.com\/#\/schema\/logo\/image\/","url":"https:\/\/cbbenicarlo.com\/wp-content\/uploads\/2022\/05\/cropped-cropped-cropped-CBBENICARLO2021-22-2.png","contentUrl":"https:\/\/cbbenicarlo.com\/wp-content\/uploads\/2022\/05\/cropped-cropped-cropped-CBBENICARLO2021-22-2.png","width":512,"height":512,"caption":"Club B\u00e0squet Benicarl\u00f3"},"image":{"@id":"https:\/\/cbbenicarlo.com\/#\/schema\/logo\/image\/"}},{"@type":"Person","@id":"https:\/\/cbbenicarlo.com\/#\/schema\/person\/200a6bea92870b7adeb1a5c755a793f2","name":"Club B\u00e0squet Benicarl\u00f3","image":{"@type":"ImageObject","inLanguage":"es","@id":"https:\/\/cbbenicarlo.com\/#\/schema\/person\/image\/","url":"https:\/\/secure.gravatar.com\/avatar\/8aed305f961a70f8934d4ba794f3527a?s=96&d=mm&r=g","contentUrl":"https:\/\/secure.gravatar.com\/avatar\/8aed305f961a70f8934d4ba794f3527a?s=96&d=mm&r=g","caption":"Club B\u00e0squet Benicarl\u00f3"},"url":"https:\/\/cbbenicarlo.com\/?author=1"}]}},"_links":{"self":[{"href":"https:\/\/cbbenicarlo.com\/index.php?rest_route=\/wp\/v2\/posts\/2124"}],"collection":[{"href":"https:\/\/cbbenicarlo.com\/index.php?rest_route=\/wp\/v2\/posts"}],"about":[{"href":"https:\/\/cbbenicarlo.com\/index.php?rest_route=\/wp\/v2\/types\/post"}],"author":[{"embeddable":true,"href":"https:\/\/cbbenicarlo.com\/index.php?rest_route=\/wp\/v2\/users\/1"}],"replies":[{"embeddable":true,"href":"https:\/\/cbbenicarlo.com\/index.php?rest_route=%2Fwp%2Fv2%2Fcomments&post=2124"}],"version-history":[{"count":1,"href":"https:\/\/cbbenicarlo.com\/index.php?rest_route=\/wp\/v2\/posts\/2124\/revisions"}],"predecessor-version":[{"id":2127,"href":"https:\/\/cbbenicarlo.com\/index.php?rest_route=\/wp\/v2\/posts\/2124\/revisions\/2127"}],"wp:featuredmedia":[{"embeddable":true,"href":"https:\/\/cbbenicarlo.com\/index.php?rest_route=\/wp\/v2\/media\/2126"}],"wp:attachment":[{"href":"https:\/\/cbbenicarlo.com\/index.php?rest_route=%2Fwp%2Fv2%2Fmedia&parent=2124"}],"wp:term":[{"taxonomy":"category","embeddable":true,"href":"https:\/\/cbbenicarlo.com\/index.php?rest_route=%2Fwp%2Fv2%2Fcategories&post=2124"},{"taxonomy":"post_tag","embeddable":true,"href":"https:\/\/cbbenicarlo.com\/index.php?rest_route=%2Fwp%2Fv2%2Ftags&post=2124"}],"curies":[{"name":"wp","href":"https:\/\/api.w.org\/{rel}","templated":true}]}}