{"id":1914,"date":"2022-09-13T19:29:52","date_gmt":"2022-09-13T17:29:52","guid":{"rendered":"https:\/\/cbbenicarlo.com\/?p=1914"},"modified":"2022-09-14T20:09:21","modified_gmt":"2022-09-14T18:09:21","slug":"carnets-de-abonado","status":"publish","type":"post","link":"https:\/\/cbbenicarlo.com\/?p=1914","title":{"rendered":"CARNETS DE ABONADO"},"content":{"rendered":"\n<p><strong>\u00a1Ya est\u00e1n disponibles los nuevos carnets para esta temporada! <\/strong><\/p>\n\n\n\n<p><em>Pod\u00e9is recoger vuestros carnets o haceros socios durante los partidos de pretemporada en el Pabell\u00f3n de Benicarl\u00f3.<\/em><\/p>\n\n\n\n<p><br>El nuevo dise\u00f1o de este a\u00f1o est\u00e1 patrocinado por SENSA Servicios El\u00e9ctricos. Si ya eres abonado, recoge el tuyo y si todav\u00eda no lo eres, tienes m\u00e1s informaci\u00f3n sobre los tipos de abonos y proceso de alta en nuestras redes sociales y p\u00e1gina web. <\/p>\n\n\n\n<figure class=\"wp-block-image size-large\"><img fetchpriority=\"high\" decoding=\"async\" width=\"1024\" height=\"236\" src=\"https:\/\/cbbenicarlo.com\/wp-content\/uploads\/2022\/09\/image-1024x236.png\" alt=\"\" class=\"wp-image-1917\" srcset=\"https:\/\/cbbenicarlo.com\/wp-content\/uploads\/2022\/09\/image-1024x236.png 1024w, https:\/\/cbbenicarlo.com\/wp-content\/uploads\/2022\/09\/image-300x69.png 300w, https:\/\/cbbenicarlo.com\/wp-content\/uploads\/2022\/09\/image-768x177.png 768w, https:\/\/cbbenicarlo.com\/wp-content\/uploads\/2022\/09\/image-128x30.png 128w, https:\/\/cbbenicarlo.com\/wp-content\/uploads\/2022\/09\/image-32x7.png 32w, https:\/\/cbbenicarlo.com\/wp-content\/uploads\/2022\/09\/image.png 1300w\" sizes=\"(max-width: 1024px) 100vw, 1024px\" \/><figcaption><a href=\"http:\/\/www.sensa.es\">www.sensa.es <\/a><\/figcaption><\/figure>\n\n\n\n<p>Sensa Servicios El\u00e9ctricos es un grupo de distribuci\u00f3n de material el\u00e9ctrico de referencia en la Comunitat Valenciana. Actualmente cuenta con 3 puntos de venta: la sede, ubicada en Castell\u00f3n y las delegaciones sur y norte, localizadas en Catarroja (Valencia) y Benicarl\u00f3 respectivamente. Entre todos sus centros suma m\u00e1s de 9.000 m<sup>2\u00a0<\/sup>de almacenaje de las mejores marcas del sector. Su multidisciplinar equipo opera de manera profesional en 5 \u00e1reas: automatizaci\u00f3n &amp; control, industrial, residencial terciario, iluminaci\u00f3n &amp; dom\u00f3tica y renovables. Actualmente, la compa\u00f1\u00eda se encuentra inmersa en una gran apuesta por la distribuci\u00f3n de soluciones para la movilidad el\u00e9ctrica (cargadores, cuadros de protecci\u00f3n\u2026) y las energ\u00edas renovables (paneles solares, inversores, bater\u00edas, estructuras\u2026).<\/p>\n\n\n\n<p>Sin lugar a duda, en Benicarl\u00f3 cuentan con el material el\u00e9ctrico y la atenci\u00f3n comercial m\u00e1s competitiva de la zona.<\/p>\n\n\n\n<p>Sensa Servicios El\u00e9ctricos presenta valores que desde el Club B\u00e0squet Benicarl\u00f3 intentamos transmitir a todos nuestros jugadores y jugadoras, como por ejemplo la perseverancia, la cercan\u00eda o la superaci\u00f3n. Estamos muy contentos de poder contar con la colaboraci\u00f3n de una empresa como la suya<\/p>\n\n\n\n<figure class=\"is-layout-flex wp-block-gallery-1 wp-block-gallery has-nested-images columns-default is-cropped\">\n<figure class=\"wp-block-image size-large\"><img decoding=\"async\" width=\"1366\" height=\"768\" data-id=\"1926\"  src=\"https:\/\/cbbenicarlo.com\/wp-content\/uploads\/2022\/09\/Sensa_Servicios_Electricos_Punto_de_Recarga_Coche_Electrico_Gewiss.png\" alt=\"\" class=\"wp-image-1926\" srcset=\"https:\/\/cbbenicarlo.com\/wp-content\/uploads\/2022\/09\/Sensa_Servicios_Electricos_Punto_de_Recarga_Coche_Electrico_Gewiss.png 1366w, https:\/\/cbbenicarlo.com\/wp-content\/uploads\/2022\/09\/Sensa_Servicios_Electricos_Punto_de_Recarga_Coche_Electrico_Gewiss-300x169.png 300w, https:\/\/cbbenicarlo.com\/wp-content\/uploads\/2022\/09\/Sensa_Servicios_Electricos_Punto_de_Recarga_Coche_Electrico_Gewiss-1024x576.png 1024w, https:\/\/cbbenicarlo.com\/wp-content\/uploads\/2022\/09\/Sensa_Servicios_Electricos_Punto_de_Recarga_Coche_Electrico_Gewiss-768x432.png 768w, https:\/\/cbbenicarlo.com\/wp-content\/uploads\/2022\/09\/Sensa_Servicios_Electricos_Punto_de_Recarga_Coche_Electrico_Gewiss-800x450.png 800w, https:\/\/cbbenicarlo.com\/wp-content\/uploads\/2022\/09\/Sensa_Servicios_Electricos_Punto_de_Recarga_Coche_Electrico_Gewiss-128x72.png 128w, https:\/\/cbbenicarlo.com\/wp-content\/uploads\/2022\/09\/Sensa_Servicios_Electricos_Punto_de_Recarga_Coche_Electrico_Gewiss-32x18.png 32w\" sizes=\"(max-width: 1366px) 100vw, 1366px\" \/><\/figure>\n\n\n\n<figure class=\"wp-block-image size-large\"><img decoding=\"async\" width=\"2560\" height=\"1920\" data-id=\"1927\"  src=\"https:\/\/cbbenicarlo.com\/wp-content\/uploads\/2022\/09\/IMG_20190604_120837-scaled.jpg\" alt=\"\" class=\"wp-image-1927\" srcset=\"https:\/\/cbbenicarlo.com\/wp-content\/uploads\/2022\/09\/IMG_20190604_120837-scaled.jpg 2560w, https:\/\/cbbenicarlo.com\/wp-content\/uploads\/2022\/09\/IMG_20190604_120837-300x225.jpg 300w, https:\/\/cbbenicarlo.com\/wp-content\/uploads\/2022\/09\/IMG_20190604_120837-1024x768.jpg 1024w, https:\/\/cbbenicarlo.com\/wp-content\/uploads\/2022\/09\/IMG_20190604_120837-768x576.jpg 768w, https:\/\/cbbenicarlo.com\/wp-content\/uploads\/2022\/09\/IMG_20190604_120837-1536x1152.jpg 1536w, https:\/\/cbbenicarlo.com\/wp-content\/uploads\/2022\/09\/IMG_20190604_120837-2048x1536.jpg 2048w, https:\/\/cbbenicarlo.com\/wp-content\/uploads\/2022\/09\/IMG_20190604_120837-128x96.jpg 128w, https:\/\/cbbenicarlo.com\/wp-content\/uploads\/2022\/09\/IMG_20190604_120837-32x24.jpg 32w\" sizes=\"(max-width: 2560px) 100vw, 2560px\" \/><\/figure>\n<\/figure>\n\n\n\n<p>Para esta temporada disponemos de 6 tipos de abonos distintos para que pod\u00e1is encontrar el que m\u00e1s se adapte a vuestras necesidades. Estamos deseando veros a todos apoyando al equipo. <mark style=\"background-color:rgba(0, 0, 0, 0)\" class=\"has-inline-color has-vivid-red-color\">#TodoAlRojo<\/mark><\/p>\n\n\n\n<p>Informaci\u00f3n sobre los abonos: <a href=\"https:\/\/cbbenicarlo.com\/?p=1646\">CLICK AQU\u00cd<\/a><\/p>\n\n\n\n<p>Formulario de inscripci\u00f3n: <a href=\"https:\/\/cbbenicarlo.com\/?page_id=1804\">CLICK AQU\u00cd<\/a><\/p>\n\n\n\n<figure class=\"wp-block-image size-large\"><img decoding=\"async\" src=\"https:\/\/cbbenicarlo.com\/wp-content\/uploads\/2022\/07\/CARTEL-ABONOS-Portada-819x1024.png\" alt=\"\" class=\"wp-image-1647\"\/><\/figure>\n","protected":false},"excerpt":{"rendered":"<p>\u00a1Ya est\u00e1n disponibles los nuevos carnets para esta temporada! Pod\u00e9is recoger vuestros carnets o haceros socios durante los partidos de pretemporada en el Pabell\u00f3n de Benicarl\u00f3. El nuevo dise\u00f1o de este a\u00f1o est\u00e1 patrocinado por SENSA Servicios El\u00e9ctricos. Si ya eres abonado, recoge el tuyo y si todav\u00eda no lo eres, tienes m\u00e1s informaci\u00f3n sobre los tipos de abonos y proceso de alta en nuestras redes sociales y p\u00e1gina web. Sensa Servicios El\u00e9ctricos es un grupo de distribuci\u00f3n de material el\u00e9ctrico de referencia en la Comunitat Valenciana. Actualmente cuenta con 3 puntos de venta: la sede, ubicada en Castell\u00f3n y las delegaciones sur y norte, localizadas en Catarroja (Valencia) y Benicarl\u00f3 respectivamente. Entre todos sus centros suma m\u00e1s de 9.000 m2\u00a0de almacenaje de las mejores marcas del sector. Su multidisciplinar equipo opera de manera profesional en 5 \u00e1reas: automatizaci\u00f3n &amp; control, industrial, residencial terciario, iluminaci\u00f3n &amp; dom\u00f3tica y renovables. Actualmente, la compa\u00f1\u00eda se encuentra inmersa en una gran apuesta por la distribuci\u00f3n de soluciones para la movilidad el\u00e9ctrica (cargadores, cuadros de protecci\u00f3n\u2026) y las energ\u00edas renovables (paneles solares, inversores, bater\u00edas, estructuras\u2026). Sin lugar a duda, en Benicarl\u00f3 cuentan con el material el\u00e9ctrico y la atenci\u00f3n comercial m\u00e1s competitiva de la zona. Sensa Servicios El\u00e9ctricos presenta valores que desde el Club B\u00e0squet Benicarl\u00f3 intentamos transmitir a todos nuestros jugadores y jugadoras, como por ejemplo la perseverancia, la cercan\u00eda o la superaci\u00f3n. Estamos muy contentos de poder contar con la colaboraci\u00f3n de una empresa como la suya Para esta temporada disponemos de 6 tipos de abonos distintos para que pod\u00e1is encontrar el que m\u00e1s se adapte a vuestras necesidades. Estamos deseando veros a todos apoyando al equipo. #TodoAlRojo Informaci\u00f3n sobre los abonos: CLICK AQU\u00cd Formulario de inscripci\u00f3n: CLICK AQU\u00cd<\/p>\n","protected":false},"author":1,"featured_media":1915,"comment_status":"closed","ping_status":"closed","sticky":false,"template":"","format":"standard","meta":{"_eb_attr":""},"categories":[16,63,22],"tags":[],"yoast_head":"<!-- This site is optimized with the Yoast SEO plugin v21.1 - https:\/\/yoast.com\/wordpress\/plugins\/seo\/ -->\n<title>CARNETS DE ABONADO | Club Basquet Benicarl\u00f3<\/title>\n<meta name=\"robots\" content=\"index, follow, max-snippet:-1, max-image-preview:large, max-video-preview:-1\" \/>\n<link rel=\"canonical\" href=\"https:\/\/cbbenicarlo.com\/?p=1914\" \/>\n<meta property=\"og:locale\" content=\"es_ES\" \/>\n<meta property=\"og:type\" content=\"article\" \/>\n<meta property=\"og:title\" content=\"CARNETS DE ABONADO | Club Basquet Benicarl\u00f3\" \/>\n<meta property=\"og:description\" content=\"\u00a1Ya est\u00e1n disponibles los nuevos carnets para esta temporada! Pod\u00e9is recoger vuestros carnets o haceros socios durante los partidos de pretemporada en el Pabell\u00f3n de Benicarl\u00f3. El nuevo dise\u00f1o de este a\u00f1o est\u00e1 patrocinado por SENSA Servicios El\u00e9ctricos. Si ya eres abonado, recoge el tuyo y si todav\u00eda no lo eres, tienes m\u00e1s informaci\u00f3n sobre los tipos de abonos y proceso de alta en nuestras redes sociales y p\u00e1gina web. Sensa Servicios El\u00e9ctricos es un grupo de distribuci\u00f3n de material el\u00e9ctrico de referencia en la Comunitat Valenciana. Actualmente cuenta con 3 puntos de venta: la sede, ubicada en Castell\u00f3n y las delegaciones sur y norte, localizadas en Catarroja (Valencia) y Benicarl\u00f3 respectivamente. Entre todos sus centros suma m\u00e1s de 9.000 m2\u00a0de almacenaje de las mejores marcas del sector. Su multidisciplinar equipo opera de manera profesional en 5 \u00e1reas: automatizaci\u00f3n &amp; control, industrial, residencial terciario, iluminaci\u00f3n &amp; dom\u00f3tica y renovables. Actualmente, la compa\u00f1\u00eda se encuentra inmersa en una gran apuesta por la distribuci\u00f3n de soluciones para la movilidad el\u00e9ctrica (cargadores, cuadros de protecci\u00f3n\u2026) y las energ\u00edas renovables (paneles solares, inversores, bater\u00edas, estructuras\u2026). Sin lugar a duda, en Benicarl\u00f3 cuentan con el material el\u00e9ctrico y la atenci\u00f3n comercial m\u00e1s competitiva de la zona. Sensa Servicios El\u00e9ctricos presenta valores que desde el Club B\u00e0squet Benicarl\u00f3 intentamos transmitir a todos nuestros jugadores y jugadoras, como por ejemplo la perseverancia, la cercan\u00eda o la superaci\u00f3n. Estamos muy contentos de poder contar con la colaboraci\u00f3n de una empresa como la suya Para esta temporada disponemos de 6 tipos de abonos distintos para que pod\u00e1is encontrar el que m\u00e1s se adapte a vuestras necesidades. Estamos deseando veros a todos apoyando al equipo. #TodoAlRojo Informaci\u00f3n sobre los abonos: CLICK AQU\u00cd Formulario de inscripci\u00f3n: CLICK AQU\u00cd\" \/>\n<meta property=\"og:url\" content=\"https:\/\/cbbenicarlo.com\/?p=1914\" \/>\n<meta property=\"og:site_name\" content=\"Club Basquet Benicarl\u00f3\" \/>\n<meta property=\"article:published_time\" content=\"2022-09-13T17:29:52+00:00\" \/>\n<meta property=\"article:modified_time\" content=\"2022-09-14T18:09:21+00:00\" \/>\n<meta property=\"og:image\" content=\"https:\/\/cbbenicarlo.com\/wp-content\/uploads\/2022\/09\/TOTS-CARNETS-1024x683.png\" \/>\n\t<meta property=\"og:image:width\" content=\"1024\" \/>\n\t<meta property=\"og:image:height\" content=\"683\" \/>\n\t<meta property=\"og:image:type\" content=\"image\/png\" \/>\n<meta name=\"author\" content=\"Club B\u00e0squet Benicarl\u00f3\" \/>\n<meta name=\"twitter:card\" content=\"summary_large_image\" \/>\n<meta name=\"twitter:label1\" content=\"Escrito por\" \/>\n\t<meta name=\"twitter:data1\" content=\"Club B\u00e0squet Benicarl\u00f3\" \/>\n\t<meta name=\"twitter:label2\" content=\"Tiempo de lectura\" \/>\n\t<meta name=\"twitter:data2\" content=\"3 minutos\" \/>\n<script type=\"application\/ld+json\" class=\"yoast-schema-graph\">{\"@context\":\"https:\/\/schema.org\",\"@graph\":[{\"@type\":\"Article\",\"@id\":\"https:\/\/cbbenicarlo.com\/?p=1914#article\",\"isPartOf\":{\"@id\":\"https:\/\/cbbenicarlo.com\/?p=1914\"},\"author\":{\"name\":\"Club B\u00e0squet Benicarl\u00f3\",\"@id\":\"https:\/\/cbbenicarlo.com\/#\/schema\/person\/200a6bea92870b7adeb1a5c755a793f2\"},\"headline\":\"CARNETS DE ABONADO\",\"datePublished\":\"2022-09-13T17:29:52+00:00\",\"dateModified\":\"2022-09-14T18:09:21+00:00\",\"mainEntityOfPage\":{\"@id\":\"https:\/\/cbbenicarlo.com\/?p=1914\"},\"wordCount\":326,\"publisher\":{\"@id\":\"https:\/\/cbbenicarlo.com\/#organization\"},\"articleSection\":[\"Club\",\"Patrocinadores\",\"Socios\"],\"inLanguage\":\"es\"},{\"@type\":\"WebPage\",\"@id\":\"https:\/\/cbbenicarlo.com\/?p=1914\",\"url\":\"https:\/\/cbbenicarlo.com\/?p=1914\",\"name\":\"CARNETS DE ABONADO | Club Basquet Benicarl\u00f3\",\"isPartOf\":{\"@id\":\"https:\/\/cbbenicarlo.com\/#website\"},\"datePublished\":\"2022-09-13T17:29:52+00:00\",\"dateModified\":\"2022-09-14T18:09:21+00:00\",\"breadcrumb\":{\"@id\":\"https:\/\/cbbenicarlo.com\/?p=1914#breadcrumb\"},\"inLanguage\":\"es\",\"potentialAction\":[{\"@type\":\"ReadAction\",\"target\":[\"https:\/\/cbbenicarlo.com\/?p=1914\"]}]},{\"@type\":\"BreadcrumbList\",\"@id\":\"https:\/\/cbbenicarlo.com\/?p=1914#breadcrumb\",\"itemListElement\":[{\"@type\":\"ListItem\",\"position\":1,\"name\":\"Portada\",\"item\":\"https:\/\/cbbenicarlo.com\/\"},{\"@type\":\"ListItem\",\"position\":2,\"name\":\"CARNETS DE ABONADO\"}]},{\"@type\":\"WebSite\",\"@id\":\"https:\/\/cbbenicarlo.com\/#website\",\"url\":\"https:\/\/cbbenicarlo.com\/\",\"name\":\"Club Basquet Benicarl\u00f3\",\"description\":\"P\u00e1gina Web Oficial\",\"publisher\":{\"@id\":\"https:\/\/cbbenicarlo.com\/#organization\"},\"potentialAction\":[{\"@type\":\"SearchAction\",\"target\":{\"@type\":\"EntryPoint\",\"urlTemplate\":\"https:\/\/cbbenicarlo.com\/?s={search_term_string}\"},\"query-input\":\"required name=search_term_string\"}],\"inLanguage\":\"es\"},{\"@type\":\"Organization\",\"@id\":\"https:\/\/cbbenicarlo.com\/#organization\",\"name\":\"Club B\u00e0squet Benicarl\u00f3\",\"url\":\"https:\/\/cbbenicarlo.com\/\",\"logo\":{\"@type\":\"ImageObject\",\"inLanguage\":\"es\",\"@id\":\"https:\/\/cbbenicarlo.com\/#\/schema\/logo\/image\/\",\"url\":\"https:\/\/cbbenicarlo.com\/wp-content\/uploads\/2022\/05\/cropped-cropped-cropped-CBBENICARLO2021-22-2.png\",\"contentUrl\":\"https:\/\/cbbenicarlo.com\/wp-content\/uploads\/2022\/05\/cropped-cropped-cropped-CBBENICARLO2021-22-2.png\",\"width\":512,\"height\":512,\"caption\":\"Club B\u00e0squet Benicarl\u00f3\"},\"image\":{\"@id\":\"https:\/\/cbbenicarlo.com\/#\/schema\/logo\/image\/\"}},{\"@type\":\"Person\",\"@id\":\"https:\/\/cbbenicarlo.com\/#\/schema\/person\/200a6bea92870b7adeb1a5c755a793f2\",\"name\":\"Club B\u00e0squet Benicarl\u00f3\",\"image\":{\"@type\":\"ImageObject\",\"inLanguage\":\"es\",\"@id\":\"https:\/\/cbbenicarlo.com\/#\/schema\/person\/image\/\",\"url\":\"https:\/\/secure.gravatar.com\/avatar\/8aed305f961a70f8934d4ba794f3527a?s=96&d=mm&r=g\",\"contentUrl\":\"https:\/\/secure.gravatar.com\/avatar\/8aed305f961a70f8934d4ba794f3527a?s=96&d=mm&r=g\",\"caption\":\"Club B\u00e0squet Benicarl\u00f3\"},\"url\":\"https:\/\/cbbenicarlo.com\/?author=1\"}]}<\/script>\n<!-- \/ Yoast SEO plugin. -->","yoast_head_json":{"title":"CARNETS DE ABONADO | Club Basquet Benicarl\u00f3","robots":{"index":"index","follow":"follow","max-snippet":"max-snippet:-1","max-image-preview":"max-image-preview:large","max-video-preview":"max-video-preview:-1"},"canonical":"https:\/\/cbbenicarlo.com\/?p=1914","og_locale":"es_ES","og_type":"article","og_title":"CARNETS DE ABONADO | Club Basquet Benicarl\u00f3","og_description":"\u00a1Ya est\u00e1n disponibles los nuevos carnets para esta temporada! Pod\u00e9is recoger vuestros carnets o haceros socios durante los partidos de pretemporada en el Pabell\u00f3n de Benicarl\u00f3. El nuevo dise\u00f1o de este a\u00f1o est\u00e1 patrocinado por SENSA Servicios El\u00e9ctricos. Si ya eres abonado, recoge el tuyo y si todav\u00eda no lo eres, tienes m\u00e1s informaci\u00f3n sobre los tipos de abonos y proceso de alta en nuestras redes sociales y p\u00e1gina web. Sensa Servicios El\u00e9ctricos es un grupo de distribuci\u00f3n de material el\u00e9ctrico de referencia en la Comunitat Valenciana. Actualmente cuenta con 3 puntos de venta: la sede, ubicada en Castell\u00f3n y las delegaciones sur y norte, localizadas en Catarroja (Valencia) y Benicarl\u00f3 respectivamente. Entre todos sus centros suma m\u00e1s de 9.000 m2\u00a0de almacenaje de las mejores marcas del sector. Su multidisciplinar equipo opera de manera profesional en 5 \u00e1reas: automatizaci\u00f3n &amp; control, industrial, residencial terciario, iluminaci\u00f3n &amp; dom\u00f3tica y renovables. Actualmente, la compa\u00f1\u00eda se encuentra inmersa en una gran apuesta por la distribuci\u00f3n de soluciones para la movilidad el\u00e9ctrica (cargadores, cuadros de protecci\u00f3n\u2026) y las energ\u00edas renovables (paneles solares, inversores, bater\u00edas, estructuras\u2026). Sin lugar a duda, en Benicarl\u00f3 cuentan con el material el\u00e9ctrico y la atenci\u00f3n comercial m\u00e1s competitiva de la zona. Sensa Servicios El\u00e9ctricos presenta valores que desde el Club B\u00e0squet Benicarl\u00f3 intentamos transmitir a todos nuestros jugadores y jugadoras, como por ejemplo la perseverancia, la cercan\u00eda o la superaci\u00f3n. Estamos muy contentos de poder contar con la colaboraci\u00f3n de una empresa como la suya Para esta temporada disponemos de 6 tipos de abonos distintos para que pod\u00e1is encontrar el que m\u00e1s se adapte a vuestras necesidades. Estamos deseando veros a todos apoyando al equipo. #TodoAlRojo Informaci\u00f3n sobre los abonos: CLICK AQU\u00cd Formulario de inscripci\u00f3n: CLICK AQU\u00cd","og_url":"https:\/\/cbbenicarlo.com\/?p=1914","og_site_name":"Club Basquet Benicarl\u00f3","article_published_time":"2022-09-13T17:29:52+00:00","article_modified_time":"2022-09-14T18:09:21+00:00","og_image":[{"width":1024,"height":683,"url":"https:\/\/cbbenicarlo.com\/wp-content\/uploads\/2022\/09\/TOTS-CARNETS-1024x683.png","type":"image\/png"}],"author":"Club B\u00e0squet Benicarl\u00f3","twitter_card":"summary_large_image","twitter_misc":{"Escrito por":"Club B\u00e0squet Benicarl\u00f3","Tiempo de lectura":"3 minutos"},"schema":{"@context":"https:\/\/schema.org","@graph":[{"@type":"Article","@id":"https:\/\/cbbenicarlo.com\/?p=1914#article","isPartOf":{"@id":"https:\/\/cbbenicarlo.com\/?p=1914"},"author":{"name":"Club B\u00e0squet Benicarl\u00f3","@id":"https:\/\/cbbenicarlo.com\/#\/schema\/person\/200a6bea92870b7adeb1a5c755a793f2"},"headline":"CARNETS DE ABONADO","datePublished":"2022-09-13T17:29:52+00:00","dateModified":"2022-09-14T18:09:21+00:00","mainEntityOfPage":{"@id":"https:\/\/cbbenicarlo.com\/?p=1914"},"wordCount":326,"publisher":{"@id":"https:\/\/cbbenicarlo.com\/#organization"},"articleSection":["Club","Patrocinadores","Socios"],"inLanguage":"es"},{"@type":"WebPage","@id":"https:\/\/cbbenicarlo.com\/?p=1914","url":"https:\/\/cbbenicarlo.com\/?p=1914","name":"CARNETS DE ABONADO | Club Basquet Benicarl\u00f3","isPartOf":{"@id":"https:\/\/cbbenicarlo.com\/#website"},"datePublished":"2022-09-13T17:29:52+00:00","dateModified":"2022-09-14T18:09:21+00:00","breadcrumb":{"@id":"https:\/\/cbbenicarlo.com\/?p=1914#breadcrumb"},"inLanguage":"es","potentialAction":[{"@type":"ReadAction","target":["https:\/\/cbbenicarlo.com\/?p=1914"]}]},{"@type":"BreadcrumbList","@id":"https:\/\/cbbenicarlo.com\/?p=1914#breadcrumb","itemListElement":[{"@type":"ListItem","position":1,"name":"Portada","item":"https:\/\/cbbenicarlo.com\/"},{"@type":"ListItem","position":2,"name":"CARNETS DE ABONADO"}]},{"@type":"WebSite","@id":"https:\/\/cbbenicarlo.com\/#website","url":"https:\/\/cbbenicarlo.com\/","name":"Club Basquet Benicarl\u00f3","description":"P\u00e1gina Web Oficial","publisher":{"@id":"https:\/\/cbbenicarlo.com\/#organization"},"potentialAction":[{"@type":"SearchAction","target":{"@type":"EntryPoint","urlTemplate":"https:\/\/cbbenicarlo.com\/?s={search_term_string}"},"query-input":"required name=search_term_string"}],"inLanguage":"es"},{"@type":"Organization","@id":"https:\/\/cbbenicarlo.com\/#organization","name":"Club B\u00e0squet Benicarl\u00f3","url":"https:\/\/cbbenicarlo.com\/","logo":{"@type":"ImageObject","inLanguage":"es","@id":"https:\/\/cbbenicarlo.com\/#\/schema\/logo\/image\/","url":"https:\/\/cbbenicarlo.com\/wp-content\/uploads\/2022\/05\/cropped-cropped-cropped-CBBENICARLO2021-22-2.png","contentUrl":"https:\/\/cbbenicarlo.com\/wp-content\/uploads\/2022\/05\/cropped-cropped-cropped-CBBENICARLO2021-22-2.png","width":512,"height":512,"caption":"Club B\u00e0squet Benicarl\u00f3"},"image":{"@id":"https:\/\/cbbenicarlo.com\/#\/schema\/logo\/image\/"}},{"@type":"Person","@id":"https:\/\/cbbenicarlo.com\/#\/schema\/person\/200a6bea92870b7adeb1a5c755a793f2","name":"Club B\u00e0squet Benicarl\u00f3","image":{"@type":"ImageObject","inLanguage":"es","@id":"https:\/\/cbbenicarlo.com\/#\/schema\/person\/image\/","url":"https:\/\/secure.gravatar.com\/avatar\/8aed305f961a70f8934d4ba794f3527a?s=96&d=mm&r=g","contentUrl":"https:\/\/secure.gravatar.com\/avatar\/8aed305f961a70f8934d4ba794f3527a?s=96&d=mm&r=g","caption":"Club B\u00e0squet Benicarl\u00f3"},"url":"https:\/\/cbbenicarlo.com\/?author=1"}]}},"_links":{"self":[{"href":"https:\/\/cbbenicarlo.com\/index.php?rest_route=\/wp\/v2\/posts\/1914"}],"collection":[{"href":"https:\/\/cbbenicarlo.com\/index.php?rest_route=\/wp\/v2\/posts"}],"about":[{"href":"https:\/\/cbbenicarlo.com\/index.php?rest_route=\/wp\/v2\/types\/post"}],"author":[{"embeddable":true,"href":"https:\/\/cbbenicarlo.com\/index.php?rest_route=\/wp\/v2\/users\/1"}],"replies":[{"embeddable":true,"href":"https:\/\/cbbenicarlo.com\/index.php?rest_route=%2Fwp%2Fv2%2Fcomments&post=1914"}],"version-history":[{"count":6,"href":"https:\/\/cbbenicarlo.com\/index.php?rest_route=\/wp\/v2\/posts\/1914\/revisions"}],"predecessor-version":[{"id":1928,"href":"https:\/\/cbbenicarlo.com\/index.php?rest_route=\/wp\/v2\/posts\/1914\/revisions\/1928"}],"wp:featuredmedia":[{"embeddable":true,"href":"https:\/\/cbbenicarlo.com\/index.php?rest_route=\/wp\/v2\/media\/1915"}],"wp:attachment":[{"href":"https:\/\/cbbenicarlo.com\/index.php?rest_route=%2Fwp%2Fv2%2Fmedia&parent=1914"}],"wp:term":[{"taxonomy":"category","embeddable":true,"href":"https:\/\/cbbenicarlo.com\/index.php?rest_route=%2Fwp%2Fv2%2Fcategories&post=1914"},{"taxonomy":"post_tag","embeddable":true,"href":"https:\/\/cbbenicarlo.com\/index.php?rest_route=%2Fwp%2Fv2%2Ftags&post=1914"}],"curies":[{"name":"wp","href":"https:\/\/api.w.org\/{rel}","templated":true}]}}