{"id":1865,"date":"2022-08-24T19:14:59","date_gmt":"2022-08-24T17:14:59","guid":{"rendered":"https:\/\/cbbenicarlo.com\/?p=1865"},"modified":"2022-08-24T19:28:10","modified_gmt":"2022-08-24T17:28:10","slug":"%f0%9d%97%a3%f0%9d%97%a5%f0%9d%97%9c%f0%9d%97%a0%f0%9d%97%98%f0%9d%97%a5-%f0%9d%97%98%f0%9d%97%a4%f0%9d%97%a8%f0%9d%97%9c%f0%9d%97%a3%f0%9d%97%a2-%f0%9d%97%a7%f0%9d%97%b2%f0%9d%97%ba%f0%9d%97%bd","status":"publish","type":"post","link":"https:\/\/cbbenicarlo.com\/?p=1865","title":{"rendered":"\ud835\udde3\ud835\udde5\ud835\udddc\ud835\udde0\ud835\uddd8\ud835\udde5 \ud835\uddd8\ud835\udde4\ud835\udde8\ud835\udddc\ud835\udde3\ud835\udde2 | \ud835\udde7\ud835\uddf2\ud835\uddfa\ud835\uddfd\ud835\uddfc\ud835\uddff\ud835\uddee\ud835\uddf1\ud835\uddee \ud835\udfee\ud835\udfee\/\ud835\udfee\ud835\udfef"},"content":{"rendered":"\n<p>\u00a1Queda una semana para el inicio de la temporada! <br>Estos son los miembros que formar\u00e1n nuestro primer equipo para esta pretemporada. \u00a1Estamos deseando que esto empiece! <\/p>\n\n\n\n<p>Pr\u00f3ximamente, anunciaremos el calendario de pretemporada con los partidos amistosos para que pod\u00e1is empezar a ver a nuestro equipo en acci\u00f3n. Nos espera una pretemporada llena de trabajo e ilusi\u00f3n.&nbsp;<a href=\"https:\/\/www.instagram.com\/explore\/tags\/todoalrojo\/\">#TodoAlRojo<\/a>&nbsp;\ud83d\udd34<\/p>\n\n\n\n<figure class=\"is-layout-flex wp-block-gallery-1 wp-block-gallery has-nested-images columns-default is-cropped\">\n<figure class=\"wp-block-image size-large\"><img fetchpriority=\"high\" decoding=\"async\" width=\"3840\" height=\"2160\" data-id=\"1833\"  src=\"https:\/\/cbbenicarlo.com\/wp-content\/uploads\/2022\/08\/PLANTILLA.png\" alt=\"\" class=\"wp-image-1833\" srcset=\"https:\/\/cbbenicarlo.com\/wp-content\/uploads\/2022\/08\/PLANTILLA.png 3840w, https:\/\/cbbenicarlo.com\/wp-content\/uploads\/2022\/08\/PLANTILLA-300x169.png 300w, https:\/\/cbbenicarlo.com\/wp-content\/uploads\/2022\/08\/PLANTILLA-1024x576.png 1024w, https:\/\/cbbenicarlo.com\/wp-content\/uploads\/2022\/08\/PLANTILLA-768x432.png 768w, https:\/\/cbbenicarlo.com\/wp-content\/uploads\/2022\/08\/PLANTILLA-1536x864.png 1536w, https:\/\/cbbenicarlo.com\/wp-content\/uploads\/2022\/08\/PLANTILLA-2048x1152.png 2048w, https:\/\/cbbenicarlo.com\/wp-content\/uploads\/2022\/08\/PLANTILLA-800x450.png 800w, https:\/\/cbbenicarlo.com\/wp-content\/uploads\/2022\/08\/PLANTILLA-128x72.png 128w, https:\/\/cbbenicarlo.com\/wp-content\/uploads\/2022\/08\/PLANTILLA-32x18.png 32w\" sizes=\"(max-width: 3840px) 100vw, 3840px\" \/><\/figure>\n\n\n\n<figure class=\"wp-block-image size-large\"><img decoding=\"async\" width=\"3840\" height=\"2160\" data-id=\"1832\"  src=\"https:\/\/cbbenicarlo.com\/wp-content\/uploads\/2022\/08\/STAFF.png\" alt=\"\" class=\"wp-image-1832\" srcset=\"https:\/\/cbbenicarlo.com\/wp-content\/uploads\/2022\/08\/STAFF.png 3840w, https:\/\/cbbenicarlo.com\/wp-content\/uploads\/2022\/08\/STAFF-300x169.png 300w, https:\/\/cbbenicarlo.com\/wp-content\/uploads\/2022\/08\/STAFF-1024x576.png 1024w, https:\/\/cbbenicarlo.com\/wp-content\/uploads\/2022\/08\/STAFF-768x432.png 768w, https:\/\/cbbenicarlo.com\/wp-content\/uploads\/2022\/08\/STAFF-1536x864.png 1536w, https:\/\/cbbenicarlo.com\/wp-content\/uploads\/2022\/08\/STAFF-2048x1152.png 2048w, https:\/\/cbbenicarlo.com\/wp-content\/uploads\/2022\/08\/STAFF-800x450.png 800w\" sizes=\"(max-width: 3840px) 100vw, 3840px\" \/><\/figure>\n<\/figure>\n","protected":false},"excerpt":{"rendered":"<p>\u00a1Queda una semana para el inicio de la temporada! Estos son los miembros que formar\u00e1n nuestro primer equipo para esta pretemporada. \u00a1Estamos deseando que esto empiece! Pr\u00f3ximamente, anunciaremos el calendario de pretemporada con los partidos amistosos para que pod\u00e1is empezar a ver a nuestro equipo en acci\u00f3n. Nos espera una pretemporada llena de trabajo e ilusi\u00f3n.&nbsp;#TodoAlRojo&nbsp;\ud83d\udd34<\/p>\n","protected":false},"author":1,"featured_media":1833,"comment_status":"closed","ping_status":"closed","sticky":false,"template":"","format":"standard","meta":{"_eb_attr":""},"categories":[1],"tags":[],"yoast_head":"<!-- This site is optimized with the Yoast SEO plugin v21.1 - https:\/\/yoast.com\/wordpress\/plugins\/seo\/ -->\n<title>\ud835\udde3\ud835\udde5\ud835\udddc\ud835\udde0\ud835\uddd8\ud835\udde5 \ud835\uddd8\ud835\udde4\ud835\udde8\ud835\udddc\ud835\udde3\ud835\udde2 | \ud835\udde7\ud835\uddf2\ud835\uddfa\ud835\uddfd\ud835\uddfc\ud835\uddff\ud835\uddee\ud835\uddf1\ud835\uddee \ud835\udfee\ud835\udfee\/\ud835\udfee\ud835\udfef | Club Basquet Benicarl\u00f3<\/title>\n<meta name=\"robots\" content=\"index, follow, max-snippet:-1, max-image-preview:large, max-video-preview:-1\" \/>\n<link rel=\"canonical\" href=\"https:\/\/cbbenicarlo.com\/?p=1865\" \/>\n<meta property=\"og:locale\" content=\"es_ES\" \/>\n<meta property=\"og:type\" content=\"article\" \/>\n<meta property=\"og:title\" content=\"\ud835\udde3\ud835\udde5\ud835\udddc\ud835\udde0\ud835\uddd8\ud835\udde5 \ud835\uddd8\ud835\udde4\ud835\udde8\ud835\udddc\ud835\udde3\ud835\udde2 | \ud835\udde7\ud835\uddf2\ud835\uddfa\ud835\uddfd\ud835\uddfc\ud835\uddff\ud835\uddee\ud835\uddf1\ud835\uddee \ud835\udfee\ud835\udfee\/\ud835\udfee\ud835\udfef | Club Basquet Benicarl\u00f3\" \/>\n<meta property=\"og:description\" content=\"\u00a1Queda una semana para el inicio de la temporada! Estos son los miembros que formar\u00e1n nuestro primer equipo para esta pretemporada. \u00a1Estamos deseando que esto empiece! Pr\u00f3ximamente, anunciaremos el calendario de pretemporada con los partidos amistosos para que pod\u00e1is empezar a ver a nuestro equipo en acci\u00f3n. Nos espera una pretemporada llena de trabajo e ilusi\u00f3n.&nbsp;#TodoAlRojo&nbsp;\ud83d\udd34\" \/>\n<meta property=\"og:url\" content=\"https:\/\/cbbenicarlo.com\/?p=1865\" \/>\n<meta property=\"og:site_name\" content=\"Club Basquet Benicarl\u00f3\" \/>\n<meta property=\"article:published_time\" content=\"2022-08-24T17:14:59+00:00\" \/>\n<meta property=\"article:modified_time\" content=\"2022-08-24T17:28:10+00:00\" \/>\n<meta property=\"og:image\" content=\"https:\/\/cbbenicarlo.com\/wp-content\/uploads\/2022\/08\/PLANTILLA-1024x576.png\" \/>\n\t<meta property=\"og:image:width\" content=\"1024\" \/>\n\t<meta property=\"og:image:height\" content=\"576\" \/>\n\t<meta property=\"og:image:type\" content=\"image\/png\" \/>\n<meta name=\"author\" content=\"Club B\u00e0squet Benicarl\u00f3\" \/>\n<meta name=\"twitter:card\" content=\"summary_large_image\" \/>\n<meta name=\"twitter:label1\" content=\"Escrito por\" \/>\n\t<meta name=\"twitter:data1\" content=\"Club B\u00e0squet Benicarl\u00f3\" \/>\n\t<meta name=\"twitter:label2\" content=\"Tiempo de lectura\" \/>\n\t<meta name=\"twitter:data2\" content=\"1 minuto\" \/>\n<script type=\"application\/ld+json\" class=\"yoast-schema-graph\">{\"@context\":\"https:\/\/schema.org\",\"@graph\":[{\"@type\":\"Article\",\"@id\":\"https:\/\/cbbenicarlo.com\/?p=1865#article\",\"isPartOf\":{\"@id\":\"https:\/\/cbbenicarlo.com\/?p=1865\"},\"author\":{\"name\":\"Club B\u00e0squet Benicarl\u00f3\",\"@id\":\"https:\/\/cbbenicarlo.com\/#\/schema\/person\/200a6bea92870b7adeb1a5c755a793f2\"},\"headline\":\"\ud835\udde3\ud835\udde5\ud835\udddc\ud835\udde0\ud835\uddd8\ud835\udde5 \ud835\uddd8\ud835\udde4\ud835\udde8\ud835\udddc\ud835\udde3\ud835\udde2 | \ud835\udde7\ud835\uddf2\ud835\uddfa\ud835\uddfd\ud835\uddfc\ud835\uddff\ud835\uddee\ud835\uddf1\ud835\uddee \ud835\udfee\ud835\udfee\/\ud835\udfee\ud835\udfef\",\"datePublished\":\"2022-08-24T17:14:59+00:00\",\"dateModified\":\"2022-08-24T17:28:10+00:00\",\"mainEntityOfPage\":{\"@id\":\"https:\/\/cbbenicarlo.com\/?p=1865\"},\"wordCount\":64,\"publisher\":{\"@id\":\"https:\/\/cbbenicarlo.com\/#organization\"},\"articleSection\":[\"Primer Equipo\"],\"inLanguage\":\"es\"},{\"@type\":\"WebPage\",\"@id\":\"https:\/\/cbbenicarlo.com\/?p=1865\",\"url\":\"https:\/\/cbbenicarlo.com\/?p=1865\",\"name\":\"\ud835\udde3\ud835\udde5\ud835\udddc\ud835\udde0\ud835\uddd8\ud835\udde5 \ud835\uddd8\ud835\udde4\ud835\udde8\ud835\udddc\ud835\udde3\ud835\udde2 | \ud835\udde7\ud835\uddf2\ud835\uddfa\ud835\uddfd\ud835\uddfc\ud835\uddff\ud835\uddee\ud835\uddf1\ud835\uddee \ud835\udfee\ud835\udfee\/\ud835\udfee\ud835\udfef | Club Basquet Benicarl\u00f3\",\"isPartOf\":{\"@id\":\"https:\/\/cbbenicarlo.com\/#website\"},\"datePublished\":\"2022-08-24T17:14:59+00:00\",\"dateModified\":\"2022-08-24T17:28:10+00:00\",\"breadcrumb\":{\"@id\":\"https:\/\/cbbenicarlo.com\/?p=1865#breadcrumb\"},\"inLanguage\":\"es\",\"potentialAction\":[{\"@type\":\"ReadAction\",\"target\":[\"https:\/\/cbbenicarlo.com\/?p=1865\"]}]},{\"@type\":\"BreadcrumbList\",\"@id\":\"https:\/\/cbbenicarlo.com\/?p=1865#breadcrumb\",\"itemListElement\":[{\"@type\":\"ListItem\",\"position\":1,\"name\":\"Portada\",\"item\":\"https:\/\/cbbenicarlo.com\/\"},{\"@type\":\"ListItem\",\"position\":2,\"name\":\"\ud835\udde3\ud835\udde5\ud835\udddc\ud835\udde0\ud835\uddd8\ud835\udde5 \ud835\uddd8\ud835\udde4\ud835\udde8\ud835\udddc\ud835\udde3\ud835\udde2 | \ud835\udde7\ud835\uddf2\ud835\uddfa\ud835\uddfd\ud835\uddfc\ud835\uddff\ud835\uddee\ud835\uddf1\ud835\uddee \ud835\udfee\ud835\udfee\/\ud835\udfee\ud835\udfef\"}]},{\"@type\":\"WebSite\",\"@id\":\"https:\/\/cbbenicarlo.com\/#website\",\"url\":\"https:\/\/cbbenicarlo.com\/\",\"name\":\"Club Basquet Benicarl\u00f3\",\"description\":\"P\u00e1gina Web Oficial\",\"publisher\":{\"@id\":\"https:\/\/cbbenicarlo.com\/#organization\"},\"potentialAction\":[{\"@type\":\"SearchAction\",\"target\":{\"@type\":\"EntryPoint\",\"urlTemplate\":\"https:\/\/cbbenicarlo.com\/?s={search_term_string}\"},\"query-input\":\"required name=search_term_string\"}],\"inLanguage\":\"es\"},{\"@type\":\"Organization\",\"@id\":\"https:\/\/cbbenicarlo.com\/#organization\",\"name\":\"Club B\u00e0squet Benicarl\u00f3\",\"url\":\"https:\/\/cbbenicarlo.com\/\",\"logo\":{\"@type\":\"ImageObject\",\"inLanguage\":\"es\",\"@id\":\"https:\/\/cbbenicarlo.com\/#\/schema\/logo\/image\/\",\"url\":\"https:\/\/cbbenicarlo.com\/wp-content\/uploads\/2022\/05\/cropped-cropped-cropped-CBBENICARLO2021-22-2.png\",\"contentUrl\":\"https:\/\/cbbenicarlo.com\/wp-content\/uploads\/2022\/05\/cropped-cropped-cropped-CBBENICARLO2021-22-2.png\",\"width\":512,\"height\":512,\"caption\":\"Club B\u00e0squet Benicarl\u00f3\"},\"image\":{\"@id\":\"https:\/\/cbbenicarlo.com\/#\/schema\/logo\/image\/\"}},{\"@type\":\"Person\",\"@id\":\"https:\/\/cbbenicarlo.com\/#\/schema\/person\/200a6bea92870b7adeb1a5c755a793f2\",\"name\":\"Club B\u00e0squet Benicarl\u00f3\",\"image\":{\"@type\":\"ImageObject\",\"inLanguage\":\"es\",\"@id\":\"https:\/\/cbbenicarlo.com\/#\/schema\/person\/image\/\",\"url\":\"https:\/\/secure.gravatar.com\/avatar\/8aed305f961a70f8934d4ba794f3527a?s=96&d=mm&r=g\",\"contentUrl\":\"https:\/\/secure.gravatar.com\/avatar\/8aed305f961a70f8934d4ba794f3527a?s=96&d=mm&r=g\",\"caption\":\"Club B\u00e0squet Benicarl\u00f3\"},\"url\":\"https:\/\/cbbenicarlo.com\/?author=1\"}]}<\/script>\n<!-- \/ Yoast SEO plugin. -->","yoast_head_json":{"title":"\ud835\udde3\ud835\udde5\ud835\udddc\ud835\udde0\ud835\uddd8\ud835\udde5 \ud835\uddd8\ud835\udde4\ud835\udde8\ud835\udddc\ud835\udde3\ud835\udde2 | \ud835\udde7\ud835\uddf2\ud835\uddfa\ud835\uddfd\ud835\uddfc\ud835\uddff\ud835\uddee\ud835\uddf1\ud835\uddee \ud835\udfee\ud835\udfee\/\ud835\udfee\ud835\udfef | Club Basquet Benicarl\u00f3","robots":{"index":"index","follow":"follow","max-snippet":"max-snippet:-1","max-image-preview":"max-image-preview:large","max-video-preview":"max-video-preview:-1"},"canonical":"https:\/\/cbbenicarlo.com\/?p=1865","og_locale":"es_ES","og_type":"article","og_title":"\ud835\udde3\ud835\udde5\ud835\udddc\ud835\udde0\ud835\uddd8\ud835\udde5 \ud835\uddd8\ud835\udde4\ud835\udde8\ud835\udddc\ud835\udde3\ud835\udde2 | \ud835\udde7\ud835\uddf2\ud835\uddfa\ud835\uddfd\ud835\uddfc\ud835\uddff\ud835\uddee\ud835\uddf1\ud835\uddee \ud835\udfee\ud835\udfee\/\ud835\udfee\ud835\udfef | Club Basquet Benicarl\u00f3","og_description":"\u00a1Queda una semana para el inicio de la temporada! Estos son los miembros que formar\u00e1n nuestro primer equipo para esta pretemporada. \u00a1Estamos deseando que esto empiece! Pr\u00f3ximamente, anunciaremos el calendario de pretemporada con los partidos amistosos para que pod\u00e1is empezar a ver a nuestro equipo en acci\u00f3n. Nos espera una pretemporada llena de trabajo e ilusi\u00f3n.&nbsp;#TodoAlRojo&nbsp;\ud83d\udd34","og_url":"https:\/\/cbbenicarlo.com\/?p=1865","og_site_name":"Club Basquet Benicarl\u00f3","article_published_time":"2022-08-24T17:14:59+00:00","article_modified_time":"2022-08-24T17:28:10+00:00","og_image":[{"width":1024,"height":576,"url":"https:\/\/cbbenicarlo.com\/wp-content\/uploads\/2022\/08\/PLANTILLA-1024x576.png","type":"image\/png"}],"author":"Club B\u00e0squet Benicarl\u00f3","twitter_card":"summary_large_image","twitter_misc":{"Escrito por":"Club B\u00e0squet Benicarl\u00f3","Tiempo de lectura":"1 minuto"},"schema":{"@context":"https:\/\/schema.org","@graph":[{"@type":"Article","@id":"https:\/\/cbbenicarlo.com\/?p=1865#article","isPartOf":{"@id":"https:\/\/cbbenicarlo.com\/?p=1865"},"author":{"name":"Club B\u00e0squet Benicarl\u00f3","@id":"https:\/\/cbbenicarlo.com\/#\/schema\/person\/200a6bea92870b7adeb1a5c755a793f2"},"headline":"\ud835\udde3\ud835\udde5\ud835\udddc\ud835\udde0\ud835\uddd8\ud835\udde5 \ud835\uddd8\ud835\udde4\ud835\udde8\ud835\udddc\ud835\udde3\ud835\udde2 | \ud835\udde7\ud835\uddf2\ud835\uddfa\ud835\uddfd\ud835\uddfc\ud835\uddff\ud835\uddee\ud835\uddf1\ud835\uddee \ud835\udfee\ud835\udfee\/\ud835\udfee\ud835\udfef","datePublished":"2022-08-24T17:14:59+00:00","dateModified":"2022-08-24T17:28:10+00:00","mainEntityOfPage":{"@id":"https:\/\/cbbenicarlo.com\/?p=1865"},"wordCount":64,"publisher":{"@id":"https:\/\/cbbenicarlo.com\/#organization"},"articleSection":["Primer Equipo"],"inLanguage":"es"},{"@type":"WebPage","@id":"https:\/\/cbbenicarlo.com\/?p=1865","url":"https:\/\/cbbenicarlo.com\/?p=1865","name":"\ud835\udde3\ud835\udde5\ud835\udddc\ud835\udde0\ud835\uddd8\ud835\udde5 \ud835\uddd8\ud835\udde4\ud835\udde8\ud835\udddc\ud835\udde3\ud835\udde2 | \ud835\udde7\ud835\uddf2\ud835\uddfa\ud835\uddfd\ud835\uddfc\ud835\uddff\ud835\uddee\ud835\uddf1\ud835\uddee \ud835\udfee\ud835\udfee\/\ud835\udfee\ud835\udfef | Club Basquet Benicarl\u00f3","isPartOf":{"@id":"https:\/\/cbbenicarlo.com\/#website"},"datePublished":"2022-08-24T17:14:59+00:00","dateModified":"2022-08-24T17:28:10+00:00","breadcrumb":{"@id":"https:\/\/cbbenicarlo.com\/?p=1865#breadcrumb"},"inLanguage":"es","potentialAction":[{"@type":"ReadAction","target":["https:\/\/cbbenicarlo.com\/?p=1865"]}]},{"@type":"BreadcrumbList","@id":"https:\/\/cbbenicarlo.com\/?p=1865#breadcrumb","itemListElement":[{"@type":"ListItem","position":1,"name":"Portada","item":"https:\/\/cbbenicarlo.com\/"},{"@type":"ListItem","position":2,"name":"\ud835\udde3\ud835\udde5\ud835\udddc\ud835\udde0\ud835\uddd8\ud835\udde5 \ud835\uddd8\ud835\udde4\ud835\udde8\ud835\udddc\ud835\udde3\ud835\udde2 | \ud835\udde7\ud835\uddf2\ud835\uddfa\ud835\uddfd\ud835\uddfc\ud835\uddff\ud835\uddee\ud835\uddf1\ud835\uddee \ud835\udfee\ud835\udfee\/\ud835\udfee\ud835\udfef"}]},{"@type":"WebSite","@id":"https:\/\/cbbenicarlo.com\/#website","url":"https:\/\/cbbenicarlo.com\/","name":"Club Basquet Benicarl\u00f3","description":"P\u00e1gina Web Oficial","publisher":{"@id":"https:\/\/cbbenicarlo.com\/#organization"},"potentialAction":[{"@type":"SearchAction","target":{"@type":"EntryPoint","urlTemplate":"https:\/\/cbbenicarlo.com\/?s={search_term_string}"},"query-input":"required name=search_term_string"}],"inLanguage":"es"},{"@type":"Organization","@id":"https:\/\/cbbenicarlo.com\/#organization","name":"Club B\u00e0squet Benicarl\u00f3","url":"https:\/\/cbbenicarlo.com\/","logo":{"@type":"ImageObject","inLanguage":"es","@id":"https:\/\/cbbenicarlo.com\/#\/schema\/logo\/image\/","url":"https:\/\/cbbenicarlo.com\/wp-content\/uploads\/2022\/05\/cropped-cropped-cropped-CBBENICARLO2021-22-2.png","contentUrl":"https:\/\/cbbenicarlo.com\/wp-content\/uploads\/2022\/05\/cropped-cropped-cropped-CBBENICARLO2021-22-2.png","width":512,"height":512,"caption":"Club B\u00e0squet Benicarl\u00f3"},"image":{"@id":"https:\/\/cbbenicarlo.com\/#\/schema\/logo\/image\/"}},{"@type":"Person","@id":"https:\/\/cbbenicarlo.com\/#\/schema\/person\/200a6bea92870b7adeb1a5c755a793f2","name":"Club B\u00e0squet Benicarl\u00f3","image":{"@type":"ImageObject","inLanguage":"es","@id":"https:\/\/cbbenicarlo.com\/#\/schema\/person\/image\/","url":"https:\/\/secure.gravatar.com\/avatar\/8aed305f961a70f8934d4ba794f3527a?s=96&d=mm&r=g","contentUrl":"https:\/\/secure.gravatar.com\/avatar\/8aed305f961a70f8934d4ba794f3527a?s=96&d=mm&r=g","caption":"Club B\u00e0squet Benicarl\u00f3"},"url":"https:\/\/cbbenicarlo.com\/?author=1"}]}},"_links":{"self":[{"href":"https:\/\/cbbenicarlo.com\/index.php?rest_route=\/wp\/v2\/posts\/1865"}],"collection":[{"href":"https:\/\/cbbenicarlo.com\/index.php?rest_route=\/wp\/v2\/posts"}],"about":[{"href":"https:\/\/cbbenicarlo.com\/index.php?rest_route=\/wp\/v2\/types\/post"}],"author":[{"embeddable":true,"href":"https:\/\/cbbenicarlo.com\/index.php?rest_route=\/wp\/v2\/users\/1"}],"replies":[{"embeddable":true,"href":"https:\/\/cbbenicarlo.com\/index.php?rest_route=%2Fwp%2Fv2%2Fcomments&post=1865"}],"version-history":[{"count":2,"href":"https:\/\/cbbenicarlo.com\/index.php?rest_route=\/wp\/v2\/posts\/1865\/revisions"}],"predecessor-version":[{"id":1867,"href":"https:\/\/cbbenicarlo.com\/index.php?rest_route=\/wp\/v2\/posts\/1865\/revisions\/1867"}],"wp:featuredmedia":[{"embeddable":true,"href":"https:\/\/cbbenicarlo.com\/index.php?rest_route=\/wp\/v2\/media\/1833"}],"wp:attachment":[{"href":"https:\/\/cbbenicarlo.com\/index.php?rest_route=%2Fwp%2Fv2%2Fmedia&parent=1865"}],"wp:term":[{"taxonomy":"category","embeddable":true,"href":"https:\/\/cbbenicarlo.com\/index.php?rest_route=%2Fwp%2Fv2%2Fcategories&post=1865"},{"taxonomy":"post_tag","embeddable":true,"href":"https:\/\/cbbenicarlo.com\/index.php?rest_route=%2Fwp%2Fv2%2Ftags&post=1865"}],"curies":[{"name":"wp","href":"https:\/\/api.w.org\/{rel}","templated":true}]}}