{"id":1763,"date":"2022-08-09T14:45:19","date_gmt":"2022-08-09T12:45:19","guid":{"rendered":"https:\/\/cbbenicarlo.com\/?p=1763"},"modified":"2022-08-09T14:52:10","modified_gmt":"2022-08-09T12:52:10","slug":"fichaje-anthony-libroia-temporada-22-23","status":"publish","type":"post","link":"https:\/\/cbbenicarlo.com\/?p=1763","title":{"rendered":"FICHAJE | Anthony Libroia Temporada 22\/23"},"content":{"rendered":"\n<p><strong>El base estadounidense con pasaporte italiano y amplia experiencia en LEB Plata, incorporaci\u00f3n de lujo para el Maderas Sorl\u00ed Benicarl\u00f3.<\/strong><\/p>\n\n\n\n<p>\u201cAnthony Libroia es uno de los Bases m\u00e1s determinantes de la Leb Plata. Tiene pasaporte Italiano y cuenta con una ampl\u00eda experiencia en la categor\u00eda. Desde la temporada 16\/17 ha ido acumulando diferentes MVP y siendo un jugador muy destacado, esta \u00faltima campa\u00f1a form\u00f3 parte del C\u00edrculo Gij\u00f3n.<br>Se trata de un jugador que destaca por su explosividad, verticalidad al aro y su manejo de bal\u00f3n. Es un lujo poder contar con \u00e9l en el equipo\u201d, explica el staff.<\/p>\n\n\n\n<p>Anthony nos ha afirmado que tiene muchas ganas de empezar. La profesionalidad, seriedad del club y los objetivos propuestos han sido el motivo principal por el que ha decidido unirse a nosotros.<br>\u201cI liked how serious and professional this club is on and off the basketball court and the goals they are looking to achieve this season\u201d<\/p>\n\n\n\n<p>\u00a1Bienvenido Anthony, welcome to your new home! <mark style=\"background-color:rgba(0, 0, 0, 0)\" class=\"has-inline-color has-vivid-red-color\">#TodoAlrojo<\/mark><\/p>\n\n\n\n<figure class=\"wp-block-image size-large\"><img fetchpriority=\"high\" decoding=\"async\" width=\"778\" height=\"1024\" src=\"https:\/\/cbbenicarlo.com\/wp-content\/uploads\/2022\/08\/WhatsApp-Image-2022-08-06-at-3.31.55-PM-778x1024.jpeg\" alt=\"\" class=\"wp-image-1766\" srcset=\"https:\/\/cbbenicarlo.com\/wp-content\/uploads\/2022\/08\/WhatsApp-Image-2022-08-06-at-3.31.55-PM-778x1024.jpeg 778w, https:\/\/cbbenicarlo.com\/wp-content\/uploads\/2022\/08\/WhatsApp-Image-2022-08-06-at-3.31.55-PM-228x300.jpeg 228w, https:\/\/cbbenicarlo.com\/wp-content\/uploads\/2022\/08\/WhatsApp-Image-2022-08-06-at-3.31.55-PM-768x1011.jpeg 768w, https:\/\/cbbenicarlo.com\/wp-content\/uploads\/2022\/08\/WhatsApp-Image-2022-08-06-at-3.31.55-PM-1167x1536.jpeg 1167w, https:\/\/cbbenicarlo.com\/wp-content\/uploads\/2022\/08\/WhatsApp-Image-2022-08-06-at-3.31.55-PM-97x128.jpeg 97w, https:\/\/cbbenicarlo.com\/wp-content\/uploads\/2022\/08\/WhatsApp-Image-2022-08-06-at-3.31.55-PM-24x32.jpeg 24w, https:\/\/cbbenicarlo.com\/wp-content\/uploads\/2022\/08\/WhatsApp-Image-2022-08-06-at-3.31.55-PM.jpeg 1216w\" sizes=\"(max-width: 778px) 100vw, 778px\" \/><\/figure>\n","protected":false},"excerpt":{"rendered":"<p>El base estadounidense con pasaporte italiano y amplia experiencia en LEB Plata, incorporaci\u00f3n de lujo para el Maderas Sorl\u00ed Benicarl\u00f3. \u201cAnthony Libroia es uno de los Bases m\u00e1s determinantes de la Leb Plata. Tiene pasaporte Italiano y cuenta con una ampl\u00eda experiencia en la categor\u00eda. Desde la temporada 16\/17 ha ido acumulando diferentes MVP y siendo un jugador muy destacado, esta \u00faltima campa\u00f1a form\u00f3 parte del C\u00edrculo Gij\u00f3n.Se trata de un jugador que destaca por su explosividad, verticalidad al aro y su manejo de bal\u00f3n. Es un lujo poder contar con \u00e9l en el equipo\u201d, explica el staff. Anthony nos ha afirmado que tiene muchas ganas de empezar. La profesionalidad, seriedad del club y los objetivos propuestos han sido el motivo principal por el que ha decidido unirse a nosotros.\u201cI liked how serious and professional this club is on and off the basketball court and the goals they are looking to achieve this season\u201d \u00a1Bienvenido Anthony, welcome to your new home! #TodoAlrojo<\/p>\n","protected":false},"author":1,"featured_media":1765,"comment_status":"closed","ping_status":"closed","sticky":false,"template":"","format":"standard","meta":{"_eb_attr":""},"categories":[1],"tags":[],"yoast_head":"<!-- This site is optimized with the Yoast SEO plugin v21.1 - https:\/\/yoast.com\/wordpress\/plugins\/seo\/ -->\n<title>FICHAJE | Anthony Libroia Temporada 22\/23 | Club Basquet Benicarl\u00f3<\/title>\n<meta name=\"robots\" content=\"index, follow, max-snippet:-1, max-image-preview:large, max-video-preview:-1\" \/>\n<link rel=\"canonical\" href=\"https:\/\/cbbenicarlo.com\/?p=1763\" \/>\n<meta property=\"og:locale\" content=\"es_ES\" \/>\n<meta property=\"og:type\" content=\"article\" \/>\n<meta property=\"og:title\" content=\"FICHAJE | Anthony Libroia Temporada 22\/23 | Club Basquet Benicarl\u00f3\" \/>\n<meta property=\"og:description\" content=\"El base estadounidense con pasaporte italiano y amplia experiencia en LEB Plata, incorporaci\u00f3n de lujo para el Maderas Sorl\u00ed Benicarl\u00f3. \u201cAnthony Libroia es uno de los Bases m\u00e1s determinantes de la Leb Plata. Tiene pasaporte Italiano y cuenta con una ampl\u00eda experiencia en la categor\u00eda. Desde la temporada 16\/17 ha ido acumulando diferentes MVP y siendo un jugador muy destacado, esta \u00faltima campa\u00f1a form\u00f3 parte del C\u00edrculo Gij\u00f3n.Se trata de un jugador que destaca por su explosividad, verticalidad al aro y su manejo de bal\u00f3n. Es un lujo poder contar con \u00e9l en el equipo\u201d, explica el staff. Anthony nos ha afirmado que tiene muchas ganas de empezar. La profesionalidad, seriedad del club y los objetivos propuestos han sido el motivo principal por el que ha decidido unirse a nosotros.\u201cI liked how serious and professional this club is on and off the basketball court and the goals they are looking to achieve this season\u201d \u00a1Bienvenido Anthony, welcome to your new home! #TodoAlrojo\" \/>\n<meta property=\"og:url\" content=\"https:\/\/cbbenicarlo.com\/?p=1763\" \/>\n<meta property=\"og:site_name\" content=\"Club Basquet Benicarl\u00f3\" \/>\n<meta property=\"article:published_time\" content=\"2022-08-09T12:45:19+00:00\" \/>\n<meta property=\"article:modified_time\" content=\"2022-08-09T12:52:10+00:00\" \/>\n<meta property=\"og:image\" content=\"https:\/\/cbbenicarlo.com\/wp-content\/uploads\/2022\/08\/Libroia-819x1024.png\" \/>\n\t<meta property=\"og:image:width\" content=\"819\" \/>\n\t<meta property=\"og:image:height\" content=\"1024\" \/>\n\t<meta property=\"og:image:type\" content=\"image\/png\" \/>\n<meta name=\"author\" content=\"Club B\u00e0squet Benicarl\u00f3\" \/>\n<meta name=\"twitter:card\" content=\"summary_large_image\" \/>\n<meta name=\"twitter:label1\" content=\"Escrito por\" \/>\n\t<meta name=\"twitter:data1\" content=\"Club B\u00e0squet Benicarl\u00f3\" \/>\n\t<meta name=\"twitter:label2\" content=\"Tiempo de lectura\" \/>\n\t<meta name=\"twitter:data2\" content=\"1 minuto\" \/>\n<script type=\"application\/ld+json\" class=\"yoast-schema-graph\">{\"@context\":\"https:\/\/schema.org\",\"@graph\":[{\"@type\":\"Article\",\"@id\":\"https:\/\/cbbenicarlo.com\/?p=1763#article\",\"isPartOf\":{\"@id\":\"https:\/\/cbbenicarlo.com\/?p=1763\"},\"author\":{\"name\":\"Club B\u00e0squet Benicarl\u00f3\",\"@id\":\"https:\/\/cbbenicarlo.com\/#\/schema\/person\/200a6bea92870b7adeb1a5c755a793f2\"},\"headline\":\"FICHAJE | Anthony Libroia Temporada 22\/23\",\"datePublished\":\"2022-08-09T12:45:19+00:00\",\"dateModified\":\"2022-08-09T12:52:10+00:00\",\"mainEntityOfPage\":{\"@id\":\"https:\/\/cbbenicarlo.com\/?p=1763\"},\"wordCount\":175,\"publisher\":{\"@id\":\"https:\/\/cbbenicarlo.com\/#organization\"},\"articleSection\":[\"Primer Equipo\"],\"inLanguage\":\"es\"},{\"@type\":\"WebPage\",\"@id\":\"https:\/\/cbbenicarlo.com\/?p=1763\",\"url\":\"https:\/\/cbbenicarlo.com\/?p=1763\",\"name\":\"FICHAJE | Anthony Libroia Temporada 22\/23 | Club Basquet Benicarl\u00f3\",\"isPartOf\":{\"@id\":\"https:\/\/cbbenicarlo.com\/#website\"},\"datePublished\":\"2022-08-09T12:45:19+00:00\",\"dateModified\":\"2022-08-09T12:52:10+00:00\",\"breadcrumb\":{\"@id\":\"https:\/\/cbbenicarlo.com\/?p=1763#breadcrumb\"},\"inLanguage\":\"es\",\"potentialAction\":[{\"@type\":\"ReadAction\",\"target\":[\"https:\/\/cbbenicarlo.com\/?p=1763\"]}]},{\"@type\":\"BreadcrumbList\",\"@id\":\"https:\/\/cbbenicarlo.com\/?p=1763#breadcrumb\",\"itemListElement\":[{\"@type\":\"ListItem\",\"position\":1,\"name\":\"Portada\",\"item\":\"https:\/\/cbbenicarlo.com\/\"},{\"@type\":\"ListItem\",\"position\":2,\"name\":\"FICHAJE | Anthony Libroia Temporada 22\/23\"}]},{\"@type\":\"WebSite\",\"@id\":\"https:\/\/cbbenicarlo.com\/#website\",\"url\":\"https:\/\/cbbenicarlo.com\/\",\"name\":\"Club Basquet Benicarl\u00f3\",\"description\":\"P\u00e1gina Web Oficial\",\"publisher\":{\"@id\":\"https:\/\/cbbenicarlo.com\/#organization\"},\"potentialAction\":[{\"@type\":\"SearchAction\",\"target\":{\"@type\":\"EntryPoint\",\"urlTemplate\":\"https:\/\/cbbenicarlo.com\/?s={search_term_string}\"},\"query-input\":\"required name=search_term_string\"}],\"inLanguage\":\"es\"},{\"@type\":\"Organization\",\"@id\":\"https:\/\/cbbenicarlo.com\/#organization\",\"name\":\"Club B\u00e0squet Benicarl\u00f3\",\"url\":\"https:\/\/cbbenicarlo.com\/\",\"logo\":{\"@type\":\"ImageObject\",\"inLanguage\":\"es\",\"@id\":\"https:\/\/cbbenicarlo.com\/#\/schema\/logo\/image\/\",\"url\":\"https:\/\/cbbenicarlo.com\/wp-content\/uploads\/2022\/05\/cropped-cropped-cropped-CBBENICARLO2021-22-2.png\",\"contentUrl\":\"https:\/\/cbbenicarlo.com\/wp-content\/uploads\/2022\/05\/cropped-cropped-cropped-CBBENICARLO2021-22-2.png\",\"width\":512,\"height\":512,\"caption\":\"Club B\u00e0squet Benicarl\u00f3\"},\"image\":{\"@id\":\"https:\/\/cbbenicarlo.com\/#\/schema\/logo\/image\/\"}},{\"@type\":\"Person\",\"@id\":\"https:\/\/cbbenicarlo.com\/#\/schema\/person\/200a6bea92870b7adeb1a5c755a793f2\",\"name\":\"Club B\u00e0squet Benicarl\u00f3\",\"image\":{\"@type\":\"ImageObject\",\"inLanguage\":\"es\",\"@id\":\"https:\/\/cbbenicarlo.com\/#\/schema\/person\/image\/\",\"url\":\"https:\/\/secure.gravatar.com\/avatar\/8aed305f961a70f8934d4ba794f3527a?s=96&d=mm&r=g\",\"contentUrl\":\"https:\/\/secure.gravatar.com\/avatar\/8aed305f961a70f8934d4ba794f3527a?s=96&d=mm&r=g\",\"caption\":\"Club B\u00e0squet Benicarl\u00f3\"},\"url\":\"https:\/\/cbbenicarlo.com\/?author=1\"}]}<\/script>\n<!-- \/ Yoast SEO plugin. -->","yoast_head_json":{"title":"FICHAJE | Anthony Libroia Temporada 22\/23 | Club Basquet Benicarl\u00f3","robots":{"index":"index","follow":"follow","max-snippet":"max-snippet:-1","max-image-preview":"max-image-preview:large","max-video-preview":"max-video-preview:-1"},"canonical":"https:\/\/cbbenicarlo.com\/?p=1763","og_locale":"es_ES","og_type":"article","og_title":"FICHAJE | Anthony Libroia Temporada 22\/23 | Club Basquet Benicarl\u00f3","og_description":"El base estadounidense con pasaporte italiano y amplia experiencia en LEB Plata, incorporaci\u00f3n de lujo para el Maderas Sorl\u00ed Benicarl\u00f3. \u201cAnthony Libroia es uno de los Bases m\u00e1s determinantes de la Leb Plata. Tiene pasaporte Italiano y cuenta con una ampl\u00eda experiencia en la categor\u00eda. Desde la temporada 16\/17 ha ido acumulando diferentes MVP y siendo un jugador muy destacado, esta \u00faltima campa\u00f1a form\u00f3 parte del C\u00edrculo Gij\u00f3n.Se trata de un jugador que destaca por su explosividad, verticalidad al aro y su manejo de bal\u00f3n. Es un lujo poder contar con \u00e9l en el equipo\u201d, explica el staff. Anthony nos ha afirmado que tiene muchas ganas de empezar. La profesionalidad, seriedad del club y los objetivos propuestos han sido el motivo principal por el que ha decidido unirse a nosotros.\u201cI liked how serious and professional this club is on and off the basketball court and the goals they are looking to achieve this season\u201d \u00a1Bienvenido Anthony, welcome to your new home! #TodoAlrojo","og_url":"https:\/\/cbbenicarlo.com\/?p=1763","og_site_name":"Club Basquet Benicarl\u00f3","article_published_time":"2022-08-09T12:45:19+00:00","article_modified_time":"2022-08-09T12:52:10+00:00","og_image":[{"width":819,"height":1024,"url":"https:\/\/cbbenicarlo.com\/wp-content\/uploads\/2022\/08\/Libroia-819x1024.png","type":"image\/png"}],"author":"Club B\u00e0squet Benicarl\u00f3","twitter_card":"summary_large_image","twitter_misc":{"Escrito por":"Club B\u00e0squet Benicarl\u00f3","Tiempo de lectura":"1 minuto"},"schema":{"@context":"https:\/\/schema.org","@graph":[{"@type":"Article","@id":"https:\/\/cbbenicarlo.com\/?p=1763#article","isPartOf":{"@id":"https:\/\/cbbenicarlo.com\/?p=1763"},"author":{"name":"Club B\u00e0squet Benicarl\u00f3","@id":"https:\/\/cbbenicarlo.com\/#\/schema\/person\/200a6bea92870b7adeb1a5c755a793f2"},"headline":"FICHAJE | Anthony Libroia Temporada 22\/23","datePublished":"2022-08-09T12:45:19+00:00","dateModified":"2022-08-09T12:52:10+00:00","mainEntityOfPage":{"@id":"https:\/\/cbbenicarlo.com\/?p=1763"},"wordCount":175,"publisher":{"@id":"https:\/\/cbbenicarlo.com\/#organization"},"articleSection":["Primer Equipo"],"inLanguage":"es"},{"@type":"WebPage","@id":"https:\/\/cbbenicarlo.com\/?p=1763","url":"https:\/\/cbbenicarlo.com\/?p=1763","name":"FICHAJE | Anthony Libroia Temporada 22\/23 | Club Basquet Benicarl\u00f3","isPartOf":{"@id":"https:\/\/cbbenicarlo.com\/#website"},"datePublished":"2022-08-09T12:45:19+00:00","dateModified":"2022-08-09T12:52:10+00:00","breadcrumb":{"@id":"https:\/\/cbbenicarlo.com\/?p=1763#breadcrumb"},"inLanguage":"es","potentialAction":[{"@type":"ReadAction","target":["https:\/\/cbbenicarlo.com\/?p=1763"]}]},{"@type":"BreadcrumbList","@id":"https:\/\/cbbenicarlo.com\/?p=1763#breadcrumb","itemListElement":[{"@type":"ListItem","position":1,"name":"Portada","item":"https:\/\/cbbenicarlo.com\/"},{"@type":"ListItem","position":2,"name":"FICHAJE | Anthony Libroia Temporada 22\/23"}]},{"@type":"WebSite","@id":"https:\/\/cbbenicarlo.com\/#website","url":"https:\/\/cbbenicarlo.com\/","name":"Club Basquet Benicarl\u00f3","description":"P\u00e1gina Web Oficial","publisher":{"@id":"https:\/\/cbbenicarlo.com\/#organization"},"potentialAction":[{"@type":"SearchAction","target":{"@type":"EntryPoint","urlTemplate":"https:\/\/cbbenicarlo.com\/?s={search_term_string}"},"query-input":"required name=search_term_string"}],"inLanguage":"es"},{"@type":"Organization","@id":"https:\/\/cbbenicarlo.com\/#organization","name":"Club B\u00e0squet Benicarl\u00f3","url":"https:\/\/cbbenicarlo.com\/","logo":{"@type":"ImageObject","inLanguage":"es","@id":"https:\/\/cbbenicarlo.com\/#\/schema\/logo\/image\/","url":"https:\/\/cbbenicarlo.com\/wp-content\/uploads\/2022\/05\/cropped-cropped-cropped-CBBENICARLO2021-22-2.png","contentUrl":"https:\/\/cbbenicarlo.com\/wp-content\/uploads\/2022\/05\/cropped-cropped-cropped-CBBENICARLO2021-22-2.png","width":512,"height":512,"caption":"Club B\u00e0squet Benicarl\u00f3"},"image":{"@id":"https:\/\/cbbenicarlo.com\/#\/schema\/logo\/image\/"}},{"@type":"Person","@id":"https:\/\/cbbenicarlo.com\/#\/schema\/person\/200a6bea92870b7adeb1a5c755a793f2","name":"Club B\u00e0squet Benicarl\u00f3","image":{"@type":"ImageObject","inLanguage":"es","@id":"https:\/\/cbbenicarlo.com\/#\/schema\/person\/image\/","url":"https:\/\/secure.gravatar.com\/avatar\/8aed305f961a70f8934d4ba794f3527a?s=96&d=mm&r=g","contentUrl":"https:\/\/secure.gravatar.com\/avatar\/8aed305f961a70f8934d4ba794f3527a?s=96&d=mm&r=g","caption":"Club B\u00e0squet Benicarl\u00f3"},"url":"https:\/\/cbbenicarlo.com\/?author=1"}]}},"_links":{"self":[{"href":"https:\/\/cbbenicarlo.com\/index.php?rest_route=\/wp\/v2\/posts\/1763"}],"collection":[{"href":"https:\/\/cbbenicarlo.com\/index.php?rest_route=\/wp\/v2\/posts"}],"about":[{"href":"https:\/\/cbbenicarlo.com\/index.php?rest_route=\/wp\/v2\/types\/post"}],"author":[{"embeddable":true,"href":"https:\/\/cbbenicarlo.com\/index.php?rest_route=\/wp\/v2\/users\/1"}],"replies":[{"embeddable":true,"href":"https:\/\/cbbenicarlo.com\/index.php?rest_route=%2Fwp%2Fv2%2Fcomments&post=1763"}],"version-history":[{"count":2,"href":"https:\/\/cbbenicarlo.com\/index.php?rest_route=\/wp\/v2\/posts\/1763\/revisions"}],"predecessor-version":[{"id":1773,"href":"https:\/\/cbbenicarlo.com\/index.php?rest_route=\/wp\/v2\/posts\/1763\/revisions\/1773"}],"wp:featuredmedia":[{"embeddable":true,"href":"https:\/\/cbbenicarlo.com\/index.php?rest_route=\/wp\/v2\/media\/1765"}],"wp:attachment":[{"href":"https:\/\/cbbenicarlo.com\/index.php?rest_route=%2Fwp%2Fv2%2Fmedia&parent=1763"}],"wp:term":[{"taxonomy":"category","embeddable":true,"href":"https:\/\/cbbenicarlo.com\/index.php?rest_route=%2Fwp%2Fv2%2Fcategories&post=1763"},{"taxonomy":"post_tag","embeddable":true,"href":"https:\/\/cbbenicarlo.com\/index.php?rest_route=%2Fwp%2Fv2%2Ftags&post=1763"}],"curies":[{"name":"wp","href":"https:\/\/api.w.org\/{rel}","templated":true}]}}