{"id":1723,"date":"2022-07-29T14:43:29","date_gmt":"2022-07-29T12:43:29","guid":{"rendered":"https:\/\/cbbenicarlo.com\/?p=1723"},"modified":"2022-07-29T14:43:30","modified_gmt":"2022-07-29T12:43:30","slug":"fichaje-nikola-zizic-temporada-22-23","status":"publish","type":"post","link":"https:\/\/cbbenicarlo.com\/?p=1723","title":{"rendered":"FICHAJE | Nikola \u017di\u017ei\u0107 Temporada 22\/23"},"content":{"rendered":"\n<p>El p\u00edvot montenegrino procedente de la Universidad de South Dakota se une al Maderas Sorl\u00ed Benicarl\u00f3.<\/p>\n\n\n\n<p>Jugador internacional por Montenegro y canterano del Futbol Club Barcelona regresa a Espa\u00f1a para unirse al equipo benicarlando. \u00abNikola es un jugador con muy buen f\u00edsico e intenso. Despu\u00e9s de su paso por los EE.UU viene con ganas de demostrar y puede convertirse en un jugador diferencial para nosotros. Un gran trabajador que ya ha jugado anteriormente en LEB Oro y Plata con el Futbol Club Barcelona. Estamos muy contentos e ilusionados con su incorporaci\u00f3n\u00bb explica el staff.<\/p>\n\n\n\n<figure class=\"is-layout-flex wp-block-gallery-1 wp-block-gallery has-nested-images columns-default is-cropped\"><\/figure>\n\n\n\n<p>Se proclam\u00f3 campe\u00f3n de la Euroliga ANGT con el Bar\u00e7a y junto a M\u00e0xim Esteban, con el que ya comparti\u00f3 equipo en la cantera azulgrana. Nikola nos comenta que \u00abVengo a Benicarl\u00f3 porque me ha parecido un buen proyecto, perfecto para trabajar y mejorar. Es un club serio donde el reto es competir, pero a la vez trata a sus jugadores con respeto. Estoy entrenando y tengo muchas ganas de empezar ya la temporada\u00bb.<br>\u00a0<br>\u00a1Bienvenido Nikola, te esperamos con muchas ganas! \u00a0<mark style=\"background-color:rgba(0, 0, 0, 0)\" class=\"has-inline-color has-vivid-red-color\">#TodoAlrojo<\/mark><\/p>\n\n\n\n<figure class=\"wp-block-image size-full\"><img fetchpriority=\"high\" decoding=\"async\" width=\"2000\" height=\"1126\" src=\"https:\/\/cbbenicarlo.com\/wp-content\/uploads\/2022\/07\/USATSI_17242720.jpg\" alt=\"\" class=\"wp-image-1724\" srcset=\"https:\/\/cbbenicarlo.com\/wp-content\/uploads\/2022\/07\/USATSI_17242720.jpg 2000w, https:\/\/cbbenicarlo.com\/wp-content\/uploads\/2022\/07\/USATSI_17242720-300x169.jpg 300w, https:\/\/cbbenicarlo.com\/wp-content\/uploads\/2022\/07\/USATSI_17242720-1024x577.jpg 1024w, https:\/\/cbbenicarlo.com\/wp-content\/uploads\/2022\/07\/USATSI_17242720-768x432.jpg 768w, https:\/\/cbbenicarlo.com\/wp-content\/uploads\/2022\/07\/USATSI_17242720-1536x865.jpg 1536w, https:\/\/cbbenicarlo.com\/wp-content\/uploads\/2022\/07\/USATSI_17242720-800x450.jpg 800w, https:\/\/cbbenicarlo.com\/wp-content\/uploads\/2022\/07\/USATSI_17242720-128x72.jpg 128w, https:\/\/cbbenicarlo.com\/wp-content\/uploads\/2022\/07\/USATSI_17242720-32x18.jpg 32w\" sizes=\"(max-width: 2000px) 100vw, 2000px\" \/><\/figure>\n\n\n\n<figure class=\"is-layout-flex wp-block-gallery-3 wp-block-gallery has-nested-images columns-default is-cropped\">\n<figure class=\"wp-block-image size-full\"><img decoding=\"async\" width=\"1000\" height=\"667\" data-id=\"1725\"  src=\"https:\/\/cbbenicarlo.com\/wp-content\/uploads\/2022\/07\/image.jpg\" alt=\"\" class=\"wp-image-1725\" srcset=\"https:\/\/cbbenicarlo.com\/wp-content\/uploads\/2022\/07\/image.jpg 1000w, https:\/\/cbbenicarlo.com\/wp-content\/uploads\/2022\/07\/image-300x200.jpg 300w, https:\/\/cbbenicarlo.com\/wp-content\/uploads\/2022\/07\/image-768x512.jpg 768w, https:\/\/cbbenicarlo.com\/wp-content\/uploads\/2022\/07\/image-128x85.jpg 128w, https:\/\/cbbenicarlo.com\/wp-content\/uploads\/2022\/07\/image-32x21.jpg 32w\" sizes=\"(max-width: 1000px) 100vw, 1000px\" \/><\/figure>\n<\/figure>\n","protected":false},"excerpt":{"rendered":"<p>El p\u00edvot montenegrino procedente de la Universidad de South Dakota se une al Maderas Sorl\u00ed Benicarl\u00f3. Jugador internacional por Montenegro y canterano del Futbol Club Barcelona regresa a Espa\u00f1a para unirse al equipo benicarlando. \u00abNikola es un jugador con muy buen f\u00edsico e intenso. Despu\u00e9s de su paso por los EE.UU viene con ganas de demostrar y puede convertirse en un jugador diferencial para nosotros. Un gran trabajador que ya ha jugado anteriormente en LEB Oro y Plata con el Futbol Club Barcelona. Estamos muy contentos e ilusionados con su incorporaci\u00f3n\u00bb explica el staff. Se proclam\u00f3 campe\u00f3n de la Euroliga ANGT con el Bar\u00e7a y junto a M\u00e0xim Esteban, con el que ya comparti\u00f3 equipo en la cantera azulgrana. Nikola nos comenta que \u00abVengo a Benicarl\u00f3 porque me ha parecido un buen proyecto, perfecto para trabajar y mejorar. Es un club serio donde el reto es competir, pero a la vez trata a sus jugadores con respeto. Estoy entrenando y tengo muchas ganas de empezar ya la temporada\u00bb.\u00a0\u00a1Bienvenido Nikola, te esperamos con muchas ganas! \u00a0#TodoAlrojo<\/p>\n","protected":false},"author":1,"featured_media":1730,"comment_status":"closed","ping_status":"closed","sticky":false,"template":"","format":"standard","meta":{"_eb_attr":""},"categories":[1],"tags":[],"yoast_head":"<!-- This site is optimized with the Yoast SEO plugin v21.1 - https:\/\/yoast.com\/wordpress\/plugins\/seo\/ -->\n<title>FICHAJE | Nikola \u017di\u017ei\u0107 Temporada 22\/23 | Club Basquet Benicarl\u00f3<\/title>\n<meta name=\"robots\" content=\"index, follow, max-snippet:-1, max-image-preview:large, max-video-preview:-1\" \/>\n<link rel=\"canonical\" href=\"https:\/\/cbbenicarlo.com\/?p=1723\" \/>\n<meta property=\"og:locale\" content=\"es_ES\" \/>\n<meta property=\"og:type\" content=\"article\" \/>\n<meta property=\"og:title\" content=\"FICHAJE | Nikola \u017di\u017ei\u0107 Temporada 22\/23 | Club Basquet Benicarl\u00f3\" \/>\n<meta property=\"og:description\" content=\"El p\u00edvot montenegrino procedente de la Universidad de South Dakota se une al Maderas Sorl\u00ed Benicarl\u00f3. Jugador internacional por Montenegro y canterano del Futbol Club Barcelona regresa a Espa\u00f1a para unirse al equipo benicarlando. \u00abNikola es un jugador con muy buen f\u00edsico e intenso. Despu\u00e9s de su paso por los EE.UU viene con ganas de demostrar y puede convertirse en un jugador diferencial para nosotros. Un gran trabajador que ya ha jugado anteriormente en LEB Oro y Plata con el Futbol Club Barcelona. Estamos muy contentos e ilusionados con su incorporaci\u00f3n\u00bb explica el staff. Se proclam\u00f3 campe\u00f3n de la Euroliga ANGT con el Bar\u00e7a y junto a M\u00e0xim Esteban, con el que ya comparti\u00f3 equipo en la cantera azulgrana. Nikola nos comenta que \u00abVengo a Benicarl\u00f3 porque me ha parecido un buen proyecto, perfecto para trabajar y mejorar. Es un club serio donde el reto es competir, pero a la vez trata a sus jugadores con respeto. Estoy entrenando y tengo muchas ganas de empezar ya la temporada\u00bb.\u00a0\u00a1Bienvenido Nikola, te esperamos con muchas ganas! \u00a0#TodoAlrojo\" \/>\n<meta property=\"og:url\" content=\"https:\/\/cbbenicarlo.com\/?p=1723\" \/>\n<meta property=\"og:site_name\" content=\"Club Basquet Benicarl\u00f3\" \/>\n<meta property=\"article:published_time\" content=\"2022-07-29T12:43:29+00:00\" \/>\n<meta property=\"article:modified_time\" content=\"2022-07-29T12:43:30+00:00\" \/>\n<meta property=\"og:image\" content=\"https:\/\/cbbenicarlo.com\/wp-content\/uploads\/2022\/07\/Nikola-819x1024.png\" \/>\n\t<meta property=\"og:image:width\" content=\"819\" \/>\n\t<meta property=\"og:image:height\" content=\"1024\" \/>\n\t<meta property=\"og:image:type\" content=\"image\/png\" \/>\n<meta name=\"author\" content=\"Club B\u00e0squet Benicarl\u00f3\" \/>\n<meta name=\"twitter:card\" content=\"summary_large_image\" \/>\n<meta name=\"twitter:label1\" content=\"Escrito por\" \/>\n\t<meta name=\"twitter:data1\" content=\"Club B\u00e0squet Benicarl\u00f3\" \/>\n\t<meta name=\"twitter:label2\" content=\"Tiempo de lectura\" \/>\n\t<meta name=\"twitter:data2\" content=\"2 minutos\" \/>\n<script type=\"application\/ld+json\" class=\"yoast-schema-graph\">{\"@context\":\"https:\/\/schema.org\",\"@graph\":[{\"@type\":\"Article\",\"@id\":\"https:\/\/cbbenicarlo.com\/?p=1723#article\",\"isPartOf\":{\"@id\":\"https:\/\/cbbenicarlo.com\/?p=1723\"},\"author\":{\"name\":\"Club B\u00e0squet Benicarl\u00f3\",\"@id\":\"https:\/\/cbbenicarlo.com\/#\/schema\/person\/200a6bea92870b7adeb1a5c755a793f2\"},\"headline\":\"FICHAJE | Nikola \u017di\u017ei\u0107 Temporada 22\/23\",\"datePublished\":\"2022-07-29T12:43:29+00:00\",\"dateModified\":\"2022-07-29T12:43:30+00:00\",\"mainEntityOfPage\":{\"@id\":\"https:\/\/cbbenicarlo.com\/?p=1723\"},\"wordCount\":190,\"publisher\":{\"@id\":\"https:\/\/cbbenicarlo.com\/#organization\"},\"articleSection\":[\"Primer Equipo\"],\"inLanguage\":\"es\"},{\"@type\":\"WebPage\",\"@id\":\"https:\/\/cbbenicarlo.com\/?p=1723\",\"url\":\"https:\/\/cbbenicarlo.com\/?p=1723\",\"name\":\"FICHAJE | Nikola \u017di\u017ei\u0107 Temporada 22\/23 | Club Basquet Benicarl\u00f3\",\"isPartOf\":{\"@id\":\"https:\/\/cbbenicarlo.com\/#website\"},\"datePublished\":\"2022-07-29T12:43:29+00:00\",\"dateModified\":\"2022-07-29T12:43:30+00:00\",\"breadcrumb\":{\"@id\":\"https:\/\/cbbenicarlo.com\/?p=1723#breadcrumb\"},\"inLanguage\":\"es\",\"potentialAction\":[{\"@type\":\"ReadAction\",\"target\":[\"https:\/\/cbbenicarlo.com\/?p=1723\"]}]},{\"@type\":\"BreadcrumbList\",\"@id\":\"https:\/\/cbbenicarlo.com\/?p=1723#breadcrumb\",\"itemListElement\":[{\"@type\":\"ListItem\",\"position\":1,\"name\":\"Portada\",\"item\":\"https:\/\/cbbenicarlo.com\/\"},{\"@type\":\"ListItem\",\"position\":2,\"name\":\"FICHAJE | Nikola \u017di\u017ei\u0107 Temporada 22\/23\"}]},{\"@type\":\"WebSite\",\"@id\":\"https:\/\/cbbenicarlo.com\/#website\",\"url\":\"https:\/\/cbbenicarlo.com\/\",\"name\":\"Club Basquet Benicarl\u00f3\",\"description\":\"P\u00e1gina Web Oficial\",\"publisher\":{\"@id\":\"https:\/\/cbbenicarlo.com\/#organization\"},\"potentialAction\":[{\"@type\":\"SearchAction\",\"target\":{\"@type\":\"EntryPoint\",\"urlTemplate\":\"https:\/\/cbbenicarlo.com\/?s={search_term_string}\"},\"query-input\":\"required name=search_term_string\"}],\"inLanguage\":\"es\"},{\"@type\":\"Organization\",\"@id\":\"https:\/\/cbbenicarlo.com\/#organization\",\"name\":\"Club B\u00e0squet Benicarl\u00f3\",\"url\":\"https:\/\/cbbenicarlo.com\/\",\"logo\":{\"@type\":\"ImageObject\",\"inLanguage\":\"es\",\"@id\":\"https:\/\/cbbenicarlo.com\/#\/schema\/logo\/image\/\",\"url\":\"https:\/\/cbbenicarlo.com\/wp-content\/uploads\/2022\/05\/cropped-cropped-cropped-CBBENICARLO2021-22-2.png\",\"contentUrl\":\"https:\/\/cbbenicarlo.com\/wp-content\/uploads\/2022\/05\/cropped-cropped-cropped-CBBENICARLO2021-22-2.png\",\"width\":512,\"height\":512,\"caption\":\"Club B\u00e0squet Benicarl\u00f3\"},\"image\":{\"@id\":\"https:\/\/cbbenicarlo.com\/#\/schema\/logo\/image\/\"}},{\"@type\":\"Person\",\"@id\":\"https:\/\/cbbenicarlo.com\/#\/schema\/person\/200a6bea92870b7adeb1a5c755a793f2\",\"name\":\"Club B\u00e0squet Benicarl\u00f3\",\"image\":{\"@type\":\"ImageObject\",\"inLanguage\":\"es\",\"@id\":\"https:\/\/cbbenicarlo.com\/#\/schema\/person\/image\/\",\"url\":\"https:\/\/secure.gravatar.com\/avatar\/8aed305f961a70f8934d4ba794f3527a?s=96&d=mm&r=g\",\"contentUrl\":\"https:\/\/secure.gravatar.com\/avatar\/8aed305f961a70f8934d4ba794f3527a?s=96&d=mm&r=g\",\"caption\":\"Club B\u00e0squet Benicarl\u00f3\"},\"url\":\"https:\/\/cbbenicarlo.com\/?author=1\"}]}<\/script>\n<!-- \/ Yoast SEO plugin. -->","yoast_head_json":{"title":"FICHAJE | Nikola \u017di\u017ei\u0107 Temporada 22\/23 | Club Basquet Benicarl\u00f3","robots":{"index":"index","follow":"follow","max-snippet":"max-snippet:-1","max-image-preview":"max-image-preview:large","max-video-preview":"max-video-preview:-1"},"canonical":"https:\/\/cbbenicarlo.com\/?p=1723","og_locale":"es_ES","og_type":"article","og_title":"FICHAJE | Nikola \u017di\u017ei\u0107 Temporada 22\/23 | Club Basquet Benicarl\u00f3","og_description":"El p\u00edvot montenegrino procedente de la Universidad de South Dakota se une al Maderas Sorl\u00ed Benicarl\u00f3. Jugador internacional por Montenegro y canterano del Futbol Club Barcelona regresa a Espa\u00f1a para unirse al equipo benicarlando. \u00abNikola es un jugador con muy buen f\u00edsico e intenso. Despu\u00e9s de su paso por los EE.UU viene con ganas de demostrar y puede convertirse en un jugador diferencial para nosotros. Un gran trabajador que ya ha jugado anteriormente en LEB Oro y Plata con el Futbol Club Barcelona. Estamos muy contentos e ilusionados con su incorporaci\u00f3n\u00bb explica el staff. Se proclam\u00f3 campe\u00f3n de la Euroliga ANGT con el Bar\u00e7a y junto a M\u00e0xim Esteban, con el que ya comparti\u00f3 equipo en la cantera azulgrana. Nikola nos comenta que \u00abVengo a Benicarl\u00f3 porque me ha parecido un buen proyecto, perfecto para trabajar y mejorar. Es un club serio donde el reto es competir, pero a la vez trata a sus jugadores con respeto. Estoy entrenando y tengo muchas ganas de empezar ya la temporada\u00bb.\u00a0\u00a1Bienvenido Nikola, te esperamos con muchas ganas! \u00a0#TodoAlrojo","og_url":"https:\/\/cbbenicarlo.com\/?p=1723","og_site_name":"Club Basquet Benicarl\u00f3","article_published_time":"2022-07-29T12:43:29+00:00","article_modified_time":"2022-07-29T12:43:30+00:00","og_image":[{"width":819,"height":1024,"url":"https:\/\/cbbenicarlo.com\/wp-content\/uploads\/2022\/07\/Nikola-819x1024.png","type":"image\/png"}],"author":"Club B\u00e0squet Benicarl\u00f3","twitter_card":"summary_large_image","twitter_misc":{"Escrito por":"Club B\u00e0squet Benicarl\u00f3","Tiempo de lectura":"2 minutos"},"schema":{"@context":"https:\/\/schema.org","@graph":[{"@type":"Article","@id":"https:\/\/cbbenicarlo.com\/?p=1723#article","isPartOf":{"@id":"https:\/\/cbbenicarlo.com\/?p=1723"},"author":{"name":"Club B\u00e0squet Benicarl\u00f3","@id":"https:\/\/cbbenicarlo.com\/#\/schema\/person\/200a6bea92870b7adeb1a5c755a793f2"},"headline":"FICHAJE | Nikola \u017di\u017ei\u0107 Temporada 22\/23","datePublished":"2022-07-29T12:43:29+00:00","dateModified":"2022-07-29T12:43:30+00:00","mainEntityOfPage":{"@id":"https:\/\/cbbenicarlo.com\/?p=1723"},"wordCount":190,"publisher":{"@id":"https:\/\/cbbenicarlo.com\/#organization"},"articleSection":["Primer Equipo"],"inLanguage":"es"},{"@type":"WebPage","@id":"https:\/\/cbbenicarlo.com\/?p=1723","url":"https:\/\/cbbenicarlo.com\/?p=1723","name":"FICHAJE | Nikola \u017di\u017ei\u0107 Temporada 22\/23 | Club Basquet Benicarl\u00f3","isPartOf":{"@id":"https:\/\/cbbenicarlo.com\/#website"},"datePublished":"2022-07-29T12:43:29+00:00","dateModified":"2022-07-29T12:43:30+00:00","breadcrumb":{"@id":"https:\/\/cbbenicarlo.com\/?p=1723#breadcrumb"},"inLanguage":"es","potentialAction":[{"@type":"ReadAction","target":["https:\/\/cbbenicarlo.com\/?p=1723"]}]},{"@type":"BreadcrumbList","@id":"https:\/\/cbbenicarlo.com\/?p=1723#breadcrumb","itemListElement":[{"@type":"ListItem","position":1,"name":"Portada","item":"https:\/\/cbbenicarlo.com\/"},{"@type":"ListItem","position":2,"name":"FICHAJE | Nikola \u017di\u017ei\u0107 Temporada 22\/23"}]},{"@type":"WebSite","@id":"https:\/\/cbbenicarlo.com\/#website","url":"https:\/\/cbbenicarlo.com\/","name":"Club Basquet Benicarl\u00f3","description":"P\u00e1gina Web Oficial","publisher":{"@id":"https:\/\/cbbenicarlo.com\/#organization"},"potentialAction":[{"@type":"SearchAction","target":{"@type":"EntryPoint","urlTemplate":"https:\/\/cbbenicarlo.com\/?s={search_term_string}"},"query-input":"required name=search_term_string"}],"inLanguage":"es"},{"@type":"Organization","@id":"https:\/\/cbbenicarlo.com\/#organization","name":"Club B\u00e0squet Benicarl\u00f3","url":"https:\/\/cbbenicarlo.com\/","logo":{"@type":"ImageObject","inLanguage":"es","@id":"https:\/\/cbbenicarlo.com\/#\/schema\/logo\/image\/","url":"https:\/\/cbbenicarlo.com\/wp-content\/uploads\/2022\/05\/cropped-cropped-cropped-CBBENICARLO2021-22-2.png","contentUrl":"https:\/\/cbbenicarlo.com\/wp-content\/uploads\/2022\/05\/cropped-cropped-cropped-CBBENICARLO2021-22-2.png","width":512,"height":512,"caption":"Club B\u00e0squet Benicarl\u00f3"},"image":{"@id":"https:\/\/cbbenicarlo.com\/#\/schema\/logo\/image\/"}},{"@type":"Person","@id":"https:\/\/cbbenicarlo.com\/#\/schema\/person\/200a6bea92870b7adeb1a5c755a793f2","name":"Club B\u00e0squet Benicarl\u00f3","image":{"@type":"ImageObject","inLanguage":"es","@id":"https:\/\/cbbenicarlo.com\/#\/schema\/person\/image\/","url":"https:\/\/secure.gravatar.com\/avatar\/8aed305f961a70f8934d4ba794f3527a?s=96&d=mm&r=g","contentUrl":"https:\/\/secure.gravatar.com\/avatar\/8aed305f961a70f8934d4ba794f3527a?s=96&d=mm&r=g","caption":"Club B\u00e0squet Benicarl\u00f3"},"url":"https:\/\/cbbenicarlo.com\/?author=1"}]}},"_links":{"self":[{"href":"https:\/\/cbbenicarlo.com\/index.php?rest_route=\/wp\/v2\/posts\/1723"}],"collection":[{"href":"https:\/\/cbbenicarlo.com\/index.php?rest_route=\/wp\/v2\/posts"}],"about":[{"href":"https:\/\/cbbenicarlo.com\/index.php?rest_route=\/wp\/v2\/types\/post"}],"author":[{"embeddable":true,"href":"https:\/\/cbbenicarlo.com\/index.php?rest_route=\/wp\/v2\/users\/1"}],"replies":[{"embeddable":true,"href":"https:\/\/cbbenicarlo.com\/index.php?rest_route=%2Fwp%2Fv2%2Fcomments&post=1723"}],"version-history":[{"count":3,"href":"https:\/\/cbbenicarlo.com\/index.php?rest_route=\/wp\/v2\/posts\/1723\/revisions"}],"predecessor-version":[{"id":1737,"href":"https:\/\/cbbenicarlo.com\/index.php?rest_route=\/wp\/v2\/posts\/1723\/revisions\/1737"}],"wp:featuredmedia":[{"embeddable":true,"href":"https:\/\/cbbenicarlo.com\/index.php?rest_route=\/wp\/v2\/media\/1730"}],"wp:attachment":[{"href":"https:\/\/cbbenicarlo.com\/index.php?rest_route=%2Fwp%2Fv2%2Fmedia&parent=1723"}],"wp:term":[{"taxonomy":"category","embeddable":true,"href":"https:\/\/cbbenicarlo.com\/index.php?rest_route=%2Fwp%2Fv2%2Fcategories&post=1723"},{"taxonomy":"post_tag","embeddable":true,"href":"https:\/\/cbbenicarlo.com\/index.php?rest_route=%2Fwp%2Fv2%2Ftags&post=1723"}],"curies":[{"name":"wp","href":"https:\/\/api.w.org\/{rel}","templated":true}]}}