{"id":1674,"date":"2022-07-19T14:55:18","date_gmt":"2022-07-19T12:55:18","guid":{"rendered":"https:\/\/cbbenicarlo.com\/?p=1674"},"modified":"2022-07-19T15:02:52","modified_gmt":"2022-07-19T13:02:52","slug":"primer-equipo-definido-el-staff-para-la-temporada-22-23","status":"publish","type":"post","link":"https:\/\/cbbenicarlo.com\/?p=1674","title":{"rendered":"PRIMER EQUIPO | Definido el staff para la temporada 22\/23"},"content":{"rendered":"\n<p>El cuerpo t\u00e9cnico que acompa\u00f1ar\u00e1 a Adria Alonso esta temporada estar\u00e1 compuesto por: <\/p>\n\n\n\n<p>&#8211; Entrenador: Adria Alonso <\/p>\n\n\n\n<p>&#8211; Entrenador asistente: Arturo Agull\u00f3 <\/p>\n\n\n\n<p>&#8211; Delegada: Noelia Bascu\u00f1ana <\/p>\n\n\n\n<p>&#8211; Preparaci\u00f3n f\u00edsica: Fitness One Center by Jorge Belmonte <\/p>\n\n\n\n<p>&#8211; \u00c1rea de fisioterapia: Celia Brau i Joan Collado <\/p>\n\n\n\n<p>&#8211; Doctor: Frank Asis Castillo <\/p>\n\n\n\n<p>&#8211; Delegado de campo: Damian Marza<\/p>\n\n\n\n<p>\u00a1Estamos en buenas manos! <mark style=\"background-color:rgba(0, 0, 0, 0)\" class=\"has-inline-color has-vivid-red-color\">#TodoAlRojo<\/mark><\/p>\n","protected":false},"excerpt":{"rendered":"<p>\ud835\udde3\ud835\udde5\ud835\udddc\ud835\udde0\ud835\uddd8\ud835\udde5 \ud835\uddd8\ud835\udde4\ud835\udde8\ud835\udddc\ud835\udde3\ud835\udde2 | Definido el staff para la temporada 22\/23 <\/p>\n","protected":false},"author":1,"featured_media":1675,"comment_status":"closed","ping_status":"closed","sticky":false,"template":"","format":"standard","meta":{"_eb_attr":""},"categories":[1],"tags":[],"yoast_head":"<!-- This site is optimized with the Yoast SEO plugin v21.1 - https:\/\/yoast.com\/wordpress\/plugins\/seo\/ -->\n<title>PRIMER EQUIPO | Definido el staff para la temporada 22\/23 | Club Basquet Benicarl\u00f3<\/title>\n<meta name=\"robots\" content=\"index, follow, max-snippet:-1, max-image-preview:large, max-video-preview:-1\" \/>\n<link rel=\"canonical\" href=\"https:\/\/cbbenicarlo.com\/?p=1674\" \/>\n<meta property=\"og:locale\" content=\"es_ES\" \/>\n<meta property=\"og:type\" content=\"article\" \/>\n<meta property=\"og:title\" content=\"PRIMER EQUIPO | Definido el staff para la temporada 22\/23 | Club Basquet Benicarl\u00f3\" \/>\n<meta property=\"og:description\" content=\"\ud835\udde3\ud835\udde5\ud835\udddc\ud835\udde0\ud835\uddd8\ud835\udde5 \ud835\uddd8\ud835\udde4\ud835\udde8\ud835\udddc\ud835\udde3\ud835\udde2 | Definido el staff para la temporada 22\/23\" \/>\n<meta property=\"og:url\" content=\"https:\/\/cbbenicarlo.com\/?p=1674\" \/>\n<meta property=\"og:site_name\" content=\"Club Basquet Benicarl\u00f3\" \/>\n<meta property=\"article:published_time\" content=\"2022-07-19T12:55:18+00:00\" \/>\n<meta property=\"article:modified_time\" content=\"2022-07-19T13:02:52+00:00\" \/>\n<meta property=\"og:image\" content=\"https:\/\/cbbenicarlo.com\/wp-content\/uploads\/2022\/07\/STAFF-819x1024.png\" \/>\n\t<meta property=\"og:image:width\" content=\"819\" \/>\n\t<meta property=\"og:image:height\" content=\"1024\" \/>\n\t<meta property=\"og:image:type\" content=\"image\/png\" \/>\n<meta name=\"author\" content=\"Club B\u00e0squet Benicarl\u00f3\" \/>\n<meta name=\"twitter:card\" content=\"summary_large_image\" \/>\n<meta name=\"twitter:label1\" content=\"Escrito por\" \/>\n\t<meta name=\"twitter:data1\" content=\"Club B\u00e0squet Benicarl\u00f3\" \/>\n\t<meta name=\"twitter:label2\" content=\"Tiempo de lectura\" \/>\n\t<meta name=\"twitter:data2\" content=\"1 minuto\" \/>\n<script type=\"application\/ld+json\" class=\"yoast-schema-graph\">{\"@context\":\"https:\/\/schema.org\",\"@graph\":[{\"@type\":\"Article\",\"@id\":\"https:\/\/cbbenicarlo.com\/?p=1674#article\",\"isPartOf\":{\"@id\":\"https:\/\/cbbenicarlo.com\/?p=1674\"},\"author\":{\"name\":\"Club B\u00e0squet Benicarl\u00f3\",\"@id\":\"https:\/\/cbbenicarlo.com\/#\/schema\/person\/200a6bea92870b7adeb1a5c755a793f2\"},\"headline\":\"PRIMER EQUIPO | Definido el staff para la temporada 22\/23\",\"datePublished\":\"2022-07-19T12:55:18+00:00\",\"dateModified\":\"2022-07-19T13:02:52+00:00\",\"mainEntityOfPage\":{\"@id\":\"https:\/\/cbbenicarlo.com\/?p=1674\"},\"wordCount\":73,\"publisher\":{\"@id\":\"https:\/\/cbbenicarlo.com\/#organization\"},\"articleSection\":[\"Primer Equipo\"],\"inLanguage\":\"es\"},{\"@type\":\"WebPage\",\"@id\":\"https:\/\/cbbenicarlo.com\/?p=1674\",\"url\":\"https:\/\/cbbenicarlo.com\/?p=1674\",\"name\":\"PRIMER EQUIPO | Definido el staff para la temporada 22\/23 | Club Basquet Benicarl\u00f3\",\"isPartOf\":{\"@id\":\"https:\/\/cbbenicarlo.com\/#website\"},\"datePublished\":\"2022-07-19T12:55:18+00:00\",\"dateModified\":\"2022-07-19T13:02:52+00:00\",\"breadcrumb\":{\"@id\":\"https:\/\/cbbenicarlo.com\/?p=1674#breadcrumb\"},\"inLanguage\":\"es\",\"potentialAction\":[{\"@type\":\"ReadAction\",\"target\":[\"https:\/\/cbbenicarlo.com\/?p=1674\"]}]},{\"@type\":\"BreadcrumbList\",\"@id\":\"https:\/\/cbbenicarlo.com\/?p=1674#breadcrumb\",\"itemListElement\":[{\"@type\":\"ListItem\",\"position\":1,\"name\":\"Portada\",\"item\":\"https:\/\/cbbenicarlo.com\/\"},{\"@type\":\"ListItem\",\"position\":2,\"name\":\"PRIMER EQUIPO | Definido el staff para la temporada 22\/23\"}]},{\"@type\":\"WebSite\",\"@id\":\"https:\/\/cbbenicarlo.com\/#website\",\"url\":\"https:\/\/cbbenicarlo.com\/\",\"name\":\"Club Basquet Benicarl\u00f3\",\"description\":\"P\u00e1gina Web Oficial\",\"publisher\":{\"@id\":\"https:\/\/cbbenicarlo.com\/#organization\"},\"potentialAction\":[{\"@type\":\"SearchAction\",\"target\":{\"@type\":\"EntryPoint\",\"urlTemplate\":\"https:\/\/cbbenicarlo.com\/?s={search_term_string}\"},\"query-input\":\"required name=search_term_string\"}],\"inLanguage\":\"es\"},{\"@type\":\"Organization\",\"@id\":\"https:\/\/cbbenicarlo.com\/#organization\",\"name\":\"Club B\u00e0squet Benicarl\u00f3\",\"url\":\"https:\/\/cbbenicarlo.com\/\",\"logo\":{\"@type\":\"ImageObject\",\"inLanguage\":\"es\",\"@id\":\"https:\/\/cbbenicarlo.com\/#\/schema\/logo\/image\/\",\"url\":\"https:\/\/cbbenicarlo.com\/wp-content\/uploads\/2022\/05\/cropped-cropped-cropped-CBBENICARLO2021-22-2.png\",\"contentUrl\":\"https:\/\/cbbenicarlo.com\/wp-content\/uploads\/2022\/05\/cropped-cropped-cropped-CBBENICARLO2021-22-2.png\",\"width\":512,\"height\":512,\"caption\":\"Club B\u00e0squet Benicarl\u00f3\"},\"image\":{\"@id\":\"https:\/\/cbbenicarlo.com\/#\/schema\/logo\/image\/\"}},{\"@type\":\"Person\",\"@id\":\"https:\/\/cbbenicarlo.com\/#\/schema\/person\/200a6bea92870b7adeb1a5c755a793f2\",\"name\":\"Club B\u00e0squet Benicarl\u00f3\",\"image\":{\"@type\":\"ImageObject\",\"inLanguage\":\"es\",\"@id\":\"https:\/\/cbbenicarlo.com\/#\/schema\/person\/image\/\",\"url\":\"https:\/\/secure.gravatar.com\/avatar\/8aed305f961a70f8934d4ba794f3527a?s=96&d=mm&r=g\",\"contentUrl\":\"https:\/\/secure.gravatar.com\/avatar\/8aed305f961a70f8934d4ba794f3527a?s=96&d=mm&r=g\",\"caption\":\"Club B\u00e0squet Benicarl\u00f3\"},\"url\":\"https:\/\/cbbenicarlo.com\/?author=1\"}]}<\/script>\n<!-- \/ Yoast SEO plugin. -->","yoast_head_json":{"title":"PRIMER EQUIPO | Definido el staff para la temporada 22\/23 | Club Basquet Benicarl\u00f3","robots":{"index":"index","follow":"follow","max-snippet":"max-snippet:-1","max-image-preview":"max-image-preview:large","max-video-preview":"max-video-preview:-1"},"canonical":"https:\/\/cbbenicarlo.com\/?p=1674","og_locale":"es_ES","og_type":"article","og_title":"PRIMER EQUIPO | Definido el staff para la temporada 22\/23 | Club Basquet Benicarl\u00f3","og_description":"\ud835\udde3\ud835\udde5\ud835\udddc\ud835\udde0\ud835\uddd8\ud835\udde5 \ud835\uddd8\ud835\udde4\ud835\udde8\ud835\udddc\ud835\udde3\ud835\udde2 | Definido el staff para la temporada 22\/23","og_url":"https:\/\/cbbenicarlo.com\/?p=1674","og_site_name":"Club Basquet Benicarl\u00f3","article_published_time":"2022-07-19T12:55:18+00:00","article_modified_time":"2022-07-19T13:02:52+00:00","og_image":[{"width":819,"height":1024,"url":"https:\/\/cbbenicarlo.com\/wp-content\/uploads\/2022\/07\/STAFF-819x1024.png","type":"image\/png"}],"author":"Club B\u00e0squet Benicarl\u00f3","twitter_card":"summary_large_image","twitter_misc":{"Escrito por":"Club B\u00e0squet Benicarl\u00f3","Tiempo de lectura":"1 minuto"},"schema":{"@context":"https:\/\/schema.org","@graph":[{"@type":"Article","@id":"https:\/\/cbbenicarlo.com\/?p=1674#article","isPartOf":{"@id":"https:\/\/cbbenicarlo.com\/?p=1674"},"author":{"name":"Club B\u00e0squet Benicarl\u00f3","@id":"https:\/\/cbbenicarlo.com\/#\/schema\/person\/200a6bea92870b7adeb1a5c755a793f2"},"headline":"PRIMER EQUIPO | Definido el staff para la temporada 22\/23","datePublished":"2022-07-19T12:55:18+00:00","dateModified":"2022-07-19T13:02:52+00:00","mainEntityOfPage":{"@id":"https:\/\/cbbenicarlo.com\/?p=1674"},"wordCount":73,"publisher":{"@id":"https:\/\/cbbenicarlo.com\/#organization"},"articleSection":["Primer Equipo"],"inLanguage":"es"},{"@type":"WebPage","@id":"https:\/\/cbbenicarlo.com\/?p=1674","url":"https:\/\/cbbenicarlo.com\/?p=1674","name":"PRIMER EQUIPO | Definido el staff para la temporada 22\/23 | Club Basquet Benicarl\u00f3","isPartOf":{"@id":"https:\/\/cbbenicarlo.com\/#website"},"datePublished":"2022-07-19T12:55:18+00:00","dateModified":"2022-07-19T13:02:52+00:00","breadcrumb":{"@id":"https:\/\/cbbenicarlo.com\/?p=1674#breadcrumb"},"inLanguage":"es","potentialAction":[{"@type":"ReadAction","target":["https:\/\/cbbenicarlo.com\/?p=1674"]}]},{"@type":"BreadcrumbList","@id":"https:\/\/cbbenicarlo.com\/?p=1674#breadcrumb","itemListElement":[{"@type":"ListItem","position":1,"name":"Portada","item":"https:\/\/cbbenicarlo.com\/"},{"@type":"ListItem","position":2,"name":"PRIMER EQUIPO | Definido el staff para la temporada 22\/23"}]},{"@type":"WebSite","@id":"https:\/\/cbbenicarlo.com\/#website","url":"https:\/\/cbbenicarlo.com\/","name":"Club Basquet Benicarl\u00f3","description":"P\u00e1gina Web Oficial","publisher":{"@id":"https:\/\/cbbenicarlo.com\/#organization"},"potentialAction":[{"@type":"SearchAction","target":{"@type":"EntryPoint","urlTemplate":"https:\/\/cbbenicarlo.com\/?s={search_term_string}"},"query-input":"required name=search_term_string"}],"inLanguage":"es"},{"@type":"Organization","@id":"https:\/\/cbbenicarlo.com\/#organization","name":"Club B\u00e0squet Benicarl\u00f3","url":"https:\/\/cbbenicarlo.com\/","logo":{"@type":"ImageObject","inLanguage":"es","@id":"https:\/\/cbbenicarlo.com\/#\/schema\/logo\/image\/","url":"https:\/\/cbbenicarlo.com\/wp-content\/uploads\/2022\/05\/cropped-cropped-cropped-CBBENICARLO2021-22-2.png","contentUrl":"https:\/\/cbbenicarlo.com\/wp-content\/uploads\/2022\/05\/cropped-cropped-cropped-CBBENICARLO2021-22-2.png","width":512,"height":512,"caption":"Club B\u00e0squet Benicarl\u00f3"},"image":{"@id":"https:\/\/cbbenicarlo.com\/#\/schema\/logo\/image\/"}},{"@type":"Person","@id":"https:\/\/cbbenicarlo.com\/#\/schema\/person\/200a6bea92870b7adeb1a5c755a793f2","name":"Club B\u00e0squet Benicarl\u00f3","image":{"@type":"ImageObject","inLanguage":"es","@id":"https:\/\/cbbenicarlo.com\/#\/schema\/person\/image\/","url":"https:\/\/secure.gravatar.com\/avatar\/8aed305f961a70f8934d4ba794f3527a?s=96&d=mm&r=g","contentUrl":"https:\/\/secure.gravatar.com\/avatar\/8aed305f961a70f8934d4ba794f3527a?s=96&d=mm&r=g","caption":"Club B\u00e0squet Benicarl\u00f3"},"url":"https:\/\/cbbenicarlo.com\/?author=1"}]}},"_links":{"self":[{"href":"https:\/\/cbbenicarlo.com\/index.php?rest_route=\/wp\/v2\/posts\/1674"}],"collection":[{"href":"https:\/\/cbbenicarlo.com\/index.php?rest_route=\/wp\/v2\/posts"}],"about":[{"href":"https:\/\/cbbenicarlo.com\/index.php?rest_route=\/wp\/v2\/types\/post"}],"author":[{"embeddable":true,"href":"https:\/\/cbbenicarlo.com\/index.php?rest_route=\/wp\/v2\/users\/1"}],"replies":[{"embeddable":true,"href":"https:\/\/cbbenicarlo.com\/index.php?rest_route=%2Fwp%2Fv2%2Fcomments&post=1674"}],"version-history":[{"count":2,"href":"https:\/\/cbbenicarlo.com\/index.php?rest_route=\/wp\/v2\/posts\/1674\/revisions"}],"predecessor-version":[{"id":1677,"href":"https:\/\/cbbenicarlo.com\/index.php?rest_route=\/wp\/v2\/posts\/1674\/revisions\/1677"}],"wp:featuredmedia":[{"embeddable":true,"href":"https:\/\/cbbenicarlo.com\/index.php?rest_route=\/wp\/v2\/media\/1675"}],"wp:attachment":[{"href":"https:\/\/cbbenicarlo.com\/index.php?rest_route=%2Fwp%2Fv2%2Fmedia&parent=1674"}],"wp:term":[{"taxonomy":"category","embeddable":true,"href":"https:\/\/cbbenicarlo.com\/index.php?rest_route=%2Fwp%2Fv2%2Fcategories&post=1674"},{"taxonomy":"post_tag","embeddable":true,"href":"https:\/\/cbbenicarlo.com\/index.php?rest_route=%2Fwp%2Fv2%2Ftags&post=1674"}],"curies":[{"name":"wp","href":"https:\/\/api.w.org\/{rel}","templated":true}]}}