{"id":1655,"date":"2022-07-13T15:07:44","date_gmt":"2022-07-13T13:07:44","guid":{"rendered":"https:\/\/cbbenicarlo.com\/?p=1655"},"modified":"2022-07-13T15:54:09","modified_gmt":"2022-07-13T13:54:09","slug":"primer-equipo-definido-el-calendario-para-la-temporada-22-23","status":"publish","type":"post","link":"https:\/\/cbbenicarlo.com\/?p=1655","title":{"rendered":"PRIMER EQUIPO | Definido el calendario para la temporada 22\/23"},"content":{"rendered":"\n<p>Esta ma\u00f1ana se ha realizado el sorteo del calendario para temporada 22\/23 de la liga LEB Plata.<\/p>\n\n\n\n<p>La temporada 2022\/23 volver\u00e1 a tener 28 equipos, divididos en dos grupos y comenzar\u00e1 el 8 de octubre. La \u00faltima jornada de la primera vuelta se jugar\u00e1 el 28 de diciembre, y se decidir\u00e1n los dos equipos que jueguen la Copa LEB Plata el 28 de enero y la \u00faltima jornada de Liga Regular ser\u00e1 el 8 de abril.<\/p>\n\n\n\n<p>Composici\u00f3n:\u00a0<strong>28 equipos (en 2 grupos)<\/strong><br>Ascensos:\u00a0<strong>3<\/strong><br>Descensos:\u00a0<strong>6<\/strong><br>Liga regular:\u00a0<strong>8 octubre-22 abril<\/strong><br>Copa LEB Plata:\u00a0<strong>28 enero<\/strong><br>Cuartos de final:\u00a0<strong>29 abril y 8 mayo<\/strong><br>Semifinales:\u00a0<strong>15 y 20 mayo<\/strong><\/p>\n\n\n\n<p><strong>NUESTRO HORARIO HABITUAL DE PARTIDO COMO LOCAL SER\u00c1 EN DOMINGO<\/strong><\/p>\n\n\n\n<p>El Maderas Sorl\u00ed Benicarl\u00f3 har\u00e1 su arranque liguero cogiendo un avi\u00f3n, enfrent\u00e1ndose al Sant Antoni Ibiza Feeling. Este ser\u00e1 el calendario de la Liga Regular de nuestro primer equipo:<\/p>\n\n\n\n<div class=\"wp-block-file\"><object class=\"wp-block-file__embed\" data=\"https:\/\/cbbenicarlo.com\/wp-content\/uploads\/2022\/07\/CALENDARIO_LEB_PLATA_ESTE.pdf\" type=\"application\/pdf\" style=\"width:100%;height:600px\" aria-label=\"Incrustado de Incrustado de CALENDARIO_LEB_PLATA_ESTE..\"><\/object><a id=\"wp-block-file--media-b3f20e00-e1d7-47ea-ad10-c26587799c3f\" href=\"https:\/\/cbbenicarlo.com\/wp-content\/uploads\/2022\/07\/CALENDARIO_LEB_PLATA_ESTE.pdf\">CALENDARIO_LEB_PLATA_ESTE<\/a><a href=\"https:\/\/cbbenicarlo.com\/wp-content\/uploads\/2022\/07\/CALENDARIO_LEB_PLATA_ESTE.pdf\" class=\"wp-block-file__button\" download aria-describedby=\"wp-block-file--media-b3f20e00-e1d7-47ea-ad10-c26587799c3f\">Descarga<\/a><\/div>\n","protected":false},"excerpt":{"rendered":"<p>Esta ma\u00f1ana se ha realizado el sorteo del calendario para temporada 22\/23 de la liga LEB Plata. La temporada 2022\/23 volver\u00e1 a tener 28 equipos, divididos en dos grupos y comenzar\u00e1 el 8 de octubre. La \u00faltima jornada de la primera vuelta se jugar\u00e1 el 28 de diciembre, y se decidir\u00e1n los dos equipos que jueguen la Copa LEB Plata el 28 de enero y la \u00faltima jornada de Liga Regular ser\u00e1 el 8 de abril. Composici\u00f3n:\u00a028 equipos (en 2 grupos)Ascensos:\u00a03Descensos:\u00a06Liga regular:\u00a08 octubre-22 abrilCopa LEB Plata:\u00a028 eneroCuartos de final:\u00a029 abril y 8 mayoSemifinales:\u00a015 y 20 mayo NUESTRO HORARIO HABITUAL DE PARTIDO COMO LOCAL SER\u00c1 EN DOMINGO El Maderas Sorl\u00ed Benicarl\u00f3 har\u00e1 su arranque liguero cogiendo un avi\u00f3n, enfrent\u00e1ndose al Sant Antoni Ibiza Feeling. Este ser\u00e1 el calendario de la Liga Regular de nuestro primer equipo:<\/p>\n","protected":false},"author":1,"featured_media":1657,"comment_status":"closed","ping_status":"closed","sticky":false,"template":"","format":"standard","meta":{"_eb_attr":""},"categories":[1],"tags":[],"yoast_head":"<!-- This site is optimized with the Yoast SEO plugin v21.1 - https:\/\/yoast.com\/wordpress\/plugins\/seo\/ -->\n<title>PRIMER EQUIPO | Definido el calendario para la temporada 22\/23 | Club Basquet Benicarl\u00f3<\/title>\n<meta name=\"robots\" content=\"index, follow, max-snippet:-1, max-image-preview:large, max-video-preview:-1\" \/>\n<link rel=\"canonical\" href=\"https:\/\/cbbenicarlo.com\/?p=1655\" \/>\n<meta property=\"og:locale\" content=\"es_ES\" \/>\n<meta property=\"og:type\" content=\"article\" \/>\n<meta property=\"og:title\" content=\"PRIMER EQUIPO | Definido el calendario para la temporada 22\/23 | Club Basquet Benicarl\u00f3\" \/>\n<meta property=\"og:description\" content=\"Esta ma\u00f1ana se ha realizado el sorteo del calendario para temporada 22\/23 de la liga LEB Plata. La temporada 2022\/23 volver\u00e1 a tener 28 equipos, divididos en dos grupos y comenzar\u00e1 el 8 de octubre. La \u00faltima jornada de la primera vuelta se jugar\u00e1 el 28 de diciembre, y se decidir\u00e1n los dos equipos que jueguen la Copa LEB Plata el 28 de enero y la \u00faltima jornada de Liga Regular ser\u00e1 el 8 de abril. Composici\u00f3n:\u00a028 equipos (en 2 grupos)Ascensos:\u00a03Descensos:\u00a06Liga regular:\u00a08 octubre-22 abrilCopa LEB Plata:\u00a028 eneroCuartos de final:\u00a029 abril y 8 mayoSemifinales:\u00a015 y 20 mayo NUESTRO HORARIO HABITUAL DE PARTIDO COMO LOCAL SER\u00c1 EN DOMINGO El Maderas Sorl\u00ed Benicarl\u00f3 har\u00e1 su arranque liguero cogiendo un avi\u00f3n, enfrent\u00e1ndose al Sant Antoni Ibiza Feeling. Este ser\u00e1 el calendario de la Liga Regular de nuestro primer equipo:\" \/>\n<meta property=\"og:url\" content=\"https:\/\/cbbenicarlo.com\/?p=1655\" \/>\n<meta property=\"og:site_name\" content=\"Club Basquet Benicarl\u00f3\" \/>\n<meta property=\"article:published_time\" content=\"2022-07-13T13:07:44+00:00\" \/>\n<meta property=\"article:modified_time\" content=\"2022-07-13T13:54:09+00:00\" \/>\n<meta property=\"og:image\" content=\"https:\/\/cbbenicarlo.com\/wp-content\/uploads\/2022\/07\/CALENDARIO-1-819x1024.png\" \/>\n\t<meta property=\"og:image:width\" content=\"819\" \/>\n\t<meta property=\"og:image:height\" content=\"1024\" \/>\n\t<meta property=\"og:image:type\" content=\"image\/png\" \/>\n<meta name=\"author\" content=\"Club B\u00e0squet Benicarl\u00f3\" \/>\n<meta name=\"twitter:card\" content=\"summary_large_image\" \/>\n<meta name=\"twitter:label1\" content=\"Escrito por\" \/>\n\t<meta name=\"twitter:data1\" content=\"Club B\u00e0squet Benicarl\u00f3\" \/>\n\t<meta name=\"twitter:label2\" content=\"Tiempo de lectura\" \/>\n\t<meta name=\"twitter:data2\" content=\"1 minuto\" \/>\n<script type=\"application\/ld+json\" class=\"yoast-schema-graph\">{\"@context\":\"https:\/\/schema.org\",\"@graph\":[{\"@type\":\"Article\",\"@id\":\"https:\/\/cbbenicarlo.com\/?p=1655#article\",\"isPartOf\":{\"@id\":\"https:\/\/cbbenicarlo.com\/?p=1655\"},\"author\":{\"name\":\"Club B\u00e0squet Benicarl\u00f3\",\"@id\":\"https:\/\/cbbenicarlo.com\/#\/schema\/person\/200a6bea92870b7adeb1a5c755a793f2\"},\"headline\":\"PRIMER EQUIPO | Definido el calendario para la temporada 22\/23\",\"datePublished\":\"2022-07-13T13:07:44+00:00\",\"dateModified\":\"2022-07-13T13:54:09+00:00\",\"mainEntityOfPage\":{\"@id\":\"https:\/\/cbbenicarlo.com\/?p=1655\"},\"wordCount\":149,\"publisher\":{\"@id\":\"https:\/\/cbbenicarlo.com\/#organization\"},\"articleSection\":[\"Primer Equipo\"],\"inLanguage\":\"es\"},{\"@type\":\"WebPage\",\"@id\":\"https:\/\/cbbenicarlo.com\/?p=1655\",\"url\":\"https:\/\/cbbenicarlo.com\/?p=1655\",\"name\":\"PRIMER EQUIPO | Definido el calendario para la temporada 22\/23 | Club Basquet Benicarl\u00f3\",\"isPartOf\":{\"@id\":\"https:\/\/cbbenicarlo.com\/#website\"},\"datePublished\":\"2022-07-13T13:07:44+00:00\",\"dateModified\":\"2022-07-13T13:54:09+00:00\",\"breadcrumb\":{\"@id\":\"https:\/\/cbbenicarlo.com\/?p=1655#breadcrumb\"},\"inLanguage\":\"es\",\"potentialAction\":[{\"@type\":\"ReadAction\",\"target\":[\"https:\/\/cbbenicarlo.com\/?p=1655\"]}]},{\"@type\":\"BreadcrumbList\",\"@id\":\"https:\/\/cbbenicarlo.com\/?p=1655#breadcrumb\",\"itemListElement\":[{\"@type\":\"ListItem\",\"position\":1,\"name\":\"Portada\",\"item\":\"https:\/\/cbbenicarlo.com\/\"},{\"@type\":\"ListItem\",\"position\":2,\"name\":\"PRIMER EQUIPO | Definido el calendario para la temporada 22\/23\"}]},{\"@type\":\"WebSite\",\"@id\":\"https:\/\/cbbenicarlo.com\/#website\",\"url\":\"https:\/\/cbbenicarlo.com\/\",\"name\":\"Club Basquet Benicarl\u00f3\",\"description\":\"P\u00e1gina Web Oficial\",\"publisher\":{\"@id\":\"https:\/\/cbbenicarlo.com\/#organization\"},\"potentialAction\":[{\"@type\":\"SearchAction\",\"target\":{\"@type\":\"EntryPoint\",\"urlTemplate\":\"https:\/\/cbbenicarlo.com\/?s={search_term_string}\"},\"query-input\":\"required name=search_term_string\"}],\"inLanguage\":\"es\"},{\"@type\":\"Organization\",\"@id\":\"https:\/\/cbbenicarlo.com\/#organization\",\"name\":\"Club B\u00e0squet Benicarl\u00f3\",\"url\":\"https:\/\/cbbenicarlo.com\/\",\"logo\":{\"@type\":\"ImageObject\",\"inLanguage\":\"es\",\"@id\":\"https:\/\/cbbenicarlo.com\/#\/schema\/logo\/image\/\",\"url\":\"https:\/\/cbbenicarlo.com\/wp-content\/uploads\/2022\/05\/cropped-cropped-cropped-CBBENICARLO2021-22-2.png\",\"contentUrl\":\"https:\/\/cbbenicarlo.com\/wp-content\/uploads\/2022\/05\/cropped-cropped-cropped-CBBENICARLO2021-22-2.png\",\"width\":512,\"height\":512,\"caption\":\"Club B\u00e0squet Benicarl\u00f3\"},\"image\":{\"@id\":\"https:\/\/cbbenicarlo.com\/#\/schema\/logo\/image\/\"}},{\"@type\":\"Person\",\"@id\":\"https:\/\/cbbenicarlo.com\/#\/schema\/person\/200a6bea92870b7adeb1a5c755a793f2\",\"name\":\"Club B\u00e0squet Benicarl\u00f3\",\"image\":{\"@type\":\"ImageObject\",\"inLanguage\":\"es\",\"@id\":\"https:\/\/cbbenicarlo.com\/#\/schema\/person\/image\/\",\"url\":\"https:\/\/secure.gravatar.com\/avatar\/8aed305f961a70f8934d4ba794f3527a?s=96&d=mm&r=g\",\"contentUrl\":\"https:\/\/secure.gravatar.com\/avatar\/8aed305f961a70f8934d4ba794f3527a?s=96&d=mm&r=g\",\"caption\":\"Club B\u00e0squet Benicarl\u00f3\"},\"url\":\"https:\/\/cbbenicarlo.com\/?author=1\"}]}<\/script>\n<!-- \/ Yoast SEO plugin. -->","yoast_head_json":{"title":"PRIMER EQUIPO | Definido el calendario para la temporada 22\/23 | Club Basquet Benicarl\u00f3","robots":{"index":"index","follow":"follow","max-snippet":"max-snippet:-1","max-image-preview":"max-image-preview:large","max-video-preview":"max-video-preview:-1"},"canonical":"https:\/\/cbbenicarlo.com\/?p=1655","og_locale":"es_ES","og_type":"article","og_title":"PRIMER EQUIPO | Definido el calendario para la temporada 22\/23 | Club Basquet Benicarl\u00f3","og_description":"Esta ma\u00f1ana se ha realizado el sorteo del calendario para temporada 22\/23 de la liga LEB Plata. La temporada 2022\/23 volver\u00e1 a tener 28 equipos, divididos en dos grupos y comenzar\u00e1 el 8 de octubre. La \u00faltima jornada de la primera vuelta se jugar\u00e1 el 28 de diciembre, y se decidir\u00e1n los dos equipos que jueguen la Copa LEB Plata el 28 de enero y la \u00faltima jornada de Liga Regular ser\u00e1 el 8 de abril. Composici\u00f3n:\u00a028 equipos (en 2 grupos)Ascensos:\u00a03Descensos:\u00a06Liga regular:\u00a08 octubre-22 abrilCopa LEB Plata:\u00a028 eneroCuartos de final:\u00a029 abril y 8 mayoSemifinales:\u00a015 y 20 mayo NUESTRO HORARIO HABITUAL DE PARTIDO COMO LOCAL SER\u00c1 EN DOMINGO El Maderas Sorl\u00ed Benicarl\u00f3 har\u00e1 su arranque liguero cogiendo un avi\u00f3n, enfrent\u00e1ndose al Sant Antoni Ibiza Feeling. Este ser\u00e1 el calendario de la Liga Regular de nuestro primer equipo:","og_url":"https:\/\/cbbenicarlo.com\/?p=1655","og_site_name":"Club Basquet Benicarl\u00f3","article_published_time":"2022-07-13T13:07:44+00:00","article_modified_time":"2022-07-13T13:54:09+00:00","og_image":[{"width":819,"height":1024,"url":"https:\/\/cbbenicarlo.com\/wp-content\/uploads\/2022\/07\/CALENDARIO-1-819x1024.png","type":"image\/png"}],"author":"Club B\u00e0squet Benicarl\u00f3","twitter_card":"summary_large_image","twitter_misc":{"Escrito por":"Club B\u00e0squet Benicarl\u00f3","Tiempo de lectura":"1 minuto"},"schema":{"@context":"https:\/\/schema.org","@graph":[{"@type":"Article","@id":"https:\/\/cbbenicarlo.com\/?p=1655#article","isPartOf":{"@id":"https:\/\/cbbenicarlo.com\/?p=1655"},"author":{"name":"Club B\u00e0squet Benicarl\u00f3","@id":"https:\/\/cbbenicarlo.com\/#\/schema\/person\/200a6bea92870b7adeb1a5c755a793f2"},"headline":"PRIMER EQUIPO | Definido el calendario para la temporada 22\/23","datePublished":"2022-07-13T13:07:44+00:00","dateModified":"2022-07-13T13:54:09+00:00","mainEntityOfPage":{"@id":"https:\/\/cbbenicarlo.com\/?p=1655"},"wordCount":149,"publisher":{"@id":"https:\/\/cbbenicarlo.com\/#organization"},"articleSection":["Primer Equipo"],"inLanguage":"es"},{"@type":"WebPage","@id":"https:\/\/cbbenicarlo.com\/?p=1655","url":"https:\/\/cbbenicarlo.com\/?p=1655","name":"PRIMER EQUIPO | Definido el calendario para la temporada 22\/23 | Club Basquet Benicarl\u00f3","isPartOf":{"@id":"https:\/\/cbbenicarlo.com\/#website"},"datePublished":"2022-07-13T13:07:44+00:00","dateModified":"2022-07-13T13:54:09+00:00","breadcrumb":{"@id":"https:\/\/cbbenicarlo.com\/?p=1655#breadcrumb"},"inLanguage":"es","potentialAction":[{"@type":"ReadAction","target":["https:\/\/cbbenicarlo.com\/?p=1655"]}]},{"@type":"BreadcrumbList","@id":"https:\/\/cbbenicarlo.com\/?p=1655#breadcrumb","itemListElement":[{"@type":"ListItem","position":1,"name":"Portada","item":"https:\/\/cbbenicarlo.com\/"},{"@type":"ListItem","position":2,"name":"PRIMER EQUIPO | Definido el calendario para la temporada 22\/23"}]},{"@type":"WebSite","@id":"https:\/\/cbbenicarlo.com\/#website","url":"https:\/\/cbbenicarlo.com\/","name":"Club Basquet Benicarl\u00f3","description":"P\u00e1gina Web Oficial","publisher":{"@id":"https:\/\/cbbenicarlo.com\/#organization"},"potentialAction":[{"@type":"SearchAction","target":{"@type":"EntryPoint","urlTemplate":"https:\/\/cbbenicarlo.com\/?s={search_term_string}"},"query-input":"required name=search_term_string"}],"inLanguage":"es"},{"@type":"Organization","@id":"https:\/\/cbbenicarlo.com\/#organization","name":"Club B\u00e0squet Benicarl\u00f3","url":"https:\/\/cbbenicarlo.com\/","logo":{"@type":"ImageObject","inLanguage":"es","@id":"https:\/\/cbbenicarlo.com\/#\/schema\/logo\/image\/","url":"https:\/\/cbbenicarlo.com\/wp-content\/uploads\/2022\/05\/cropped-cropped-cropped-CBBENICARLO2021-22-2.png","contentUrl":"https:\/\/cbbenicarlo.com\/wp-content\/uploads\/2022\/05\/cropped-cropped-cropped-CBBENICARLO2021-22-2.png","width":512,"height":512,"caption":"Club B\u00e0squet Benicarl\u00f3"},"image":{"@id":"https:\/\/cbbenicarlo.com\/#\/schema\/logo\/image\/"}},{"@type":"Person","@id":"https:\/\/cbbenicarlo.com\/#\/schema\/person\/200a6bea92870b7adeb1a5c755a793f2","name":"Club B\u00e0squet Benicarl\u00f3","image":{"@type":"ImageObject","inLanguage":"es","@id":"https:\/\/cbbenicarlo.com\/#\/schema\/person\/image\/","url":"https:\/\/secure.gravatar.com\/avatar\/8aed305f961a70f8934d4ba794f3527a?s=96&d=mm&r=g","contentUrl":"https:\/\/secure.gravatar.com\/avatar\/8aed305f961a70f8934d4ba794f3527a?s=96&d=mm&r=g","caption":"Club B\u00e0squet Benicarl\u00f3"},"url":"https:\/\/cbbenicarlo.com\/?author=1"}]}},"_links":{"self":[{"href":"https:\/\/cbbenicarlo.com\/index.php?rest_route=\/wp\/v2\/posts\/1655"}],"collection":[{"href":"https:\/\/cbbenicarlo.com\/index.php?rest_route=\/wp\/v2\/posts"}],"about":[{"href":"https:\/\/cbbenicarlo.com\/index.php?rest_route=\/wp\/v2\/types\/post"}],"author":[{"embeddable":true,"href":"https:\/\/cbbenicarlo.com\/index.php?rest_route=\/wp\/v2\/users\/1"}],"replies":[{"embeddable":true,"href":"https:\/\/cbbenicarlo.com\/index.php?rest_route=%2Fwp%2Fv2%2Fcomments&post=1655"}],"version-history":[{"count":3,"href":"https:\/\/cbbenicarlo.com\/index.php?rest_route=\/wp\/v2\/posts\/1655\/revisions"}],"predecessor-version":[{"id":1668,"href":"https:\/\/cbbenicarlo.com\/index.php?rest_route=\/wp\/v2\/posts\/1655\/revisions\/1668"}],"wp:featuredmedia":[{"embeddable":true,"href":"https:\/\/cbbenicarlo.com\/index.php?rest_route=\/wp\/v2\/media\/1657"}],"wp:attachment":[{"href":"https:\/\/cbbenicarlo.com\/index.php?rest_route=%2Fwp%2Fv2%2Fmedia&parent=1655"}],"wp:term":[{"taxonomy":"category","embeddable":true,"href":"https:\/\/cbbenicarlo.com\/index.php?rest_route=%2Fwp%2Fv2%2Fcategories&post=1655"},{"taxonomy":"post_tag","embeddable":true,"href":"https:\/\/cbbenicarlo.com\/index.php?rest_route=%2Fwp%2Fv2%2Ftags&post=1655"}],"curies":[{"name":"wp","href":"https:\/\/api.w.org\/{rel}","templated":true}]}}