{"id":1635,"date":"2022-07-08T14:53:13","date_gmt":"2022-07-08T12:53:13","guid":{"rendered":"https:\/\/cbbenicarlo.com\/?p=1635"},"modified":"2022-07-08T14:55:08","modified_gmt":"2022-07-08T12:55:08","slug":"renovacion-vladi-orlov-temporada-22-23","status":"publish","type":"post","link":"https:\/\/cbbenicarlo.com\/?p=1635","title":{"rendered":"RENOVACI\u00d3N | Vladi Orlov Temporada 22\/23"},"content":{"rendered":"\n<p><strong>Nuestro p\u00edvot referente un a\u00f1o m\u00e1s a las ordenes de Adria Alonso. Orlov seguir\u00e1 vistiendo la el\u00e1stica benicarlanda una temporada m\u00e1s<\/strong>.<\/p>\n\n\n\n<p>Vladi volver\u00e1 a jugar en Benicarl\u00f3. Ha sido uno de los destacados del equipo y de los jugadores m\u00e1s dominadores de la liga la pasada campa\u00f1a. Se trata de un \u00abJugador con amplia experiencia en la categor\u00eda, jugando en equipos como Zornotza, Real Murcia, Iraurgi o Mor\u00f3n, pasando por el LEB Oro de Ourense. Esta \u00faltima temporada se ha convertido en uno de los referentes interiores de la liga, promediando 12,5 puntos, 6,3 rebotes y 16,5 de valoraci\u00f3n, liderando el ranking en diferentes apartados estad\u00edsticos. Esperamos que siga su crecimiento con su trabajo diario, ampliando registros para hacerlo un jugador m\u00e1s completo.\u00bb, nos explica el staff t\u00e9cnico.<\/p>\n\n\n\n<p>Orlov vuelve con ganas a Benicarl\u00f3, \u00abEstoy muy contento de volver a un sitio donde fui querido. Jugar con un pabell\u00f3n lleno cada fin de semana no es algo sencillo en esta liga y en Benicarl\u00f3 lo tenemos.\u00bb<\/p>\n\n\n\n<p>Un jugador que seguro nos har\u00e1 disfrutar. <mark style=\"background-color:rgba(0, 0, 0, 0)\" class=\"has-inline-color has-vivid-red-color\">#TodoAlRojo<\/mark><\/p>\n\n\n\n<figure class=\"wp-block-image size-large\"><img fetchpriority=\"high\" decoding=\"async\" width=\"1024\" height=\"681\" src=\"https:\/\/cbbenicarlo.com\/wp-content\/uploads\/2022\/07\/Equipo_0080-1024x681.jpg\" alt=\"\" class=\"wp-image-1636\" srcset=\"https:\/\/cbbenicarlo.com\/wp-content\/uploads\/2022\/07\/Equipo_0080-1024x681.jpg 1024w, https:\/\/cbbenicarlo.com\/wp-content\/uploads\/2022\/07\/Equipo_0080-300x200.jpg 300w, https:\/\/cbbenicarlo.com\/wp-content\/uploads\/2022\/07\/Equipo_0080-768x511.jpg 768w, https:\/\/cbbenicarlo.com\/wp-content\/uploads\/2022\/07\/Equipo_0080-1536x1022.jpg 1536w, https:\/\/cbbenicarlo.com\/wp-content\/uploads\/2022\/07\/Equipo_0080-2048x1363.jpg 2048w, https:\/\/cbbenicarlo.com\/wp-content\/uploads\/2022\/07\/Equipo_0080-128x85.jpg 128w, https:\/\/cbbenicarlo.com\/wp-content\/uploads\/2022\/07\/Equipo_0080-32x21.jpg 32w\" sizes=\"(max-width: 1024px) 100vw, 1024px\" \/><\/figure>\n","protected":false},"excerpt":{"rendered":"<p>Nuestro p\u00edvot referente un a\u00f1o m\u00e1s a las ordenes de Adria Alonso. Orlov seguir\u00e1 vistiendo la el\u00e1stica benicarlanda una temporada m\u00e1s. Vladi volver\u00e1 a jugar en Benicarl\u00f3. Ha sido uno de los destacados del equipo y de los jugadores m\u00e1s dominadores de la liga la pasada campa\u00f1a. Se trata de un \u00abJugador con amplia experiencia en la categor\u00eda, jugando en equipos como Zornotza, Real Murcia, Iraurgi o Mor\u00f3n, pasando por el LEB Oro de Ourense. Esta \u00faltima temporada se ha convertido en uno de los referentes interiores de la liga, promediando 12,5 puntos, 6,3 rebotes y 16,5 de valoraci\u00f3n, liderando el ranking en diferentes apartados estad\u00edsticos. Esperamos que siga su crecimiento con su trabajo diario, ampliando registros para hacerlo un jugador m\u00e1s completo.\u00bb, nos explica el staff t\u00e9cnico. Orlov vuelve con ganas a Benicarl\u00f3, \u00abEstoy muy contento de volver a un sitio donde fui querido. Jugar con un pabell\u00f3n lleno cada fin de semana no es algo sencillo en esta liga y en Benicarl\u00f3 lo tenemos.\u00bb Un jugador que seguro nos har\u00e1 disfrutar. #TodoAlRojo<\/p>\n","protected":false},"author":1,"featured_media":1637,"comment_status":"closed","ping_status":"closed","sticky":false,"template":"","format":"standard","meta":{"_eb_attr":""},"categories":[1],"tags":[],"yoast_head":"<!-- This site is optimized with the Yoast SEO plugin v21.1 - https:\/\/yoast.com\/wordpress\/plugins\/seo\/ -->\n<title>RENOVACI\u00d3N | Vladi Orlov Temporada 22\/23 | Club Basquet Benicarl\u00f3<\/title>\n<meta name=\"robots\" content=\"index, follow, max-snippet:-1, max-image-preview:large, max-video-preview:-1\" \/>\n<link rel=\"canonical\" href=\"https:\/\/cbbenicarlo.com\/?p=1635\" \/>\n<meta property=\"og:locale\" content=\"es_ES\" \/>\n<meta property=\"og:type\" content=\"article\" \/>\n<meta property=\"og:title\" content=\"RENOVACI\u00d3N | Vladi Orlov Temporada 22\/23 | Club Basquet Benicarl\u00f3\" \/>\n<meta property=\"og:description\" content=\"Nuestro p\u00edvot referente un a\u00f1o m\u00e1s a las ordenes de Adria Alonso. Orlov seguir\u00e1 vistiendo la el\u00e1stica benicarlanda una temporada m\u00e1s. Vladi volver\u00e1 a jugar en Benicarl\u00f3. Ha sido uno de los destacados del equipo y de los jugadores m\u00e1s dominadores de la liga la pasada campa\u00f1a. Se trata de un \u00abJugador con amplia experiencia en la categor\u00eda, jugando en equipos como Zornotza, Real Murcia, Iraurgi o Mor\u00f3n, pasando por el LEB Oro de Ourense. Esta \u00faltima temporada se ha convertido en uno de los referentes interiores de la liga, promediando 12,5 puntos, 6,3 rebotes y 16,5 de valoraci\u00f3n, liderando el ranking en diferentes apartados estad\u00edsticos. Esperamos que siga su crecimiento con su trabajo diario, ampliando registros para hacerlo un jugador m\u00e1s completo.\u00bb, nos explica el staff t\u00e9cnico. Orlov vuelve con ganas a Benicarl\u00f3, \u00abEstoy muy contento de volver a un sitio donde fui querido. Jugar con un pabell\u00f3n lleno cada fin de semana no es algo sencillo en esta liga y en Benicarl\u00f3 lo tenemos.\u00bb Un jugador que seguro nos har\u00e1 disfrutar. #TodoAlRojo\" \/>\n<meta property=\"og:url\" content=\"https:\/\/cbbenicarlo.com\/?p=1635\" \/>\n<meta property=\"og:site_name\" content=\"Club Basquet Benicarl\u00f3\" \/>\n<meta property=\"article:published_time\" content=\"2022-07-08T12:53:13+00:00\" \/>\n<meta property=\"article:modified_time\" content=\"2022-07-08T12:55:08+00:00\" \/>\n<meta property=\"og:image\" content=\"https:\/\/cbbenicarlo.com\/wp-content\/uploads\/2022\/07\/RENOVACION-ORLOV-819x1024.png\" \/>\n\t<meta property=\"og:image:width\" content=\"819\" \/>\n\t<meta property=\"og:image:height\" content=\"1024\" \/>\n\t<meta property=\"og:image:type\" content=\"image\/png\" \/>\n<meta name=\"author\" content=\"Club B\u00e0squet Benicarl\u00f3\" \/>\n<meta name=\"twitter:card\" content=\"summary_large_image\" \/>\n<meta name=\"twitter:label1\" content=\"Escrito por\" \/>\n\t<meta name=\"twitter:data1\" content=\"Club B\u00e0squet Benicarl\u00f3\" \/>\n\t<meta name=\"twitter:label2\" content=\"Tiempo de lectura\" \/>\n\t<meta name=\"twitter:data2\" content=\"1 minuto\" \/>\n<script type=\"application\/ld+json\" class=\"yoast-schema-graph\">{\"@context\":\"https:\/\/schema.org\",\"@graph\":[{\"@type\":\"Article\",\"@id\":\"https:\/\/cbbenicarlo.com\/?p=1635#article\",\"isPartOf\":{\"@id\":\"https:\/\/cbbenicarlo.com\/?p=1635\"},\"author\":{\"name\":\"Club B\u00e0squet Benicarl\u00f3\",\"@id\":\"https:\/\/cbbenicarlo.com\/#\/schema\/person\/200a6bea92870b7adeb1a5c755a793f2\"},\"headline\":\"RENOVACI\u00d3N | Vladi Orlov Temporada 22\/23\",\"datePublished\":\"2022-07-08T12:53:13+00:00\",\"dateModified\":\"2022-07-08T12:55:08+00:00\",\"mainEntityOfPage\":{\"@id\":\"https:\/\/cbbenicarlo.com\/?p=1635\"},\"wordCount\":190,\"publisher\":{\"@id\":\"https:\/\/cbbenicarlo.com\/#organization\"},\"articleSection\":[\"Primer Equipo\"],\"inLanguage\":\"es\"},{\"@type\":\"WebPage\",\"@id\":\"https:\/\/cbbenicarlo.com\/?p=1635\",\"url\":\"https:\/\/cbbenicarlo.com\/?p=1635\",\"name\":\"RENOVACI\u00d3N | Vladi Orlov Temporada 22\/23 | Club Basquet Benicarl\u00f3\",\"isPartOf\":{\"@id\":\"https:\/\/cbbenicarlo.com\/#website\"},\"datePublished\":\"2022-07-08T12:53:13+00:00\",\"dateModified\":\"2022-07-08T12:55:08+00:00\",\"breadcrumb\":{\"@id\":\"https:\/\/cbbenicarlo.com\/?p=1635#breadcrumb\"},\"inLanguage\":\"es\",\"potentialAction\":[{\"@type\":\"ReadAction\",\"target\":[\"https:\/\/cbbenicarlo.com\/?p=1635\"]}]},{\"@type\":\"BreadcrumbList\",\"@id\":\"https:\/\/cbbenicarlo.com\/?p=1635#breadcrumb\",\"itemListElement\":[{\"@type\":\"ListItem\",\"position\":1,\"name\":\"Portada\",\"item\":\"https:\/\/cbbenicarlo.com\/\"},{\"@type\":\"ListItem\",\"position\":2,\"name\":\"RENOVACI\u00d3N | Vladi Orlov Temporada 22\/23\"}]},{\"@type\":\"WebSite\",\"@id\":\"https:\/\/cbbenicarlo.com\/#website\",\"url\":\"https:\/\/cbbenicarlo.com\/\",\"name\":\"Club Basquet Benicarl\u00f3\",\"description\":\"P\u00e1gina Web Oficial\",\"publisher\":{\"@id\":\"https:\/\/cbbenicarlo.com\/#organization\"},\"potentialAction\":[{\"@type\":\"SearchAction\",\"target\":{\"@type\":\"EntryPoint\",\"urlTemplate\":\"https:\/\/cbbenicarlo.com\/?s={search_term_string}\"},\"query-input\":\"required name=search_term_string\"}],\"inLanguage\":\"es\"},{\"@type\":\"Organization\",\"@id\":\"https:\/\/cbbenicarlo.com\/#organization\",\"name\":\"Club B\u00e0squet Benicarl\u00f3\",\"url\":\"https:\/\/cbbenicarlo.com\/\",\"logo\":{\"@type\":\"ImageObject\",\"inLanguage\":\"es\",\"@id\":\"https:\/\/cbbenicarlo.com\/#\/schema\/logo\/image\/\",\"url\":\"https:\/\/cbbenicarlo.com\/wp-content\/uploads\/2022\/05\/cropped-cropped-cropped-CBBENICARLO2021-22-2.png\",\"contentUrl\":\"https:\/\/cbbenicarlo.com\/wp-content\/uploads\/2022\/05\/cropped-cropped-cropped-CBBENICARLO2021-22-2.png\",\"width\":512,\"height\":512,\"caption\":\"Club B\u00e0squet Benicarl\u00f3\"},\"image\":{\"@id\":\"https:\/\/cbbenicarlo.com\/#\/schema\/logo\/image\/\"}},{\"@type\":\"Person\",\"@id\":\"https:\/\/cbbenicarlo.com\/#\/schema\/person\/200a6bea92870b7adeb1a5c755a793f2\",\"name\":\"Club B\u00e0squet Benicarl\u00f3\",\"image\":{\"@type\":\"ImageObject\",\"inLanguage\":\"es\",\"@id\":\"https:\/\/cbbenicarlo.com\/#\/schema\/person\/image\/\",\"url\":\"https:\/\/secure.gravatar.com\/avatar\/8aed305f961a70f8934d4ba794f3527a?s=96&d=mm&r=g\",\"contentUrl\":\"https:\/\/secure.gravatar.com\/avatar\/8aed305f961a70f8934d4ba794f3527a?s=96&d=mm&r=g\",\"caption\":\"Club B\u00e0squet Benicarl\u00f3\"},\"url\":\"https:\/\/cbbenicarlo.com\/?author=1\"}]}<\/script>\n<!-- \/ Yoast SEO plugin. -->","yoast_head_json":{"title":"RENOVACI\u00d3N | Vladi Orlov Temporada 22\/23 | Club Basquet Benicarl\u00f3","robots":{"index":"index","follow":"follow","max-snippet":"max-snippet:-1","max-image-preview":"max-image-preview:large","max-video-preview":"max-video-preview:-1"},"canonical":"https:\/\/cbbenicarlo.com\/?p=1635","og_locale":"es_ES","og_type":"article","og_title":"RENOVACI\u00d3N | Vladi Orlov Temporada 22\/23 | Club Basquet Benicarl\u00f3","og_description":"Nuestro p\u00edvot referente un a\u00f1o m\u00e1s a las ordenes de Adria Alonso. Orlov seguir\u00e1 vistiendo la el\u00e1stica benicarlanda una temporada m\u00e1s. Vladi volver\u00e1 a jugar en Benicarl\u00f3. Ha sido uno de los destacados del equipo y de los jugadores m\u00e1s dominadores de la liga la pasada campa\u00f1a. Se trata de un \u00abJugador con amplia experiencia en la categor\u00eda, jugando en equipos como Zornotza, Real Murcia, Iraurgi o Mor\u00f3n, pasando por el LEB Oro de Ourense. Esta \u00faltima temporada se ha convertido en uno de los referentes interiores de la liga, promediando 12,5 puntos, 6,3 rebotes y 16,5 de valoraci\u00f3n, liderando el ranking en diferentes apartados estad\u00edsticos. Esperamos que siga su crecimiento con su trabajo diario, ampliando registros para hacerlo un jugador m\u00e1s completo.\u00bb, nos explica el staff t\u00e9cnico. Orlov vuelve con ganas a Benicarl\u00f3, \u00abEstoy muy contento de volver a un sitio donde fui querido. Jugar con un pabell\u00f3n lleno cada fin de semana no es algo sencillo en esta liga y en Benicarl\u00f3 lo tenemos.\u00bb Un jugador que seguro nos har\u00e1 disfrutar. #TodoAlRojo","og_url":"https:\/\/cbbenicarlo.com\/?p=1635","og_site_name":"Club Basquet Benicarl\u00f3","article_published_time":"2022-07-08T12:53:13+00:00","article_modified_time":"2022-07-08T12:55:08+00:00","og_image":[{"width":819,"height":1024,"url":"https:\/\/cbbenicarlo.com\/wp-content\/uploads\/2022\/07\/RENOVACION-ORLOV-819x1024.png","type":"image\/png"}],"author":"Club B\u00e0squet Benicarl\u00f3","twitter_card":"summary_large_image","twitter_misc":{"Escrito por":"Club B\u00e0squet Benicarl\u00f3","Tiempo de lectura":"1 minuto"},"schema":{"@context":"https:\/\/schema.org","@graph":[{"@type":"Article","@id":"https:\/\/cbbenicarlo.com\/?p=1635#article","isPartOf":{"@id":"https:\/\/cbbenicarlo.com\/?p=1635"},"author":{"name":"Club B\u00e0squet Benicarl\u00f3","@id":"https:\/\/cbbenicarlo.com\/#\/schema\/person\/200a6bea92870b7adeb1a5c755a793f2"},"headline":"RENOVACI\u00d3N | Vladi Orlov Temporada 22\/23","datePublished":"2022-07-08T12:53:13+00:00","dateModified":"2022-07-08T12:55:08+00:00","mainEntityOfPage":{"@id":"https:\/\/cbbenicarlo.com\/?p=1635"},"wordCount":190,"publisher":{"@id":"https:\/\/cbbenicarlo.com\/#organization"},"articleSection":["Primer Equipo"],"inLanguage":"es"},{"@type":"WebPage","@id":"https:\/\/cbbenicarlo.com\/?p=1635","url":"https:\/\/cbbenicarlo.com\/?p=1635","name":"RENOVACI\u00d3N | Vladi Orlov Temporada 22\/23 | Club Basquet Benicarl\u00f3","isPartOf":{"@id":"https:\/\/cbbenicarlo.com\/#website"},"datePublished":"2022-07-08T12:53:13+00:00","dateModified":"2022-07-08T12:55:08+00:00","breadcrumb":{"@id":"https:\/\/cbbenicarlo.com\/?p=1635#breadcrumb"},"inLanguage":"es","potentialAction":[{"@type":"ReadAction","target":["https:\/\/cbbenicarlo.com\/?p=1635"]}]},{"@type":"BreadcrumbList","@id":"https:\/\/cbbenicarlo.com\/?p=1635#breadcrumb","itemListElement":[{"@type":"ListItem","position":1,"name":"Portada","item":"https:\/\/cbbenicarlo.com\/"},{"@type":"ListItem","position":2,"name":"RENOVACI\u00d3N | Vladi Orlov Temporada 22\/23"}]},{"@type":"WebSite","@id":"https:\/\/cbbenicarlo.com\/#website","url":"https:\/\/cbbenicarlo.com\/","name":"Club Basquet Benicarl\u00f3","description":"P\u00e1gina Web Oficial","publisher":{"@id":"https:\/\/cbbenicarlo.com\/#organization"},"potentialAction":[{"@type":"SearchAction","target":{"@type":"EntryPoint","urlTemplate":"https:\/\/cbbenicarlo.com\/?s={search_term_string}"},"query-input":"required name=search_term_string"}],"inLanguage":"es"},{"@type":"Organization","@id":"https:\/\/cbbenicarlo.com\/#organization","name":"Club B\u00e0squet Benicarl\u00f3","url":"https:\/\/cbbenicarlo.com\/","logo":{"@type":"ImageObject","inLanguage":"es","@id":"https:\/\/cbbenicarlo.com\/#\/schema\/logo\/image\/","url":"https:\/\/cbbenicarlo.com\/wp-content\/uploads\/2022\/05\/cropped-cropped-cropped-CBBENICARLO2021-22-2.png","contentUrl":"https:\/\/cbbenicarlo.com\/wp-content\/uploads\/2022\/05\/cropped-cropped-cropped-CBBENICARLO2021-22-2.png","width":512,"height":512,"caption":"Club B\u00e0squet Benicarl\u00f3"},"image":{"@id":"https:\/\/cbbenicarlo.com\/#\/schema\/logo\/image\/"}},{"@type":"Person","@id":"https:\/\/cbbenicarlo.com\/#\/schema\/person\/200a6bea92870b7adeb1a5c755a793f2","name":"Club B\u00e0squet Benicarl\u00f3","image":{"@type":"ImageObject","inLanguage":"es","@id":"https:\/\/cbbenicarlo.com\/#\/schema\/person\/image\/","url":"https:\/\/secure.gravatar.com\/avatar\/8aed305f961a70f8934d4ba794f3527a?s=96&d=mm&r=g","contentUrl":"https:\/\/secure.gravatar.com\/avatar\/8aed305f961a70f8934d4ba794f3527a?s=96&d=mm&r=g","caption":"Club B\u00e0squet Benicarl\u00f3"},"url":"https:\/\/cbbenicarlo.com\/?author=1"}]}},"_links":{"self":[{"href":"https:\/\/cbbenicarlo.com\/index.php?rest_route=\/wp\/v2\/posts\/1635"}],"collection":[{"href":"https:\/\/cbbenicarlo.com\/index.php?rest_route=\/wp\/v2\/posts"}],"about":[{"href":"https:\/\/cbbenicarlo.com\/index.php?rest_route=\/wp\/v2\/types\/post"}],"author":[{"embeddable":true,"href":"https:\/\/cbbenicarlo.com\/index.php?rest_route=\/wp\/v2\/users\/1"}],"replies":[{"embeddable":true,"href":"https:\/\/cbbenicarlo.com\/index.php?rest_route=%2Fwp%2Fv2%2Fcomments&post=1635"}],"version-history":[{"count":4,"href":"https:\/\/cbbenicarlo.com\/index.php?rest_route=\/wp\/v2\/posts\/1635\/revisions"}],"predecessor-version":[{"id":1641,"href":"https:\/\/cbbenicarlo.com\/index.php?rest_route=\/wp\/v2\/posts\/1635\/revisions\/1641"}],"wp:featuredmedia":[{"embeddable":true,"href":"https:\/\/cbbenicarlo.com\/index.php?rest_route=\/wp\/v2\/media\/1637"}],"wp:attachment":[{"href":"https:\/\/cbbenicarlo.com\/index.php?rest_route=%2Fwp%2Fv2%2Fmedia&parent=1635"}],"wp:term":[{"taxonomy":"category","embeddable":true,"href":"https:\/\/cbbenicarlo.com\/index.php?rest_route=%2Fwp%2Fv2%2Fcategories&post=1635"},{"taxonomy":"post_tag","embeddable":true,"href":"https:\/\/cbbenicarlo.com\/index.php?rest_route=%2Fwp%2Fv2%2Ftags&post=1635"}],"curies":[{"name":"wp","href":"https:\/\/api.w.org\/{rel}","templated":true}]}}