{"id":1625,"date":"2022-07-03T16:07:24","date_gmt":"2022-07-03T14:07:24","guid":{"rendered":"https:\/\/cbbenicarlo.com\/?p=1625"},"modified":"2022-07-03T16:07:24","modified_gmt":"2022-07-03T14:07:24","slug":"gala-de-lesport-2022","status":"publish","type":"post","link":"https:\/\/cbbenicarlo.com\/?p=1625","title":{"rendered":"GALA DE L&#8217;ESPORT 2022"},"content":{"rendered":"\n<p><strong>Ayer tuvo lugar la gala de l&#8217;esport 2022. Una vez m\u00e1s, y despu\u00e9s de mucho tiempo, fue el punto de encuentro del deporte benicarlando.<\/strong><\/p>\n\n\n\n<p>Fue un acto que inclu\u00eda una temporalidad m\u00e1s amplia que nunca. Despu\u00e9s de 2 a\u00f1os sin poder realizarla, fue un acto de reconocimiento deportivo a la labor desarrollada durante 2020 y 2021 por deportistas y entidades deportivas.<\/p>\n\n\n\n<p>El Club B\u00e0squet Benicarl\u00f3 recibi\u00f3 el premio, junto con todas las entidades deportivas locales, a la entidad deportiva m\u00e1s destacada. Con ello, se quiso reconocer la labor realizada por todos los clubs deportivos locales, que pese a las dif\u00edciles circunstancias provocadas por la pandemia, han continuado trabajando con mucho esfuerzo y sacrificio durante todo este complicado per\u00edodo.<\/p>\n\n\n\n<p>Muchas gracias al @ajuntament_benicarlo y al Consejo de Deportes por el reconocimiento a todos nosotros y por la gran gala.<\/p>\n\n\n\n<figure class=\"wp-block-embed is-type-video is-provider-youtube wp-block-embed-youtube wp-embed-aspect-16-9 wp-has-aspect-ratio\"><div class=\"wp-block-embed__wrapper\">\n<p class=\"responsive-video-wrap clr\"><iframe title=\"Gala de l&#039;Esport 02 07 2022\" width=\"1200\" height=\"675\" src=\"https:\/\/www.youtube.com\/embed\/LKbbusmM3oo?feature=oembed\" frameborder=\"0\" allow=\"accelerometer; autoplay; clipboard-write; encrypted-media; gyroscope; picture-in-picture\" allowfullscreen><\/iframe><\/p>\n<\/div><\/figure>\n","protected":false},"excerpt":{"rendered":"<p>Ayer tuvo lugar la gala de l&#8217;esport 2022. Una vez m\u00e1s, y despu\u00e9s de mucho tiempo, fue el punto de encuentro del deporte benicarlando. Fue un acto que inclu\u00eda una temporalidad m\u00e1s amplia que nunca. Despu\u00e9s de 2 a\u00f1os sin poder realizarla, fue un acto de reconocimiento deportivo a la labor desarrollada durante 2020 y 2021 por deportistas y entidades deportivas. El Club B\u00e0squet Benicarl\u00f3 recibi\u00f3 el premio, junto con todas las entidades deportivas locales, a la entidad deportiva m\u00e1s destacada. Con ello, se quiso reconocer la labor realizada por todos los clubs deportivos locales, que pese a las dif\u00edciles circunstancias provocadas por la pandemia, han continuado trabajando con mucho esfuerzo y sacrificio durante todo este complicado per\u00edodo. Muchas gracias al @ajuntament_benicarlo y al Consejo de Deportes por el reconocimiento a todos nosotros y por la gran gala.<\/p>\n","protected":false},"author":1,"featured_media":1626,"comment_status":"closed","ping_status":"closed","sticky":false,"template":"","format":"standard","meta":{"_eb_attr":""},"categories":[16],"tags":[],"yoast_head":"<!-- This site is optimized with the Yoast SEO plugin v21.1 - https:\/\/yoast.com\/wordpress\/plugins\/seo\/ -->\n<title>GALA DE L&#039;ESPORT 2022 | Club Basquet Benicarl\u00f3<\/title>\n<meta name=\"robots\" content=\"index, follow, max-snippet:-1, max-image-preview:large, max-video-preview:-1\" \/>\n<link rel=\"canonical\" href=\"https:\/\/cbbenicarlo.com\/?p=1625\" \/>\n<meta property=\"og:locale\" content=\"es_ES\" \/>\n<meta property=\"og:type\" content=\"article\" \/>\n<meta property=\"og:title\" content=\"GALA DE L&#039;ESPORT 2022 | Club Basquet Benicarl\u00f3\" \/>\n<meta property=\"og:description\" content=\"Ayer tuvo lugar la gala de l&#8217;esport 2022. Una vez m\u00e1s, y despu\u00e9s de mucho tiempo, fue el punto de encuentro del deporte benicarlando. Fue un acto que inclu\u00eda una temporalidad m\u00e1s amplia que nunca. Despu\u00e9s de 2 a\u00f1os sin poder realizarla, fue un acto de reconocimiento deportivo a la labor desarrollada durante 2020 y 2021 por deportistas y entidades deportivas. El Club B\u00e0squet Benicarl\u00f3 recibi\u00f3 el premio, junto con todas las entidades deportivas locales, a la entidad deportiva m\u00e1s destacada. Con ello, se quiso reconocer la labor realizada por todos los clubs deportivos locales, que pese a las dif\u00edciles circunstancias provocadas por la pandemia, han continuado trabajando con mucho esfuerzo y sacrificio durante todo este complicado per\u00edodo. Muchas gracias al @ajuntament_benicarlo y al Consejo de Deportes por el reconocimiento a todos nosotros y por la gran gala.\" \/>\n<meta property=\"og:url\" content=\"https:\/\/cbbenicarlo.com\/?p=1625\" \/>\n<meta property=\"og:site_name\" content=\"Club Basquet Benicarl\u00f3\" \/>\n<meta property=\"article:published_time\" content=\"2022-07-03T14:07:24+00:00\" \/>\n<meta property=\"og:image\" content=\"https:\/\/cbbenicarlo.com\/wp-content\/uploads\/2022\/07\/WhatsApp-Image-2022-07-03-at-11.36.36-AM.jpg\" \/>\n\t<meta property=\"og:image:width\" content=\"2048\" \/>\n\t<meta property=\"og:image:height\" content=\"1536\" \/>\n\t<meta property=\"og:image:type\" content=\"image\/jpeg\" \/>\n<meta name=\"author\" content=\"Club B\u00e0squet Benicarl\u00f3\" \/>\n<meta name=\"twitter:card\" content=\"summary_large_image\" \/>\n<meta name=\"twitter:label1\" content=\"Escrito por\" \/>\n\t<meta name=\"twitter:data1\" content=\"Club B\u00e0squet Benicarl\u00f3\" \/>\n\t<meta name=\"twitter:label2\" content=\"Tiempo de lectura\" \/>\n\t<meta name=\"twitter:data2\" content=\"1 minuto\" \/>\n<script type=\"application\/ld+json\" class=\"yoast-schema-graph\">{\"@context\":\"https:\/\/schema.org\",\"@graph\":[{\"@type\":\"Article\",\"@id\":\"https:\/\/cbbenicarlo.com\/?p=1625#article\",\"isPartOf\":{\"@id\":\"https:\/\/cbbenicarlo.com\/?p=1625\"},\"author\":{\"name\":\"Club B\u00e0squet Benicarl\u00f3\",\"@id\":\"https:\/\/cbbenicarlo.com\/#\/schema\/person\/200a6bea92870b7adeb1a5c755a793f2\"},\"headline\":\"GALA DE L&#8217;ESPORT 2022\",\"datePublished\":\"2022-07-03T14:07:24+00:00\",\"dateModified\":\"2022-07-03T14:07:24+00:00\",\"mainEntityOfPage\":{\"@id\":\"https:\/\/cbbenicarlo.com\/?p=1625\"},\"wordCount\":158,\"publisher\":{\"@id\":\"https:\/\/cbbenicarlo.com\/#organization\"},\"articleSection\":[\"Club\"],\"inLanguage\":\"es\"},{\"@type\":\"WebPage\",\"@id\":\"https:\/\/cbbenicarlo.com\/?p=1625\",\"url\":\"https:\/\/cbbenicarlo.com\/?p=1625\",\"name\":\"GALA DE L'ESPORT 2022 | Club Basquet Benicarl\u00f3\",\"isPartOf\":{\"@id\":\"https:\/\/cbbenicarlo.com\/#website\"},\"datePublished\":\"2022-07-03T14:07:24+00:00\",\"dateModified\":\"2022-07-03T14:07:24+00:00\",\"breadcrumb\":{\"@id\":\"https:\/\/cbbenicarlo.com\/?p=1625#breadcrumb\"},\"inLanguage\":\"es\",\"potentialAction\":[{\"@type\":\"ReadAction\",\"target\":[\"https:\/\/cbbenicarlo.com\/?p=1625\"]}]},{\"@type\":\"BreadcrumbList\",\"@id\":\"https:\/\/cbbenicarlo.com\/?p=1625#breadcrumb\",\"itemListElement\":[{\"@type\":\"ListItem\",\"position\":1,\"name\":\"Portada\",\"item\":\"https:\/\/cbbenicarlo.com\/\"},{\"@type\":\"ListItem\",\"position\":2,\"name\":\"GALA DE L&#8217;ESPORT 2022\"}]},{\"@type\":\"WebSite\",\"@id\":\"https:\/\/cbbenicarlo.com\/#website\",\"url\":\"https:\/\/cbbenicarlo.com\/\",\"name\":\"Club Basquet Benicarl\u00f3\",\"description\":\"P\u00e1gina Web Oficial\",\"publisher\":{\"@id\":\"https:\/\/cbbenicarlo.com\/#organization\"},\"potentialAction\":[{\"@type\":\"SearchAction\",\"target\":{\"@type\":\"EntryPoint\",\"urlTemplate\":\"https:\/\/cbbenicarlo.com\/?s={search_term_string}\"},\"query-input\":\"required name=search_term_string\"}],\"inLanguage\":\"es\"},{\"@type\":\"Organization\",\"@id\":\"https:\/\/cbbenicarlo.com\/#organization\",\"name\":\"Club B\u00e0squet Benicarl\u00f3\",\"url\":\"https:\/\/cbbenicarlo.com\/\",\"logo\":{\"@type\":\"ImageObject\",\"inLanguage\":\"es\",\"@id\":\"https:\/\/cbbenicarlo.com\/#\/schema\/logo\/image\/\",\"url\":\"https:\/\/cbbenicarlo.com\/wp-content\/uploads\/2022\/05\/cropped-cropped-cropped-CBBENICARLO2021-22-2.png\",\"contentUrl\":\"https:\/\/cbbenicarlo.com\/wp-content\/uploads\/2022\/05\/cropped-cropped-cropped-CBBENICARLO2021-22-2.png\",\"width\":512,\"height\":512,\"caption\":\"Club B\u00e0squet Benicarl\u00f3\"},\"image\":{\"@id\":\"https:\/\/cbbenicarlo.com\/#\/schema\/logo\/image\/\"}},{\"@type\":\"Person\",\"@id\":\"https:\/\/cbbenicarlo.com\/#\/schema\/person\/200a6bea92870b7adeb1a5c755a793f2\",\"name\":\"Club B\u00e0squet Benicarl\u00f3\",\"image\":{\"@type\":\"ImageObject\",\"inLanguage\":\"es\",\"@id\":\"https:\/\/cbbenicarlo.com\/#\/schema\/person\/image\/\",\"url\":\"https:\/\/secure.gravatar.com\/avatar\/8aed305f961a70f8934d4ba794f3527a?s=96&d=mm&r=g\",\"contentUrl\":\"https:\/\/secure.gravatar.com\/avatar\/8aed305f961a70f8934d4ba794f3527a?s=96&d=mm&r=g\",\"caption\":\"Club B\u00e0squet Benicarl\u00f3\"},\"url\":\"https:\/\/cbbenicarlo.com\/?author=1\"}]}<\/script>\n<!-- \/ Yoast SEO plugin. -->","yoast_head_json":{"title":"GALA DE L'ESPORT 2022 | Club Basquet Benicarl\u00f3","robots":{"index":"index","follow":"follow","max-snippet":"max-snippet:-1","max-image-preview":"max-image-preview:large","max-video-preview":"max-video-preview:-1"},"canonical":"https:\/\/cbbenicarlo.com\/?p=1625","og_locale":"es_ES","og_type":"article","og_title":"GALA DE L'ESPORT 2022 | Club Basquet Benicarl\u00f3","og_description":"Ayer tuvo lugar la gala de l&#8217;esport 2022. Una vez m\u00e1s, y despu\u00e9s de mucho tiempo, fue el punto de encuentro del deporte benicarlando. Fue un acto que inclu\u00eda una temporalidad m\u00e1s amplia que nunca. Despu\u00e9s de 2 a\u00f1os sin poder realizarla, fue un acto de reconocimiento deportivo a la labor desarrollada durante 2020 y 2021 por deportistas y entidades deportivas. El Club B\u00e0squet Benicarl\u00f3 recibi\u00f3 el premio, junto con todas las entidades deportivas locales, a la entidad deportiva m\u00e1s destacada. Con ello, se quiso reconocer la labor realizada por todos los clubs deportivos locales, que pese a las dif\u00edciles circunstancias provocadas por la pandemia, han continuado trabajando con mucho esfuerzo y sacrificio durante todo este complicado per\u00edodo. Muchas gracias al @ajuntament_benicarlo y al Consejo de Deportes por el reconocimiento a todos nosotros y por la gran gala.","og_url":"https:\/\/cbbenicarlo.com\/?p=1625","og_site_name":"Club Basquet Benicarl\u00f3","article_published_time":"2022-07-03T14:07:24+00:00","og_image":[{"width":2048,"height":1536,"url":"https:\/\/cbbenicarlo.com\/wp-content\/uploads\/2022\/07\/WhatsApp-Image-2022-07-03-at-11.36.36-AM.jpg","type":"image\/jpeg"}],"author":"Club B\u00e0squet Benicarl\u00f3","twitter_card":"summary_large_image","twitter_misc":{"Escrito por":"Club B\u00e0squet Benicarl\u00f3","Tiempo de lectura":"1 minuto"},"schema":{"@context":"https:\/\/schema.org","@graph":[{"@type":"Article","@id":"https:\/\/cbbenicarlo.com\/?p=1625#article","isPartOf":{"@id":"https:\/\/cbbenicarlo.com\/?p=1625"},"author":{"name":"Club B\u00e0squet Benicarl\u00f3","@id":"https:\/\/cbbenicarlo.com\/#\/schema\/person\/200a6bea92870b7adeb1a5c755a793f2"},"headline":"GALA DE L&#8217;ESPORT 2022","datePublished":"2022-07-03T14:07:24+00:00","dateModified":"2022-07-03T14:07:24+00:00","mainEntityOfPage":{"@id":"https:\/\/cbbenicarlo.com\/?p=1625"},"wordCount":158,"publisher":{"@id":"https:\/\/cbbenicarlo.com\/#organization"},"articleSection":["Club"],"inLanguage":"es"},{"@type":"WebPage","@id":"https:\/\/cbbenicarlo.com\/?p=1625","url":"https:\/\/cbbenicarlo.com\/?p=1625","name":"GALA DE L'ESPORT 2022 | Club Basquet Benicarl\u00f3","isPartOf":{"@id":"https:\/\/cbbenicarlo.com\/#website"},"datePublished":"2022-07-03T14:07:24+00:00","dateModified":"2022-07-03T14:07:24+00:00","breadcrumb":{"@id":"https:\/\/cbbenicarlo.com\/?p=1625#breadcrumb"},"inLanguage":"es","potentialAction":[{"@type":"ReadAction","target":["https:\/\/cbbenicarlo.com\/?p=1625"]}]},{"@type":"BreadcrumbList","@id":"https:\/\/cbbenicarlo.com\/?p=1625#breadcrumb","itemListElement":[{"@type":"ListItem","position":1,"name":"Portada","item":"https:\/\/cbbenicarlo.com\/"},{"@type":"ListItem","position":2,"name":"GALA DE L&#8217;ESPORT 2022"}]},{"@type":"WebSite","@id":"https:\/\/cbbenicarlo.com\/#website","url":"https:\/\/cbbenicarlo.com\/","name":"Club Basquet Benicarl\u00f3","description":"P\u00e1gina Web Oficial","publisher":{"@id":"https:\/\/cbbenicarlo.com\/#organization"},"potentialAction":[{"@type":"SearchAction","target":{"@type":"EntryPoint","urlTemplate":"https:\/\/cbbenicarlo.com\/?s={search_term_string}"},"query-input":"required name=search_term_string"}],"inLanguage":"es"},{"@type":"Organization","@id":"https:\/\/cbbenicarlo.com\/#organization","name":"Club B\u00e0squet Benicarl\u00f3","url":"https:\/\/cbbenicarlo.com\/","logo":{"@type":"ImageObject","inLanguage":"es","@id":"https:\/\/cbbenicarlo.com\/#\/schema\/logo\/image\/","url":"https:\/\/cbbenicarlo.com\/wp-content\/uploads\/2022\/05\/cropped-cropped-cropped-CBBENICARLO2021-22-2.png","contentUrl":"https:\/\/cbbenicarlo.com\/wp-content\/uploads\/2022\/05\/cropped-cropped-cropped-CBBENICARLO2021-22-2.png","width":512,"height":512,"caption":"Club B\u00e0squet Benicarl\u00f3"},"image":{"@id":"https:\/\/cbbenicarlo.com\/#\/schema\/logo\/image\/"}},{"@type":"Person","@id":"https:\/\/cbbenicarlo.com\/#\/schema\/person\/200a6bea92870b7adeb1a5c755a793f2","name":"Club B\u00e0squet Benicarl\u00f3","image":{"@type":"ImageObject","inLanguage":"es","@id":"https:\/\/cbbenicarlo.com\/#\/schema\/person\/image\/","url":"https:\/\/secure.gravatar.com\/avatar\/8aed305f961a70f8934d4ba794f3527a?s=96&d=mm&r=g","contentUrl":"https:\/\/secure.gravatar.com\/avatar\/8aed305f961a70f8934d4ba794f3527a?s=96&d=mm&r=g","caption":"Club B\u00e0squet Benicarl\u00f3"},"url":"https:\/\/cbbenicarlo.com\/?author=1"}]}},"_links":{"self":[{"href":"https:\/\/cbbenicarlo.com\/index.php?rest_route=\/wp\/v2\/posts\/1625"}],"collection":[{"href":"https:\/\/cbbenicarlo.com\/index.php?rest_route=\/wp\/v2\/posts"}],"about":[{"href":"https:\/\/cbbenicarlo.com\/index.php?rest_route=\/wp\/v2\/types\/post"}],"author":[{"embeddable":true,"href":"https:\/\/cbbenicarlo.com\/index.php?rest_route=\/wp\/v2\/users\/1"}],"replies":[{"embeddable":true,"href":"https:\/\/cbbenicarlo.com\/index.php?rest_route=%2Fwp%2Fv2%2Fcomments&post=1625"}],"version-history":[{"count":1,"href":"https:\/\/cbbenicarlo.com\/index.php?rest_route=\/wp\/v2\/posts\/1625\/revisions"}],"predecessor-version":[{"id":1627,"href":"https:\/\/cbbenicarlo.com\/index.php?rest_route=\/wp\/v2\/posts\/1625\/revisions\/1627"}],"wp:featuredmedia":[{"embeddable":true,"href":"https:\/\/cbbenicarlo.com\/index.php?rest_route=\/wp\/v2\/media\/1626"}],"wp:attachment":[{"href":"https:\/\/cbbenicarlo.com\/index.php?rest_route=%2Fwp%2Fv2%2Fmedia&parent=1625"}],"wp:term":[{"taxonomy":"category","embeddable":true,"href":"https:\/\/cbbenicarlo.com\/index.php?rest_route=%2Fwp%2Fv2%2Fcategories&post=1625"},{"taxonomy":"post_tag","embeddable":true,"href":"https:\/\/cbbenicarlo.com\/index.php?rest_route=%2Fwp%2Fv2%2Ftags&post=1625"}],"curies":[{"name":"wp","href":"https:\/\/api.w.org\/{rel}","templated":true}]}}