{"id":1605,"date":"2022-06-29T15:21:32","date_gmt":"2022-06-29T13:21:32","guid":{"rendered":"https:\/\/cbbenicarlo.com\/?p=1605"},"modified":"2022-06-29T15:32:42","modified_gmt":"2022-06-29T13:32:42","slug":"leb-plata-temporada-22-23","status":"publish","type":"post","link":"https:\/\/cbbenicarlo.com\/?p=1605","title":{"rendered":"LEB PLATA TEMPORADA 22\/23"},"content":{"rendered":"\n<p><strong>El club ha formalizado la inscripci\u00f3n del primer equipo en la categor\u00eda bronce del baloncesto espa\u00f1ol. As\u00ed pues,&nbsp;oficialmente afrontaremos nuestra cuarta temporada consecutiva en esta exigente liga. Estamos muy orgullosos de poder llevar el nombre de nuestra humilde ciudad por todo el territorio nacional.&nbsp;<\/strong><\/p>\n\n\n\n<p>\u00a1Hemos conseguido un gran crecimiento del club en los \u00faltimos a\u00f1os y eso es gracias a TODOS!<\/p>\n\n\n\n<p>14\/15 &#8211; Preferente<\/p>\n\n\n\n<p>15\/17 &#8211; Auton\u00f3mico<\/p>\n\n\n\n<p>17\/18 &#8211; Primera Nacional<\/p>\n\n\n\n<p>18\/19 &#8211; EBA<\/p>\n\n\n\n<p>19\/23 &#8211; LEB Plata<\/p>\n\n\n\n<p>Queremos que este proyecto inimaginable hace unos a\u00f1os siga creciendo. Desde el club seguiremos trabajando y os necesitamos m\u00e1s que nunca a nuestro lado. Este proyecto crece gracias a todos vosotros. \u00a1Vamos <strong><mark style=\"background-color:rgba(0, 0, 0, 0)\" class=\"has-inline-color has-vivid-red-color\">#TodosAlRojo<\/mark><\/strong>!<\/p>\n","protected":false},"excerpt":{"rendered":"<p>El club ha formalizado la inscripci\u00f3n del primer equipo en la categor\u00eda bronce del baloncesto espa\u00f1ol. As\u00ed pues,&nbsp;oficialmente afrontaremos nuestra cuarta temporada consecutiva en esta exigente liga. Estamos muy orgullosos de poder llevar el nombre de nuestra humilde ciudad por todo el territorio nacional.&nbsp; \u00a1Hemos conseguido un gran crecimiento del club en los \u00faltimos a\u00f1os y eso es gracias a TODOS! 14\/15 &#8211; Preferente 15\/17 &#8211; Auton\u00f3mico 17\/18 &#8211; Primera Nacional 18\/19 &#8211; EBA 19\/23 &#8211; LEB Plata Queremos que este proyecto inimaginable hace unos a\u00f1os siga creciendo. Desde el club seguiremos trabajando y os necesitamos m\u00e1s que nunca a nuestro lado. Este proyecto crece gracias a todos vosotros. \u00a1Vamos #TodosAlRojo!<\/p>\n","protected":false},"author":1,"featured_media":1606,"comment_status":"closed","ping_status":"closed","sticky":false,"template":"","format":"standard","meta":{"_eb_attr":""},"categories":[16,1],"tags":[],"yoast_head":"<!-- This site is optimized with the Yoast SEO plugin v21.1 - https:\/\/yoast.com\/wordpress\/plugins\/seo\/ -->\n<title>LEB PLATA TEMPORADA 22\/23 | Club Basquet Benicarl\u00f3<\/title>\n<meta name=\"description\" content=\"El primer equipo del Club B\u00e0squet Benicarl\u00f3, inscrito oficialmente en la liga LEB Plata para la temporada 22\/23\" \/>\n<meta name=\"robots\" content=\"index, follow, max-snippet:-1, max-image-preview:large, max-video-preview:-1\" \/>\n<link rel=\"canonical\" href=\"https:\/\/cbbenicarlo.com\/?p=1605\" \/>\n<meta property=\"og:locale\" content=\"es_ES\" \/>\n<meta property=\"og:type\" content=\"article\" \/>\n<meta property=\"og:title\" content=\"LEB PLATA TEMPORADA 22\/23 | Club Basquet Benicarl\u00f3\" \/>\n<meta property=\"og:description\" content=\"El primer equipo del Club B\u00e0squet Benicarl\u00f3, inscrito oficialmente en la liga LEB Plata para la temporada 22\/23\" \/>\n<meta property=\"og:url\" content=\"https:\/\/cbbenicarlo.com\/?p=1605\" \/>\n<meta property=\"og:site_name\" content=\"Club Basquet Benicarl\u00f3\" \/>\n<meta property=\"article:published_time\" content=\"2022-06-29T13:21:32+00:00\" \/>\n<meta property=\"article:modified_time\" content=\"2022-06-29T13:32:42+00:00\" \/>\n<meta property=\"og:image\" content=\"https:\/\/cbbenicarlo.com\/wp-content\/uploads\/2022\/06\/DSF2255-3-819x1024.png\" \/>\n\t<meta property=\"og:image:width\" content=\"819\" \/>\n\t<meta property=\"og:image:height\" content=\"1024\" \/>\n\t<meta property=\"og:image:type\" content=\"image\/png\" \/>\n<meta name=\"author\" content=\"Club B\u00e0squet Benicarl\u00f3\" \/>\n<meta name=\"twitter:card\" content=\"summary_large_image\" \/>\n<meta name=\"twitter:label1\" content=\"Escrito por\" \/>\n\t<meta name=\"twitter:data1\" content=\"Club B\u00e0squet Benicarl\u00f3\" \/>\n\t<meta name=\"twitter:label2\" content=\"Tiempo de lectura\" \/>\n\t<meta name=\"twitter:data2\" content=\"1 minuto\" \/>\n<script type=\"application\/ld+json\" class=\"yoast-schema-graph\">{\"@context\":\"https:\/\/schema.org\",\"@graph\":[{\"@type\":\"Article\",\"@id\":\"https:\/\/cbbenicarlo.com\/?p=1605#article\",\"isPartOf\":{\"@id\":\"https:\/\/cbbenicarlo.com\/?p=1605\"},\"author\":{\"name\":\"Club B\u00e0squet Benicarl\u00f3\",\"@id\":\"https:\/\/cbbenicarlo.com\/#\/schema\/person\/200a6bea92870b7adeb1a5c755a793f2\"},\"headline\":\"LEB PLATA TEMPORADA 22\/23\",\"datePublished\":\"2022-06-29T13:21:32+00:00\",\"dateModified\":\"2022-06-29T13:32:42+00:00\",\"mainEntityOfPage\":{\"@id\":\"https:\/\/cbbenicarlo.com\/?p=1605\"},\"wordCount\":119,\"publisher\":{\"@id\":\"https:\/\/cbbenicarlo.com\/#organization\"},\"articleSection\":[\"Club\",\"Primer Equipo\"],\"inLanguage\":\"es\"},{\"@type\":\"WebPage\",\"@id\":\"https:\/\/cbbenicarlo.com\/?p=1605\",\"url\":\"https:\/\/cbbenicarlo.com\/?p=1605\",\"name\":\"LEB PLATA TEMPORADA 22\/23 | Club Basquet Benicarl\u00f3\",\"isPartOf\":{\"@id\":\"https:\/\/cbbenicarlo.com\/#website\"},\"datePublished\":\"2022-06-29T13:21:32+00:00\",\"dateModified\":\"2022-06-29T13:32:42+00:00\",\"description\":\"El primer equipo del Club B\u00e0squet Benicarl\u00f3, inscrito oficialmente en la liga LEB Plata para la temporada 22\/23\",\"breadcrumb\":{\"@id\":\"https:\/\/cbbenicarlo.com\/?p=1605#breadcrumb\"},\"inLanguage\":\"es\",\"potentialAction\":[{\"@type\":\"ReadAction\",\"target\":[\"https:\/\/cbbenicarlo.com\/?p=1605\"]}]},{\"@type\":\"BreadcrumbList\",\"@id\":\"https:\/\/cbbenicarlo.com\/?p=1605#breadcrumb\",\"itemListElement\":[{\"@type\":\"ListItem\",\"position\":1,\"name\":\"Portada\",\"item\":\"https:\/\/cbbenicarlo.com\/\"},{\"@type\":\"ListItem\",\"position\":2,\"name\":\"LEB PLATA TEMPORADA 22\/23\"}]},{\"@type\":\"WebSite\",\"@id\":\"https:\/\/cbbenicarlo.com\/#website\",\"url\":\"https:\/\/cbbenicarlo.com\/\",\"name\":\"Club Basquet Benicarl\u00f3\",\"description\":\"P\u00e1gina Web Oficial\",\"publisher\":{\"@id\":\"https:\/\/cbbenicarlo.com\/#organization\"},\"potentialAction\":[{\"@type\":\"SearchAction\",\"target\":{\"@type\":\"EntryPoint\",\"urlTemplate\":\"https:\/\/cbbenicarlo.com\/?s={search_term_string}\"},\"query-input\":\"required name=search_term_string\"}],\"inLanguage\":\"es\"},{\"@type\":\"Organization\",\"@id\":\"https:\/\/cbbenicarlo.com\/#organization\",\"name\":\"Club B\u00e0squet Benicarl\u00f3\",\"url\":\"https:\/\/cbbenicarlo.com\/\",\"logo\":{\"@type\":\"ImageObject\",\"inLanguage\":\"es\",\"@id\":\"https:\/\/cbbenicarlo.com\/#\/schema\/logo\/image\/\",\"url\":\"https:\/\/cbbenicarlo.com\/wp-content\/uploads\/2022\/05\/cropped-cropped-cropped-CBBENICARLO2021-22-2.png\",\"contentUrl\":\"https:\/\/cbbenicarlo.com\/wp-content\/uploads\/2022\/05\/cropped-cropped-cropped-CBBENICARLO2021-22-2.png\",\"width\":512,\"height\":512,\"caption\":\"Club B\u00e0squet Benicarl\u00f3\"},\"image\":{\"@id\":\"https:\/\/cbbenicarlo.com\/#\/schema\/logo\/image\/\"}},{\"@type\":\"Person\",\"@id\":\"https:\/\/cbbenicarlo.com\/#\/schema\/person\/200a6bea92870b7adeb1a5c755a793f2\",\"name\":\"Club B\u00e0squet Benicarl\u00f3\",\"image\":{\"@type\":\"ImageObject\",\"inLanguage\":\"es\",\"@id\":\"https:\/\/cbbenicarlo.com\/#\/schema\/person\/image\/\",\"url\":\"https:\/\/secure.gravatar.com\/avatar\/8aed305f961a70f8934d4ba794f3527a?s=96&d=mm&r=g\",\"contentUrl\":\"https:\/\/secure.gravatar.com\/avatar\/8aed305f961a70f8934d4ba794f3527a?s=96&d=mm&r=g\",\"caption\":\"Club B\u00e0squet Benicarl\u00f3\"},\"url\":\"https:\/\/cbbenicarlo.com\/?author=1\"}]}<\/script>\n<!-- \/ Yoast SEO plugin. -->","yoast_head_json":{"title":"LEB PLATA TEMPORADA 22\/23 | Club Basquet Benicarl\u00f3","description":"El primer equipo del Club B\u00e0squet Benicarl\u00f3, inscrito oficialmente en la liga LEB Plata para la temporada 22\/23","robots":{"index":"index","follow":"follow","max-snippet":"max-snippet:-1","max-image-preview":"max-image-preview:large","max-video-preview":"max-video-preview:-1"},"canonical":"https:\/\/cbbenicarlo.com\/?p=1605","og_locale":"es_ES","og_type":"article","og_title":"LEB PLATA TEMPORADA 22\/23 | Club Basquet Benicarl\u00f3","og_description":"El primer equipo del Club B\u00e0squet Benicarl\u00f3, inscrito oficialmente en la liga LEB Plata para la temporada 22\/23","og_url":"https:\/\/cbbenicarlo.com\/?p=1605","og_site_name":"Club Basquet Benicarl\u00f3","article_published_time":"2022-06-29T13:21:32+00:00","article_modified_time":"2022-06-29T13:32:42+00:00","og_image":[{"width":819,"height":1024,"url":"https:\/\/cbbenicarlo.com\/wp-content\/uploads\/2022\/06\/DSF2255-3-819x1024.png","type":"image\/png"}],"author":"Club B\u00e0squet Benicarl\u00f3","twitter_card":"summary_large_image","twitter_misc":{"Escrito por":"Club B\u00e0squet Benicarl\u00f3","Tiempo de lectura":"1 minuto"},"schema":{"@context":"https:\/\/schema.org","@graph":[{"@type":"Article","@id":"https:\/\/cbbenicarlo.com\/?p=1605#article","isPartOf":{"@id":"https:\/\/cbbenicarlo.com\/?p=1605"},"author":{"name":"Club B\u00e0squet Benicarl\u00f3","@id":"https:\/\/cbbenicarlo.com\/#\/schema\/person\/200a6bea92870b7adeb1a5c755a793f2"},"headline":"LEB PLATA TEMPORADA 22\/23","datePublished":"2022-06-29T13:21:32+00:00","dateModified":"2022-06-29T13:32:42+00:00","mainEntityOfPage":{"@id":"https:\/\/cbbenicarlo.com\/?p=1605"},"wordCount":119,"publisher":{"@id":"https:\/\/cbbenicarlo.com\/#organization"},"articleSection":["Club","Primer Equipo"],"inLanguage":"es"},{"@type":"WebPage","@id":"https:\/\/cbbenicarlo.com\/?p=1605","url":"https:\/\/cbbenicarlo.com\/?p=1605","name":"LEB PLATA TEMPORADA 22\/23 | Club Basquet Benicarl\u00f3","isPartOf":{"@id":"https:\/\/cbbenicarlo.com\/#website"},"datePublished":"2022-06-29T13:21:32+00:00","dateModified":"2022-06-29T13:32:42+00:00","description":"El primer equipo del Club B\u00e0squet Benicarl\u00f3, inscrito oficialmente en la liga LEB Plata para la temporada 22\/23","breadcrumb":{"@id":"https:\/\/cbbenicarlo.com\/?p=1605#breadcrumb"},"inLanguage":"es","potentialAction":[{"@type":"ReadAction","target":["https:\/\/cbbenicarlo.com\/?p=1605"]}]},{"@type":"BreadcrumbList","@id":"https:\/\/cbbenicarlo.com\/?p=1605#breadcrumb","itemListElement":[{"@type":"ListItem","position":1,"name":"Portada","item":"https:\/\/cbbenicarlo.com\/"},{"@type":"ListItem","position":2,"name":"LEB PLATA TEMPORADA 22\/23"}]},{"@type":"WebSite","@id":"https:\/\/cbbenicarlo.com\/#website","url":"https:\/\/cbbenicarlo.com\/","name":"Club Basquet Benicarl\u00f3","description":"P\u00e1gina Web Oficial","publisher":{"@id":"https:\/\/cbbenicarlo.com\/#organization"},"potentialAction":[{"@type":"SearchAction","target":{"@type":"EntryPoint","urlTemplate":"https:\/\/cbbenicarlo.com\/?s={search_term_string}"},"query-input":"required name=search_term_string"}],"inLanguage":"es"},{"@type":"Organization","@id":"https:\/\/cbbenicarlo.com\/#organization","name":"Club B\u00e0squet Benicarl\u00f3","url":"https:\/\/cbbenicarlo.com\/","logo":{"@type":"ImageObject","inLanguage":"es","@id":"https:\/\/cbbenicarlo.com\/#\/schema\/logo\/image\/","url":"https:\/\/cbbenicarlo.com\/wp-content\/uploads\/2022\/05\/cropped-cropped-cropped-CBBENICARLO2021-22-2.png","contentUrl":"https:\/\/cbbenicarlo.com\/wp-content\/uploads\/2022\/05\/cropped-cropped-cropped-CBBENICARLO2021-22-2.png","width":512,"height":512,"caption":"Club B\u00e0squet Benicarl\u00f3"},"image":{"@id":"https:\/\/cbbenicarlo.com\/#\/schema\/logo\/image\/"}},{"@type":"Person","@id":"https:\/\/cbbenicarlo.com\/#\/schema\/person\/200a6bea92870b7adeb1a5c755a793f2","name":"Club B\u00e0squet Benicarl\u00f3","image":{"@type":"ImageObject","inLanguage":"es","@id":"https:\/\/cbbenicarlo.com\/#\/schema\/person\/image\/","url":"https:\/\/secure.gravatar.com\/avatar\/8aed305f961a70f8934d4ba794f3527a?s=96&d=mm&r=g","contentUrl":"https:\/\/secure.gravatar.com\/avatar\/8aed305f961a70f8934d4ba794f3527a?s=96&d=mm&r=g","caption":"Club B\u00e0squet Benicarl\u00f3"},"url":"https:\/\/cbbenicarlo.com\/?author=1"}]}},"_links":{"self":[{"href":"https:\/\/cbbenicarlo.com\/index.php?rest_route=\/wp\/v2\/posts\/1605"}],"collection":[{"href":"https:\/\/cbbenicarlo.com\/index.php?rest_route=\/wp\/v2\/posts"}],"about":[{"href":"https:\/\/cbbenicarlo.com\/index.php?rest_route=\/wp\/v2\/types\/post"}],"author":[{"embeddable":true,"href":"https:\/\/cbbenicarlo.com\/index.php?rest_route=\/wp\/v2\/users\/1"}],"replies":[{"embeddable":true,"href":"https:\/\/cbbenicarlo.com\/index.php?rest_route=%2Fwp%2Fv2%2Fcomments&post=1605"}],"version-history":[{"count":2,"href":"https:\/\/cbbenicarlo.com\/index.php?rest_route=\/wp\/v2\/posts\/1605\/revisions"}],"predecessor-version":[{"id":1608,"href":"https:\/\/cbbenicarlo.com\/index.php?rest_route=\/wp\/v2\/posts\/1605\/revisions\/1608"}],"wp:featuredmedia":[{"embeddable":true,"href":"https:\/\/cbbenicarlo.com\/index.php?rest_route=\/wp\/v2\/media\/1606"}],"wp:attachment":[{"href":"https:\/\/cbbenicarlo.com\/index.php?rest_route=%2Fwp%2Fv2%2Fmedia&parent=1605"}],"wp:term":[{"taxonomy":"category","embeddable":true,"href":"https:\/\/cbbenicarlo.com\/index.php?rest_route=%2Fwp%2Fv2%2Fcategories&post=1605"},{"taxonomy":"post_tag","embeddable":true,"href":"https:\/\/cbbenicarlo.com\/index.php?rest_route=%2Fwp%2Fv2%2Ftags&post=1605"}],"curies":[{"name":"wp","href":"https:\/\/api.w.org\/{rel}","templated":true}]}}