{"id":1580,"date":"2022-06-22T14:59:29","date_gmt":"2022-06-22T12:59:29","guid":{"rendered":"https:\/\/cbbenicarlo.com\/?p=1580"},"modified":"2022-06-22T14:59:29","modified_gmt":"2022-06-22T12:59:29","slug":"renovacion-maxim-esteban-temporada-22-23","status":"publish","type":"post","link":"https:\/\/cbbenicarlo.com\/?p=1580","title":{"rendered":"RENOVACI\u00d3N | M\u00e0xim Esteban Temporada 22\/23"},"content":{"rendered":"\n<p><strong>Nuestro escolta catal\u00e1n seguir\u00e1 una temporada m\u00e1s en el conjunto benicarlando.<br>Procedente de Barcelona, ha sido uno de los miembros de la plantilla de la mejor temporada de nuestra historia. <\/strong><\/p>\n\n\n\n<p>El staff destaca que \u201c<em>M\u00e0xim es un jugador con experiencia tanto en el LEB Plata como en Oro, convirti\u00e9ndose en un jugador fundamental por todo lo que aporta. Dentro de la pista, es uno de los mejores tiradores de la liga. Fuera de la pista es un jugador muy querido por toda la afici\u00f3n benicarlanda y se ha convertido en un necesario para nosotros.<\/em>\u201d<\/p>\n\n\n\n<p>Residiendo todo el verano en Benicarl\u00f3, M\u00e0xim remarca que \u201c<em>Me encuentro muy c\u00f3modo aqu\u00ed, he encontrado el ambiente perfecto para poder entrenar y seguir mejorando. Me he sentido muy involucrado, querido por el club, el staff y la ciudad. Siento que me toca dar un paso adelante, estoy preparado y creo que estoy en el mejor sitio para ello<\/em>.\u201d<\/p>\n\n\n\n<p>Esperamos que sea una gran temporada y seguir celebrando los triples de nuestro tirador. \ud83d\udd25\ud83d\udc4c\ud83c\udffb<\/p>\n\n\n\n<figure class=\"wp-block-image size-large\"><img fetchpriority=\"high\" decoding=\"async\" width=\"1024\" height=\"683\" src=\"https:\/\/cbbenicarlo.com\/wp-content\/uploads\/2022\/06\/278632332_4483649438403913_7327506584894205432_n-1024x683.jpg\" alt=\"\" class=\"wp-image-1581\" srcset=\"https:\/\/cbbenicarlo.com\/wp-content\/uploads\/2022\/06\/278632332_4483649438403913_7327506584894205432_n-1024x683.jpg 1024w, https:\/\/cbbenicarlo.com\/wp-content\/uploads\/2022\/06\/278632332_4483649438403913_7327506584894205432_n-300x200.jpg 300w, https:\/\/cbbenicarlo.com\/wp-content\/uploads\/2022\/06\/278632332_4483649438403913_7327506584894205432_n-768x512.jpg 768w, https:\/\/cbbenicarlo.com\/wp-content\/uploads\/2022\/06\/278632332_4483649438403913_7327506584894205432_n-1536x1024.jpg 1536w, https:\/\/cbbenicarlo.com\/wp-content\/uploads\/2022\/06\/278632332_4483649438403913_7327506584894205432_n-128x85.jpg 128w, https:\/\/cbbenicarlo.com\/wp-content\/uploads\/2022\/06\/278632332_4483649438403913_7327506584894205432_n-32x21.jpg 32w, https:\/\/cbbenicarlo.com\/wp-content\/uploads\/2022\/06\/278632332_4483649438403913_7327506584894205432_n.jpg 2048w\" sizes=\"(max-width: 1024px) 100vw, 1024px\" \/><figcaption>Foto: Juanma Garces | @j.garces_fotografia<\/figcaption><\/figure>\n","protected":false},"excerpt":{"rendered":"<p>Nuestro escolta catal\u00e1n seguir\u00e1 una temporada m\u00e1s en el conjunto benicarlando.Procedente de Barcelona, ha sido uno de los miembros de la plantilla de la mejor temporada de nuestra historia. El staff destaca que \u201cM\u00e0xim es un jugador con experiencia tanto en el LEB Plata como en Oro, convirti\u00e9ndose en un jugador fundamental por todo lo que aporta. Dentro de la pista, es uno de los mejores tiradores de la liga. Fuera de la pista es un jugador muy querido por toda la afici\u00f3n benicarlanda y se ha convertido en un necesario para nosotros.\u201d Residiendo todo el verano en Benicarl\u00f3, M\u00e0xim remarca que \u201cMe encuentro muy c\u00f3modo aqu\u00ed, he encontrado el ambiente perfecto para poder entrenar y seguir mejorando. Me he sentido muy involucrado, querido por el club, el staff y la ciudad. Siento que me toca dar un paso adelante, estoy preparado y creo que estoy en el mejor sitio para ello.\u201d Esperamos que sea una gran temporada y seguir celebrando los triples de nuestro tirador. \ud83d\udd25\ud83d\udc4c\ud83c\udffb<\/p>\n","protected":false},"author":1,"featured_media":1586,"comment_status":"closed","ping_status":"closed","sticky":false,"template":"","format":"standard","meta":{"_eb_attr":""},"categories":[1],"tags":[],"yoast_head":"<!-- This site is optimized with the Yoast SEO plugin v21.1 - https:\/\/yoast.com\/wordpress\/plugins\/seo\/ -->\n<title>RENOVACI\u00d3N | M\u00e0xim Esteban Temporada 22\/23 | Club Basquet Benicarl\u00f3<\/title>\n<meta name=\"robots\" content=\"index, follow, max-snippet:-1, max-image-preview:large, max-video-preview:-1\" \/>\n<link rel=\"canonical\" href=\"https:\/\/cbbenicarlo.com\/?p=1580\" \/>\n<meta property=\"og:locale\" content=\"es_ES\" \/>\n<meta property=\"og:type\" content=\"article\" \/>\n<meta property=\"og:title\" content=\"RENOVACI\u00d3N | M\u00e0xim Esteban Temporada 22\/23 | Club Basquet Benicarl\u00f3\" \/>\n<meta property=\"og:description\" content=\"Nuestro escolta catal\u00e1n seguir\u00e1 una temporada m\u00e1s en el conjunto benicarlando.Procedente de Barcelona, ha sido uno de los miembros de la plantilla de la mejor temporada de nuestra historia. El staff destaca que \u201cM\u00e0xim es un jugador con experiencia tanto en el LEB Plata como en Oro, convirti\u00e9ndose en un jugador fundamental por todo lo que aporta. Dentro de la pista, es uno de los mejores tiradores de la liga. Fuera de la pista es un jugador muy querido por toda la afici\u00f3n benicarlanda y se ha convertido en un necesario para nosotros.\u201d Residiendo todo el verano en Benicarl\u00f3, M\u00e0xim remarca que \u201cMe encuentro muy c\u00f3modo aqu\u00ed, he encontrado el ambiente perfecto para poder entrenar y seguir mejorando. Me he sentido muy involucrado, querido por el club, el staff y la ciudad. Siento que me toca dar un paso adelante, estoy preparado y creo que estoy en el mejor sitio para ello.\u201d Esperamos que sea una gran temporada y seguir celebrando los triples de nuestro tirador. \ud83d\udd25\ud83d\udc4c\ud83c\udffb\" \/>\n<meta property=\"og:url\" content=\"https:\/\/cbbenicarlo.com\/?p=1580\" \/>\n<meta property=\"og:site_name\" content=\"Club Basquet Benicarl\u00f3\" \/>\n<meta property=\"article:published_time\" content=\"2022-06-22T12:59:29+00:00\" \/>\n<meta property=\"og:image\" content=\"https:\/\/cbbenicarlo.com\/wp-content\/uploads\/2022\/06\/RENOVACION-MAXIM-819x1024.png\" \/>\n\t<meta property=\"og:image:width\" content=\"819\" \/>\n\t<meta property=\"og:image:height\" content=\"1024\" \/>\n\t<meta property=\"og:image:type\" content=\"image\/png\" \/>\n<meta name=\"author\" content=\"Club B\u00e0squet Benicarl\u00f3\" \/>\n<meta name=\"twitter:card\" content=\"summary_large_image\" \/>\n<meta name=\"twitter:label1\" content=\"Escrito por\" \/>\n\t<meta name=\"twitter:data1\" content=\"Club B\u00e0squet Benicarl\u00f3\" \/>\n\t<meta name=\"twitter:label2\" content=\"Tiempo de lectura\" \/>\n\t<meta name=\"twitter:data2\" content=\"1 minuto\" \/>\n<script type=\"application\/ld+json\" class=\"yoast-schema-graph\">{\"@context\":\"https:\/\/schema.org\",\"@graph\":[{\"@type\":\"Article\",\"@id\":\"https:\/\/cbbenicarlo.com\/?p=1580#article\",\"isPartOf\":{\"@id\":\"https:\/\/cbbenicarlo.com\/?p=1580\"},\"author\":{\"name\":\"Club B\u00e0squet Benicarl\u00f3\",\"@id\":\"https:\/\/cbbenicarlo.com\/#\/schema\/person\/200a6bea92870b7adeb1a5c755a793f2\"},\"headline\":\"RENOVACI\u00d3N | M\u00e0xim Esteban Temporada 22\/23\",\"datePublished\":\"2022-06-22T12:59:29+00:00\",\"dateModified\":\"2022-06-22T12:59:29+00:00\",\"mainEntityOfPage\":{\"@id\":\"https:\/\/cbbenicarlo.com\/?p=1580\"},\"wordCount\":186,\"publisher\":{\"@id\":\"https:\/\/cbbenicarlo.com\/#organization\"},\"articleSection\":[\"Primer Equipo\"],\"inLanguage\":\"es\"},{\"@type\":\"WebPage\",\"@id\":\"https:\/\/cbbenicarlo.com\/?p=1580\",\"url\":\"https:\/\/cbbenicarlo.com\/?p=1580\",\"name\":\"RENOVACI\u00d3N | M\u00e0xim Esteban Temporada 22\/23 | Club Basquet Benicarl\u00f3\",\"isPartOf\":{\"@id\":\"https:\/\/cbbenicarlo.com\/#website\"},\"datePublished\":\"2022-06-22T12:59:29+00:00\",\"dateModified\":\"2022-06-22T12:59:29+00:00\",\"breadcrumb\":{\"@id\":\"https:\/\/cbbenicarlo.com\/?p=1580#breadcrumb\"},\"inLanguage\":\"es\",\"potentialAction\":[{\"@type\":\"ReadAction\",\"target\":[\"https:\/\/cbbenicarlo.com\/?p=1580\"]}]},{\"@type\":\"BreadcrumbList\",\"@id\":\"https:\/\/cbbenicarlo.com\/?p=1580#breadcrumb\",\"itemListElement\":[{\"@type\":\"ListItem\",\"position\":1,\"name\":\"Portada\",\"item\":\"https:\/\/cbbenicarlo.com\/\"},{\"@type\":\"ListItem\",\"position\":2,\"name\":\"RENOVACI\u00d3N | M\u00e0xim Esteban Temporada 22\/23\"}]},{\"@type\":\"WebSite\",\"@id\":\"https:\/\/cbbenicarlo.com\/#website\",\"url\":\"https:\/\/cbbenicarlo.com\/\",\"name\":\"Club Basquet Benicarl\u00f3\",\"description\":\"P\u00e1gina Web Oficial\",\"publisher\":{\"@id\":\"https:\/\/cbbenicarlo.com\/#organization\"},\"potentialAction\":[{\"@type\":\"SearchAction\",\"target\":{\"@type\":\"EntryPoint\",\"urlTemplate\":\"https:\/\/cbbenicarlo.com\/?s={search_term_string}\"},\"query-input\":\"required name=search_term_string\"}],\"inLanguage\":\"es\"},{\"@type\":\"Organization\",\"@id\":\"https:\/\/cbbenicarlo.com\/#organization\",\"name\":\"Club B\u00e0squet Benicarl\u00f3\",\"url\":\"https:\/\/cbbenicarlo.com\/\",\"logo\":{\"@type\":\"ImageObject\",\"inLanguage\":\"es\",\"@id\":\"https:\/\/cbbenicarlo.com\/#\/schema\/logo\/image\/\",\"url\":\"https:\/\/cbbenicarlo.com\/wp-content\/uploads\/2022\/05\/cropped-cropped-cropped-CBBENICARLO2021-22-2.png\",\"contentUrl\":\"https:\/\/cbbenicarlo.com\/wp-content\/uploads\/2022\/05\/cropped-cropped-cropped-CBBENICARLO2021-22-2.png\",\"width\":512,\"height\":512,\"caption\":\"Club B\u00e0squet Benicarl\u00f3\"},\"image\":{\"@id\":\"https:\/\/cbbenicarlo.com\/#\/schema\/logo\/image\/\"}},{\"@type\":\"Person\",\"@id\":\"https:\/\/cbbenicarlo.com\/#\/schema\/person\/200a6bea92870b7adeb1a5c755a793f2\",\"name\":\"Club B\u00e0squet Benicarl\u00f3\",\"image\":{\"@type\":\"ImageObject\",\"inLanguage\":\"es\",\"@id\":\"https:\/\/cbbenicarlo.com\/#\/schema\/person\/image\/\",\"url\":\"https:\/\/secure.gravatar.com\/avatar\/8aed305f961a70f8934d4ba794f3527a?s=96&d=mm&r=g\",\"contentUrl\":\"https:\/\/secure.gravatar.com\/avatar\/8aed305f961a70f8934d4ba794f3527a?s=96&d=mm&r=g\",\"caption\":\"Club B\u00e0squet Benicarl\u00f3\"},\"url\":\"https:\/\/cbbenicarlo.com\/?author=1\"}]}<\/script>\n<!-- \/ Yoast SEO plugin. -->","yoast_head_json":{"title":"RENOVACI\u00d3N | M\u00e0xim Esteban Temporada 22\/23 | Club Basquet Benicarl\u00f3","robots":{"index":"index","follow":"follow","max-snippet":"max-snippet:-1","max-image-preview":"max-image-preview:large","max-video-preview":"max-video-preview:-1"},"canonical":"https:\/\/cbbenicarlo.com\/?p=1580","og_locale":"es_ES","og_type":"article","og_title":"RENOVACI\u00d3N | M\u00e0xim Esteban Temporada 22\/23 | Club Basquet Benicarl\u00f3","og_description":"Nuestro escolta catal\u00e1n seguir\u00e1 una temporada m\u00e1s en el conjunto benicarlando.Procedente de Barcelona, ha sido uno de los miembros de la plantilla de la mejor temporada de nuestra historia. El staff destaca que \u201cM\u00e0xim es un jugador con experiencia tanto en el LEB Plata como en Oro, convirti\u00e9ndose en un jugador fundamental por todo lo que aporta. Dentro de la pista, es uno de los mejores tiradores de la liga. Fuera de la pista es un jugador muy querido por toda la afici\u00f3n benicarlanda y se ha convertido en un necesario para nosotros.\u201d Residiendo todo el verano en Benicarl\u00f3, M\u00e0xim remarca que \u201cMe encuentro muy c\u00f3modo aqu\u00ed, he encontrado el ambiente perfecto para poder entrenar y seguir mejorando. Me he sentido muy involucrado, querido por el club, el staff y la ciudad. Siento que me toca dar un paso adelante, estoy preparado y creo que estoy en el mejor sitio para ello.\u201d Esperamos que sea una gran temporada y seguir celebrando los triples de nuestro tirador. \ud83d\udd25\ud83d\udc4c\ud83c\udffb","og_url":"https:\/\/cbbenicarlo.com\/?p=1580","og_site_name":"Club Basquet Benicarl\u00f3","article_published_time":"2022-06-22T12:59:29+00:00","og_image":[{"width":819,"height":1024,"url":"https:\/\/cbbenicarlo.com\/wp-content\/uploads\/2022\/06\/RENOVACION-MAXIM-819x1024.png","type":"image\/png"}],"author":"Club B\u00e0squet Benicarl\u00f3","twitter_card":"summary_large_image","twitter_misc":{"Escrito por":"Club B\u00e0squet Benicarl\u00f3","Tiempo de lectura":"1 minuto"},"schema":{"@context":"https:\/\/schema.org","@graph":[{"@type":"Article","@id":"https:\/\/cbbenicarlo.com\/?p=1580#article","isPartOf":{"@id":"https:\/\/cbbenicarlo.com\/?p=1580"},"author":{"name":"Club B\u00e0squet Benicarl\u00f3","@id":"https:\/\/cbbenicarlo.com\/#\/schema\/person\/200a6bea92870b7adeb1a5c755a793f2"},"headline":"RENOVACI\u00d3N | M\u00e0xim Esteban Temporada 22\/23","datePublished":"2022-06-22T12:59:29+00:00","dateModified":"2022-06-22T12:59:29+00:00","mainEntityOfPage":{"@id":"https:\/\/cbbenicarlo.com\/?p=1580"},"wordCount":186,"publisher":{"@id":"https:\/\/cbbenicarlo.com\/#organization"},"articleSection":["Primer Equipo"],"inLanguage":"es"},{"@type":"WebPage","@id":"https:\/\/cbbenicarlo.com\/?p=1580","url":"https:\/\/cbbenicarlo.com\/?p=1580","name":"RENOVACI\u00d3N | M\u00e0xim Esteban Temporada 22\/23 | Club Basquet Benicarl\u00f3","isPartOf":{"@id":"https:\/\/cbbenicarlo.com\/#website"},"datePublished":"2022-06-22T12:59:29+00:00","dateModified":"2022-06-22T12:59:29+00:00","breadcrumb":{"@id":"https:\/\/cbbenicarlo.com\/?p=1580#breadcrumb"},"inLanguage":"es","potentialAction":[{"@type":"ReadAction","target":["https:\/\/cbbenicarlo.com\/?p=1580"]}]},{"@type":"BreadcrumbList","@id":"https:\/\/cbbenicarlo.com\/?p=1580#breadcrumb","itemListElement":[{"@type":"ListItem","position":1,"name":"Portada","item":"https:\/\/cbbenicarlo.com\/"},{"@type":"ListItem","position":2,"name":"RENOVACI\u00d3N | M\u00e0xim Esteban Temporada 22\/23"}]},{"@type":"WebSite","@id":"https:\/\/cbbenicarlo.com\/#website","url":"https:\/\/cbbenicarlo.com\/","name":"Club Basquet Benicarl\u00f3","description":"P\u00e1gina Web Oficial","publisher":{"@id":"https:\/\/cbbenicarlo.com\/#organization"},"potentialAction":[{"@type":"SearchAction","target":{"@type":"EntryPoint","urlTemplate":"https:\/\/cbbenicarlo.com\/?s={search_term_string}"},"query-input":"required name=search_term_string"}],"inLanguage":"es"},{"@type":"Organization","@id":"https:\/\/cbbenicarlo.com\/#organization","name":"Club B\u00e0squet Benicarl\u00f3","url":"https:\/\/cbbenicarlo.com\/","logo":{"@type":"ImageObject","inLanguage":"es","@id":"https:\/\/cbbenicarlo.com\/#\/schema\/logo\/image\/","url":"https:\/\/cbbenicarlo.com\/wp-content\/uploads\/2022\/05\/cropped-cropped-cropped-CBBENICARLO2021-22-2.png","contentUrl":"https:\/\/cbbenicarlo.com\/wp-content\/uploads\/2022\/05\/cropped-cropped-cropped-CBBENICARLO2021-22-2.png","width":512,"height":512,"caption":"Club B\u00e0squet Benicarl\u00f3"},"image":{"@id":"https:\/\/cbbenicarlo.com\/#\/schema\/logo\/image\/"}},{"@type":"Person","@id":"https:\/\/cbbenicarlo.com\/#\/schema\/person\/200a6bea92870b7adeb1a5c755a793f2","name":"Club B\u00e0squet Benicarl\u00f3","image":{"@type":"ImageObject","inLanguage":"es","@id":"https:\/\/cbbenicarlo.com\/#\/schema\/person\/image\/","url":"https:\/\/secure.gravatar.com\/avatar\/8aed305f961a70f8934d4ba794f3527a?s=96&d=mm&r=g","contentUrl":"https:\/\/secure.gravatar.com\/avatar\/8aed305f961a70f8934d4ba794f3527a?s=96&d=mm&r=g","caption":"Club B\u00e0squet Benicarl\u00f3"},"url":"https:\/\/cbbenicarlo.com\/?author=1"}]}},"_links":{"self":[{"href":"https:\/\/cbbenicarlo.com\/index.php?rest_route=\/wp\/v2\/posts\/1580"}],"collection":[{"href":"https:\/\/cbbenicarlo.com\/index.php?rest_route=\/wp\/v2\/posts"}],"about":[{"href":"https:\/\/cbbenicarlo.com\/index.php?rest_route=\/wp\/v2\/types\/post"}],"author":[{"embeddable":true,"href":"https:\/\/cbbenicarlo.com\/index.php?rest_route=\/wp\/v2\/users\/1"}],"replies":[{"embeddable":true,"href":"https:\/\/cbbenicarlo.com\/index.php?rest_route=%2Fwp%2Fv2%2Fcomments&post=1580"}],"version-history":[{"count":1,"href":"https:\/\/cbbenicarlo.com\/index.php?rest_route=\/wp\/v2\/posts\/1580\/revisions"}],"predecessor-version":[{"id":1583,"href":"https:\/\/cbbenicarlo.com\/index.php?rest_route=\/wp\/v2\/posts\/1580\/revisions\/1583"}],"wp:featuredmedia":[{"embeddable":true,"href":"https:\/\/cbbenicarlo.com\/index.php?rest_route=\/wp\/v2\/media\/1586"}],"wp:attachment":[{"href":"https:\/\/cbbenicarlo.com\/index.php?rest_route=%2Fwp%2Fv2%2Fmedia&parent=1580"}],"wp:term":[{"taxonomy":"category","embeddable":true,"href":"https:\/\/cbbenicarlo.com\/index.php?rest_route=%2Fwp%2Fv2%2Fcategories&post=1580"},{"taxonomy":"post_tag","embeddable":true,"href":"https:\/\/cbbenicarlo.com\/index.php?rest_route=%2Fwp%2Fv2%2Ftags&post=1580"}],"curies":[{"name":"wp","href":"https:\/\/api.w.org\/{rel}","templated":true}]}}