{"id":1419,"date":"2022-06-09T17:34:33","date_gmt":"2022-06-09T15:34:33","guid":{"rendered":"https:\/\/cbbenicarlo.com\/?p=1419"},"modified":"2022-06-09T18:07:39","modified_gmt":"2022-06-09T16:07:39","slug":"comunicado-oficial-mi-arquitecto","status":"publish","type":"post","link":"https:\/\/cbbenicarlo.com\/?p=1419","title":{"rendered":"COMUNICADO OFICIAL | Mi Arquitecto"},"content":{"rendered":"\n<p><strong>La empresa Mi Arquitecto no continuar\u00e1 siendo el patrocinador principal para la pr\u00f3xima temporada.<\/strong><\/p>\n\n\n\n<p>Desde todo el club queremos agradecer su gran implicaci\u00f3n que han tenido durante estos dos a\u00f1os y les deseamos todos los \u00e9xitos para sus pr\u00f3ximos retos y objetivos.<\/p>\n\n\n\n<p>Sois parte de la historia de este club. Muchas gracias por todo.<\/p>\n\n\n\n<figure class=\"wp-block-image size-large\"><img fetchpriority=\"high\" decoding=\"async\" width=\"1024\" height=\"680\" src=\"https:\/\/cbbenicarlo.com\/wp-content\/uploads\/2022\/06\/7B0CB635-A1D3-4B79-B812-3F2DDEE9369B-1024x680.jpg\" alt=\"\" class=\"wp-image-1423\" srcset=\"https:\/\/cbbenicarlo.com\/wp-content\/uploads\/2022\/06\/7B0CB635-A1D3-4B79-B812-3F2DDEE9369B-1024x680.jpg 1024w, https:\/\/cbbenicarlo.com\/wp-content\/uploads\/2022\/06\/7B0CB635-A1D3-4B79-B812-3F2DDEE9369B-300x199.jpg 300w, https:\/\/cbbenicarlo.com\/wp-content\/uploads\/2022\/06\/7B0CB635-A1D3-4B79-B812-3F2DDEE9369B-768x510.jpg 768w, https:\/\/cbbenicarlo.com\/wp-content\/uploads\/2022\/06\/7B0CB635-A1D3-4B79-B812-3F2DDEE9369B-128x85.jpg 128w, https:\/\/cbbenicarlo.com\/wp-content\/uploads\/2022\/06\/7B0CB635-A1D3-4B79-B812-3F2DDEE9369B-32x21.jpg 32w, https:\/\/cbbenicarlo.com\/wp-content\/uploads\/2022\/06\/7B0CB635-A1D3-4B79-B812-3F2DDEE9369B.jpg 1361w\" sizes=\"(max-width: 1024px) 100vw, 1024px\" \/><\/figure>\n\n\n\n<figure class=\"wp-block-image size-large\"><img decoding=\"async\" width=\"1024\" height=\"768\" src=\"https:\/\/cbbenicarlo.com\/wp-content\/uploads\/2020\/09\/MI1-1024x768.jpg\" alt=\"\" class=\"wp-image-905\" srcset=\"https:\/\/cbbenicarlo.com\/wp-content\/uploads\/2020\/09\/MI1-1024x768.jpg 1024w, https:\/\/cbbenicarlo.com\/wp-content\/uploads\/2020\/09\/MI1-300x225.jpg 300w, https:\/\/cbbenicarlo.com\/wp-content\/uploads\/2020\/09\/MI1-768x576.jpg 768w, https:\/\/cbbenicarlo.com\/wp-content\/uploads\/2020\/09\/MI1-128x96.jpg 128w, https:\/\/cbbenicarlo.com\/wp-content\/uploads\/2020\/09\/MI1-32x24.jpg 32w, https:\/\/cbbenicarlo.com\/wp-content\/uploads\/2020\/09\/MI1.jpg 1600w\" sizes=\"(max-width: 1024px) 100vw, 1024px\" \/><\/figure>\n","protected":false},"excerpt":{"rendered":"<p>La empresa Mi Arquitecto no continuar\u00e1 siendo el patrocinador principal para la pr\u00f3xima temporada. Desde todo el club queremos agradecer su gran implicaci\u00f3n que han tenido durante estos dos a\u00f1os y les deseamos todos los \u00e9xitos para sus pr\u00f3ximos retos y objetivos. Sois parte de la historia de este club. Muchas gracias por todo.<\/p>\n","protected":false},"author":1,"featured_media":1425,"comment_status":"closed","ping_status":"closed","sticky":false,"template":"","format":"standard","meta":{"_eb_attr":""},"categories":[16,1],"tags":[],"yoast_head":"<!-- This site is optimized with the Yoast SEO plugin v21.1 - https:\/\/yoast.com\/wordpress\/plugins\/seo\/ -->\n<title>COMUNICADO OFICIAL | Mi Arquitecto | Club Basquet Benicarl\u00f3<\/title>\n<meta name=\"robots\" content=\"index, follow, max-snippet:-1, max-image-preview:large, max-video-preview:-1\" \/>\n<link rel=\"canonical\" href=\"https:\/\/cbbenicarlo.com\/?p=1419\" \/>\n<meta property=\"og:locale\" content=\"es_ES\" \/>\n<meta property=\"og:type\" content=\"article\" \/>\n<meta property=\"og:title\" content=\"COMUNICADO OFICIAL | Mi Arquitecto | Club Basquet Benicarl\u00f3\" \/>\n<meta property=\"og:description\" content=\"La empresa Mi Arquitecto no continuar\u00e1 siendo el patrocinador principal para la pr\u00f3xima temporada. Desde todo el club queremos agradecer su gran implicaci\u00f3n que han tenido durante estos dos a\u00f1os y les deseamos todos los \u00e9xitos para sus pr\u00f3ximos retos y objetivos. Sois parte de la historia de este club. Muchas gracias por todo.\" \/>\n<meta property=\"og:url\" content=\"https:\/\/cbbenicarlo.com\/?p=1419\" \/>\n<meta property=\"og:site_name\" content=\"Club Basquet Benicarl\u00f3\" \/>\n<meta property=\"article:published_time\" content=\"2022-06-09T15:34:33+00:00\" \/>\n<meta property=\"article:modified_time\" content=\"2022-06-09T16:07:39+00:00\" \/>\n<meta property=\"og:image\" content=\"https:\/\/cbbenicarlo.com\/wp-content\/uploads\/2022\/06\/DSF1336-scaled.jpg\" \/>\n\t<meta property=\"og:image:width\" content=\"2560\" \/>\n\t<meta property=\"og:image:height\" content=\"1707\" \/>\n\t<meta property=\"og:image:type\" content=\"image\/jpeg\" \/>\n<meta name=\"author\" content=\"Club B\u00e0squet Benicarl\u00f3\" \/>\n<meta name=\"twitter:card\" content=\"summary_large_image\" \/>\n<meta name=\"twitter:label1\" content=\"Escrito por\" \/>\n\t<meta name=\"twitter:data1\" content=\"Club B\u00e0squet Benicarl\u00f3\" \/>\n<script type=\"application\/ld+json\" class=\"yoast-schema-graph\">{\"@context\":\"https:\/\/schema.org\",\"@graph\":[{\"@type\":\"Article\",\"@id\":\"https:\/\/cbbenicarlo.com\/?p=1419#article\",\"isPartOf\":{\"@id\":\"https:\/\/cbbenicarlo.com\/?p=1419\"},\"author\":{\"name\":\"Club B\u00e0squet Benicarl\u00f3\",\"@id\":\"https:\/\/cbbenicarlo.com\/#\/schema\/person\/200a6bea92870b7adeb1a5c755a793f2\"},\"headline\":\"COMUNICADO OFICIAL | Mi Arquitecto\",\"datePublished\":\"2022-06-09T15:34:33+00:00\",\"dateModified\":\"2022-06-09T16:07:39+00:00\",\"mainEntityOfPage\":{\"@id\":\"https:\/\/cbbenicarlo.com\/?p=1419\"},\"wordCount\":62,\"publisher\":{\"@id\":\"https:\/\/cbbenicarlo.com\/#organization\"},\"articleSection\":[\"Club\",\"Primer Equipo\"],\"inLanguage\":\"es\"},{\"@type\":\"WebPage\",\"@id\":\"https:\/\/cbbenicarlo.com\/?p=1419\",\"url\":\"https:\/\/cbbenicarlo.com\/?p=1419\",\"name\":\"COMUNICADO OFICIAL | Mi Arquitecto | Club Basquet Benicarl\u00f3\",\"isPartOf\":{\"@id\":\"https:\/\/cbbenicarlo.com\/#website\"},\"datePublished\":\"2022-06-09T15:34:33+00:00\",\"dateModified\":\"2022-06-09T16:07:39+00:00\",\"breadcrumb\":{\"@id\":\"https:\/\/cbbenicarlo.com\/?p=1419#breadcrumb\"},\"inLanguage\":\"es\",\"potentialAction\":[{\"@type\":\"ReadAction\",\"target\":[\"https:\/\/cbbenicarlo.com\/?p=1419\"]}]},{\"@type\":\"BreadcrumbList\",\"@id\":\"https:\/\/cbbenicarlo.com\/?p=1419#breadcrumb\",\"itemListElement\":[{\"@type\":\"ListItem\",\"position\":1,\"name\":\"Portada\",\"item\":\"https:\/\/cbbenicarlo.com\/\"},{\"@type\":\"ListItem\",\"position\":2,\"name\":\"COMUNICADO OFICIAL | Mi Arquitecto\"}]},{\"@type\":\"WebSite\",\"@id\":\"https:\/\/cbbenicarlo.com\/#website\",\"url\":\"https:\/\/cbbenicarlo.com\/\",\"name\":\"Club Basquet Benicarl\u00f3\",\"description\":\"P\u00e1gina Web Oficial\",\"publisher\":{\"@id\":\"https:\/\/cbbenicarlo.com\/#organization\"},\"potentialAction\":[{\"@type\":\"SearchAction\",\"target\":{\"@type\":\"EntryPoint\",\"urlTemplate\":\"https:\/\/cbbenicarlo.com\/?s={search_term_string}\"},\"query-input\":\"required name=search_term_string\"}],\"inLanguage\":\"es\"},{\"@type\":\"Organization\",\"@id\":\"https:\/\/cbbenicarlo.com\/#organization\",\"name\":\"Club B\u00e0squet Benicarl\u00f3\",\"url\":\"https:\/\/cbbenicarlo.com\/\",\"logo\":{\"@type\":\"ImageObject\",\"inLanguage\":\"es\",\"@id\":\"https:\/\/cbbenicarlo.com\/#\/schema\/logo\/image\/\",\"url\":\"https:\/\/cbbenicarlo.com\/wp-content\/uploads\/2022\/05\/cropped-cropped-cropped-CBBENICARLO2021-22-2.png\",\"contentUrl\":\"https:\/\/cbbenicarlo.com\/wp-content\/uploads\/2022\/05\/cropped-cropped-cropped-CBBENICARLO2021-22-2.png\",\"width\":512,\"height\":512,\"caption\":\"Club B\u00e0squet Benicarl\u00f3\"},\"image\":{\"@id\":\"https:\/\/cbbenicarlo.com\/#\/schema\/logo\/image\/\"}},{\"@type\":\"Person\",\"@id\":\"https:\/\/cbbenicarlo.com\/#\/schema\/person\/200a6bea92870b7adeb1a5c755a793f2\",\"name\":\"Club B\u00e0squet Benicarl\u00f3\",\"image\":{\"@type\":\"ImageObject\",\"inLanguage\":\"es\",\"@id\":\"https:\/\/cbbenicarlo.com\/#\/schema\/person\/image\/\",\"url\":\"https:\/\/secure.gravatar.com\/avatar\/8aed305f961a70f8934d4ba794f3527a?s=96&d=mm&r=g\",\"contentUrl\":\"https:\/\/secure.gravatar.com\/avatar\/8aed305f961a70f8934d4ba794f3527a?s=96&d=mm&r=g\",\"caption\":\"Club B\u00e0squet Benicarl\u00f3\"},\"url\":\"https:\/\/cbbenicarlo.com\/?author=1\"}]}<\/script>\n<!-- \/ Yoast SEO plugin. -->","yoast_head_json":{"title":"COMUNICADO OFICIAL | Mi Arquitecto | Club Basquet Benicarl\u00f3","robots":{"index":"index","follow":"follow","max-snippet":"max-snippet:-1","max-image-preview":"max-image-preview:large","max-video-preview":"max-video-preview:-1"},"canonical":"https:\/\/cbbenicarlo.com\/?p=1419","og_locale":"es_ES","og_type":"article","og_title":"COMUNICADO OFICIAL | Mi Arquitecto | Club Basquet Benicarl\u00f3","og_description":"La empresa Mi Arquitecto no continuar\u00e1 siendo el patrocinador principal para la pr\u00f3xima temporada. Desde todo el club queremos agradecer su gran implicaci\u00f3n que han tenido durante estos dos a\u00f1os y les deseamos todos los \u00e9xitos para sus pr\u00f3ximos retos y objetivos. Sois parte de la historia de este club. Muchas gracias por todo.","og_url":"https:\/\/cbbenicarlo.com\/?p=1419","og_site_name":"Club Basquet Benicarl\u00f3","article_published_time":"2022-06-09T15:34:33+00:00","article_modified_time":"2022-06-09T16:07:39+00:00","og_image":[{"width":2560,"height":1707,"url":"https:\/\/cbbenicarlo.com\/wp-content\/uploads\/2022\/06\/DSF1336-scaled.jpg","type":"image\/jpeg"}],"author":"Club B\u00e0squet Benicarl\u00f3","twitter_card":"summary_large_image","twitter_misc":{"Escrito por":"Club B\u00e0squet Benicarl\u00f3"},"schema":{"@context":"https:\/\/schema.org","@graph":[{"@type":"Article","@id":"https:\/\/cbbenicarlo.com\/?p=1419#article","isPartOf":{"@id":"https:\/\/cbbenicarlo.com\/?p=1419"},"author":{"name":"Club B\u00e0squet Benicarl\u00f3","@id":"https:\/\/cbbenicarlo.com\/#\/schema\/person\/200a6bea92870b7adeb1a5c755a793f2"},"headline":"COMUNICADO OFICIAL | Mi Arquitecto","datePublished":"2022-06-09T15:34:33+00:00","dateModified":"2022-06-09T16:07:39+00:00","mainEntityOfPage":{"@id":"https:\/\/cbbenicarlo.com\/?p=1419"},"wordCount":62,"publisher":{"@id":"https:\/\/cbbenicarlo.com\/#organization"},"articleSection":["Club","Primer Equipo"],"inLanguage":"es"},{"@type":"WebPage","@id":"https:\/\/cbbenicarlo.com\/?p=1419","url":"https:\/\/cbbenicarlo.com\/?p=1419","name":"COMUNICADO OFICIAL | Mi Arquitecto | Club Basquet Benicarl\u00f3","isPartOf":{"@id":"https:\/\/cbbenicarlo.com\/#website"},"datePublished":"2022-06-09T15:34:33+00:00","dateModified":"2022-06-09T16:07:39+00:00","breadcrumb":{"@id":"https:\/\/cbbenicarlo.com\/?p=1419#breadcrumb"},"inLanguage":"es","potentialAction":[{"@type":"ReadAction","target":["https:\/\/cbbenicarlo.com\/?p=1419"]}]},{"@type":"BreadcrumbList","@id":"https:\/\/cbbenicarlo.com\/?p=1419#breadcrumb","itemListElement":[{"@type":"ListItem","position":1,"name":"Portada","item":"https:\/\/cbbenicarlo.com\/"},{"@type":"ListItem","position":2,"name":"COMUNICADO OFICIAL | Mi Arquitecto"}]},{"@type":"WebSite","@id":"https:\/\/cbbenicarlo.com\/#website","url":"https:\/\/cbbenicarlo.com\/","name":"Club Basquet Benicarl\u00f3","description":"P\u00e1gina Web Oficial","publisher":{"@id":"https:\/\/cbbenicarlo.com\/#organization"},"potentialAction":[{"@type":"SearchAction","target":{"@type":"EntryPoint","urlTemplate":"https:\/\/cbbenicarlo.com\/?s={search_term_string}"},"query-input":"required name=search_term_string"}],"inLanguage":"es"},{"@type":"Organization","@id":"https:\/\/cbbenicarlo.com\/#organization","name":"Club B\u00e0squet Benicarl\u00f3","url":"https:\/\/cbbenicarlo.com\/","logo":{"@type":"ImageObject","inLanguage":"es","@id":"https:\/\/cbbenicarlo.com\/#\/schema\/logo\/image\/","url":"https:\/\/cbbenicarlo.com\/wp-content\/uploads\/2022\/05\/cropped-cropped-cropped-CBBENICARLO2021-22-2.png","contentUrl":"https:\/\/cbbenicarlo.com\/wp-content\/uploads\/2022\/05\/cropped-cropped-cropped-CBBENICARLO2021-22-2.png","width":512,"height":512,"caption":"Club B\u00e0squet Benicarl\u00f3"},"image":{"@id":"https:\/\/cbbenicarlo.com\/#\/schema\/logo\/image\/"}},{"@type":"Person","@id":"https:\/\/cbbenicarlo.com\/#\/schema\/person\/200a6bea92870b7adeb1a5c755a793f2","name":"Club B\u00e0squet Benicarl\u00f3","image":{"@type":"ImageObject","inLanguage":"es","@id":"https:\/\/cbbenicarlo.com\/#\/schema\/person\/image\/","url":"https:\/\/secure.gravatar.com\/avatar\/8aed305f961a70f8934d4ba794f3527a?s=96&d=mm&r=g","contentUrl":"https:\/\/secure.gravatar.com\/avatar\/8aed305f961a70f8934d4ba794f3527a?s=96&d=mm&r=g","caption":"Club B\u00e0squet Benicarl\u00f3"},"url":"https:\/\/cbbenicarlo.com\/?author=1"}]}},"_links":{"self":[{"href":"https:\/\/cbbenicarlo.com\/index.php?rest_route=\/wp\/v2\/posts\/1419"}],"collection":[{"href":"https:\/\/cbbenicarlo.com\/index.php?rest_route=\/wp\/v2\/posts"}],"about":[{"href":"https:\/\/cbbenicarlo.com\/index.php?rest_route=\/wp\/v2\/types\/post"}],"author":[{"embeddable":true,"href":"https:\/\/cbbenicarlo.com\/index.php?rest_route=\/wp\/v2\/users\/1"}],"replies":[{"embeddable":true,"href":"https:\/\/cbbenicarlo.com\/index.php?rest_route=%2Fwp%2Fv2%2Fcomments&post=1419"}],"version-history":[{"count":3,"href":"https:\/\/cbbenicarlo.com\/index.php?rest_route=\/wp\/v2\/posts\/1419\/revisions"}],"predecessor-version":[{"id":1424,"href":"https:\/\/cbbenicarlo.com\/index.php?rest_route=\/wp\/v2\/posts\/1419\/revisions\/1424"}],"wp:featuredmedia":[{"embeddable":true,"href":"https:\/\/cbbenicarlo.com\/index.php?rest_route=\/wp\/v2\/media\/1425"}],"wp:attachment":[{"href":"https:\/\/cbbenicarlo.com\/index.php?rest_route=%2Fwp%2Fv2%2Fmedia&parent=1419"}],"wp:term":[{"taxonomy":"category","embeddable":true,"href":"https:\/\/cbbenicarlo.com\/index.php?rest_route=%2Fwp%2Fv2%2Fcategories&post=1419"},{"taxonomy":"post_tag","embeddable":true,"href":"https:\/\/cbbenicarlo.com\/index.php?rest_route=%2Fwp%2Fv2%2Ftags&post=1419"}],"curies":[{"name":"wp","href":"https:\/\/api.w.org\/{rel}","templated":true}]}}